{"id":34255,"date":"2025-04-03T13:40:00","date_gmt":"2025-04-03T16:40:00","guid":{"rendered":"https:\/\/www.em.com.br\/emfoco\/?p=34255"},"modified":"2025-04-03T04:49:39","modified_gmt":"2025-04-03T07:49:39","slug":"essas-sao-as-cidades-certas-para-jovens-profissionais-viverem","status":"publish","type":"post","link":"https:\/\/www.em.com.br\/emfoco\/2025\/04\/03\/essas-sao-as-cidades-certas-para-jovens-profissionais-viverem\/","title":{"rendered":"Essas s\u00e3o as cidades certas para jovens profissionais viverem"},"content":{"rendered":"\n<p>Escolher a cidade certa para viver pode ser um fator determinante no desenvolvimento profissional e na qualidade de vida de jovens profissionais. As cidades oferecem diferentes oportunidades de carreira, estilos de vida e ambientes sociais, o que pode impactar diretamente o crescimento pessoal e profissional. Portanto, \u00e9 essencial considerar diversos aspectos ao decidir onde se estabelecer.<\/p>\n\n\n\n<p>Al\u00e9m das oportunidades de emprego, a infraestrutura, a vida social e o custo de vida s\u00e3o elementos cruciais que devem ser avaliados. Cada cidade possui caracter\u00edsticas \u00fanicas que podem influenciar a trajet\u00f3ria de um jovem profissional, tornando a escolha da cidade um passo estrat\u00e9gico na constru\u00e7\u00e3o de uma carreira de sucesso.<\/p>\n\n\n\n<h2 class=\"wp-block-heading\">Equilibrando carreira e vida social<\/h2>\n\n\n\n<p>A vida de um jovem profissional envolve encontrar um equil\u00edbrio entre o crescimento na carreira e a vida social. Este equil\u00edbrio \u00e9 fundamental para garantir n\u00e3o apenas o sucesso profissional, mas tamb\u00e9m o bem-estar pessoal. A escolha da cidade certa pode facilitar esse equil\u00edbrio, oferecendo um ambiente prop\u00edcio para o desenvolvimento em ambas as \u00e1reas.<\/p>\n\n\n\n<p>Em cidades que oferecem uma combina\u00e7\u00e3o de oportunidades de emprego e uma vida social vibrante, os jovens profissionais podem encontrar o suporte necess\u00e1rio para prosperar. Eventos culturais, op\u00e7\u00f5es de lazer e uma comunidade jovem e ativa s\u00e3o elementos que contribuem para um ambiente de vida din\u00e2mico e estimulante.<\/p>\n\n\n\n<h2 class=\"wp-block-heading\"> A base para o crescimento profissional<\/h2>\n\n\n\n<p>Um mercado de trabalho forte e em crescimento \u00e9 essencial para jovens profissionais que buscam avan\u00e7ar em suas carreiras. Setores como tecnologia, finan\u00e7as, marketing e design s\u00e3o particularmente atraentes para essa faixa et\u00e1ria, oferecendo in\u00fameras oportunidades de emprego e desenvolvimento.<\/p>\n\n\n\n<p>Cidades que abrigam empresas l\u00edderes nesses setores tendem a atrair talentos de todo o mundo, criando um ambiente competitivo e inovador. Al\u00e9m disso, a presen\u00e7a de startups e empresas emergentes pode oferecer aos jovens profissionais a chance de participar de projetos inovadores e desafiadores, impulsionando suas carreiras.<\/p>\n\n\n\n<h2 class=\"wp-block-heading\">Qualidade de vida<\/h2>\n\n\n\n<figure class=\"wp-block-image size-large\"><img loading=\"lazy\" decoding=\"async\" width=\"1024\" height=\"576\" src=\"https:\/\/www.em.com.br\/emfoco\/wp-content\/uploads\/2025\/04\/jovens-ar-livre_1743538450636-1024x576.jpg\" alt=\"Cidades para Jovens Profissionais com Carreira e Lazer\" class=\"wp-image-34297\" srcset=\"https:\/\/www.em.com.br\/emfoco\/wp-content\/uploads\/2025\/04\/jovens-ar-livre_1743538450636-1024x576.jpg 1024w, https:\/\/www.em.com.br\/emfoco\/wp-content\/uploads\/2025\/04\/jovens-ar-livre_1743538450636-300x169.jpg 300w, https:\/\/www.em.com.br\/emfoco\/wp-content\/uploads\/2025\/04\/jovens-ar-livre_1743538450636-768x432.jpg 768w, https:\/\/www.em.com.br\/emfoco\/wp-content\/uploads\/2025\/04\/jovens-ar-livre_1743538450636-750x422.jpg 750w, https:\/\/www.em.com.br\/emfoco\/wp-content\/uploads\/2025\/04\/jovens-ar-livre_1743538450636-1140x641.jpg 1140w, https:\/\/www.em.com.br\/emfoco\/wp-content\/uploads\/2025\/04\/jovens-ar-livre_1743538450636.jpg 1280w\" sizes=\"auto, (max-width: 1024px) 100vw, 1024px\" \/><figcaption class=\"wp-element-caption\">Garora ar livre-Cr\u00e9ditos: depositphotos.com \/ efired<\/figcaption><\/figure>\n\n\n\n<p>Para al\u00e9m das oportunidades de emprego, a qualidade de vida \u00e9 um fator crucial na escolha de uma cidade. Uma infraestrutura robusta, que inclua transporte eficiente, moradia acess\u00edvel e <a href=\"https:\/\/www.em.com.br\/emfoco\/2025\/03\/31\/como-garantir-a-seguranca-do-seu-animal-de-estimacao-em-casa\/\" target=\"_blank\" rel=\"noreferrer noopener\">seguran\u00e7a<\/a>, \u00e9 fundamental para garantir um estilo de vida equilibrado.<\/p>\n\n\n\n<p>Cidades que oferecem uma boa qualidade de vida permitem que os jovens profissionais se concentrem em suas carreiras sem abrir m\u00e3o do bem-estar pessoal. Isso inclui acesso a espa\u00e7os verdes, op\u00e7\u00f5es de lazer ao ar livre e uma comunidade acolhedora e segura.<\/p>\n\n\n\n<h2 class=\"wp-block-heading\">Custo de vida<\/h2>\n\n\n\n<p>Embora o foco principal seja o crescimento profissional, o custo de vida \u00e9 um fator importante a ser considerado, especialmente para aqueles que est\u00e3o no in\u00edcio de suas carreiras. Cidades com um custo de vida elevado podem limitar a capacidade de economizar e investir no futuro.<\/p>\n\n\n\n<p>Por outro lado, cidades que oferecem um equil\u00edbrio entre oportunidades de emprego e um custo de vida acess\u00edvel podem ser mais atraentes para jovens profissionais. Isso permite que eles desfrutem de uma boa qualidade de vida enquanto constroem uma base financeira s\u00f3lida.<\/p>\n\n\n\n<h2 class=\"wp-block-heading\">Exemplos de Cidades para Jovens Profissionais<\/h2>\n\n\n\n<figure class=\"wp-block-image size-large\"><img loading=\"lazy\" decoding=\"async\" width=\"1024\" height=\"576\" src=\"https:\/\/www.em.com.br\/emfoco\/wp-content\/uploads\/2025\/04\/berlim_1743538828805-1024x576.jpg\" alt=\"Cidades para Jovens Profissionais com Carreira e Lazer\" class=\"wp-image-34298\" srcset=\"https:\/\/www.em.com.br\/emfoco\/wp-content\/uploads\/2025\/04\/berlim_1743538828805-1024x576.jpg 1024w, https:\/\/www.em.com.br\/emfoco\/wp-content\/uploads\/2025\/04\/berlim_1743538828805-300x169.jpg 300w, https:\/\/www.em.com.br\/emfoco\/wp-content\/uploads\/2025\/04\/berlim_1743538828805-768x432.jpg 768w, https:\/\/www.em.com.br\/emfoco\/wp-content\/uploads\/2025\/04\/berlim_1743538828805-750x422.jpg 750w, https:\/\/www.em.com.br\/emfoco\/wp-content\/uploads\/2025\/04\/berlim_1743538828805-1140x641.jpg 1140w, https:\/\/www.em.com.br\/emfoco\/wp-content\/uploads\/2025\/04\/berlim_1743538828805.jpg 1280w\" sizes=\"auto, (max-width: 1024px) 100vw, 1024px\" \/><figcaption class=\"wp-element-caption\">Cidade de Berlin-Cr\u00e9ditos: depositphotos.com \/ sepavone<\/figcaption><\/figure>\n\n\n\n<p>Algumas cidades se destacam como destinos ideais para jovens profissionais.<strong> S\u00e3o Paulo<\/strong>, por exemplo, \u00e9 um centro econ\u00f4mico e cultural que oferece uma ampla gama de oportunidades de emprego e uma vida social vibrante. <strong><a href=\"https:\/\/es.wikipedia.org\/wiki\/Berl%C3%ADn\" target=\"_blank\" rel=\"noreferrer noopener\">Berlim<\/a><\/strong>, conhecida por sua cena tecnol\u00f3gica e cultural, atrai jovens de todo o mundo em busca de inova\u00e7\u00e3o e criatividade.<\/p>\n\n\n\n<p>Outras cidades, como <strong>Toronto <\/strong>e <strong>Melbourne<\/strong>, combinam qualidade de vida, diversidade cultural e um mercado de trabalho robusto, tornando-se op\u00e7\u00f5es atraentes para quem busca crescimento profissional e pessoal. Essas cidades oferecem o equil\u00edbrio perfeito entre trabalho e lazer, essencial para o bem-estar dos jovens profissionais.<\/p>\n\n\n\n<h2 class=\"wp-block-heading\">Equil\u00edbrio entre trabalho e lazer<\/h2>\n\n\n\n<p>A possibilidade de aproveitar a vida social enquanto se constr\u00f3i uma carreira s\u00f3lida \u00e9 um dos principais atrativos das cidades para jovens profissionais. Encontrar esse equil\u00edbrio \u00e9 essencial para garantir n\u00e3o apenas o sucesso profissional, mas tamb\u00e9m a satisfa\u00e7\u00e3o pessoal.<\/p>\n\n\n\n<p>Cidades que oferecem uma variedade de op\u00e7\u00f5es de lazer, desde atividades ao ar livre at\u00e9 eventos culturais, permitem que os jovens profissionais relaxem e recarreguem as energias. Esse equil\u00edbrio \u00e9 fundamental para manter a motiva\u00e7\u00e3o e o entusiasmo no ambiente de trabalho.<\/p>\n","protected":false},"excerpt":{"rendered":"<p>Escolher a cidade certa para viver pode ser um fator determinante no desenvolvimento profissional e na qualidade de vida de jovens profissionais. As cidades oferecem diferentes oportunidades de carreira, estilos de vida e ambientes sociais, o que pode impactar diretamente o crescimento pessoal e profissional. Portanto, \u00e9 essencial considerar diversos aspectos ao decidir onde se [&hellip;]<\/p>\n","protected":false},"author":12,"featured_media":24152,"comment_status":"open","ping_status":"open","sticky":false,"template":"","format":"standard","meta":{"jnews-multi-image_gallery":[],"jnews_single_post":{"format":"standard"},"jnews_primary_category":[],"jnews_social_meta":[],"jnews_override_counter":[],"footnotes":""},"categories":[26],"tags":[266,1056,298,4712],"class_list":["post-34255","post","type-post","status-publish","format-standard","has-post-thumbnail","hentry","category-cidades","tag-equilibrio","tag-jovens","tag-oportunidades","tag-profissionais"],"yoast_head":"<!-- This site is optimized with the Yoast SEO plugin v23.8 - https:\/\/yoast.com\/wordpress\/plugins\/seo\/ -->\n<title>Essas s\u00e3o as cidades certas para jovens profissionais viverem - Estado de Minas - Em foco<\/title>\n<meta name=\"description\" content=\"Equilibre sua carreira com lazer! Conhe\u00e7a as cidades que oferecem oportunidades de emprego e qualidade de vida para jovens profissionais.\" \/>\n<meta name=\"robots\" content=\"index, follow, max-snippet:-1, max-image-preview:large, max-video-preview:-1\" \/>\n<link rel=\"canonical\" href=\"https:\/\/www.em.com.br\/emfoco\/2025\/04\/03\/essas-sao-as-cidades-certas-para-jovens-profissionais-viverem\/\" \/>\n<meta property=\"og:locale\" content=\"pt_BR\" \/>\n<meta property=\"og:type\" content=\"article\" \/>\n<meta property=\"og:title\" content=\"Essas s\u00e3o as cidades certas para jovens profissionais viverem - Estado de Minas - Em foco\" \/>\n<meta property=\"og:description\" content=\"Equilibre sua carreira com lazer! Conhe\u00e7a as cidades que oferecem oportunidades de emprego e qualidade de vida para jovens profissionais.\" \/>\n<meta property=\"og:url\" content=\"https:\/\/www.em.com.br\/emfoco\/2025\/04\/03\/essas-sao-as-cidades-certas-para-jovens-profissionais-viverem\/\" \/>\n<meta property=\"og:site_name\" content=\"Estado de Minas - Em foco\" \/>\n<meta property=\"article:published_time\" content=\"2025-04-03T16:40:00+00:00\" \/>\n<meta property=\"article:modified_time\" content=\"2025-04-03T07:49:39+00:00\" \/>\n<meta property=\"og:image\" content=\"https:\/\/www.em.com.br\/emfoco\/wp-content\/uploads\/2025\/03\/Pirenopolis_1738976930790.jpg\" \/>\n\t<meta property=\"og:image:width\" content=\"1280\" \/>\n\t<meta property=\"og:image:height\" content=\"720\" \/>\n\t<meta property=\"og:image:type\" content=\"image\/jpeg\" \/>\n<meta name=\"author\" content=\"Keren Ester\" \/>\n<meta name=\"twitter:card\" content=\"summary_large_image\" \/>\n<meta name=\"twitter:label1\" content=\"Escrito por\" \/>\n\t<meta name=\"twitter:data1\" content=\"Keren Ester\" \/>\n\t<meta name=\"twitter:label2\" content=\"Est. tempo de leitura\" \/>\n\t<meta name=\"twitter:data2\" content=\"5 minutos\" \/>\n<!-- \/ Yoast SEO plugin. -->","yoast_head_json":{"title":"Essas s\u00e3o as cidades certas para jovens profissionais viverem - Estado de Minas - Em foco","description":"Equilibre sua carreira com lazer! Conhe\u00e7a as cidades que oferecem oportunidades de emprego e qualidade de vida para jovens profissionais.","robots":{"index":"index","follow":"follow","max-snippet":"max-snippet:-1","max-image-preview":"max-image-preview:large","max-video-preview":"max-video-preview:-1"},"canonical":"https:\/\/www.em.com.br\/emfoco\/2025\/04\/03\/essas-sao-as-cidades-certas-para-jovens-profissionais-viverem\/","og_locale":"pt_BR","og_type":"article","og_title":"Essas s\u00e3o as cidades certas para jovens profissionais viverem - Estado de Minas - Em foco","og_description":"Equilibre sua carreira com lazer! Conhe\u00e7a as cidades que oferecem oportunidades de emprego e qualidade de vida para jovens profissionais.","og_url":"https:\/\/www.em.com.br\/emfoco\/2025\/04\/03\/essas-sao-as-cidades-certas-para-jovens-profissionais-viverem\/","og_site_name":"Estado de Minas - Em foco","article_published_time":"2025-04-03T16:40:00+00:00","article_modified_time":"2025-04-03T07:49:39+00:00","og_image":[{"width":1280,"height":720,"url":"https:\/\/www.em.com.br\/emfoco\/wp-content\/uploads\/2025\/03\/Pirenopolis_1738976930790.jpg","type":"image\/jpeg"}],"author":"Keren Ester","twitter_card":"summary_large_image","twitter_misc":{"Escrito por":"Keren Ester","Est. tempo de leitura":"5 minutos"},"schema":{"@context":"https:\/\/schema.org","@graph":[{"@type":"WebPage","@id":"https:\/\/www.em.com.br\/emfoco\/2025\/04\/03\/essas-sao-as-cidades-certas-para-jovens-profissionais-viverem\/","url":"https:\/\/www.em.com.br\/emfoco\/2025\/04\/03\/essas-sao-as-cidades-certas-para-jovens-profissionais-viverem\/","name":"Essas s\u00e3o as cidades certas para jovens profissionais viverem - Estado de Minas - Em foco","isPartOf":{"@id":"https:\/\/www.em.com.br\/emfoco\/#website"},"primaryImageOfPage":{"@id":"https:\/\/www.em.com.br\/emfoco\/2025\/04\/03\/essas-sao-as-cidades-certas-para-jovens-profissionais-viverem\/#primaryimage"},"image":{"@id":"https:\/\/www.em.com.br\/emfoco\/2025\/04\/03\/essas-sao-as-cidades-certas-para-jovens-profissionais-viverem\/#primaryimage"},"thumbnailUrl":"https:\/\/www.em.com.br\/emfoco\/wp-content\/uploads\/2025\/03\/Pirenopolis_1738976930790.jpg","datePublished":"2025-04-03T16:40:00+00:00","dateModified":"2025-04-03T07:49:39+00:00","author":{"@id":"https:\/\/www.em.com.br\/emfoco\/#\/schema\/person\/2e06e19826e476d778787245c8ef334d"},"description":"Equilibre sua carreira com lazer! Conhe\u00e7a as cidades que oferecem oportunidades de emprego e qualidade de vida para jovens profissionais.","breadcrumb":{"@id":"https:\/\/www.em.com.br\/emfoco\/2025\/04\/03\/essas-sao-as-cidades-certas-para-jovens-profissionais-viverem\/#breadcrumb"},"inLanguage":"pt-BR","potentialAction":[{"@type":"ReadAction","target":["https:\/\/www.em.com.br\/emfoco\/2025\/04\/03\/essas-sao-as-cidades-certas-para-jovens-profissionais-viverem\/"]}]},{"@type":"ImageObject","inLanguage":"pt-BR","@id":"https:\/\/www.em.com.br\/emfoco\/2025\/04\/03\/essas-sao-as-cidades-certas-para-jovens-profissionais-viverem\/#primaryimage","url":"https:\/\/www.em.com.br\/emfoco\/wp-content\/uploads\/2025\/03\/Pirenopolis_1738976930790.jpg","contentUrl":"https:\/\/www.em.com.br\/emfoco\/wp-content\/uploads\/2025\/03\/Pirenopolis_1738976930790.jpg","width":1280,"height":720,"caption":"Cidade - Cr\u00e9ditos: depositphotos.com \/ MaRabelo"},{"@type":"BreadcrumbList","@id":"https:\/\/www.em.com.br\/emfoco\/2025\/04\/03\/essas-sao-as-cidades-certas-para-jovens-profissionais-viverem\/#breadcrumb","itemListElement":[{"@type":"ListItem","position":1,"name":"In\u00edcio","item":"https:\/\/www.em.com.br\/emfoco\/"},{"@type":"ListItem","position":2,"name":"Essas s\u00e3o as cidades certas para jovens profissionais viverem"}]},{"@type":"WebSite","@id":"https:\/\/www.em.com.br\/emfoco\/#website","url":"https:\/\/www.em.com.br\/emfoco\/","name":"Estado de Minas - Em foco","description":"Acompanhe as \u00faltimas not\u00edcias e fique bem informado sobre tudo o que acontece em Minas Gerais, Brasil e no mundo.","potentialAction":[{"@type":"SearchAction","target":{"@type":"EntryPoint","urlTemplate":"https:\/\/www.em.com.br\/emfoco\/?s={search_term_string}"},"query-input":{"@type":"PropertyValueSpecification","valueRequired":true,"valueName":"search_term_string"}}],"inLanguage":"pt-BR"},{"@type":"Person","@id":"https:\/\/www.em.com.br\/emfoco\/#\/schema\/person\/2e06e19826e476d778787245c8ef334d","name":"Keren Ester","image":{"@type":"ImageObject","inLanguage":"pt-BR","@id":"https:\/\/www.em.com.br\/emfoco\/#\/schema\/person\/image\/","url":"https:\/\/secure.gravatar.com\/avatar\/b3d0f2b934f7fab59c611ea63b5cf4b1?s=96&d=mm&r=g","contentUrl":"https:\/\/secure.gravatar.com\/avatar\/b3d0f2b934f7fab59c611ea63b5cf4b1?s=96&d=mm&r=g","caption":"Keren Ester"},"url":"https:\/\/www.em.com.br\/emfoco\/author\/kerenmyth\/"}]}},"_links":{"self":[{"href":"https:\/\/www.em.com.br\/emfoco\/wp-json\/wp\/v2\/posts\/34255","targetHints":{"allow":["GET"]}}],"collection":[{"href":"https:\/\/www.em.com.br\/emfoco\/wp-json\/wp\/v2\/posts"}],"about":[{"href":"https:\/\/www.em.com.br\/emfoco\/wp-json\/wp\/v2\/types\/post"}],"author":[{"embeddable":true,"href":"https:\/\/www.em.com.br\/emfoco\/wp-json\/wp\/v2\/users\/12"}],"replies":[{"embeddable":true,"href":"https:\/\/www.em.com.br\/emfoco\/wp-json\/wp\/v2\/comments?post=34255"}],"version-history":[{"count":5,"href":"https:\/\/www.em.com.br\/emfoco\/wp-json\/wp\/v2\/posts\/34255\/revisions"}],"predecessor-version":[{"id":34687,"href":"https:\/\/www.em.com.br\/emfoco\/wp-json\/wp\/v2\/posts\/34255\/revisions\/34687"}],"wp:featuredmedia":[{"embeddable":true,"href":"https:\/\/www.em.com.br\/emfoco\/wp-json\/wp\/v2\/media\/24152"}],"wp:attachment":[{"href":"https:\/\/www.em.com.br\/emfoco\/wp-json\/wp\/v2\/media?parent=34255"}],"wp:term":[{"taxonomy":"category","embeddable":true,"href":"https:\/\/www.em.com.br\/emfoco\/wp-json\/wp\/v2\/categories?post=34255"},{"taxonomy":"post_tag","embeddable":true,"href":"https:\/\/www.em.com.br\/emfoco\/wp-json\/wp\/v2\/tags?post=34255"}],"curies":[{"name":"wp","href":"https:\/\/api.w.org\/{rel}","templated":true}]}}