{"id":34086,"date":"2025-04-10T18:40:00","date_gmt":"2025-04-10T21:40:00","guid":{"rendered":"https:\/\/www.em.com.br\/emfoco\/?p=34086"},"modified":"2025-04-10T08:58:33","modified_gmt":"2025-04-10T11:58:33","slug":"fibra-otica-perde-espaco-e-brasileiros-aderem-a-nova-tecnologia-de-internet","status":"publish","type":"post","link":"https:\/\/www.em.com.br\/emfoco\/2025\/04\/10\/fibra-otica-perde-espaco-e-brasileiros-aderem-a-nova-tecnologia-de-internet\/","title":{"rendered":"Fibra \u00f3tica perde espa\u00e7o e brasileiros aderem a nova tecnologia de internet"},"content":{"rendered":"\n<p>A <strong>Starlink<\/strong>, desenvolvida pela <strong>SpaceX<\/strong>, est\u00e1 revolucionando o acesso \u00e0 internet em locais de dif\u00edcil acesso. Com uma constela\u00e7\u00e3o de sat\u00e9lites em \u00f3rbita baixa, a empresa oferece uma solu\u00e7\u00e3o de internet que promete alta velocidade e baixa lat\u00eancia. Esta tecnologia \u00e9 especialmente valiosa em \u00e1reas onde a infraestrutura tradicional \u00e9 insuficiente ou inexistente, como em partes do <strong>Brasil<\/strong>.<\/p>\n\n\n\n<p>O objetivo principal da Starlink \u00e9 superar as limita\u00e7\u00f5es das tecnologias convencionais, conectando pessoas em \u00e1reas distantes e promovendo a inclus\u00e3o digital. A simplicidade na instala\u00e7\u00e3o do equipamento, que consiste em uma antena e um roteador, facilita o acesso para usu\u00e1rios sem conhecimentos t\u00e9cnicos, ampliando seu impacto em regi\u00f5es isoladas.<\/p>\n\n\n\n<h2 class=\"wp-block-heading\">Como a Starlink est\u00e1 transformando o acesso \u00e0 internet?<\/h2>\n\n\n\n<p>Em regi\u00f5es rurais, onde a instala\u00e7\u00e3o de cabos de<strong> fibra \u00f3tica<\/strong> ou <strong>ADSL<\/strong> \u00e9 muitas vezes invi\u00e1vel, a Starlink oferece uma solu\u00e7\u00e3o pr\u00e1tica e eficaz. A tecnologia de sat\u00e9lites em \u00f3rbita baixa permite que o servi\u00e7o alcance locais que antes eram inacess\u00edveis para a internet convencional. Isso \u00e9 vital para comunidades que dependem de uma conex\u00e3o est\u00e1vel para acessar servi\u00e7os essenciais como sa\u00fade, educa\u00e7\u00e3o e com\u00e9rcio eletr\u00f4nico.<\/p>\n\n\n\n<p>O equipamento da Starlink \u00e9 projetado para ser f\u00e1cil de instalar, permitindo que mesmo usu\u00e1rios sem experi\u00eancia t\u00e9cnica possam configurar o sistema e come\u00e7ar a usar a internet rapidamente.<\/p>\n\n\n\n<figure class=\"wp-block-image size-large\"><img loading=\"lazy\" decoding=\"async\" width=\"1024\" height=\"576\" src=\"https:\/\/www.em.com.br\/emfoco\/wp-content\/uploads\/2025\/01\/Starlink_1737411867149-1024x576.jpg\" alt=\"Elon Musk Leva a Internet para as Regi\u00f5es Mais Remotas do Brasil\" class=\"wp-image-12104\" srcset=\"https:\/\/www.em.com.br\/emfoco\/wp-content\/uploads\/2025\/01\/Starlink_1737411867149-1024x576.jpg 1024w, https:\/\/www.em.com.br\/emfoco\/wp-content\/uploads\/2025\/01\/Starlink_1737411867149-300x169.jpg 300w, https:\/\/www.em.com.br\/emfoco\/wp-content\/uploads\/2025\/01\/Starlink_1737411867149-768x432.jpg 768w, https:\/\/www.em.com.br\/emfoco\/wp-content\/uploads\/2025\/01\/Starlink_1737411867149-750x422.jpg 750w, https:\/\/www.em.com.br\/emfoco\/wp-content\/uploads\/2025\/01\/Starlink_1737411867149-1140x641.jpg 1140w, https:\/\/www.em.com.br\/emfoco\/wp-content\/uploads\/2025\/01\/Starlink_1737411867149.jpg 1280w\" sizes=\"auto, (max-width: 1024px) 100vw, 1024px\" \/><figcaption class=\"wp-element-caption\">Starlink &#8211; Cr\u00e9ditos: depositphotos.com \/ rokas91<\/figcaption><\/figure>\n\n\n\n<h2 class=\"wp-block-heading\">Quais s\u00e3o os benef\u00edcios e desafios da internet Starlink?<\/h2>\n\n\n\n<p>Ao considerar a internet da Starlink, \u00e9 importante avaliar o custo-benef\u00edcio em rela\u00e7\u00e3o \u00e0s necessidades espec\u00edficas de cada usu\u00e1rio e as condi\u00e7\u00f5es da localidade. Embora o investimento inicial possa ser significativo, a qualidade de conex\u00e3o e a cobertura oferecidas s\u00e3o diferenciais importantes, especialmente em \u00e1reas remotas ou com acesso limitado \u00e0 internet tradicional.<\/p>\n\n\n\n<ul class=\"wp-block-list\">\n<li><strong>Investimento inicial:<\/strong> O custo do equipamento da Starlink pode ser mais alto em compara\u00e7\u00e3o com outras op\u00e7\u00f5es de internet.<\/li>\n\n\n\n<li><strong>Cobertura:<\/strong> A Starlink \u00e9 vantajosa em \u00e1reas rurais e remotas, onde as op\u00e7\u00f5es tradicionais de internet podem ser limitadas ou inexistentes.<\/li>\n\n\n\n<li><strong>Velocidade de conex\u00e3o:<\/strong> A Starlink oferece velocidades competitivas, principalmente em locais onde a internet tradicional \u00e9 inst\u00e1vel ou mais lenta.<\/li>\n\n\n\n<li><strong>Taxas de instala\u00e7\u00e3o:<\/strong> A Starlink permite autoinstala\u00e7\u00e3o sem taxas extras, ao contr\u00e1rio de alguns servi\u00e7os tradicionais que podem ter custos adicionais para instala\u00e7\u00e3o.<\/li>\n\n\n\n<li><strong>Acessibilidade:<\/strong> A Starlink \u00e9 uma boa op\u00e7\u00e3o a longo prazo em \u00e1reas com pouca infraestrutura, enquanto a internet tradicional pode ser mais acess\u00edvel em \u00e1reas urbanas com ampla cobertura.<\/li>\n<\/ul>\n\n\n\n<h2 class=\"wp-block-heading\">A Starlink pode substituir a fibra \u00f3tica?<\/h2>\n\n\n\n<p>Embora a Starlink ofere\u00e7a uma conex\u00e3o de alta qualidade, compar\u00e1vel \u00e0 de muitos servi\u00e7os de fibra \u00f3tica, especialmente em \u00e1reas onde a infraestrutura terrestre \u00e9 deficiente, ela n\u00e3o substitui completamente a fibra \u00f3tica em termos de estabilidade e velocidade em ambientes urbanos. A tecnologia de sat\u00e9lites em \u00f3rbita baixa proporciona uma lat\u00eancia menor e velocidades de download competitivas, mas fatores como condi\u00e7\u00f5es clim\u00e1ticas podem influenciar a qualidade do servi\u00e7o.<\/p>\n\n\n\n<p>Para muitos usu\u00e1rios em \u00e1reas remotas, no entanto, a Starlink representa uma melhoria significativa em rela\u00e7\u00e3o \u00e0s alternativas dispon\u00edveis, oferecendo uma conex\u00e3o mais est\u00e1vel e r\u00e1pida.<\/p>\n\n\n\n<h2 class=\"wp-block-heading\">Vantagens e desvantagens da internet Starlink<\/h2>\n\n\n\n<p>A Starlink oferece v\u00e1rias vantagens, especialmente para usu\u00e1rios em \u00e1reas isoladas. Sua capacidade de fornecer acesso \u00e0 internet em locais onde outras tecnologias n\u00e3o chegam \u00e9 um diferencial importante.<\/p>\n\n\n\n<ul class=\"wp-block-list\">\n<li><strong>Vantagens:<\/strong> Cobertura em \u00e1reas remotas, instala\u00e7\u00e3o simples, alta velocidade e baixa lat\u00eancia.<\/li>\n\n\n\n<li><strong>Desvantagens:<\/strong> Custo inicial elevado, poss\u00edvel interfer\u00eancia clim\u00e1tica, e necessidade de visibilidade direta do c\u00e9u.<\/li>\n<\/ul>\n\n\n\n<p>Enquanto a fibra \u00f3tica continua a ser a melhor op\u00e7\u00e3o em termos de velocidade em \u00e1reas urbanas, a Starlink se destaca por sua flexibilidade e alcance, oferecendo uma solu\u00e7\u00e3o pr\u00e1tica para superar as limita\u00e7\u00f5es das tecnologias tradicionais em regi\u00f5es de dif\u00edcil acesso.<\/p>\n","protected":false},"excerpt":{"rendered":"<p>A Starlink, desenvolvida pela SpaceX, est\u00e1 revolucionando o acesso \u00e0 internet em locais de dif\u00edcil acesso. Com uma constela\u00e7\u00e3o de sat\u00e9lites em \u00f3rbita baixa, a empresa oferece uma solu\u00e7\u00e3o de internet que promete alta velocidade e baixa lat\u00eancia. Esta tecnologia \u00e9 especialmente valiosa em \u00e1reas onde a infraestrutura tradicional \u00e9 insuficiente ou inexistente, como em [&hellip;]<\/p>\n","protected":false},"author":5,"featured_media":12105,"comment_status":"open","ping_status":"open","sticky":false,"template":"","format":"standard","meta":{"jnews-multi-image_gallery":[],"jnews_single_post":{"format":"standard"},"jnews_primary_category":[],"jnews_social_meta":[],"jnews_override_counter":[],"footnotes":""},"categories":[1,4204],"tags":[328,7026,438,3852],"class_list":["post-34086","post","type-post","status-publish","format-standard","has-post-thumbnail","hentry","category-noticias","category-tecnologia","tag-conectividade","tag-internet-via-satelite","tag-spacex","tag-starlink"],"yoast_head":"<!-- This site is optimized with the Yoast SEO plugin v23.8 - https:\/\/yoast.com\/wordpress\/plugins\/seo\/ -->\n<title>Fibra \u00f3tica perde espa\u00e7o e brasileiros aderem a nova tecnologia de internet - Estado de Minas - Em foco<\/title>\n<meta name=\"description\" content=\"Veja como a Starlink est\u00e1 revolucionando o acesso \u00e0 internet em regi\u00f5es sem infraestrutura, oferecendo alta velocidade e baixa lat\u00eancia.\" \/>\n<meta name=\"robots\" content=\"index, follow, max-snippet:-1, max-image-preview:large, max-video-preview:-1\" \/>\n<link rel=\"canonical\" href=\"https:\/\/www.em.com.br\/emfoco\/2025\/04\/10\/fibra-otica-perde-espaco-e-brasileiros-aderem-a-nova-tecnologia-de-internet\/\" \/>\n<meta property=\"og:locale\" content=\"pt_BR\" \/>\n<meta property=\"og:type\" content=\"article\" \/>\n<meta property=\"og:title\" content=\"Fibra \u00f3tica perde espa\u00e7o e brasileiros aderem a nova tecnologia de internet - Estado de Minas - Em foco\" \/>\n<meta property=\"og:description\" content=\"Veja como a Starlink est\u00e1 revolucionando o acesso \u00e0 internet em regi\u00f5es sem infraestrutura, oferecendo alta velocidade e baixa lat\u00eancia.\" \/>\n<meta property=\"og:url\" content=\"https:\/\/www.em.com.br\/emfoco\/2025\/04\/10\/fibra-otica-perde-espaco-e-brasileiros-aderem-a-nova-tecnologia-de-internet\/\" \/>\n<meta property=\"og:site_name\" content=\"Estado de Minas - Em foco\" \/>\n<meta property=\"article:published_time\" content=\"2025-04-10T21:40:00+00:00\" \/>\n<meta property=\"article:modified_time\" content=\"2025-04-10T11:58:33+00:00\" \/>\n<meta property=\"og:image\" content=\"https:\/\/www.em.com.br\/emfoco\/wp-content\/uploads\/2025\/01\/Starlink_1737411910806.jpg\" \/>\n\t<meta property=\"og:image:width\" content=\"1280\" \/>\n\t<meta property=\"og:image:height\" content=\"720\" \/>\n\t<meta property=\"og:image:type\" content=\"image\/jpeg\" \/>\n<meta name=\"author\" content=\"N\u00fabia Rangel\" \/>\n<meta name=\"twitter:card\" content=\"summary_large_image\" \/>\n<meta name=\"twitter:label1\" content=\"Escrito por\" \/>\n\t<meta name=\"twitter:data1\" content=\"N\u00fabia Rangel\" \/>\n\t<meta name=\"twitter:label2\" content=\"Est. tempo de leitura\" \/>\n\t<meta name=\"twitter:data2\" content=\"4 minutos\" \/>\n<!-- \/ Yoast SEO plugin. -->","yoast_head_json":{"title":"Fibra \u00f3tica perde espa\u00e7o e brasileiros aderem a nova tecnologia de internet - Estado de Minas - Em foco","description":"Veja como a Starlink est\u00e1 revolucionando o acesso \u00e0 internet em regi\u00f5es sem infraestrutura, oferecendo alta velocidade e baixa lat\u00eancia.","robots":{"index":"index","follow":"follow","max-snippet":"max-snippet:-1","max-image-preview":"max-image-preview:large","max-video-preview":"max-video-preview:-1"},"canonical":"https:\/\/www.em.com.br\/emfoco\/2025\/04\/10\/fibra-otica-perde-espaco-e-brasileiros-aderem-a-nova-tecnologia-de-internet\/","og_locale":"pt_BR","og_type":"article","og_title":"Fibra \u00f3tica perde espa\u00e7o e brasileiros aderem a nova tecnologia de internet - Estado de Minas - Em foco","og_description":"Veja como a Starlink est\u00e1 revolucionando o acesso \u00e0 internet em regi\u00f5es sem infraestrutura, oferecendo alta velocidade e baixa lat\u00eancia.","og_url":"https:\/\/www.em.com.br\/emfoco\/2025\/04\/10\/fibra-otica-perde-espaco-e-brasileiros-aderem-a-nova-tecnologia-de-internet\/","og_site_name":"Estado de Minas - Em foco","article_published_time":"2025-04-10T21:40:00+00:00","article_modified_time":"2025-04-10T11:58:33+00:00","og_image":[{"width":1280,"height":720,"url":"https:\/\/www.em.com.br\/emfoco\/wp-content\/uploads\/2025\/01\/Starlink_1737411910806.jpg","type":"image\/jpeg"}],"author":"N\u00fabia Rangel","twitter_card":"summary_large_image","twitter_misc":{"Escrito por":"N\u00fabia Rangel","Est. tempo de leitura":"4 minutos"},"schema":{"@context":"https:\/\/schema.org","@graph":[{"@type":"WebPage","@id":"https:\/\/www.em.com.br\/emfoco\/2025\/04\/10\/fibra-otica-perde-espaco-e-brasileiros-aderem-a-nova-tecnologia-de-internet\/","url":"https:\/\/www.em.com.br\/emfoco\/2025\/04\/10\/fibra-otica-perde-espaco-e-brasileiros-aderem-a-nova-tecnologia-de-internet\/","name":"Fibra \u00f3tica perde espa\u00e7o e brasileiros aderem a nova tecnologia de internet - Estado de Minas - Em foco","isPartOf":{"@id":"https:\/\/www.em.com.br\/emfoco\/#website"},"primaryImageOfPage":{"@id":"https:\/\/www.em.com.br\/emfoco\/2025\/04\/10\/fibra-otica-perde-espaco-e-brasileiros-aderem-a-nova-tecnologia-de-internet\/#primaryimage"},"image":{"@id":"https:\/\/www.em.com.br\/emfoco\/2025\/04\/10\/fibra-otica-perde-espaco-e-brasileiros-aderem-a-nova-tecnologia-de-internet\/#primaryimage"},"thumbnailUrl":"https:\/\/www.em.com.br\/emfoco\/wp-content\/uploads\/2025\/01\/Starlink_1737411910806.jpg","datePublished":"2025-04-10T21:40:00+00:00","dateModified":"2025-04-10T11:58:33+00:00","author":{"@id":"https:\/\/www.em.com.br\/emfoco\/#\/schema\/person\/524437ef54f8a5d32591b143307f2e20"},"description":"Veja como a Starlink est\u00e1 revolucionando o acesso \u00e0 internet em regi\u00f5es sem infraestrutura, oferecendo alta velocidade e baixa lat\u00eancia.","breadcrumb":{"@id":"https:\/\/www.em.com.br\/emfoco\/2025\/04\/10\/fibra-otica-perde-espaco-e-brasileiros-aderem-a-nova-tecnologia-de-internet\/#breadcrumb"},"inLanguage":"pt-BR","potentialAction":[{"@type":"ReadAction","target":["https:\/\/www.em.com.br\/emfoco\/2025\/04\/10\/fibra-otica-perde-espaco-e-brasileiros-aderem-a-nova-tecnologia-de-internet\/"]}]},{"@type":"ImageObject","inLanguage":"pt-BR","@id":"https:\/\/www.em.com.br\/emfoco\/2025\/04\/10\/fibra-otica-perde-espaco-e-brasileiros-aderem-a-nova-tecnologia-de-internet\/#primaryimage","url":"https:\/\/www.em.com.br\/emfoco\/wp-content\/uploads\/2025\/01\/Starlink_1737411910806.jpg","contentUrl":"https:\/\/www.em.com.br\/emfoco\/wp-content\/uploads\/2025\/01\/Starlink_1737411910806.jpg","width":1280,"height":720,"caption":"Starlink - Cr\u00e9ditos: depositphotos.com \/ ifeelstock"},{"@type":"BreadcrumbList","@id":"https:\/\/www.em.com.br\/emfoco\/2025\/04\/10\/fibra-otica-perde-espaco-e-brasileiros-aderem-a-nova-tecnologia-de-internet\/#breadcrumb","itemListElement":[{"@type":"ListItem","position":1,"name":"In\u00edcio","item":"https:\/\/www.em.com.br\/emfoco\/"},{"@type":"ListItem","position":2,"name":"Fibra \u00f3tica perde espa\u00e7o e brasileiros aderem a nova tecnologia de internet"}]},{"@type":"WebSite","@id":"https:\/\/www.em.com.br\/emfoco\/#website","url":"https:\/\/www.em.com.br\/emfoco\/","name":"Estado de Minas - Em foco","description":"Acompanhe as \u00faltimas not\u00edcias e fique bem informado sobre tudo o que acontece em Minas Gerais, Brasil e no mundo.","potentialAction":[{"@type":"SearchAction","target":{"@type":"EntryPoint","urlTemplate":"https:\/\/www.em.com.br\/emfoco\/?s={search_term_string}"},"query-input":{"@type":"PropertyValueSpecification","valueRequired":true,"valueName":"search_term_string"}}],"inLanguage":"pt-BR"},{"@type":"Person","@id":"https:\/\/www.em.com.br\/emfoco\/#\/schema\/person\/524437ef54f8a5d32591b143307f2e20","name":"N\u00fabia Rangel","image":{"@type":"ImageObject","inLanguage":"pt-BR","@id":"https:\/\/www.em.com.br\/emfoco\/#\/schema\/person\/image\/","url":"https:\/\/secure.gravatar.com\/avatar\/47cff2827a5ba23c37e8068c86817ea4?s=96&d=mm&r=g","contentUrl":"https:\/\/secure.gravatar.com\/avatar\/47cff2827a5ba23c37e8068c86817ea4?s=96&d=mm&r=g","caption":"N\u00fabia Rangel"},"sameAs":["https:\/\/www.em.com.br\/emfoco\/"],"url":"https:\/\/www.em.com.br\/emfoco\/author\/nubiamyth\/"}]}},"_links":{"self":[{"href":"https:\/\/www.em.com.br\/emfoco\/wp-json\/wp\/v2\/posts\/34086","targetHints":{"allow":["GET"]}}],"collection":[{"href":"https:\/\/www.em.com.br\/emfoco\/wp-json\/wp\/v2\/posts"}],"about":[{"href":"https:\/\/www.em.com.br\/emfoco\/wp-json\/wp\/v2\/types\/post"}],"author":[{"embeddable":true,"href":"https:\/\/www.em.com.br\/emfoco\/wp-json\/wp\/v2\/users\/5"}],"replies":[{"embeddable":true,"href":"https:\/\/www.em.com.br\/emfoco\/wp-json\/wp\/v2\/comments?post=34086"}],"version-history":[{"count":3,"href":"https:\/\/www.em.com.br\/emfoco\/wp-json\/wp\/v2\/posts\/34086\/revisions"}],"predecessor-version":[{"id":34846,"href":"https:\/\/www.em.com.br\/emfoco\/wp-json\/wp\/v2\/posts\/34086\/revisions\/34846"}],"wp:featuredmedia":[{"embeddable":true,"href":"https:\/\/www.em.com.br\/emfoco\/wp-json\/wp\/v2\/media\/12105"}],"wp:attachment":[{"href":"https:\/\/www.em.com.br\/emfoco\/wp-json\/wp\/v2\/media?parent=34086"}],"wp:term":[{"taxonomy":"category","embeddable":true,"href":"https:\/\/www.em.com.br\/emfoco\/wp-json\/wp\/v2\/categories?post=34086"},{"taxonomy":"post_tag","embeddable":true,"href":"https:\/\/www.em.com.br\/emfoco\/wp-json\/wp\/v2\/tags?post=34086"}],"curies":[{"name":"wp","href":"https:\/\/api.w.org\/{rel}","templated":true}]}}