{"id":33561,"date":"2025-03-30T11:00:00","date_gmt":"2025-03-30T14:00:00","guid":{"rendered":"https:\/\/www.em.com.br\/emfoco\/?p=33561"},"modified":"2025-03-29T14:28:36","modified_gmt":"2025-03-29T17:28:36","slug":"como-cultivar-tomilho-em-casa-e-ter-ervas-frescas-sempre-a-mao-para-suas-receitas","status":"publish","type":"post","link":"https:\/\/www.em.com.br\/emfoco\/2025\/03\/30\/como-cultivar-tomilho-em-casa-e-ter-ervas-frescas-sempre-a-mao-para-suas-receitas\/","title":{"rendered":"Como cultivar tomilho em casa e ter ervas frescas sempre \u00e0 m\u00e3o para suas receitas"},"content":{"rendered":"\n<p>O <strong>tomilho<\/strong> \u00e9 uma erva arom\u00e1tica muito utilizada na <a href=\"https:\/\/www.em.com.br\/emfoco\/2025\/03\/29\/dicas-de-adubacao-para-ter-batatas-grandes-e-saborosas\/\" target=\"_blank\" rel=\"noreferrer noopener\">culin\u00e1ria <\/a>e tamb\u00e9m possui propriedades medicinais. Seu cultivo \u00e9 simples e pode ser feito tanto em vasos quanto em canteiros. Aprenda como plantar <strong>tomilho<\/strong> e tenha essa erva fresca sempre \u00e0 disposi\u00e7\u00e3o!<\/p>\n\n\n\n<h2 class=\"wp-block-heading\">Qual o melhor clima e local para plantar?<\/h2>\n\n\n\n<p>O <strong>tomilho<\/strong> \u00e9 uma planta resistente que se adapta bem a diferentes <a href=\"https:\/\/www.todamateria.com.br\/tipos-de-clima\/#:~:text=Os%20dez%20principais%20tipos%20de,frio%20da%20montanha%20e%20polar.\" target=\"_blank\" rel=\"noreferrer noopener\">climas<\/a>, mas prefere temperaturas entre <strong>15\u00b0C e 25\u00b0C<\/strong>. Ele cresce melhor em regi\u00f5es de <strong>clima mediterr\u00e2neo<\/strong>, onde h\u00e1 sol pleno e pouca umidade.<\/p>\n\n\n\n<p>A planta precisa de <strong>pelo menos 6 horas di\u00e1rias de sol<\/strong>, sendo ideal cultiv\u00e1-la em locais bem iluminados e com <strong>boa ventila\u00e7\u00e3o<\/strong>.<\/p>\n\n\n\n<h2 class=\"wp-block-heading\">Qual o solo ideal?<\/h2>\n\n\n\n<p>O solo deve ser:<\/p>\n\n\n\n<ul class=\"wp-block-list\">\n<li><strong>Bem drenado<\/strong>, evitando o ac\u00famulo de \u00e1gua;<\/li>\n\n\n\n<li><strong>Leve e arenoso<\/strong>, permitindo que as ra\u00edzes respirem;<\/li>\n\n\n\n<li><strong>Levemente alcalino<\/strong>, com pH entre <strong>6,5 e 7,5<\/strong>;<\/li>\n\n\n\n<li><strong>Pouco f\u00e9rtil<\/strong>, pois solos muito ricos podem prejudicar o aroma da erva.<\/li>\n<\/ul>\n\n\n\n<p>Antes do plantio, misture areia ou perlita ao solo para garantir uma boa drenagem.<\/p>\n\n\n\n<h2 class=\"wp-block-heading\">Como plantar tomilho por sementes ou mudas?<\/h2>\n\n\n\n<p>O <strong>tomilho<\/strong> pode ser cultivado tanto por <strong>sementes<\/strong> quanto por <strong>mudas<\/strong>. O m\u00e9todo mais r\u00e1pido \u00e9 o plantio por <strong>mudas<\/strong>, pois as sementes podem demorar mais para germinar.<\/p>\n\n\n\n<h3 class=\"wp-block-heading\">Plantio por sementes:<\/h3>\n\n\n\n<ol class=\"wp-block-list\">\n<li>Semeie as sementes em um vaso ou sementeira com solo leve;<\/li>\n\n\n\n<li>Cubra levemente com uma fina camada de terra;<\/li>\n\n\n\n<li>Regue com um borrifador para manter o solo \u00famido sem encharcar;<\/li>\n\n\n\n<li>Deixe em um local quente e iluminado;<\/li>\n\n\n\n<li>A germina\u00e7\u00e3o ocorre entre <strong>10 a 21 dias<\/strong>;<\/li>\n\n\n\n<li>Quando as mudas tiverem <strong>5 cm de altura<\/strong>, transplante para o local definitivo.<\/li>\n<\/ol>\n\n\n<div class=\"wp-block-image\">\n<figure class=\"aligncenter size-large\"><img loading=\"lazy\" decoding=\"async\" width=\"1024\" height=\"576\" src=\"https:\/\/www.em.com.br\/emfoco\/wp-content\/uploads\/2025\/03\/tomilho-_1743259496169-1024x576.jpg\" alt=\"\" class=\"wp-image-33575\" srcset=\"https:\/\/www.em.com.br\/emfoco\/wp-content\/uploads\/2025\/03\/tomilho-_1743259496169-1024x576.jpg 1024w, https:\/\/www.em.com.br\/emfoco\/wp-content\/uploads\/2025\/03\/tomilho-_1743259496169-300x169.jpg 300w, https:\/\/www.em.com.br\/emfoco\/wp-content\/uploads\/2025\/03\/tomilho-_1743259496169-768x432.jpg 768w, https:\/\/www.em.com.br\/emfoco\/wp-content\/uploads\/2025\/03\/tomilho-_1743259496169-750x422.jpg 750w, https:\/\/www.em.com.br\/emfoco\/wp-content\/uploads\/2025\/03\/tomilho-_1743259496169-1140x641.jpg 1140w, https:\/\/www.em.com.br\/emfoco\/wp-content\/uploads\/2025\/03\/tomilho-_1743259496169.jpg 1280w\" sizes=\"auto, (max-width: 1024px) 100vw, 1024px\" \/><figcaption class=\"wp-element-caption\">Tomilho &#8211; Cr\u00e9ditos: depositphotos.com \/ MarusiaBO<\/figcaption><\/figure><\/div>\n\n\n<h3 class=\"wp-block-heading\">Plantio por mudas:<\/h3>\n\n\n\n<ol class=\"wp-block-list\">\n<li>Escolha uma muda saud\u00e1vel e com ra\u00edzes bem desenvolvidas;<\/li>\n\n\n\n<li>Plante em um vaso ou canteiro, mantendo <strong>15 cm de espa\u00e7amento<\/strong> entre as plantas;<\/li>\n\n\n\n<li>Regue moderadamente, sem encharcar o solo;<\/li>\n\n\n\n<li>Mantenha a planta em local ensolarado.<\/li>\n<\/ol>\n\n\n\n<h2 class=\"wp-block-heading\">Como regar o tomilho corretamente?<\/h2>\n\n\n\n<p>O <strong>tomilho<\/strong> \u00e9 uma planta que tolera bem a seca, por isso as regas devem ser moderadas:<\/p>\n\n\n\n<ul class=\"wp-block-list\">\n<li>Regue apenas quando o solo estiver seco ao toque;<\/li>\n\n\n\n<li>Evite molhar as folhas para prevenir doen\u00e7as f\u00fangicas;<\/li>\n\n\n\n<li>No inverno, reduza ainda mais as regas.<\/li>\n<\/ul>\n\n\n\n<p>O excesso de \u00e1gua pode levar ao apodrecimento das ra\u00edzes, ent\u00e3o tenha cuidado para n\u00e3o encharcar o solo.<\/p>\n\n\n\n<h2 class=\"wp-block-heading\">Como adubar?<\/h2>\n\n\n\n<p>O <strong>tomilho<\/strong> n\u00e3o precisa de muita aduba\u00e7\u00e3o, pois solos muito f\u00e9rteis podem reduzir seu aroma. Ainda assim, para um crescimento saud\u00e1vel, utilize:<\/p>\n\n\n\n<ul class=\"wp-block-list\">\n<li><strong>Adubo org\u00e2nico leve<\/strong>, como h\u00famus de minhoca, a cada <strong>3 meses<\/strong>;<\/li>\n\n\n\n<li><strong>Farinha de ossos ou cinzas de madeira<\/strong>, que ajudam a manter o solo alcalino;<\/li>\n\n\n\n<li>Evite o uso excessivo de fertilizantes ricos em nitrog\u00eanio.<\/li>\n<\/ul>\n\n\n\n<h2 class=\"wp-block-heading\">Como podar e colher?<\/h2>\n\n\n\n<p>A poda regular estimula o crescimento e mant\u00e9m a planta saud\u00e1vel:<\/p>\n\n\n\n<ul class=\"wp-block-list\">\n<li>Corte as pontas dos ramos regularmente para estimular brota\u00e7\u00f5es laterais;<\/li>\n\n\n\n<li>Evite retirar mais de <strong>1\/3 da planta de uma vez<\/strong>;<\/li>\n\n\n\n<li>Para colher, corte os ramos pr\u00f3ximos \u00e0 base e pendure-os de cabe\u00e7a para baixo para secagem;<\/li>\n\n\n\n<li>O <strong>tomilho<\/strong> pode ser consumido fresco ou seco.<\/li>\n<\/ul>\n\n\n\n<h2 class=\"wp-block-heading\">Como evitar pragas e doen\u00e7as no tomilho?<\/h2>\n\n\n\n<p>O <strong>tomilho<\/strong> \u00e9 uma planta resistente, mas pode ser atacado por <strong>\u00e1caros e pulg\u00f5es<\/strong>. Para prevenir e combater essas pragas:<\/p>\n\n\n\n<ul class=\"wp-block-list\">\n<li>Pulverize \u00f3leo de neem ou uma solu\u00e7\u00e3o de \u00e1gua com sab\u00e3o neutro;<\/li>\n\n\n\n<li>Evite excesso de umidade no solo para prevenir doen\u00e7as f\u00fangicas;<\/li>\n\n\n\n<li>Cultive o tomilho junto com outras ervas como <strong>alecrim e manjeric\u00e3o<\/strong>, que ajudam a afastar pragas.<\/li>\n<\/ul>\n\n\n\n<h2 class=\"wp-block-heading\">Quando e como replantar?<\/h2>\n\n\n\n<p>Com o tempo, a planta pode perder vigor. O replantio deve ser feito a cada <strong>2 a 3 anos<\/strong>:<\/p>\n\n\n\n<ul class=\"wp-block-list\">\n<li>Retire a planta do solo e divida os rizomas;<\/li>\n\n\n\n<li>Plante as novas mudas em solo bem drenado;<\/li>\n\n\n\n<li>Fa\u00e7a esse processo na primavera para um melhor desenvolvimento.<\/li>\n<\/ul>\n\n\n\n<h2 class=\"wp-block-heading\">FAQ &#8211; Perguntas frequentes<\/h2>\n\n\n\n<p><strong>1. Posso plantar tomilho em vasos?<\/strong><br>Sim! Use um vaso com pelo menos <strong>20 cm de profundidade<\/strong> e com boa drenagem.<\/p>\n\n\n\n<p><strong>2. Quanto tempo o tomilho demora para crescer?<\/strong><br>O tomilho cresce lentamente e leva cerca de <strong>2 a 3 meses<\/strong> para estar pronto para a primeira colheita.<\/p>\n\n\n\n<p><strong>3. O tomilho precisa de sol o dia todo?<\/strong><br>Ele precisa de pelo menos <strong>6 horas de sol di\u00e1rio<\/strong> para crescer bem.<\/p>\n\n\n\n<p><strong>4. Como secar tomilho para armazenamento?<\/strong><br>Pendure os ramos de cabe\u00e7a para baixo em local arejado e sem luz direta. Depois de seco, guarde em um pote herm\u00e9tico.<\/p>\n\n\n\n<p><strong>5. Como evitar que o tomilho morra no inverno?<\/strong><br>Se houver geadas na sua regi\u00e3o, proteja a planta com cobertura vegetal ou leve os vasos para um local protegido.<\/p>\n","protected":false},"excerpt":{"rendered":"<p>O tomilho \u00e9 uma erva arom\u00e1tica muito utilizada na culin\u00e1ria e tamb\u00e9m possui propriedades medicinais. Seu cultivo \u00e9 simples e pode ser feito tanto em vasos quanto em canteiros. Aprenda como plantar tomilho e tenha essa erva fresca sempre \u00e0 disposi\u00e7\u00e3o! Qual o melhor clima e local para plantar? O tomilho \u00e9 uma planta resistente [&hellip;]<\/p>\n","protected":false},"author":9,"featured_media":33572,"comment_status":"open","ping_status":"open","sticky":false,"template":"","format":"standard","meta":{"jnews-multi-image_gallery":[],"jnews_single_post":{"format":"standard"},"jnews_primary_category":[],"jnews_social_meta":[],"jnews_override_counter":[],"footnotes":""},"categories":[1],"tags":[6950,6951,6785,6949],"class_list":["post-33561","post","type-post","status-publish","format-standard","has-post-thumbnail","hentry","category-noticias","tag-como-plantar-tomilho","tag-cultivo-de-tomilho","tag-ervas-aromaticas","tag-tomilho"],"yoast_head":"<!-- This site is optimized with the Yoast SEO plugin v23.8 - https:\/\/yoast.com\/wordpress\/plugins\/seo\/ -->\n<title>Como cultivar tomilho em casa e ter ervas frescas sempre \u00e0 m\u00e3o para suas receitas<\/title>\n<meta name=\"description\" content=\"Plante tomilho em sua horta e tenha essa erva arom\u00e1tica e cheia de benef\u00edcios, perfeita para temperar seus pratos favoritos.\" \/>\n<meta name=\"robots\" content=\"index, follow, max-snippet:-1, max-image-preview:large, max-video-preview:-1\" \/>\n<link rel=\"canonical\" href=\"https:\/\/www.em.com.br\/emfoco\/2025\/03\/30\/como-cultivar-tomilho-em-casa-e-ter-ervas-frescas-sempre-a-mao-para-suas-receitas\/\" \/>\n<meta property=\"og:locale\" content=\"pt_BR\" \/>\n<meta property=\"og:type\" content=\"article\" \/>\n<meta property=\"og:title\" content=\"Como cultivar tomilho em casa e ter ervas frescas sempre \u00e0 m\u00e3o para suas receitas\" \/>\n<meta property=\"og:description\" content=\"Plante tomilho em sua horta e tenha essa erva arom\u00e1tica e cheia de benef\u00edcios, perfeita para temperar seus pratos favoritos.\" \/>\n<meta property=\"og:url\" content=\"https:\/\/www.em.com.br\/emfoco\/2025\/03\/30\/como-cultivar-tomilho-em-casa-e-ter-ervas-frescas-sempre-a-mao-para-suas-receitas\/\" \/>\n<meta property=\"og:site_name\" content=\"Estado de Minas - Em foco\" \/>\n<meta property=\"article:published_time\" content=\"2025-03-30T14:00:00+00:00\" \/>\n<meta property=\"article:modified_time\" content=\"2025-03-29T17:28:36+00:00\" \/>\n<meta property=\"og:image\" content=\"https:\/\/www.em.com.br\/emfoco\/wp-content\/uploads\/2025\/03\/tomilho-_1743259422077.jpg\" \/>\n\t<meta property=\"og:image:width\" content=\"1280\" \/>\n\t<meta property=\"og:image:height\" content=\"720\" \/>\n\t<meta property=\"og:image:type\" content=\"image\/jpeg\" \/>\n<meta name=\"author\" content=\"Daniely Cardoso\" \/>\n<meta name=\"twitter:card\" content=\"summary_large_image\" \/>\n<meta name=\"twitter:label1\" content=\"Escrito por\" \/>\n\t<meta name=\"twitter:data1\" content=\"Daniely Cardoso\" \/>\n\t<meta name=\"twitter:label2\" content=\"Est. tempo de leitura\" \/>\n\t<meta name=\"twitter:data2\" content=\"5 minutos\" \/>\n<!-- \/ Yoast SEO plugin. -->","yoast_head_json":{"title":"Como cultivar tomilho em casa e ter ervas frescas sempre \u00e0 m\u00e3o para suas receitas","description":"Plante tomilho em sua horta e tenha essa erva arom\u00e1tica e cheia de benef\u00edcios, perfeita para temperar seus pratos favoritos.","robots":{"index":"index","follow":"follow","max-snippet":"max-snippet:-1","max-image-preview":"max-image-preview:large","max-video-preview":"max-video-preview:-1"},"canonical":"https:\/\/www.em.com.br\/emfoco\/2025\/03\/30\/como-cultivar-tomilho-em-casa-e-ter-ervas-frescas-sempre-a-mao-para-suas-receitas\/","og_locale":"pt_BR","og_type":"article","og_title":"Como cultivar tomilho em casa e ter ervas frescas sempre \u00e0 m\u00e3o para suas receitas","og_description":"Plante tomilho em sua horta e tenha essa erva arom\u00e1tica e cheia de benef\u00edcios, perfeita para temperar seus pratos favoritos.","og_url":"https:\/\/www.em.com.br\/emfoco\/2025\/03\/30\/como-cultivar-tomilho-em-casa-e-ter-ervas-frescas-sempre-a-mao-para-suas-receitas\/","og_site_name":"Estado de Minas - Em foco","article_published_time":"2025-03-30T14:00:00+00:00","article_modified_time":"2025-03-29T17:28:36+00:00","og_image":[{"width":1280,"height":720,"url":"https:\/\/www.em.com.br\/emfoco\/wp-content\/uploads\/2025\/03\/tomilho-_1743259422077.jpg","type":"image\/jpeg"}],"author":"Daniely Cardoso","twitter_card":"summary_large_image","twitter_misc":{"Escrito por":"Daniely Cardoso","Est. tempo de leitura":"5 minutos"},"schema":{"@context":"https:\/\/schema.org","@graph":[{"@type":"WebPage","@id":"https:\/\/www.em.com.br\/emfoco\/2025\/03\/30\/como-cultivar-tomilho-em-casa-e-ter-ervas-frescas-sempre-a-mao-para-suas-receitas\/","url":"https:\/\/www.em.com.br\/emfoco\/2025\/03\/30\/como-cultivar-tomilho-em-casa-e-ter-ervas-frescas-sempre-a-mao-para-suas-receitas\/","name":"Como cultivar tomilho em casa e ter ervas frescas sempre \u00e0 m\u00e3o para suas receitas","isPartOf":{"@id":"https:\/\/www.em.com.br\/emfoco\/#website"},"primaryImageOfPage":{"@id":"https:\/\/www.em.com.br\/emfoco\/2025\/03\/30\/como-cultivar-tomilho-em-casa-e-ter-ervas-frescas-sempre-a-mao-para-suas-receitas\/#primaryimage"},"image":{"@id":"https:\/\/www.em.com.br\/emfoco\/2025\/03\/30\/como-cultivar-tomilho-em-casa-e-ter-ervas-frescas-sempre-a-mao-para-suas-receitas\/#primaryimage"},"thumbnailUrl":"https:\/\/www.em.com.br\/emfoco\/wp-content\/uploads\/2025\/03\/tomilho-_1743259422077.jpg","datePublished":"2025-03-30T14:00:00+00:00","dateModified":"2025-03-29T17:28:36+00:00","author":{"@id":"https:\/\/www.em.com.br\/emfoco\/#\/schema\/person\/0a8186d72f2c3a5c6276d90b41f271a0"},"description":"Plante tomilho em sua horta e tenha essa erva arom\u00e1tica e cheia de benef\u00edcios, perfeita para temperar seus pratos favoritos.","breadcrumb":{"@id":"https:\/\/www.em.com.br\/emfoco\/2025\/03\/30\/como-cultivar-tomilho-em-casa-e-ter-ervas-frescas-sempre-a-mao-para-suas-receitas\/#breadcrumb"},"inLanguage":"pt-BR","potentialAction":[{"@type":"ReadAction","target":["https:\/\/www.em.com.br\/emfoco\/2025\/03\/30\/como-cultivar-tomilho-em-casa-e-ter-ervas-frescas-sempre-a-mao-para-suas-receitas\/"]}]},{"@type":"ImageObject","inLanguage":"pt-BR","@id":"https:\/\/www.em.com.br\/emfoco\/2025\/03\/30\/como-cultivar-tomilho-em-casa-e-ter-ervas-frescas-sempre-a-mao-para-suas-receitas\/#primaryimage","url":"https:\/\/www.em.com.br\/emfoco\/wp-content\/uploads\/2025\/03\/tomilho-_1743259422077.jpg","contentUrl":"https:\/\/www.em.com.br\/emfoco\/wp-content\/uploads\/2025\/03\/tomilho-_1743259422077.jpg","width":1280,"height":720,"caption":"Prospera em \u00e1reas com bastante luz solar- Cr\u00e9ditos: depositphotos.com \/ MarusiaBO"},{"@type":"BreadcrumbList","@id":"https:\/\/www.em.com.br\/emfoco\/2025\/03\/30\/como-cultivar-tomilho-em-casa-e-ter-ervas-frescas-sempre-a-mao-para-suas-receitas\/#breadcrumb","itemListElement":[{"@type":"ListItem","position":1,"name":"In\u00edcio","item":"https:\/\/www.em.com.br\/emfoco\/"},{"@type":"ListItem","position":2,"name":"Como cultivar tomilho em casa e ter ervas frescas sempre \u00e0 m\u00e3o para suas receitas"}]},{"@type":"WebSite","@id":"https:\/\/www.em.com.br\/emfoco\/#website","url":"https:\/\/www.em.com.br\/emfoco\/","name":"Estado de Minas - Em foco","description":"Acompanhe as \u00faltimas not\u00edcias e fique bem informado sobre tudo o que acontece em Minas Gerais, Brasil e no mundo.","potentialAction":[{"@type":"SearchAction","target":{"@type":"EntryPoint","urlTemplate":"https:\/\/www.em.com.br\/emfoco\/?s={search_term_string}"},"query-input":{"@type":"PropertyValueSpecification","valueRequired":true,"valueName":"search_term_string"}}],"inLanguage":"pt-BR"},{"@type":"Person","@id":"https:\/\/www.em.com.br\/emfoco\/#\/schema\/person\/0a8186d72f2c3a5c6276d90b41f271a0","name":"Daniely Cardoso","image":{"@type":"ImageObject","inLanguage":"pt-BR","@id":"https:\/\/www.em.com.br\/emfoco\/#\/schema\/person\/image\/","url":"https:\/\/secure.gravatar.com\/avatar\/4b80ddbd124d1f071b626d52d62e5dff?s=96&d=mm&r=g","contentUrl":"https:\/\/secure.gravatar.com\/avatar\/4b80ddbd124d1f071b626d52d62e5dff?s=96&d=mm&r=g","caption":"Daniely Cardoso"},"url":"https:\/\/www.em.com.br\/emfoco\/author\/danielymyth\/"}]}},"_links":{"self":[{"href":"https:\/\/www.em.com.br\/emfoco\/wp-json\/wp\/v2\/posts\/33561","targetHints":{"allow":["GET"]}}],"collection":[{"href":"https:\/\/www.em.com.br\/emfoco\/wp-json\/wp\/v2\/posts"}],"about":[{"href":"https:\/\/www.em.com.br\/emfoco\/wp-json\/wp\/v2\/types\/post"}],"author":[{"embeddable":true,"href":"https:\/\/www.em.com.br\/emfoco\/wp-json\/wp\/v2\/users\/9"}],"replies":[{"embeddable":true,"href":"https:\/\/www.em.com.br\/emfoco\/wp-json\/wp\/v2\/comments?post=33561"}],"version-history":[{"count":2,"href":"https:\/\/www.em.com.br\/emfoco\/wp-json\/wp\/v2\/posts\/33561\/revisions"}],"predecessor-version":[{"id":33578,"href":"https:\/\/www.em.com.br\/emfoco\/wp-json\/wp\/v2\/posts\/33561\/revisions\/33578"}],"wp:featuredmedia":[{"embeddable":true,"href":"https:\/\/www.em.com.br\/emfoco\/wp-json\/wp\/v2\/media\/33572"}],"wp:attachment":[{"href":"https:\/\/www.em.com.br\/emfoco\/wp-json\/wp\/v2\/media?parent=33561"}],"wp:term":[{"taxonomy":"category","embeddable":true,"href":"https:\/\/www.em.com.br\/emfoco\/wp-json\/wp\/v2\/categories?post=33561"},{"taxonomy":"post_tag","embeddable":true,"href":"https:\/\/www.em.com.br\/emfoco\/wp-json\/wp\/v2\/tags?post=33561"}],"curies":[{"name":"wp","href":"https:\/\/api.w.org\/{rel}","templated":true}]}}