{"id":33374,"date":"2025-03-30T09:20:00","date_gmt":"2025-03-30T12:20:00","guid":{"rendered":"https:\/\/www.em.com.br\/emfoco\/?p=33374"},"modified":"2025-03-28T19:56:29","modified_gmt":"2025-03-28T22:56:29","slug":"governo-libera-saque-fgts-emergencial-por-calamidade-saiba-como-sacar-ate-r-6-220","status":"publish","type":"post","link":"https:\/\/www.em.com.br\/emfoco\/2025\/03\/30\/governo-libera-saque-fgts-emergencial-por-calamidade-saiba-como-sacar-ate-r-6-220\/","title":{"rendered":"Governo libera saque FGTS emergencial por calamidade; saiba como sacar at\u00e9 R$ 6.220"},"content":{"rendered":"\n<p>Moradores de oito cidades do <strong>Acre <\/strong>afetadas pelas enchentes podem solicitar o saque do <strong><a href=\"https:\/\/g1.globo.com\/ac\/acre\/noticia\/2025\/03\/26\/caixa-libera-saque-do-fgts-por-calamidade-para-oito-cidades-atingidas-por-inundacoes-no-acre-veja-como-solicitar.ghtml\" target=\"_blank\" rel=\"noreferrer noopener\">FGTS por calamidade<\/a><\/strong>. A medida foi liberada pela <strong>Caixa Econ\u00f4mica Federal<\/strong> ap\u00f3s o governo federal reconhecer a situa\u00e7\u00e3o de emerg\u00eancia nesses munic\u00edpios.<\/p>\n\n\n\n<p>Os trabalhadores que atenderem aos crit\u00e9rios t\u00eam at\u00e9 o dia 22 de junho para fazer o pedido de forma totalmente digital pelo aplicativo do <strong><a href=\"https:\/\/www.em.com.br\/emfoco\/2025\/03\/24\/o-que-significa-a-mensagem-credito-fgts-por-medida-provisoria\/\" target=\"_blank\" rel=\"noreferrer noopener\">FGTS<\/a><\/strong>. A seguir, confira quais cidades foram contempladas, quem tem direito ao benef\u00edcio e como solicitar o saque.<\/p>\n\n\n\n<h2 class=\"wp-block-heading\">Cidades afetadas pelas enchentes podem solicitar o FGTS por calamidade<\/h2>\n\n\n\n<p>O saque emergencial est\u00e1 dispon\u00edvel para trabalhadores que residem nas seguintes cidades do Acre:<\/p>\n\n\n\n<ul class=\"wp-block-list\">\n<li>Cruzeiro do Sul<\/li>\n\n\n\n<li>Feij\u00f3<\/li>\n\n\n\n<li>M\u00e2ncio Lima<\/li>\n\n\n\n<li>Marechal Thaumaturgo<\/li>\n\n\n\n<li>Pl\u00e1cido de Castro<\/li>\n\n\n\n<li>Porto Acre<\/li>\n\n\n\n<li>Rodrigues Alves<\/li>\n\n\n\n<li>Santa Rosa do Purus<\/li>\n<\/ul>\n\n\n\n<p>Esses munic\u00edpios sofreram com a cheia dos rios <strong>Acre, Juru\u00e1, Purus, Envira, Abun\u00e3 e Moa<\/strong>, que provocaram alagamentos e deixaram milhares de fam\u00edlias em situa\u00e7\u00e3o de vulnerabilidade.<\/p>\n\n\n\n<p>A cidade de Rio Branco, que tamb\u00e9m foi atingida, teve o estado de emerg\u00eancia reconhecido anteriormente, em 18 de mar\u00e7o, e j\u00e1 conta com medidas emergenciais em vigor.<\/p>\n\n\n\n<h2 class=\"wp-block-heading\">Quem tem direito ao saque do FGTS por calamidade<\/h2>\n\n\n\n<p>Para solicitar o saque, o trabalhador deve atender a alguns requisitos b\u00e1sicos:<\/p>\n\n\n\n<ul class=\"wp-block-list\">\n<li>Possuir saldo dispon\u00edvel na conta do FGTS<\/li>\n\n\n\n<li>Residir em uma das cidades reconhecidas como em situa\u00e7\u00e3o de calamidade<\/li>\n\n\n\n<li>N\u00e3o ter feito outro saque por calamidade nos \u00faltimos 12 meses<\/li>\n\n\n\n<li>Apresentar comprovante de resid\u00eancia emitido at\u00e9 120 dias antes da decreta\u00e7\u00e3o da emerg\u00eancia<\/li>\n<\/ul>\n\n\n\n<p>O valor m\u00e1ximo que pode ser retirado \u00e9 de R$ 6.220,00 por conta vinculada, desde que haja saldo dispon\u00edvel.<\/p>\n\n\n\n<figure class=\"wp-block-image\"><img decoding=\"async\" src=\"https:\/\/www.em.com.br\/emfoco\/wp-content\/uploads\/2025\/03\/fgts_1742509526638-1024x576.jpg\" alt=\"\"\/><figcaption class=\"wp-element-caption\">FGTS &#8211; Cr\u00e9ditos: depositphotos.com \/ robertohunger<\/figcaption><\/figure>\n\n\n\n<h2 class=\"wp-block-heading\">Passo a passo para solicitar o saque do FGTS pelo aplicativo<\/h2>\n\n\n\n<p>O processo de solicita\u00e7\u00e3o do saque \u00e9 totalmente digital e pode ser feito em poucos minutos pelo <strong>aplicativo FGTS<\/strong>. Veja como proceder:<\/p>\n\n\n\n<ol class=\"wp-block-list\">\n<li>Baixe e acesse o aplicativo FGTS<\/li>\n\n\n\n<li>V\u00e1 at\u00e9 o menu \u201cSaques\u201d e clique em \u201cSolicitar saque\u201d<\/li>\n\n\n\n<li>Escolha a op\u00e7\u00e3o \u201cCalamidade p\u00fablica\u201d<\/li>\n\n\n\n<li>Informe o munic\u00edpio afetado e selecione-o na lista<\/li>\n\n\n\n<li>Anexe um comprovante de resid\u00eancia emitido at\u00e9 120 dias antes do decreto<\/li>\n\n\n\n<li>Envie uma foto do documento de identidade (frente e verso)<\/li>\n\n\n\n<li>Escolha a conta banc\u00e1ria para receber o valor<\/li>\n\n\n\n<li>Confirme e envie a solicita\u00e7\u00e3o<\/li>\n<\/ol>\n\n\n\n<p>A Caixa analisar\u00e1 o pedido e, se aprovado, o valor ser\u00e1 depositado diretamente na conta indicada, inclusive na <strong>Poupan\u00e7a Digital do Caixa Tem<\/strong>, caso o trabalhador tenha uma.<\/p>\n\n\n\n<h2 class=\"wp-block-heading\">Recursos emergenciais foram liberados para auxiliar as cidades atingidas<\/h2>\n\n\n\n<p>Al\u00e9m da libera\u00e7\u00e3o do FGTS, as prefeituras das cidades afetadas podem solicitar recursos federais para a\u00e7\u00f5es emergenciais de Defesa Civil. Entre as medidas previstas, est\u00e3o:<\/p>\n\n\n\n<ul class=\"wp-block-list\">\n<li>Compra e distribui\u00e7\u00e3o de cestas b\u00e1sicas<\/li>\n\n\n\n<li>Fornecimento de \u00e1gua pot\u00e1vel<\/li>\n\n\n\n<li>Refei\u00e7\u00f5es para trabalhadores e volunt\u00e1rios<\/li>\n\n\n\n<li>Kits de limpeza, higiene e dormit\u00f3rio<\/li>\n<\/ul>\n\n\n\n<p>Essas a\u00e7\u00f5es visam minimizar os impactos das enchentes e garantir suporte imediato \u00e0s fam\u00edlias que perderam bens e tiveram suas rotinas afetadas pelas inunda\u00e7\u00f5es.<\/p>\n\n\n\n<p>Os trabalhadores que se enquadram nos crit\u00e9rios devem se apressar para solicitar o benef\u00edcio e garantir o acesso ao valor dentro do prazo estipulado.<\/p>\n","protected":false},"excerpt":{"rendered":"<p>Moradores de oito cidades do Acre afetadas pelas enchentes podem solicitar o saque do FGTS por calamidade. A medida foi liberada pela Caixa Econ\u00f4mica Federal ap\u00f3s o governo federal reconhecer a situa\u00e7\u00e3o de emerg\u00eancia nesses munic\u00edpios. Os trabalhadores que atenderem aos crit\u00e9rios t\u00eam at\u00e9 o dia 22 de junho para fazer o pedido de forma [&hellip;]<\/p>\n","protected":false},"author":11,"featured_media":30947,"comment_status":"open","ping_status":"open","sticky":false,"template":"","format":"standard","meta":{"jnews-multi-image_gallery":[],"jnews_single_post":{"format":"standard"},"jnews_primary_category":[],"jnews_social_meta":[],"jnews_override_counter":[],"footnotes":""},"categories":[28,1],"tags":[1036,6511,6866],"class_list":["post-33374","post","type-post","status-publish","format-standard","has-post-thumbnail","hentry","category-economia","category-noticias","tag-fgts","tag-fgts-digital","tag-saque-fgts"],"yoast_head":"<!-- This site is optimized with the Yoast SEO plugin v23.8 - https:\/\/yoast.com\/wordpress\/plugins\/seo\/ -->\n<title>Governo libera saque FGTS emergencial por calamidade; saiba como sacar at\u00e9 R$ 6.220 - Estado de Minas - Em foco<\/title>\n<meta name=\"description\" content=\"O saque do FGTS por calamidade foi liberado em car\u00e1ter emergencial. Confira os requisitos e como solicitar o benef\u00edcio.\" \/>\n<meta name=\"robots\" content=\"index, follow, max-snippet:-1, max-image-preview:large, max-video-preview:-1\" \/>\n<link rel=\"canonical\" href=\"https:\/\/www.em.com.br\/emfoco\/2025\/03\/30\/governo-libera-saque-fgts-emergencial-por-calamidade-saiba-como-sacar-ate-r-6-220\/\" \/>\n<meta property=\"og:locale\" content=\"pt_BR\" \/>\n<meta property=\"og:type\" content=\"article\" \/>\n<meta property=\"og:title\" content=\"Governo libera saque FGTS emergencial por calamidade; saiba como sacar at\u00e9 R$ 6.220 - Estado de Minas - Em foco\" \/>\n<meta property=\"og:description\" content=\"O saque do FGTS por calamidade foi liberado em car\u00e1ter emergencial. Confira os requisitos e como solicitar o benef\u00edcio.\" \/>\n<meta property=\"og:url\" content=\"https:\/\/www.em.com.br\/emfoco\/2025\/03\/30\/governo-libera-saque-fgts-emergencial-por-calamidade-saiba-como-sacar-ate-r-6-220\/\" \/>\n<meta property=\"og:site_name\" content=\"Estado de Minas - Em foco\" \/>\n<meta property=\"article:published_time\" content=\"2025-03-30T12:20:00+00:00\" \/>\n<meta property=\"article:modified_time\" content=\"2025-03-28T22:56:29+00:00\" \/>\n<meta property=\"og:image\" content=\"https:\/\/www.em.com.br\/emfoco\/wp-content\/uploads\/2025\/03\/fgts_1742509568709.jpg\" \/>\n\t<meta property=\"og:image:width\" content=\"1280\" \/>\n\t<meta property=\"og:image:height\" content=\"720\" \/>\n\t<meta property=\"og:image:type\" content=\"image\/jpeg\" \/>\n<meta name=\"author\" content=\"Andre\u0301 Rangel\u00a0\" \/>\n<meta name=\"twitter:card\" content=\"summary_large_image\" \/>\n<meta name=\"twitter:label1\" content=\"Escrito por\" \/>\n\t<meta name=\"twitter:data1\" content=\"Andre\u0301 Rangel\u00a0\" \/>\n\t<meta name=\"twitter:label2\" content=\"Est. tempo de leitura\" \/>\n\t<meta name=\"twitter:data2\" content=\"4 minutos\" \/>\n<!-- \/ Yoast SEO plugin. -->","yoast_head_json":{"title":"Governo libera saque FGTS emergencial por calamidade; saiba como sacar at\u00e9 R$ 6.220 - Estado de Minas - Em foco","description":"O saque do FGTS por calamidade foi liberado em car\u00e1ter emergencial. Confira os requisitos e como solicitar o benef\u00edcio.","robots":{"index":"index","follow":"follow","max-snippet":"max-snippet:-1","max-image-preview":"max-image-preview:large","max-video-preview":"max-video-preview:-1"},"canonical":"https:\/\/www.em.com.br\/emfoco\/2025\/03\/30\/governo-libera-saque-fgts-emergencial-por-calamidade-saiba-como-sacar-ate-r-6-220\/","og_locale":"pt_BR","og_type":"article","og_title":"Governo libera saque FGTS emergencial por calamidade; saiba como sacar at\u00e9 R$ 6.220 - Estado de Minas - Em foco","og_description":"O saque do FGTS por calamidade foi liberado em car\u00e1ter emergencial. Confira os requisitos e como solicitar o benef\u00edcio.","og_url":"https:\/\/www.em.com.br\/emfoco\/2025\/03\/30\/governo-libera-saque-fgts-emergencial-por-calamidade-saiba-como-sacar-ate-r-6-220\/","og_site_name":"Estado de Minas - Em foco","article_published_time":"2025-03-30T12:20:00+00:00","article_modified_time":"2025-03-28T22:56:29+00:00","og_image":[{"width":1280,"height":720,"url":"https:\/\/www.em.com.br\/emfoco\/wp-content\/uploads\/2025\/03\/fgts_1742509568709.jpg","type":"image\/jpeg"}],"author":"Andre\u0301 Rangel\u00a0","twitter_card":"summary_large_image","twitter_misc":{"Escrito por":"Andre\u0301 Rangel\u00a0","Est. tempo de leitura":"4 minutos"},"schema":{"@context":"https:\/\/schema.org","@graph":[{"@type":"WebPage","@id":"https:\/\/www.em.com.br\/emfoco\/2025\/03\/30\/governo-libera-saque-fgts-emergencial-por-calamidade-saiba-como-sacar-ate-r-6-220\/","url":"https:\/\/www.em.com.br\/emfoco\/2025\/03\/30\/governo-libera-saque-fgts-emergencial-por-calamidade-saiba-como-sacar-ate-r-6-220\/","name":"Governo libera saque FGTS emergencial por calamidade; saiba como sacar at\u00e9 R$ 6.220 - Estado de Minas - Em foco","isPartOf":{"@id":"https:\/\/www.em.com.br\/emfoco\/#website"},"primaryImageOfPage":{"@id":"https:\/\/www.em.com.br\/emfoco\/2025\/03\/30\/governo-libera-saque-fgts-emergencial-por-calamidade-saiba-como-sacar-ate-r-6-220\/#primaryimage"},"image":{"@id":"https:\/\/www.em.com.br\/emfoco\/2025\/03\/30\/governo-libera-saque-fgts-emergencial-por-calamidade-saiba-como-sacar-ate-r-6-220\/#primaryimage"},"thumbnailUrl":"https:\/\/www.em.com.br\/emfoco\/wp-content\/uploads\/2025\/03\/fgts_1742509568709.jpg","datePublished":"2025-03-30T12:20:00+00:00","dateModified":"2025-03-28T22:56:29+00:00","author":{"@id":"https:\/\/www.em.com.br\/emfoco\/#\/schema\/person\/60eda09c1fedf0d6891f4cef4b60b8b8"},"description":"O saque do FGTS por calamidade foi liberado em car\u00e1ter emergencial. Confira os requisitos e como solicitar o benef\u00edcio.","breadcrumb":{"@id":"https:\/\/www.em.com.br\/emfoco\/2025\/03\/30\/governo-libera-saque-fgts-emergencial-por-calamidade-saiba-como-sacar-ate-r-6-220\/#breadcrumb"},"inLanguage":"pt-BR","potentialAction":[{"@type":"ReadAction","target":["https:\/\/www.em.com.br\/emfoco\/2025\/03\/30\/governo-libera-saque-fgts-emergencial-por-calamidade-saiba-como-sacar-ate-r-6-220\/"]}]},{"@type":"ImageObject","inLanguage":"pt-BR","@id":"https:\/\/www.em.com.br\/emfoco\/2025\/03\/30\/governo-libera-saque-fgts-emergencial-por-calamidade-saiba-como-sacar-ate-r-6-220\/#primaryimage","url":"https:\/\/www.em.com.br\/emfoco\/wp-content\/uploads\/2025\/03\/fgts_1742509568709.jpg","contentUrl":"https:\/\/www.em.com.br\/emfoco\/wp-content\/uploads\/2025\/03\/fgts_1742509568709.jpg","width":1280,"height":720,"caption":"Mudan\u00e7a no FGTS surpreende quem aderiu ao saque-anivers\u00e1rio - Cr\u00e9ditos: depositphotos.com \/ sidneydealmeida"},{"@type":"BreadcrumbList","@id":"https:\/\/www.em.com.br\/emfoco\/2025\/03\/30\/governo-libera-saque-fgts-emergencial-por-calamidade-saiba-como-sacar-ate-r-6-220\/#breadcrumb","itemListElement":[{"@type":"ListItem","position":1,"name":"In\u00edcio","item":"https:\/\/www.em.com.br\/emfoco\/"},{"@type":"ListItem","position":2,"name":"Governo libera saque FGTS emergencial por calamidade; saiba como sacar at\u00e9 R$ 6.220"}]},{"@type":"WebSite","@id":"https:\/\/www.em.com.br\/emfoco\/#website","url":"https:\/\/www.em.com.br\/emfoco\/","name":"Estado de Minas - Em foco","description":"Acompanhe as \u00faltimas not\u00edcias e fique bem informado sobre tudo o que acontece em Minas Gerais, Brasil e no mundo.","potentialAction":[{"@type":"SearchAction","target":{"@type":"EntryPoint","urlTemplate":"https:\/\/www.em.com.br\/emfoco\/?s={search_term_string}"},"query-input":{"@type":"PropertyValueSpecification","valueRequired":true,"valueName":"search_term_string"}}],"inLanguage":"pt-BR"},{"@type":"Person","@id":"https:\/\/www.em.com.br\/emfoco\/#\/schema\/person\/60eda09c1fedf0d6891f4cef4b60b8b8","name":"Andre\u0301 Rangel\u00a0","image":{"@type":"ImageObject","inLanguage":"pt-BR","@id":"https:\/\/www.em.com.br\/emfoco\/#\/schema\/person\/image\/","url":"https:\/\/secure.gravatar.com\/avatar\/6234dc814c77c8ef6d8bba622c787efc?s=96&d=mm&r=g","contentUrl":"https:\/\/secure.gravatar.com\/avatar\/6234dc814c77c8ef6d8bba622c787efc?s=96&d=mm&r=g","caption":"Andre\u0301 Rangel\u00a0"},"url":"https:\/\/www.em.com.br\/emfoco\/author\/luizmyth\/"}]}},"_links":{"self":[{"href":"https:\/\/www.em.com.br\/emfoco\/wp-json\/wp\/v2\/posts\/33374","targetHints":{"allow":["GET"]}}],"collection":[{"href":"https:\/\/www.em.com.br\/emfoco\/wp-json\/wp\/v2\/posts"}],"about":[{"href":"https:\/\/www.em.com.br\/emfoco\/wp-json\/wp\/v2\/types\/post"}],"author":[{"embeddable":true,"href":"https:\/\/www.em.com.br\/emfoco\/wp-json\/wp\/v2\/users\/11"}],"replies":[{"embeddable":true,"href":"https:\/\/www.em.com.br\/emfoco\/wp-json\/wp\/v2\/comments?post=33374"}],"version-history":[{"count":5,"href":"https:\/\/www.em.com.br\/emfoco\/wp-json\/wp\/v2\/posts\/33374\/revisions"}],"predecessor-version":[{"id":33532,"href":"https:\/\/www.em.com.br\/emfoco\/wp-json\/wp\/v2\/posts\/33374\/revisions\/33532"}],"wp:featuredmedia":[{"embeddable":true,"href":"https:\/\/www.em.com.br\/emfoco\/wp-json\/wp\/v2\/media\/30947"}],"wp:attachment":[{"href":"https:\/\/www.em.com.br\/emfoco\/wp-json\/wp\/v2\/media?parent=33374"}],"wp:term":[{"taxonomy":"category","embeddable":true,"href":"https:\/\/www.em.com.br\/emfoco\/wp-json\/wp\/v2\/categories?post=33374"},{"taxonomy":"post_tag","embeddable":true,"href":"https:\/\/www.em.com.br\/emfoco\/wp-json\/wp\/v2\/tags?post=33374"}],"curies":[{"name":"wp","href":"https:\/\/api.w.org\/{rel}","templated":true}]}}