{"id":33341,"date":"2025-03-31T06:20:00","date_gmt":"2025-03-31T09:20:00","guid":{"rendered":"https:\/\/www.em.com.br\/emfoco\/?p=33341"},"modified":"2025-03-28T13:34:49","modified_gmt":"2025-03-28T16:34:49","slug":"veja-como-a-frente-fria-vai-impactar-a-regiao-sudeste-e-o-que-esperar-nos-proximos-dias","status":"publish","type":"post","link":"https:\/\/www.em.com.br\/emfoco\/2025\/03\/31\/veja-como-a-frente-fria-vai-impactar-a-regiao-sudeste-e-o-que-esperar-nos-proximos-dias\/","title":{"rendered":"Veja como a frente fria vai impactar a regi\u00e3o Sudeste e o que esperar nos pr\u00f3ximos dias"},"content":{"rendered":"\n<p>No dia 31 de mar\u00e7o de 2025, <strong>Belo Horizonte<\/strong> e outras cidades de <strong>Minas Gerais<\/strong> experimentar\u00e3o varia\u00e7\u00f5es clim\u00e1ticas significativas. As temperaturas e condi\u00e7\u00f5es meteorol\u00f3gicas previstas para essa data s\u00e3o de grande interesse para os moradores e visitantes da regi\u00e3o.<\/p>\n\n\n\n<p>Com a chegada de uma frente fria, as condi\u00e7\u00f5es clim\u00e1ticas podem mudar rapidamente, afetando atividades cotidianas e eventos planejados. As previs\u00f5es do<strong> Instituto Nacional de Meteorologia (Inmet) e do Climatempo<\/strong> oferecem informa\u00e7\u00f5es detalhadas sobre o clima esperado.<\/p>\n\n\n\n<h2 class=\"wp-block-heading\">Temperaturas m\u00e1ximas e m\u00ednimas previstas<\/h2>\n\n\n\n<p>As temperaturas para Belo Horizonte e outras cidades mineiras no dia 31 de mar\u00e7o de 2025 s\u00e3o as seguintes:<\/p>\n\n\n\n<ul class=\"wp-block-list\">\n<li><strong>Belo Horizonte:<\/strong> M\u00e1xima de 28\u00b0C e m\u00ednima de 18\u00b0C<\/li>\n\n\n\n<li><strong>Uberl\u00e2ndia:<\/strong> M\u00e1xima de 30\u00b0C e m\u00ednima de 19\u00b0C<\/li>\n\n\n\n<li><strong>Juiz de Fora:<\/strong> M\u00e1xima de 26\u00b0C e m\u00ednima de 17\u00b0C<\/li>\n\n\n\n<li><strong>Montes Claros:<\/strong> M\u00e1xima de 32\u00b0C e m\u00ednima de 21\u00b0C<\/li>\n\n\n\n<li><strong>Governador Valadares:<\/strong> M\u00e1xima de 31\u00b0C e m\u00ednima de 20\u00b0C<\/li>\n<\/ul>\n\n\n\n<figure class=\"wp-block-image size-large\"><img loading=\"lazy\" decoding=\"async\" width=\"1024\" height=\"576\" src=\"https:\/\/www.em.com.br\/emfoco\/wp-content\/uploads\/2025\/03\/Belo-horizonte_1741311788712-1024x576.jpg\" alt=\"Curiosidades que fazem de Belo Horizonte uma cidade \u00fanica e cheia de hist\u00f3ria\" class=\"wp-image-26160\" srcset=\"https:\/\/www.em.com.br\/emfoco\/wp-content\/uploads\/2025\/03\/Belo-horizonte_1741311788712-1024x576.jpg 1024w, https:\/\/www.em.com.br\/emfoco\/wp-content\/uploads\/2025\/03\/Belo-horizonte_1741311788712-300x169.jpg 300w, https:\/\/www.em.com.br\/emfoco\/wp-content\/uploads\/2025\/03\/Belo-horizonte_1741311788712-768x432.jpg 768w, https:\/\/www.em.com.br\/emfoco\/wp-content\/uploads\/2025\/03\/Belo-horizonte_1741311788712-750x422.jpg 750w, https:\/\/www.em.com.br\/emfoco\/wp-content\/uploads\/2025\/03\/Belo-horizonte_1741311788712-1140x642.jpg 1140w, https:\/\/www.em.com.br\/emfoco\/wp-content\/uploads\/2025\/03\/Belo-horizonte_1741311788712.jpg 1279w\" sizes=\"auto, (max-width: 1024px) 100vw, 1024px\" \/><figcaption class=\"wp-element-caption\">Belo horizonte &#8211; Cr\u00e9ditos: depositphotos.com \/ losak.napior<\/figcaption><\/figure>\n\n\n\n<h2 class=\"wp-block-heading\">Como as mudan\u00e7as clim\u00e1ticas est\u00e3o impactando o clima na regi\u00e3o?<\/h2>\n\n\n\n<p>As mudan\u00e7as clim\u00e1ticas t\u00eam influenciado o clima em <strong>Minas Gerais<\/strong>, resultando em padr\u00f5es meteorol\u00f3gicos mais imprevis\u00edveis. O aumento das temperaturas m\u00e9dias e a altera\u00e7\u00e3o nos padr\u00f5es de precipita\u00e7\u00e3o s\u00e3o algumas das consequ\u00eancias observadas. Esses fatores contribuem para ver\u00f5es mais quentes e invernos menos rigorosos.<\/p>\n\n\n\n<p>Al\u00e9m disso, eventos clim\u00e1ticos extremos, como tempestades intensas e per\u00edodos prolongados de seca, t\u00eam se tornado mais frequentes. Isso afeta n\u00e3o apenas o meio ambiente, mas tamb\u00e9m a agricultura e a economia local.<\/p>\n\n\n\n<h2 class=\"wp-block-heading\">Como fica o ver\u00e3o para este dia e a chegada da frente fria?<\/h2>\n\n\n\n<p>Para o dia 31 de mar\u00e7o de 2025, espera-se que o ver\u00e3o em Belo Horizonte e nas cidades mineiras apresente temperaturas amenas devido \u00e0 chegada de uma frente fria. Essa mudan\u00e7a trar\u00e1 chuvas esparsas e uma leve queda nas temperaturas, proporcionando um al\u00edvio tempor\u00e1rio do calor t\u00edpico da esta\u00e7\u00e3o.<\/p>\n\n\n\n<p>A frente fria, prevista para atingir a regi\u00e3o no final do dia, poder\u00e1 causar aumento na nebulosidade e ventos mais intensos, especialmente nas \u00e1reas mais altas.<\/p>\n\n\n\n<h2 class=\"wp-block-heading\">O que dizem o Inmet e Climatempo sobre o tempo para o dia 31\/03\/2025?<\/h2>\n\n\n\n<p>O Instituto Nacional de Meteorologia (Inmet) e o Climatempo indicam que a frente fria trar\u00e1 condi\u00e7\u00f5es de chuva leve a moderada em algumas regi\u00f5es de Minas Gerais. Ambos os servi\u00e7os meteorol\u00f3gicos destacam a import\u00e2ncia de estar atento \u00e0s atualiza\u00e7\u00f5es clim\u00e1ticas, pois as condi\u00e7\u00f5es podem mudar rapidamente.<\/p>\n\n\n\n<p>O Inmet enfatiza a possibilidade de trovoadas isoladas, enquanto o Climatempo alerta para a chance de ventos fortes, especialmente nas \u00e1reas montanhosas.<\/p>\n\n\n\n<h2 class=\"wp-block-heading\">Como interpretar a previs\u00e3o do tempo com dicas para n\u00e3o errar mais!<\/h2>\n\n\n\n<p>Interpretar a previs\u00e3o do tempo pode ser desafiador, mas algumas dicas podem ajudar a entender melhor as informa\u00e7\u00f5es fornecidas:<\/p>\n\n\n\n<ol class=\"wp-block-list\">\n<li><strong>Verifique a fonte:<\/strong> Utilize previs\u00f5es de fontes confi\u00e1veis, como o Inmet e o Climatempo.<\/li>\n\n\n\n<li><strong>Observe as atualiza\u00e7\u00f5es:<\/strong> O clima pode mudar rapidamente, ent\u00e3o \u00e9 importante acompanhar as atualiza\u00e7\u00f5es ao longo do dia.<\/li>\n\n\n\n<li><strong>Entenda os termos:<\/strong> Familiarize-se com termos meteorol\u00f3gicos comuns, como frente fria, trovoadas e nebulosidade.<\/li>\n\n\n\n<li><strong>Considere a localiza\u00e7\u00e3o:<\/strong> As condi\u00e7\u00f5es clim\u00e1ticas podem variar significativamente em diferentes regi\u00f5es, mesmo dentro de um estado.<\/li>\n<\/ol>\n\n\n\n<p>Com essas dicas, \u00e9 poss\u00edvel planejar melhor as atividades di\u00e1rias e evitar surpresas desagrad\u00e1veis causadas por mudan\u00e7as clim\u00e1ticas inesperadas.<\/p>\n","protected":false},"excerpt":{"rendered":"<p>No dia 31 de mar\u00e7o de 2025, Belo Horizonte e outras cidades de Minas Gerais experimentar\u00e3o varia\u00e7\u00f5es clim\u00e1ticas significativas. As temperaturas e condi\u00e7\u00f5es meteorol\u00f3gicas previstas para essa data s\u00e3o de grande interesse para os moradores e visitantes da regi\u00e3o. Com a chegada de uma frente fria, as condi\u00e7\u00f5es clim\u00e1ticas podem mudar rapidamente, afetando atividades cotidianas [&hellip;]<\/p>\n","protected":false},"author":5,"featured_media":23803,"comment_status":"open","ping_status":"open","sticky":false,"template":"","format":"standard","meta":{"jnews-multi-image_gallery":[],"jnews_single_post":{"format":"standard"},"jnews_primary_category":[],"jnews_social_meta":[],"jnews_override_counter":[],"footnotes":""},"categories":[30,1],"tags":[207,2165,251,249],"class_list":["post-33341","post","type-post","status-publish","format-standard","has-post-thumbnail","hentry","category-clima","category-noticias","tag-minas-gerais","tag-mudancas-climaticas","tag-previsao-do-tempo","tag-temperatura"],"yoast_head":"<!-- This site is optimized with the Yoast SEO plugin v23.8 - https:\/\/yoast.com\/wordpress\/plugins\/seo\/ -->\n<title>Veja como a frente fria vai impactar a regi\u00e3o Sudeste e o que esperar nos pr\u00f3ximos dias - Estado de Minas - Em foco<\/title>\n<meta name=\"description\" content=\"Veja as temperaturas previstas e o impacto da frente fria em Belo Horizonte e cidades mineiras em 31 de mar\u00e7o de 2025.\" \/>\n<meta name=\"robots\" content=\"index, follow, max-snippet:-1, max-image-preview:large, max-video-preview:-1\" \/>\n<link rel=\"canonical\" href=\"https:\/\/www.em.com.br\/emfoco\/2025\/03\/31\/veja-como-a-frente-fria-vai-impactar-a-regiao-sudeste-e-o-que-esperar-nos-proximos-dias\/\" \/>\n<meta property=\"og:locale\" content=\"pt_BR\" \/>\n<meta property=\"og:type\" content=\"article\" \/>\n<meta property=\"og:title\" content=\"Veja como a frente fria vai impactar a regi\u00e3o Sudeste e o que esperar nos pr\u00f3ximos dias - Estado de Minas - Em foco\" \/>\n<meta property=\"og:description\" content=\"Veja as temperaturas previstas e o impacto da frente fria em Belo Horizonte e cidades mineiras em 31 de mar\u00e7o de 2025.\" \/>\n<meta property=\"og:url\" content=\"https:\/\/www.em.com.br\/emfoco\/2025\/03\/31\/veja-como-a-frente-fria-vai-impactar-a-regiao-sudeste-e-o-que-esperar-nos-proximos-dias\/\" \/>\n<meta property=\"og:site_name\" content=\"Estado de Minas - Em foco\" \/>\n<meta property=\"article:published_time\" content=\"2025-03-31T09:20:00+00:00\" \/>\n<meta property=\"article:modified_time\" content=\"2025-03-28T16:34:49+00:00\" \/>\n<meta property=\"og:image\" content=\"https:\/\/www.em.com.br\/emfoco\/wp-content\/uploads\/2025\/02\/icones.jpg\" \/>\n\t<meta property=\"og:image:width\" content=\"1280\" \/>\n\t<meta property=\"og:image:height\" content=\"720\" \/>\n\t<meta property=\"og:image:type\" content=\"image\/jpeg\" \/>\n<meta name=\"author\" content=\"N\u00fabia Rangel\" \/>\n<meta name=\"twitter:card\" content=\"summary_large_image\" \/>\n<meta name=\"twitter:label1\" content=\"Escrito por\" \/>\n\t<meta name=\"twitter:data1\" content=\"N\u00fabia Rangel\" \/>\n\t<meta name=\"twitter:label2\" content=\"Est. tempo de leitura\" \/>\n\t<meta name=\"twitter:data2\" content=\"4 minutos\" \/>\n<!-- \/ Yoast SEO plugin. -->","yoast_head_json":{"title":"Veja como a frente fria vai impactar a regi\u00e3o Sudeste e o que esperar nos pr\u00f3ximos dias - Estado de Minas - Em foco","description":"Veja as temperaturas previstas e o impacto da frente fria em Belo Horizonte e cidades mineiras em 31 de mar\u00e7o de 2025.","robots":{"index":"index","follow":"follow","max-snippet":"max-snippet:-1","max-image-preview":"max-image-preview:large","max-video-preview":"max-video-preview:-1"},"canonical":"https:\/\/www.em.com.br\/emfoco\/2025\/03\/31\/veja-como-a-frente-fria-vai-impactar-a-regiao-sudeste-e-o-que-esperar-nos-proximos-dias\/","og_locale":"pt_BR","og_type":"article","og_title":"Veja como a frente fria vai impactar a regi\u00e3o Sudeste e o que esperar nos pr\u00f3ximos dias - Estado de Minas - Em foco","og_description":"Veja as temperaturas previstas e o impacto da frente fria em Belo Horizonte e cidades mineiras em 31 de mar\u00e7o de 2025.","og_url":"https:\/\/www.em.com.br\/emfoco\/2025\/03\/31\/veja-como-a-frente-fria-vai-impactar-a-regiao-sudeste-e-o-que-esperar-nos-proximos-dias\/","og_site_name":"Estado de Minas - Em foco","article_published_time":"2025-03-31T09:20:00+00:00","article_modified_time":"2025-03-28T16:34:49+00:00","og_image":[{"width":1280,"height":720,"url":"https:\/\/www.em.com.br\/emfoco\/wp-content\/uploads\/2025\/02\/icones.jpg","type":"image\/jpeg"}],"author":"N\u00fabia Rangel","twitter_card":"summary_large_image","twitter_misc":{"Escrito por":"N\u00fabia Rangel","Est. tempo de leitura":"4 minutos"},"schema":{"@context":"https:\/\/schema.org","@graph":[{"@type":"WebPage","@id":"https:\/\/www.em.com.br\/emfoco\/2025\/03\/31\/veja-como-a-frente-fria-vai-impactar-a-regiao-sudeste-e-o-que-esperar-nos-proximos-dias\/","url":"https:\/\/www.em.com.br\/emfoco\/2025\/03\/31\/veja-como-a-frente-fria-vai-impactar-a-regiao-sudeste-e-o-que-esperar-nos-proximos-dias\/","name":"Veja como a frente fria vai impactar a regi\u00e3o Sudeste e o que esperar nos pr\u00f3ximos dias - Estado de Minas - Em foco","isPartOf":{"@id":"https:\/\/www.em.com.br\/emfoco\/#website"},"primaryImageOfPage":{"@id":"https:\/\/www.em.com.br\/emfoco\/2025\/03\/31\/veja-como-a-frente-fria-vai-impactar-a-regiao-sudeste-e-o-que-esperar-nos-proximos-dias\/#primaryimage"},"image":{"@id":"https:\/\/www.em.com.br\/emfoco\/2025\/03\/31\/veja-como-a-frente-fria-vai-impactar-a-regiao-sudeste-e-o-que-esperar-nos-proximos-dias\/#primaryimage"},"thumbnailUrl":"https:\/\/www.em.com.br\/emfoco\/wp-content\/uploads\/2025\/02\/icones.jpg","datePublished":"2025-03-31T09:20:00+00:00","dateModified":"2025-03-28T16:34:49+00:00","author":{"@id":"https:\/\/www.em.com.br\/emfoco\/#\/schema\/person\/524437ef54f8a5d32591b143307f2e20"},"description":"Veja as temperaturas previstas e o impacto da frente fria em Belo Horizonte e cidades mineiras em 31 de mar\u00e7o de 2025.","breadcrumb":{"@id":"https:\/\/www.em.com.br\/emfoco\/2025\/03\/31\/veja-como-a-frente-fria-vai-impactar-a-regiao-sudeste-e-o-que-esperar-nos-proximos-dias\/#breadcrumb"},"inLanguage":"pt-BR","potentialAction":[{"@type":"ReadAction","target":["https:\/\/www.em.com.br\/emfoco\/2025\/03\/31\/veja-como-a-frente-fria-vai-impactar-a-regiao-sudeste-e-o-que-esperar-nos-proximos-dias\/"]}]},{"@type":"ImageObject","inLanguage":"pt-BR","@id":"https:\/\/www.em.com.br\/emfoco\/2025\/03\/31\/veja-como-a-frente-fria-vai-impactar-a-regiao-sudeste-e-o-que-esperar-nos-proximos-dias\/#primaryimage","url":"https:\/\/www.em.com.br\/emfoco\/wp-content\/uploads\/2025\/02\/icones.jpg","contentUrl":"https:\/\/www.em.com.br\/emfoco\/wp-content\/uploads\/2025\/02\/icones.jpg","width":1280,"height":720,"caption":"Mapa do tempo no Brasil - Cr\u00e9ditos: Reprodu\u00e7\u00e3o TV Globo"},{"@type":"BreadcrumbList","@id":"https:\/\/www.em.com.br\/emfoco\/2025\/03\/31\/veja-como-a-frente-fria-vai-impactar-a-regiao-sudeste-e-o-que-esperar-nos-proximos-dias\/#breadcrumb","itemListElement":[{"@type":"ListItem","position":1,"name":"In\u00edcio","item":"https:\/\/www.em.com.br\/emfoco\/"},{"@type":"ListItem","position":2,"name":"Veja como a frente fria vai impactar a regi\u00e3o Sudeste e o que esperar nos pr\u00f3ximos dias"}]},{"@type":"WebSite","@id":"https:\/\/www.em.com.br\/emfoco\/#website","url":"https:\/\/www.em.com.br\/emfoco\/","name":"Estado de Minas - Em foco","description":"Acompanhe as \u00faltimas not\u00edcias e fique bem informado sobre tudo o que acontece em Minas Gerais, Brasil e no mundo.","potentialAction":[{"@type":"SearchAction","target":{"@type":"EntryPoint","urlTemplate":"https:\/\/www.em.com.br\/emfoco\/?s={search_term_string}"},"query-input":{"@type":"PropertyValueSpecification","valueRequired":true,"valueName":"search_term_string"}}],"inLanguage":"pt-BR"},{"@type":"Person","@id":"https:\/\/www.em.com.br\/emfoco\/#\/schema\/person\/524437ef54f8a5d32591b143307f2e20","name":"N\u00fabia Rangel","image":{"@type":"ImageObject","inLanguage":"pt-BR","@id":"https:\/\/www.em.com.br\/emfoco\/#\/schema\/person\/image\/","url":"https:\/\/secure.gravatar.com\/avatar\/47cff2827a5ba23c37e8068c86817ea4?s=96&d=mm&r=g","contentUrl":"https:\/\/secure.gravatar.com\/avatar\/47cff2827a5ba23c37e8068c86817ea4?s=96&d=mm&r=g","caption":"N\u00fabia Rangel"},"sameAs":["https:\/\/www.em.com.br\/emfoco\/"],"url":"https:\/\/www.em.com.br\/emfoco\/author\/nubiamyth\/"}]}},"_links":{"self":[{"href":"https:\/\/www.em.com.br\/emfoco\/wp-json\/wp\/v2\/posts\/33341","targetHints":{"allow":["GET"]}}],"collection":[{"href":"https:\/\/www.em.com.br\/emfoco\/wp-json\/wp\/v2\/posts"}],"about":[{"href":"https:\/\/www.em.com.br\/emfoco\/wp-json\/wp\/v2\/types\/post"}],"author":[{"embeddable":true,"href":"https:\/\/www.em.com.br\/emfoco\/wp-json\/wp\/v2\/users\/5"}],"replies":[{"embeddable":true,"href":"https:\/\/www.em.com.br\/emfoco\/wp-json\/wp\/v2\/comments?post=33341"}],"version-history":[{"count":2,"href":"https:\/\/www.em.com.br\/emfoco\/wp-json\/wp\/v2\/posts\/33341\/revisions"}],"predecessor-version":[{"id":33346,"href":"https:\/\/www.em.com.br\/emfoco\/wp-json\/wp\/v2\/posts\/33341\/revisions\/33346"}],"wp:featuredmedia":[{"embeddable":true,"href":"https:\/\/www.em.com.br\/emfoco\/wp-json\/wp\/v2\/media\/23803"}],"wp:attachment":[{"href":"https:\/\/www.em.com.br\/emfoco\/wp-json\/wp\/v2\/media?parent=33341"}],"wp:term":[{"taxonomy":"category","embeddable":true,"href":"https:\/\/www.em.com.br\/emfoco\/wp-json\/wp\/v2\/categories?post=33341"},{"taxonomy":"post_tag","embeddable":true,"href":"https:\/\/www.em.com.br\/emfoco\/wp-json\/wp\/v2\/tags?post=33341"}],"curies":[{"name":"wp","href":"https:\/\/api.w.org\/{rel}","templated":true}]}}