{"id":33332,"date":"2025-03-29T15:00:03","date_gmt":"2025-03-29T18:00:03","guid":{"rendered":"https:\/\/www.em.com.br\/emfoco\/?p=33332"},"modified":"2025-03-28T13:22:03","modified_gmt":"2025-03-28T16:22:03","slug":"quer-ousar-no-visual-essa-estampa-e-a-escolha-perfeita","status":"publish","type":"post","link":"https:\/\/www.em.com.br\/emfoco\/2025\/03\/29\/quer-ousar-no-visual-essa-estampa-e-a-escolha-perfeita\/","title":{"rendered":"Quer ousar no visual? Essa estampa \u00e9 a escolha perfeita"},"content":{"rendered":"\n<p>O universo da <strong>moda<\/strong> est\u00e1 em constante transforma\u00e7\u00e3o, mas algumas tend\u00eancias conseguem se manter relevantes ao longo do tempo. Um exemplo not\u00e1vel \u00e9 a estampa animal, que nunca sai de moda. Atualmente, a <strong>estampa de vaca<\/strong>, tamb\u00e9m conhecida como <a href=\"https:\/\/br.pinterest.com\/search\/pins\/?q=Cow%20Print%20moda&amp;rs=typed\" target=\"_blank\" rel=\"noopener\">Cow Print<\/a><strong>,<\/strong> est\u00e1 em alta, conquistando espa\u00e7o nos guarda-roupas das fashionistas e se destacando em eventos de moda ao redor do mundo.<\/p>\n\n\n\n<p>Inspirada no <strong>faroeste norte-americano,<\/strong> a estampa de vaca pode parecer uma escolha peculiar \u00e0 primeira vista. No entanto, essa padronagem tem mostrado sua versatilidade, aparecendo n\u00e3o apenas em roupas e acess\u00f3rios, mas tamb\u00e9m em unhas e at\u00e9 mesmo em maquiagem. Sua presen\u00e7a em cores neutras permite uma infinidade de combina\u00e7\u00f5es, tornando-a uma escolha interessante para quem busca um visual moderno e <strong>estiloso.<\/strong><\/p>\n\n\n\n<h2 class=\"wp-block-heading\">Por que a estampa de vaca est\u00e1 em alta?<\/h2>\n\n\n\n<p>A popularidade da estampa de vaca foi refor\u00e7ada nos desfiles de moda recentes de grifes renomadas. Marcas como <strong>Dior, Gestuz<\/strong> e <strong>COS<\/strong> trouxeram essa padronagem para suas \u00faltimas cole\u00e7\u00f5es, mostrando sua relev\u00e2ncia e adaptabilidade no cen\u00e1rio <strong>fashion<\/strong> atual. Essa inclus\u00e3o em passarelas internacionais destaca como a estampa de vaca se tornou um objeto de desejo entre <strong>fashionistas <\/strong>e <strong>designers<\/strong>.<\/p>\n\n\n\n<p>A estampa de vaca tem a capacidade de se adaptar a diferentes estilos e ocasi\u00f5es. Sua presen\u00e7a em cores neutras facilita a combina\u00e7\u00e3o com outras pe\u00e7as, permitindo que ela seja usada tanto em <a href=\"https:\/\/www.em.com.br\/emfoco\/2025\/03\/25\/conheca-a-calca-que-nunca-sai-de-moda-e-por-que-ela-combinam-com-tudo\/\" target=\"_blank\" rel=\"noopener\">looks<\/a> casuais quanto em produ\u00e7\u00f5es mais elaboradas. Al\u00e9m disso, a estampa traz um ar de ousadia e modernidade, caracter\u00edsticas sempre bem-vindas no mundo da moda.<\/p>\n\n\n<div class=\"wp-block-image\">\n<figure class=\"aligncenter size-large\"><img loading=\"lazy\" decoding=\"async\" width=\"1024\" height=\"576\" src=\"https:\/\/www.em.com.br\/emfoco\/wp-content\/uploads\/2025\/03\/cow-print-roupa_1743178732525-1024x576.jpg\" alt=\"\" class=\"wp-image-33343\" srcset=\"https:\/\/www.em.com.br\/emfoco\/wp-content\/uploads\/2025\/03\/cow-print-roupa_1743178732525-1024x576.jpg 1024w, https:\/\/www.em.com.br\/emfoco\/wp-content\/uploads\/2025\/03\/cow-print-roupa_1743178732525-300x169.jpg 300w, https:\/\/www.em.com.br\/emfoco\/wp-content\/uploads\/2025\/03\/cow-print-roupa_1743178732525-768x432.jpg 768w, https:\/\/www.em.com.br\/emfoco\/wp-content\/uploads\/2025\/03\/cow-print-roupa_1743178732525-750x422.jpg 750w, https:\/\/www.em.com.br\/emfoco\/wp-content\/uploads\/2025\/03\/cow-print-roupa_1743178732525-1140x641.jpg 1140w, https:\/\/www.em.com.br\/emfoco\/wp-content\/uploads\/2025\/03\/cow-print-roupa_1743178732525.jpg 1280w\" sizes=\"auto, (max-width: 1024px) 100vw, 1024px\" \/><figcaption class=\"wp-element-caption\">Cow print &#8211; Cr\u00e9ditos: depositphotos.com \/ IgorVetushko<\/figcaption><\/figure><\/div>\n\n\n<h2 class=\"wp-block-heading\">Como incorporar a estampa de vaca no dia a dia?<\/h2>\n\n\n\n<p>Uma das maneiras mais eficazes de adotar a estampa de vaca \u00e9 combin\u00e1-la com a est\u00e9tica western. Isso pode ser feito atrav\u00e9s da adi\u00e7\u00e3o de uma terceira pe\u00e7a, como uma jaqueta, que complementa o visual de forma sofisticada. Essa combina\u00e7\u00e3o \u00e9 ideal para quem deseja um <strong>look moderno<\/strong> e cheio de personalidade.<\/p>\n\n\n\n<p>Outra forma interessante de usar a estampa de vaca \u00e9 nos cal\u00e7ados. Desde sapatilhas at\u00e9 botas, essa estampa tem dominado os p\u00e9s das fashionistas. Os <strong>cal\u00e7ados<\/strong> com essa padronagem s\u00e3o uma maneira pr\u00e1tica de adicionar um toque de estilo ao look sem muito esfor\u00e7o.<\/p>\n\n\n\n<h2 class=\"wp-block-heading\">Quais acess\u00f3rios usar com Cow Print?<\/h2>\n\n\n\n<p>Os acess\u00f3rios s\u00e3o uma excelente maneira de incorporar a estampa de vaca de forma <strong>sutil<\/strong> e <strong>elegante.<\/strong> Bolsas e cintos com essa estampa podem elevar qualquer <strong>visual,<\/strong> tornando-o mais fashionista. Esses itens s\u00e3o vers\u00e1teis e podem ser combinados com diversas pe\u00e7as do guarda-roupa, proporcionando um toque especial ao <strong>look.<\/strong><\/p>\n\n\n\n<p>Al\u00e9m disso, a <strong>padronagem<\/strong> pode ser usada em pequenos detalhes, como len\u00e7os ou bijuterias, para aqueles que preferem uma abordagem mais discreta. Dessa forma, \u00e9 poss\u00edvel experimentar a tend\u00eancia sem comprometer o estilo pessoal.<\/p>\n\n\n\n<h2 class=\"wp-block-heading\">A versatilidade da estampa de vaca<\/h2>\n\n\n\n<p>A estampa de vaca \u00e9 uma tend\u00eancia que veio para ficar, oferecendo in\u00fameras possibilidades de estilo para quem deseja inovar no visual. Seja atrav\u00e9s de roupas, cal\u00e7ados ou acess\u00f3rios, essa <strong>padronagem<\/strong> \u00e9 uma escolha certeira para quem busca um toque de originalidade e sofistica\u00e7\u00e3o.<\/p>\n\n\n\n<p>Essa versatilidade faz da estampa de vaca uma excelente op\u00e7\u00e3o para quem deseja explorar uma est\u00e9tica variada, podendo ser incorporada em diversas produ\u00e7\u00f5es, desde estilos mais cl\u00e1ssicos at\u00e9 os mais modernos e ousados.<\/p>\n","protected":false},"excerpt":{"rendered":"<p>O universo da moda est\u00e1 em constante transforma\u00e7\u00e3o, mas algumas tend\u00eancias conseguem se manter relevantes ao longo do tempo. Um exemplo not\u00e1vel \u00e9 a estampa animal, que nunca sai de moda. Atualmente, a estampa de vaca, tamb\u00e9m conhecida como Cow Print, est\u00e1 em alta, conquistando espa\u00e7o nos guarda-roupas das fashionistas e se destacando em eventos [&hellip;]<\/p>\n","protected":false},"author":9,"featured_media":33340,"comment_status":"open","ping_status":"open","sticky":false,"template":"","format":"standard","meta":{"jnews-multi-image_gallery":[],"jnews_single_post":{"format":"standard"},"jnews_primary_category":[],"jnews_social_meta":[],"jnews_override_counter":[],"footnotes":""},"categories":[29,1],"tags":[6932,6931,5318,4977],"class_list":["post-33332","post","type-post","status-publish","format-standard","has-post-thumbnail","hentry","category-entretenimento","category-noticias","tag-cow-print","tag-estampa-de-vaca","tag-estilo","tag-moda"],"yoast_head":"<!-- This site is optimized with the Yoast SEO plugin v23.8 - https:\/\/yoast.com\/wordpress\/plugins\/seo\/ -->\n<title>Quer ousar no visual? Essa estampa \u00e9 a escolha perfeita<\/title>\n<meta name=\"description\" content=\"A estampa de vaca se destaca no mundo da moda. Aprenda a usar essa tend\u00eancia ousada e vers\u00e1til com estilo e sofistica\u00e7\u00e3o no seu visual.\" \/>\n<meta name=\"robots\" content=\"index, follow, max-snippet:-1, max-image-preview:large, max-video-preview:-1\" \/>\n<link rel=\"canonical\" href=\"https:\/\/www.em.com.br\/emfoco\/2025\/03\/29\/quer-ousar-no-visual-essa-estampa-e-a-escolha-perfeita\/\" \/>\n<meta property=\"og:locale\" content=\"pt_BR\" \/>\n<meta property=\"og:type\" content=\"article\" \/>\n<meta property=\"og:title\" content=\"Quer ousar no visual? Essa estampa \u00e9 a escolha perfeita\" \/>\n<meta property=\"og:description\" content=\"A estampa de vaca se destaca no mundo da moda. Aprenda a usar essa tend\u00eancia ousada e vers\u00e1til com estilo e sofistica\u00e7\u00e3o no seu visual.\" \/>\n<meta property=\"og:url\" content=\"https:\/\/www.em.com.br\/emfoco\/2025\/03\/29\/quer-ousar-no-visual-essa-estampa-e-a-escolha-perfeita\/\" \/>\n<meta property=\"og:site_name\" content=\"Estado de Minas - Em foco\" \/>\n<meta property=\"article:published_time\" content=\"2025-03-29T18:00:03+00:00\" \/>\n<meta property=\"article:modified_time\" content=\"2025-03-28T16:22:03+00:00\" \/>\n<meta property=\"og:image\" content=\"https:\/\/www.em.com.br\/emfoco\/wp-content\/uploads\/2025\/03\/Estampa-de-Vaca-roupa_1743178402029.jpg\" \/>\n\t<meta property=\"og:image:width\" content=\"1280\" \/>\n\t<meta property=\"og:image:height\" content=\"720\" \/>\n\t<meta property=\"og:image:type\" content=\"image\/jpeg\" \/>\n<meta name=\"author\" content=\"Daniely Cardoso\" \/>\n<meta name=\"twitter:card\" content=\"summary_large_image\" \/>\n<meta name=\"twitter:label1\" content=\"Escrito por\" \/>\n\t<meta name=\"twitter:data1\" content=\"Daniely Cardoso\" \/>\n\t<meta name=\"twitter:label2\" content=\"Est. tempo de leitura\" \/>\n\t<meta name=\"twitter:data2\" content=\"4 minutos\" \/>\n<!-- \/ Yoast SEO plugin. -->","yoast_head_json":{"title":"Quer ousar no visual? Essa estampa \u00e9 a escolha perfeita","description":"A estampa de vaca se destaca no mundo da moda. Aprenda a usar essa tend\u00eancia ousada e vers\u00e1til com estilo e sofistica\u00e7\u00e3o no seu visual.","robots":{"index":"index","follow":"follow","max-snippet":"max-snippet:-1","max-image-preview":"max-image-preview:large","max-video-preview":"max-video-preview:-1"},"canonical":"https:\/\/www.em.com.br\/emfoco\/2025\/03\/29\/quer-ousar-no-visual-essa-estampa-e-a-escolha-perfeita\/","og_locale":"pt_BR","og_type":"article","og_title":"Quer ousar no visual? Essa estampa \u00e9 a escolha perfeita","og_description":"A estampa de vaca se destaca no mundo da moda. Aprenda a usar essa tend\u00eancia ousada e vers\u00e1til com estilo e sofistica\u00e7\u00e3o no seu visual.","og_url":"https:\/\/www.em.com.br\/emfoco\/2025\/03\/29\/quer-ousar-no-visual-essa-estampa-e-a-escolha-perfeita\/","og_site_name":"Estado de Minas - Em foco","article_published_time":"2025-03-29T18:00:03+00:00","article_modified_time":"2025-03-28T16:22:03+00:00","og_image":[{"width":1280,"height":720,"url":"https:\/\/www.em.com.br\/emfoco\/wp-content\/uploads\/2025\/03\/Estampa-de-Vaca-roupa_1743178402029.jpg","type":"image\/jpeg"}],"author":"Daniely Cardoso","twitter_card":"summary_large_image","twitter_misc":{"Escrito por":"Daniely Cardoso","Est. tempo de leitura":"4 minutos"},"schema":{"@context":"https:\/\/schema.org","@graph":[{"@type":"WebPage","@id":"https:\/\/www.em.com.br\/emfoco\/2025\/03\/29\/quer-ousar-no-visual-essa-estampa-e-a-escolha-perfeita\/","url":"https:\/\/www.em.com.br\/emfoco\/2025\/03\/29\/quer-ousar-no-visual-essa-estampa-e-a-escolha-perfeita\/","name":"Quer ousar no visual? Essa estampa \u00e9 a escolha perfeita","isPartOf":{"@id":"https:\/\/www.em.com.br\/emfoco\/#website"},"primaryImageOfPage":{"@id":"https:\/\/www.em.com.br\/emfoco\/2025\/03\/29\/quer-ousar-no-visual-essa-estampa-e-a-escolha-perfeita\/#primaryimage"},"image":{"@id":"https:\/\/www.em.com.br\/emfoco\/2025\/03\/29\/quer-ousar-no-visual-essa-estampa-e-a-escolha-perfeita\/#primaryimage"},"thumbnailUrl":"https:\/\/www.em.com.br\/emfoco\/wp-content\/uploads\/2025\/03\/Estampa-de-Vaca-roupa_1743178402029.jpg","datePublished":"2025-03-29T18:00:03+00:00","dateModified":"2025-03-28T16:22:03+00:00","author":{"@id":"https:\/\/www.em.com.br\/emfoco\/#\/schema\/person\/0a8186d72f2c3a5c6276d90b41f271a0"},"description":"A estampa de vaca se destaca no mundo da moda. Aprenda a usar essa tend\u00eancia ousada e vers\u00e1til com estilo e sofistica\u00e7\u00e3o no seu visual.","breadcrumb":{"@id":"https:\/\/www.em.com.br\/emfoco\/2025\/03\/29\/quer-ousar-no-visual-essa-estampa-e-a-escolha-perfeita\/#breadcrumb"},"inLanguage":"pt-BR","potentialAction":[{"@type":"ReadAction","target":["https:\/\/www.em.com.br\/emfoco\/2025\/03\/29\/quer-ousar-no-visual-essa-estampa-e-a-escolha-perfeita\/"]}]},{"@type":"ImageObject","inLanguage":"pt-BR","@id":"https:\/\/www.em.com.br\/emfoco\/2025\/03\/29\/quer-ousar-no-visual-essa-estampa-e-a-escolha-perfeita\/#primaryimage","url":"https:\/\/www.em.com.br\/emfoco\/wp-content\/uploads\/2025\/03\/Estampa-de-Vaca-roupa_1743178402029.jpg","contentUrl":"https:\/\/www.em.com.br\/emfoco\/wp-content\/uploads\/2025\/03\/Estampa-de-Vaca-roupa_1743178402029.jpg","width":1280,"height":720,"caption":"Roupa - Cr\u00e9ditos: depositphotos.com \/ HayDmitriy"},{"@type":"BreadcrumbList","@id":"https:\/\/www.em.com.br\/emfoco\/2025\/03\/29\/quer-ousar-no-visual-essa-estampa-e-a-escolha-perfeita\/#breadcrumb","itemListElement":[{"@type":"ListItem","position":1,"name":"In\u00edcio","item":"https:\/\/www.em.com.br\/emfoco\/"},{"@type":"ListItem","position":2,"name":"Quer ousar no visual? Essa estampa \u00e9 a escolha perfeita"}]},{"@type":"WebSite","@id":"https:\/\/www.em.com.br\/emfoco\/#website","url":"https:\/\/www.em.com.br\/emfoco\/","name":"Estado de Minas - Em foco","description":"Acompanhe as \u00faltimas not\u00edcias e fique bem informado sobre tudo o que acontece em Minas Gerais, Brasil e no mundo.","potentialAction":[{"@type":"SearchAction","target":{"@type":"EntryPoint","urlTemplate":"https:\/\/www.em.com.br\/emfoco\/?s={search_term_string}"},"query-input":{"@type":"PropertyValueSpecification","valueRequired":true,"valueName":"search_term_string"}}],"inLanguage":"pt-BR"},{"@type":"Person","@id":"https:\/\/www.em.com.br\/emfoco\/#\/schema\/person\/0a8186d72f2c3a5c6276d90b41f271a0","name":"Daniely Cardoso","image":{"@type":"ImageObject","inLanguage":"pt-BR","@id":"https:\/\/www.em.com.br\/emfoco\/#\/schema\/person\/image\/","url":"https:\/\/secure.gravatar.com\/avatar\/4b80ddbd124d1f071b626d52d62e5dff?s=96&d=mm&r=g","contentUrl":"https:\/\/secure.gravatar.com\/avatar\/4b80ddbd124d1f071b626d52d62e5dff?s=96&d=mm&r=g","caption":"Daniely Cardoso"},"url":"https:\/\/www.em.com.br\/emfoco\/author\/danielymyth\/"}]}},"_links":{"self":[{"href":"https:\/\/www.em.com.br\/emfoco\/wp-json\/wp\/v2\/posts\/33332","targetHints":{"allow":["GET"]}}],"collection":[{"href":"https:\/\/www.em.com.br\/emfoco\/wp-json\/wp\/v2\/posts"}],"about":[{"href":"https:\/\/www.em.com.br\/emfoco\/wp-json\/wp\/v2\/types\/post"}],"author":[{"embeddable":true,"href":"https:\/\/www.em.com.br\/emfoco\/wp-json\/wp\/v2\/users\/9"}],"replies":[{"embeddable":true,"href":"https:\/\/www.em.com.br\/emfoco\/wp-json\/wp\/v2\/comments?post=33332"}],"version-history":[{"count":3,"href":"https:\/\/www.em.com.br\/emfoco\/wp-json\/wp\/v2\/posts\/33332\/revisions"}],"predecessor-version":[{"id":33345,"href":"https:\/\/www.em.com.br\/emfoco\/wp-json\/wp\/v2\/posts\/33332\/revisions\/33345"}],"wp:featuredmedia":[{"embeddable":true,"href":"https:\/\/www.em.com.br\/emfoco\/wp-json\/wp\/v2\/media\/33340"}],"wp:attachment":[{"href":"https:\/\/www.em.com.br\/emfoco\/wp-json\/wp\/v2\/media?parent=33332"}],"wp:term":[{"taxonomy":"category","embeddable":true,"href":"https:\/\/www.em.com.br\/emfoco\/wp-json\/wp\/v2\/categories?post=33332"},{"taxonomy":"post_tag","embeddable":true,"href":"https:\/\/www.em.com.br\/emfoco\/wp-json\/wp\/v2\/tags?post=33332"}],"curies":[{"name":"wp","href":"https:\/\/api.w.org\/{rel}","templated":true}]}}