{"id":33314,"date":"2025-04-07T22:20:00","date_gmt":"2025-04-08T01:20:00","guid":{"rendered":"https:\/\/www.em.com.br\/emfoco\/?p=33314"},"modified":"2025-03-28T12:18:04","modified_gmt":"2025-03-28T15:18:04","slug":"plataforma-meta-ai-studio-chega-ao-brasil-com-suporte-em-portugues-para-ias-personalizadas","status":"publish","type":"post","link":"https:\/\/www.em.com.br\/emfoco\/2025\/04\/07\/plataforma-meta-ai-studio-chega-ao-brasil-com-suporte-em-portugues-para-ias-personalizadas\/","title":{"rendered":"Plataforma Meta AI Studio chega ao Brasil com suporte em portugu\u00eas para IAs personalizadas"},"content":{"rendered":"\n<p>Em um mundo cada vez mais digital, a capacidade de personalizar experi\u00eancias tecnol\u00f3gicas se tornou uma prioridade. A <strong>Meta<\/strong>, gigante da tecnologia, lan\u00e7ou no ano passado o<strong> Meta AI Studio<\/strong>, uma plataforma inovadora que permite a cria\u00e7\u00e3o, compartilhamento e descoberta de intelig\u00eancias artificiais customizadas. Agora, essa tecnologia chega ao <strong><a href=\"https:\/\/www.em.com.br\/emfoco\/2025\/03\/24\/essa-cidade-pequena-ja-atrai-investidores-de-todo-o-brasil\/\" target=\"_blank\" rel=\"noreferrer noopener\">Brasil<\/a><\/strong>, oferecendo suporte em portugu\u00eas a partir de 26 de outubro de 2025.<\/p>\n\n\n\n<p>O <strong>Meta AI Studio<\/strong> n\u00e3o apenas democratiza o acesso \u00e0 cria\u00e7\u00e3o de IAs, mas tamb\u00e9m expande suas funcionalidades para mais plataformas. Usu\u00e1rios podem criar suas pr\u00f3prias intelig\u00eancias artificiais tanto no site do AI Studio, dispon\u00edvel para desktop, quanto nos aplicativos do Instagram e Messenger. Essa flexibilidade permite que as IAs sejam exclusivas, compartilhadas com amigos ou at\u00e9 mesmo tornadas p\u00fablicas.<\/p>\n\n\n\n<h2 class=\"wp-block-heading\">Como criar e personalizar sua pr\u00f3pria IA<\/h2>\n\n\n\n<p>O processo de cria\u00e7\u00e3o de uma IA no Meta AI Studio \u00e9 intuitivo e acess\u00edvel. Para come\u00e7ar, os usu\u00e1rios devem acessar a op\u00e7\u00e3o &#8220;Criar Mensagem&#8221; no canto superior direito da caixa de entrada dos aplicativos<strong><a href=\"https:\/\/www.instagram.com\/\" target=\"_blank\" rel=\"noreferrer noopener\"> Instagram<\/a> ou Messenger<\/strong>. Em seguida, devem selecionar &#8220;Bate-papos com IA&#8221; e clicar em &#8220;Criar&#8221;.<\/p>\n\n\n\n<p>Durante o processo de cria\u00e7\u00e3o, \u00e9 poss\u00edvel personalizar diversos aspectos da IA, incluindo nome, personalidade, tom de voz e avatar. Al\u00e9m disso, os usu\u00e1rios podem criar um slogan \u00fanico para sua intelig\u00eancia artificial, tornando-a verdadeiramente personalizada e alinhada com suas prefer\u00eancias e necessidades.<\/p>\n\n\n\n<figure class=\"wp-block-image size-large\"><img loading=\"lazy\" decoding=\"async\" width=\"1024\" height=\"576\" src=\"https:\/\/www.em.com.br\/emfoco\/wp-content\/uploads\/2025\/01\/meta_1736863116015-1024x576.jpg\" alt=\"Adeus, filtros! Meta encerra plataforma de cria\u00e7\u00e3o de efeitos para Instagram e Facebook\" class=\"wp-image-10613\" srcset=\"https:\/\/www.em.com.br\/emfoco\/wp-content\/uploads\/2025\/01\/meta_1736863116015-1024x576.jpg 1024w, https:\/\/www.em.com.br\/emfoco\/wp-content\/uploads\/2025\/01\/meta_1736863116015-300x169.jpg 300w, https:\/\/www.em.com.br\/emfoco\/wp-content\/uploads\/2025\/01\/meta_1736863116015-768x432.jpg 768w, https:\/\/www.em.com.br\/emfoco\/wp-content\/uploads\/2025\/01\/meta_1736863116015-750x422.jpg 750w, https:\/\/www.em.com.br\/emfoco\/wp-content\/uploads\/2025\/01\/meta_1736863116015-1140x641.jpg 1140w, https:\/\/www.em.com.br\/emfoco\/wp-content\/uploads\/2025\/01\/meta_1736863116015.jpg 1280w\" sizes=\"auto, (max-width: 1024px) 100vw, 1024px\" \/><figcaption class=\"wp-element-caption\">Imagem Ilustrativa de Meta &#8211; Cr\u00e9ditos: depositphotos.com \/ kvickys<\/figcaption><\/figure>\n\n\n\n<h2 class=\"wp-block-heading\">Interagindo com IAs de terceiros<\/h2>\n\n\n\n<p>Al\u00e9m de criar suas pr\u00f3prias IAs, os usu\u00e1rios t\u00eam a oportunidade de explorar e interagir com intelig\u00eancias artificiais desenvolvidas por outras pessoas. Para isso, basta tocar no \u00edcone de escrever na aba de mensagens dos aplicativos Instagram e Messenger e selecionar &#8220;Bate-papos com IA&#8221;. Essa funcionalidade permite descobrir uma vasta gama de IAs, cada uma com caracter\u00edsticas e funcionalidades \u00fanicas.<\/p>\n\n\n\n<p>Essa intera\u00e7\u00e3o n\u00e3o s\u00f3 enriquece a experi\u00eancia do usu\u00e1rio, mas tamb\u00e9m promove uma comunidade de troca de ideias e inova\u00e7\u00e3o, onde cada IA pode oferecer novas perspectivas e solu\u00e7\u00f5es.<\/p>\n\n\n\n<h2 class=\"wp-block-heading\">O impacto global do Meta AI Studio<\/h2>\n\n\n\n<p>Desde seu lan\u00e7amento, o Meta AI Studio tem demonstrado um impacto significativo no cen\u00e1rio global de intelig\u00eancia artificial. Em outubro de 2024, durante uma teleconfer\u00eancia sobre os resultados financeiros do terceiro trimestre, o CEO da Meta,<strong> Mark Zuckerberg<\/strong>, anunciou que a plataforma j\u00e1 contava com mais de 500 milh\u00f5es de usu\u00e1rios em todo o mundo.<\/p>\n\n\n\n<p>Esse crescimento exponencial reflete n\u00e3o apenas a efic\u00e1cia da plataforma, mas tamb\u00e9m a crescente demanda por solu\u00e7\u00f5es de IA personalizadas que atendam \u00e0s necessidades individuais dos usu\u00e1rios. Com a expans\u00e3o para o Brasil e a inclus\u00e3o do suporte em portugu\u00eas, a Meta est\u00e1 bem posicionada para continuar sua trajet\u00f3ria de inova\u00e7\u00e3o e lideran\u00e7a no setor de intelig\u00eancia artificial.<\/p>\n\n\n\n<h2 class=\"wp-block-heading\">Qual o futuro da intelig\u00eancia artificial personalizada?<\/h2>\n\n\n\n<p>O lan\u00e7amento do Meta AI Studio em portugu\u00eas representa um passo significativo na democratiza\u00e7\u00e3o da tecnologia de intelig\u00eancia artificial. \u00c0 medida que mais pessoas t\u00eam acesso a ferramentas para criar e personalizar suas pr\u00f3prias IAs, espera-se que a inova\u00e7\u00e3o e a criatividade no setor continuem a florescer.<\/p>\n\n\n\n<p>Com a capacidade de adaptar intelig\u00eancias artificiais para atender a uma ampla gama de necessidades, desde entretenimento at\u00e9 solu\u00e7\u00f5es empresariais, o futuro da IA personalizada parece promissor. A Meta, com sua plataforma <strong>AI Studio<\/strong>, est\u00e1 na vanguarda dessa transforma\u00e7\u00e3o, moldando o futuro da intera\u00e7\u00e3o humano-tecnol\u00f3gica.<\/p>\n","protected":false},"excerpt":{"rendered":"<p>Em um mundo cada vez mais digital, a capacidade de personalizar experi\u00eancias tecnol\u00f3gicas se tornou uma prioridade. A Meta, gigante da tecnologia, lan\u00e7ou no ano passado o Meta AI Studio, uma plataforma inovadora que permite a cria\u00e7\u00e3o, compartilhamento e descoberta de intelig\u00eancias artificiais customizadas. Agora, essa tecnologia chega ao Brasil, oferecendo suporte em portugu\u00eas a [&hellip;]<\/p>\n","protected":false},"author":5,"featured_media":10614,"comment_status":"open","ping_status":"open","sticky":false,"template":"","format":"standard","meta":{"jnews-multi-image_gallery":[],"jnews_single_post":{"format":"standard"},"jnews_primary_category":[],"jnews_social_meta":[],"jnews_override_counter":[],"footnotes":""},"categories":[1,4204],"tags":[1249,6927,4674,161],"class_list":["post-33314","post","type-post","status-publish","format-standard","has-post-thumbnail","hentry","category-noticias","category-tecnologia","tag-inteligencia-artificial","tag-meta-ai-studio","tag-personalizacao","tag-tecnologia"],"yoast_head":"<!-- This site is optimized with the Yoast SEO plugin v23.8 - https:\/\/yoast.com\/wordpress\/plugins\/seo\/ -->\n<title>Plataforma Meta AI Studio chega ao Brasil com suporte em portugu\u00eas para IAs personalizadas - Estado de Minas - Em foco<\/title>\n<meta name=\"description\" content=\"O Meta AI Studio chega ao Brasil para permitir a cria\u00e7\u00e3o de IAs personalizadas, com f\u00e1cil acesso e integra\u00e7\u00e3o no Instagram e Messenger.\" \/>\n<meta name=\"robots\" content=\"index, follow, max-snippet:-1, max-image-preview:large, max-video-preview:-1\" \/>\n<link rel=\"canonical\" href=\"https:\/\/www.em.com.br\/emfoco\/2025\/04\/07\/plataforma-meta-ai-studio-chega-ao-brasil-com-suporte-em-portugues-para-ias-personalizadas\/\" \/>\n<meta property=\"og:locale\" content=\"pt_BR\" \/>\n<meta property=\"og:type\" content=\"article\" \/>\n<meta property=\"og:title\" content=\"Plataforma Meta AI Studio chega ao Brasil com suporte em portugu\u00eas para IAs personalizadas - Estado de Minas - Em foco\" \/>\n<meta property=\"og:description\" content=\"O Meta AI Studio chega ao Brasil para permitir a cria\u00e7\u00e3o de IAs personalizadas, com f\u00e1cil acesso e integra\u00e7\u00e3o no Instagram e Messenger.\" \/>\n<meta property=\"og:url\" content=\"https:\/\/www.em.com.br\/emfoco\/2025\/04\/07\/plataforma-meta-ai-studio-chega-ao-brasil-com-suporte-em-portugues-para-ias-personalizadas\/\" \/>\n<meta property=\"og:site_name\" content=\"Estado de Minas - Em foco\" \/>\n<meta property=\"article:published_time\" content=\"2025-04-08T01:20:00+00:00\" \/>\n<meta property=\"article:modified_time\" content=\"2025-03-28T15:18:04+00:00\" \/>\n<meta property=\"og:image\" content=\"https:\/\/www.em.com.br\/emfoco\/wp-content\/uploads\/2025\/01\/meta_1736863159233.jpg\" \/>\n\t<meta property=\"og:image:width\" content=\"1279\" \/>\n\t<meta property=\"og:image:height\" content=\"720\" \/>\n\t<meta property=\"og:image:type\" content=\"image\/jpeg\" \/>\n<meta name=\"author\" content=\"N\u00fabia Rangel\" \/>\n<meta name=\"twitter:card\" content=\"summary_large_image\" \/>\n<meta name=\"twitter:label1\" content=\"Escrito por\" \/>\n\t<meta name=\"twitter:data1\" content=\"N\u00fabia Rangel\" \/>\n\t<meta name=\"twitter:label2\" content=\"Est. tempo de leitura\" \/>\n\t<meta name=\"twitter:data2\" content=\"4 minutos\" \/>\n<!-- \/ Yoast SEO plugin. -->","yoast_head_json":{"title":"Plataforma Meta AI Studio chega ao Brasil com suporte em portugu\u00eas para IAs personalizadas - Estado de Minas - Em foco","description":"O Meta AI Studio chega ao Brasil para permitir a cria\u00e7\u00e3o de IAs personalizadas, com f\u00e1cil acesso e integra\u00e7\u00e3o no Instagram e Messenger.","robots":{"index":"index","follow":"follow","max-snippet":"max-snippet:-1","max-image-preview":"max-image-preview:large","max-video-preview":"max-video-preview:-1"},"canonical":"https:\/\/www.em.com.br\/emfoco\/2025\/04\/07\/plataforma-meta-ai-studio-chega-ao-brasil-com-suporte-em-portugues-para-ias-personalizadas\/","og_locale":"pt_BR","og_type":"article","og_title":"Plataforma Meta AI Studio chega ao Brasil com suporte em portugu\u00eas para IAs personalizadas - Estado de Minas - Em foco","og_description":"O Meta AI Studio chega ao Brasil para permitir a cria\u00e7\u00e3o de IAs personalizadas, com f\u00e1cil acesso e integra\u00e7\u00e3o no Instagram e Messenger.","og_url":"https:\/\/www.em.com.br\/emfoco\/2025\/04\/07\/plataforma-meta-ai-studio-chega-ao-brasil-com-suporte-em-portugues-para-ias-personalizadas\/","og_site_name":"Estado de Minas - Em foco","article_published_time":"2025-04-08T01:20:00+00:00","article_modified_time":"2025-03-28T15:18:04+00:00","og_image":[{"width":1279,"height":720,"url":"https:\/\/www.em.com.br\/emfoco\/wp-content\/uploads\/2025\/01\/meta_1736863159233.jpg","type":"image\/jpeg"}],"author":"N\u00fabia Rangel","twitter_card":"summary_large_image","twitter_misc":{"Escrito por":"N\u00fabia Rangel","Est. tempo de leitura":"4 minutos"},"schema":{"@context":"https:\/\/schema.org","@graph":[{"@type":"WebPage","@id":"https:\/\/www.em.com.br\/emfoco\/2025\/04\/07\/plataforma-meta-ai-studio-chega-ao-brasil-com-suporte-em-portugues-para-ias-personalizadas\/","url":"https:\/\/www.em.com.br\/emfoco\/2025\/04\/07\/plataforma-meta-ai-studio-chega-ao-brasil-com-suporte-em-portugues-para-ias-personalizadas\/","name":"Plataforma Meta AI Studio chega ao Brasil com suporte em portugu\u00eas para IAs personalizadas - Estado de Minas - Em foco","isPartOf":{"@id":"https:\/\/www.em.com.br\/emfoco\/#website"},"primaryImageOfPage":{"@id":"https:\/\/www.em.com.br\/emfoco\/2025\/04\/07\/plataforma-meta-ai-studio-chega-ao-brasil-com-suporte-em-portugues-para-ias-personalizadas\/#primaryimage"},"image":{"@id":"https:\/\/www.em.com.br\/emfoco\/2025\/04\/07\/plataforma-meta-ai-studio-chega-ao-brasil-com-suporte-em-portugues-para-ias-personalizadas\/#primaryimage"},"thumbnailUrl":"https:\/\/www.em.com.br\/emfoco\/wp-content\/uploads\/2025\/01\/meta_1736863159233.jpg","datePublished":"2025-04-08T01:20:00+00:00","dateModified":"2025-03-28T15:18:04+00:00","author":{"@id":"https:\/\/www.em.com.br\/emfoco\/#\/schema\/person\/524437ef54f8a5d32591b143307f2e20"},"description":"O Meta AI Studio chega ao Brasil para permitir a cria\u00e7\u00e3o de IAs personalizadas, com f\u00e1cil acesso e integra\u00e7\u00e3o no Instagram e Messenger.","breadcrumb":{"@id":"https:\/\/www.em.com.br\/emfoco\/2025\/04\/07\/plataforma-meta-ai-studio-chega-ao-brasil-com-suporte-em-portugues-para-ias-personalizadas\/#breadcrumb"},"inLanguage":"pt-BR","potentialAction":[{"@type":"ReadAction","target":["https:\/\/www.em.com.br\/emfoco\/2025\/04\/07\/plataforma-meta-ai-studio-chega-ao-brasil-com-suporte-em-portugues-para-ias-personalizadas\/"]}]},{"@type":"ImageObject","inLanguage":"pt-BR","@id":"https:\/\/www.em.com.br\/emfoco\/2025\/04\/07\/plataforma-meta-ai-studio-chega-ao-brasil-com-suporte-em-portugues-para-ias-personalizadas\/#primaryimage","url":"https:\/\/www.em.com.br\/emfoco\/wp-content\/uploads\/2025\/01\/meta_1736863159233.jpg","contentUrl":"https:\/\/www.em.com.br\/emfoco\/wp-content\/uploads\/2025\/01\/meta_1736863159233.jpg","width":1279,"height":720,"caption":"Imagem Ilustrativa de Meta - Cr\u00e9ditos: depositphotos.com \/ askarimullin"},{"@type":"BreadcrumbList","@id":"https:\/\/www.em.com.br\/emfoco\/2025\/04\/07\/plataforma-meta-ai-studio-chega-ao-brasil-com-suporte-em-portugues-para-ias-personalizadas\/#breadcrumb","itemListElement":[{"@type":"ListItem","position":1,"name":"In\u00edcio","item":"https:\/\/www.em.com.br\/emfoco\/"},{"@type":"ListItem","position":2,"name":"Plataforma Meta AI Studio chega ao Brasil com suporte em portugu\u00eas para IAs personalizadas"}]},{"@type":"WebSite","@id":"https:\/\/www.em.com.br\/emfoco\/#website","url":"https:\/\/www.em.com.br\/emfoco\/","name":"Estado de Minas - Em foco","description":"Acompanhe as \u00faltimas not\u00edcias e fique bem informado sobre tudo o que acontece em Minas Gerais, Brasil e no mundo.","potentialAction":[{"@type":"SearchAction","target":{"@type":"EntryPoint","urlTemplate":"https:\/\/www.em.com.br\/emfoco\/?s={search_term_string}"},"query-input":{"@type":"PropertyValueSpecification","valueRequired":true,"valueName":"search_term_string"}}],"inLanguage":"pt-BR"},{"@type":"Person","@id":"https:\/\/www.em.com.br\/emfoco\/#\/schema\/person\/524437ef54f8a5d32591b143307f2e20","name":"N\u00fabia Rangel","image":{"@type":"ImageObject","inLanguage":"pt-BR","@id":"https:\/\/www.em.com.br\/emfoco\/#\/schema\/person\/image\/","url":"https:\/\/secure.gravatar.com\/avatar\/47cff2827a5ba23c37e8068c86817ea4?s=96&d=mm&r=g","contentUrl":"https:\/\/secure.gravatar.com\/avatar\/47cff2827a5ba23c37e8068c86817ea4?s=96&d=mm&r=g","caption":"N\u00fabia Rangel"},"sameAs":["https:\/\/www.em.com.br\/emfoco\/"],"url":"https:\/\/www.em.com.br\/emfoco\/author\/nubiamyth\/"}]}},"_links":{"self":[{"href":"https:\/\/www.em.com.br\/emfoco\/wp-json\/wp\/v2\/posts\/33314","targetHints":{"allow":["GET"]}}],"collection":[{"href":"https:\/\/www.em.com.br\/emfoco\/wp-json\/wp\/v2\/posts"}],"about":[{"href":"https:\/\/www.em.com.br\/emfoco\/wp-json\/wp\/v2\/types\/post"}],"author":[{"embeddable":true,"href":"https:\/\/www.em.com.br\/emfoco\/wp-json\/wp\/v2\/users\/5"}],"replies":[{"embeddable":true,"href":"https:\/\/www.em.com.br\/emfoco\/wp-json\/wp\/v2\/comments?post=33314"}],"version-history":[{"count":3,"href":"https:\/\/www.em.com.br\/emfoco\/wp-json\/wp\/v2\/posts\/33314\/revisions"}],"predecessor-version":[{"id":33323,"href":"https:\/\/www.em.com.br\/emfoco\/wp-json\/wp\/v2\/posts\/33314\/revisions\/33323"}],"wp:featuredmedia":[{"embeddable":true,"href":"https:\/\/www.em.com.br\/emfoco\/wp-json\/wp\/v2\/media\/10614"}],"wp:attachment":[{"href":"https:\/\/www.em.com.br\/emfoco\/wp-json\/wp\/v2\/media?parent=33314"}],"wp:term":[{"taxonomy":"category","embeddable":true,"href":"https:\/\/www.em.com.br\/emfoco\/wp-json\/wp\/v2\/categories?post=33314"},{"taxonomy":"post_tag","embeddable":true,"href":"https:\/\/www.em.com.br\/emfoco\/wp-json\/wp\/v2\/tags?post=33314"}],"curies":[{"name":"wp","href":"https:\/\/api.w.org\/{rel}","templated":true}]}}