{"id":33216,"date":"2025-04-07T17:20:00","date_gmt":"2025-04-07T20:20:00","guid":{"rendered":"https:\/\/www.em.com.br\/emfoco\/?p=33216"},"modified":"2025-03-28T10:24:24","modified_gmt":"2025-03-28T13:24:24","slug":"aprenda-a-plantar-baunilha-em-vaso-e-tenha-seu-proprio-aroma-natural","status":"publish","type":"post","link":"https:\/\/www.em.com.br\/emfoco\/2025\/04\/07\/aprenda-a-plantar-baunilha-em-vaso-e-tenha-seu-proprio-aroma-natural\/","title":{"rendered":"Aprenda a plantar baunilha em vaso e tenha seu pr\u00f3prio aroma natural"},"content":{"rendered":"\n<p>O <strong>cultivo de baunilha<\/strong> em vaso \u00e9 uma pr\u00e1tica que vem ganhando popularidade entre os entusiastas de jardinagem. A baunilha, conhecida por seu aroma e sabor caracter\u00edsticos, \u00e9 uma orqu\u00eddea trepadeira que pode ser cultivada em ambientes controlados, como varandas e estufas. Este artigo explora as etapas essenciais para o cultivo bem-sucedido dessa planta em vasos, destacando os cuidados necess\u00e1rios para garantir seu <strong><a href=\"https:\/\/www.em.com.br\/emfoco\/2025\/03\/21\/esta-cidade-do-rj-virou-vitrine-nacional-de-desenvolvimento-sustentavel\/\" target=\"_blank\" rel=\"noreferrer noopener\">desenvolvimento<\/a><\/strong> saud\u00e1vel.<\/p>\n\n\n\n<p>Embora a baunilha seja origin\u00e1ria de regi\u00f5es tropicais, \u00e9 poss\u00edvel recriar condi\u00e7\u00f5es favor\u00e1veis para seu crescimento em casa. Com aten\u00e7\u00e3o aos detalhes e dedica\u00e7\u00e3o, \u00e9 vi\u00e1vel desfrutar do cultivo dessa planta ex\u00f3tica e, eventualmente, colher suas vagens arom\u00e1ticas. A seguir, ser\u00e3o abordados os aspectos fundamentais para iniciar o cultivo de baunilha em vaso.<\/p>\n\n\n\n<h2 class=\"wp-block-heading\">Quais s\u00e3o os requisitos b\u00e1sicos para plantar baunilha em vaso?<\/h2>\n\n\n\n<p>Para iniciar o cultivo de baunilha em vaso, \u00e9 crucial compreender suas necessidades b\u00e1sicas. A baunilha \u00e9 uma planta que requer condi\u00e7\u00f5es espec\u00edficas de solo, luz e umidade para prosperar. Primeiramente, \u00e9 essencial escolher um vaso adequado, que ofere\u00e7a espa\u00e7o suficiente para o crescimento das ra\u00edzes e suporte para a planta trepadeira.<\/p>\n\n\n\n<p>O solo deve ser bem drenado e rico em mat\u00e9ria org\u00e2nica. Uma mistura de substrato para orqu\u00eddeas, composto por <strong><a href=\"https:\/\/www.google.com\/search?q=casca+de+pinus&amp;sca_esv=1e257eb325ebfd70&amp;rlz=1C1UEAD_enBR1155BR1155&amp;sxsrf=AHTn8zpBxsELABYDFhKvKoQweQrXsWr0eQ%3A1743166276209&amp;ei=RJvmZ6-2DP7c5OUPhqfJsAw&amp;ved=0ahUKEwiv6LW16KyMAxV-LrkGHYZTEsYQ4dUDCBA&amp;uact=5&amp;oq=casca+de+pinus&amp;gs_lp=Egxnd3Mtd2l6LXNlcnAiDmNhc2NhIGRlIHBpbnVzMgoQIxiABBgnGIoFMgoQIxiABBgnGIoFMgUQABiABDIFEAAYgAQyDhAuGIAEGMcBGI4FGK8BMgUQABiABDIFEAAYgAQyBRAAGIAEMgUQABiABDIFEAAYgARIjgVQAFgAcAB4AZABAJgBgwGgAYMBqgEDMC4xuAEDyAEA-AEC-AEBmAIBoAKIAZgDAJIHAzAuMaAH9wqyBwMwLjG4B4gB&amp;sclient=gws-wiz-serp#fpstate=ive&amp;vld=cid:dbccbf92,vid:sCOjXzqFbSo,st:0\" target=\"_blank\" rel=\"noreferrer noopener\">casca de pinus<\/a><\/strong>, carv\u00e3o vegetal e musgo esfagno, \u00e9 ideal para garantir a aera\u00e7\u00e3o e a reten\u00e7\u00e3o de umidade necess\u00e1rias. Al\u00e9m disso, a baunilha precisa de luz indireta e temperaturas que variem entre 20\u00b0C e 30\u00b0C, replicando seu habitat natural.<\/p>\n\n\n\n<figure class=\"wp-block-image size-large\"><img loading=\"lazy\" decoding=\"async\" width=\"1024\" height=\"576\" src=\"https:\/\/www.em.com.br\/emfoco\/wp-content\/uploads\/2025\/03\/baunilha_1743167561395-1024x576.jpg\" alt=\"Aprenda a plantar baunilha em vaso e tenha seu pr\u00f3prio aroma natural\" class=\"wp-image-33225\" srcset=\"https:\/\/www.em.com.br\/emfoco\/wp-content\/uploads\/2025\/03\/baunilha_1743167561395-1024x576.jpg 1024w, https:\/\/www.em.com.br\/emfoco\/wp-content\/uploads\/2025\/03\/baunilha_1743167561395-300x169.jpg 300w, https:\/\/www.em.com.br\/emfoco\/wp-content\/uploads\/2025\/03\/baunilha_1743167561395-768x432.jpg 768w, https:\/\/www.em.com.br\/emfoco\/wp-content\/uploads\/2025\/03\/baunilha_1743167561395-750x422.jpg 750w, https:\/\/www.em.com.br\/emfoco\/wp-content\/uploads\/2025\/03\/baunilha_1743167561395-1140x641.jpg 1140w, https:\/\/www.em.com.br\/emfoco\/wp-content\/uploads\/2025\/03\/baunilha_1743167561395.jpg 1280w\" sizes=\"auto, (max-width: 1024px) 100vw, 1024px\" \/><figcaption class=\"wp-element-caption\">Baunilha &#8211; Cr\u00e9ditos: depositphotos.com \/ AntonMatyukha<\/figcaption><\/figure>\n\n\n\n<h2 class=\"wp-block-heading\">Como preparar o vaso e o solo para o plantio?<\/h2>\n\n\n\n<p>A prepara\u00e7\u00e3o do vaso e do solo \u00e9 uma etapa crucial no cultivo de baunilha. Escolher um vaso com furos de drenagem \u00e9 fundamental para evitar o ac\u00famulo de \u00e1gua, que pode levar ao apodrecimento das ra\u00edzes. Al\u00e9m disso, \u00e9 importante garantir que o vaso seja profundo o suficiente para acomodar o crescimento da planta.<\/p>\n\n\n\n<p>Para preparar o solo, misture partes iguais de casca de pinus, carv\u00e3o vegetal e musgo esfagno. Essa combina\u00e7\u00e3o proporciona a drenagem adequada e mant\u00e9m a umidade necess\u00e1ria para o desenvolvimento da baunilha. Antes de plantar, umede\u00e7a levemente o substrato para facilitar o enraizamento da muda.<\/p>\n\n\n\n<h2 class=\"wp-block-heading\">Quais cuidados s\u00e3o necess\u00e1rios durante o crescimento da baunilha?<\/h2>\n\n\n\n<p>Durante o crescimento da baunilha, \u00e9 importante monitorar regularmente as condi\u00e7\u00f5es de luz, umidade e temperatura. A planta deve ser posicionada em um local que receba luz indireta, evitando a exposi\u00e7\u00e3o direta ao sol, que pode queimar suas folhas. A umidade deve ser mantida alta, entre 60% e 80%, o que pode ser alcan\u00e7ado com o uso de um umidificador ou borrifando \u00e1gua nas folhas.<\/p>\n\n\n\n<p>A rega deve ser feita com modera\u00e7\u00e3o, evitando encharcar o solo. A baunilha prefere um solo ligeiramente \u00famido, mas n\u00e3o encharcado. Al\u00e9m disso, \u00e9 recomend\u00e1vel adubar a planta a cada dois meses com um fertilizante balanceado para orqu\u00eddeas, garantindo os nutrientes necess\u00e1rios para seu desenvolvimento.<\/p>\n\n\n\n<h2 class=\"wp-block-heading\">Como incentivar a flora\u00e7\u00e3o e a produ\u00e7\u00e3o de vagens?<\/h2>\n\n\n\n<p>Incentivar a flora\u00e7\u00e3o da baunilha pode ser um desafio, mas com paci\u00eancia e os cuidados adequados, \u00e9 poss\u00edvel alcan\u00e7ar esse objetivo. A flora\u00e7\u00e3o geralmente ocorre ap\u00f3s tr\u00eas a quatro anos de cultivo, quando a planta atinge maturidade. Para estimular a flora\u00e7\u00e3o, \u00e9 importante manter as condi\u00e7\u00f5es ideais de cultivo e garantir que a planta esteja saud\u00e1vel.<\/p>\n\n\n\n<p>Uma vez que as flores aparecem, a poliniza\u00e7\u00e3o manual pode ser necess\u00e1ria para a produ\u00e7\u00e3o de vagens, especialmente em ambientes onde n\u00e3o h\u00e1 polinizadores naturais. Utilizando um pequeno pincel ou um palito, transfira o p\u00f3len de uma flor para o estigma de outra. Ap\u00f3s a poliniza\u00e7\u00e3o bem-sucedida, as vagens come\u00e7am a se formar e podem levar de seis a nove meses para amadurecer completamente.<\/p>\n","protected":false},"excerpt":{"rendered":"<p>O cultivo de baunilha em vaso \u00e9 uma pr\u00e1tica que vem ganhando popularidade entre os entusiastas de jardinagem. A baunilha, conhecida por seu aroma e sabor caracter\u00edsticos, \u00e9 uma orqu\u00eddea trepadeira que pode ser cultivada em ambientes controlados, como varandas e estufas. Este artigo explora as etapas essenciais para o cultivo bem-sucedido dessa planta em [&hellip;]<\/p>\n","protected":false},"author":5,"featured_media":33224,"comment_status":"open","ping_status":"open","sticky":false,"template":"","format":"standard","meta":{"jnews-multi-image_gallery":[],"jnews_single_post":{"format":"standard"},"jnews_primary_category":[],"jnews_social_meta":[],"jnews_override_counter":[],"footnotes":""},"categories":[29,1],"tags":[6897,3358,3356,6898],"class_list":["post-33216","post","type-post","status-publish","format-standard","has-post-thumbnail","hentry","category-entretenimento","category-noticias","tag-baunilha","tag-jardinagem","tag-orquidea","tag-vaso"],"yoast_head":"<!-- This site is optimized with the Yoast SEO plugin v23.8 - https:\/\/yoast.com\/wordpress\/plugins\/seo\/ -->\n<title>Aprenda a plantar baunilha em vaso e tenha seu pr\u00f3prio aroma natural - Estado de Minas - Em foco<\/title>\n<meta name=\"description\" content=\"Cultivar baunilha em vaso pode ser mais f\u00e1cil do que voc\u00ea imagina! Aprenda a plantar e cuidar dessa orqu\u00eddea arom\u00e1tica!\" \/>\n<meta name=\"robots\" content=\"index, follow, max-snippet:-1, max-image-preview:large, max-video-preview:-1\" \/>\n<link rel=\"canonical\" href=\"https:\/\/www.em.com.br\/emfoco\/2025\/04\/07\/aprenda-a-plantar-baunilha-em-vaso-e-tenha-seu-proprio-aroma-natural\/\" \/>\n<meta property=\"og:locale\" content=\"pt_BR\" \/>\n<meta property=\"og:type\" content=\"article\" \/>\n<meta property=\"og:title\" content=\"Aprenda a plantar baunilha em vaso e tenha seu pr\u00f3prio aroma natural - Estado de Minas - Em foco\" \/>\n<meta property=\"og:description\" content=\"Cultivar baunilha em vaso pode ser mais f\u00e1cil do que voc\u00ea imagina! Aprenda a plantar e cuidar dessa orqu\u00eddea arom\u00e1tica!\" \/>\n<meta property=\"og:url\" content=\"https:\/\/www.em.com.br\/emfoco\/2025\/04\/07\/aprenda-a-plantar-baunilha-em-vaso-e-tenha-seu-proprio-aroma-natural\/\" \/>\n<meta property=\"og:site_name\" content=\"Estado de Minas - Em foco\" \/>\n<meta property=\"article:published_time\" content=\"2025-04-07T20:20:00+00:00\" \/>\n<meta property=\"article:modified_time\" content=\"2025-03-28T13:24:24+00:00\" \/>\n<meta property=\"og:image\" content=\"https:\/\/www.em.com.br\/emfoco\/wp-content\/uploads\/2025\/03\/baunilha_1743167465593.jpg\" \/>\n\t<meta property=\"og:image:width\" content=\"1280\" \/>\n\t<meta property=\"og:image:height\" content=\"720\" \/>\n\t<meta property=\"og:image:type\" content=\"image\/jpeg\" \/>\n<meta name=\"author\" content=\"N\u00fabia Rangel\" \/>\n<meta name=\"twitter:card\" content=\"summary_large_image\" \/>\n<meta name=\"twitter:label1\" content=\"Escrito por\" \/>\n\t<meta name=\"twitter:data1\" content=\"N\u00fabia Rangel\" \/>\n\t<meta name=\"twitter:label2\" content=\"Est. tempo de leitura\" \/>\n\t<meta name=\"twitter:data2\" content=\"4 minutos\" \/>\n<!-- \/ Yoast SEO plugin. -->","yoast_head_json":{"title":"Aprenda a plantar baunilha em vaso e tenha seu pr\u00f3prio aroma natural - Estado de Minas - Em foco","description":"Cultivar baunilha em vaso pode ser mais f\u00e1cil do que voc\u00ea imagina! Aprenda a plantar e cuidar dessa orqu\u00eddea arom\u00e1tica!","robots":{"index":"index","follow":"follow","max-snippet":"max-snippet:-1","max-image-preview":"max-image-preview:large","max-video-preview":"max-video-preview:-1"},"canonical":"https:\/\/www.em.com.br\/emfoco\/2025\/04\/07\/aprenda-a-plantar-baunilha-em-vaso-e-tenha-seu-proprio-aroma-natural\/","og_locale":"pt_BR","og_type":"article","og_title":"Aprenda a plantar baunilha em vaso e tenha seu pr\u00f3prio aroma natural - Estado de Minas - Em foco","og_description":"Cultivar baunilha em vaso pode ser mais f\u00e1cil do que voc\u00ea imagina! Aprenda a plantar e cuidar dessa orqu\u00eddea arom\u00e1tica!","og_url":"https:\/\/www.em.com.br\/emfoco\/2025\/04\/07\/aprenda-a-plantar-baunilha-em-vaso-e-tenha-seu-proprio-aroma-natural\/","og_site_name":"Estado de Minas - Em foco","article_published_time":"2025-04-07T20:20:00+00:00","article_modified_time":"2025-03-28T13:24:24+00:00","og_image":[{"width":1280,"height":720,"url":"https:\/\/www.em.com.br\/emfoco\/wp-content\/uploads\/2025\/03\/baunilha_1743167465593.jpg","type":"image\/jpeg"}],"author":"N\u00fabia Rangel","twitter_card":"summary_large_image","twitter_misc":{"Escrito por":"N\u00fabia Rangel","Est. tempo de leitura":"4 minutos"},"schema":{"@context":"https:\/\/schema.org","@graph":[{"@type":"WebPage","@id":"https:\/\/www.em.com.br\/emfoco\/2025\/04\/07\/aprenda-a-plantar-baunilha-em-vaso-e-tenha-seu-proprio-aroma-natural\/","url":"https:\/\/www.em.com.br\/emfoco\/2025\/04\/07\/aprenda-a-plantar-baunilha-em-vaso-e-tenha-seu-proprio-aroma-natural\/","name":"Aprenda a plantar baunilha em vaso e tenha seu pr\u00f3prio aroma natural - Estado de Minas - Em foco","isPartOf":{"@id":"https:\/\/www.em.com.br\/emfoco\/#website"},"primaryImageOfPage":{"@id":"https:\/\/www.em.com.br\/emfoco\/2025\/04\/07\/aprenda-a-plantar-baunilha-em-vaso-e-tenha-seu-proprio-aroma-natural\/#primaryimage"},"image":{"@id":"https:\/\/www.em.com.br\/emfoco\/2025\/04\/07\/aprenda-a-plantar-baunilha-em-vaso-e-tenha-seu-proprio-aroma-natural\/#primaryimage"},"thumbnailUrl":"https:\/\/www.em.com.br\/emfoco\/wp-content\/uploads\/2025\/03\/baunilha_1743167465593.jpg","datePublished":"2025-04-07T20:20:00+00:00","dateModified":"2025-03-28T13:24:24+00:00","author":{"@id":"https:\/\/www.em.com.br\/emfoco\/#\/schema\/person\/524437ef54f8a5d32591b143307f2e20"},"description":"Cultivar baunilha em vaso pode ser mais f\u00e1cil do que voc\u00ea imagina! Aprenda a plantar e cuidar dessa orqu\u00eddea arom\u00e1tica!","breadcrumb":{"@id":"https:\/\/www.em.com.br\/emfoco\/2025\/04\/07\/aprenda-a-plantar-baunilha-em-vaso-e-tenha-seu-proprio-aroma-natural\/#breadcrumb"},"inLanguage":"pt-BR","potentialAction":[{"@type":"ReadAction","target":["https:\/\/www.em.com.br\/emfoco\/2025\/04\/07\/aprenda-a-plantar-baunilha-em-vaso-e-tenha-seu-proprio-aroma-natural\/"]}]},{"@type":"ImageObject","inLanguage":"pt-BR","@id":"https:\/\/www.em.com.br\/emfoco\/2025\/04\/07\/aprenda-a-plantar-baunilha-em-vaso-e-tenha-seu-proprio-aroma-natural\/#primaryimage","url":"https:\/\/www.em.com.br\/emfoco\/wp-content\/uploads\/2025\/03\/baunilha_1743167465593.jpg","contentUrl":"https:\/\/www.em.com.br\/emfoco\/wp-content\/uploads\/2025\/03\/baunilha_1743167465593.jpg","width":1280,"height":720,"caption":"Baunilha - Cr\u00e9ditos: depositphotos.com \/ kolesnikovserg"},{"@type":"BreadcrumbList","@id":"https:\/\/www.em.com.br\/emfoco\/2025\/04\/07\/aprenda-a-plantar-baunilha-em-vaso-e-tenha-seu-proprio-aroma-natural\/#breadcrumb","itemListElement":[{"@type":"ListItem","position":1,"name":"In\u00edcio","item":"https:\/\/www.em.com.br\/emfoco\/"},{"@type":"ListItem","position":2,"name":"Aprenda a plantar baunilha em vaso e tenha seu pr\u00f3prio aroma natural"}]},{"@type":"WebSite","@id":"https:\/\/www.em.com.br\/emfoco\/#website","url":"https:\/\/www.em.com.br\/emfoco\/","name":"Estado de Minas - Em foco","description":"Acompanhe as \u00faltimas not\u00edcias e fique bem informado sobre tudo o que acontece em Minas Gerais, Brasil e no mundo.","potentialAction":[{"@type":"SearchAction","target":{"@type":"EntryPoint","urlTemplate":"https:\/\/www.em.com.br\/emfoco\/?s={search_term_string}"},"query-input":{"@type":"PropertyValueSpecification","valueRequired":true,"valueName":"search_term_string"}}],"inLanguage":"pt-BR"},{"@type":"Person","@id":"https:\/\/www.em.com.br\/emfoco\/#\/schema\/person\/524437ef54f8a5d32591b143307f2e20","name":"N\u00fabia Rangel","image":{"@type":"ImageObject","inLanguage":"pt-BR","@id":"https:\/\/www.em.com.br\/emfoco\/#\/schema\/person\/image\/","url":"https:\/\/secure.gravatar.com\/avatar\/47cff2827a5ba23c37e8068c86817ea4?s=96&d=mm&r=g","contentUrl":"https:\/\/secure.gravatar.com\/avatar\/47cff2827a5ba23c37e8068c86817ea4?s=96&d=mm&r=g","caption":"N\u00fabia Rangel"},"sameAs":["https:\/\/www.em.com.br\/emfoco\/"],"url":"https:\/\/www.em.com.br\/emfoco\/author\/nubiamyth\/"}]}},"_links":{"self":[{"href":"https:\/\/www.em.com.br\/emfoco\/wp-json\/wp\/v2\/posts\/33216","targetHints":{"allow":["GET"]}}],"collection":[{"href":"https:\/\/www.em.com.br\/emfoco\/wp-json\/wp\/v2\/posts"}],"about":[{"href":"https:\/\/www.em.com.br\/emfoco\/wp-json\/wp\/v2\/types\/post"}],"author":[{"embeddable":true,"href":"https:\/\/www.em.com.br\/emfoco\/wp-json\/wp\/v2\/users\/5"}],"replies":[{"embeddable":true,"href":"https:\/\/www.em.com.br\/emfoco\/wp-json\/wp\/v2\/comments?post=33216"}],"version-history":[{"count":2,"href":"https:\/\/www.em.com.br\/emfoco\/wp-json\/wp\/v2\/posts\/33216\/revisions"}],"predecessor-version":[{"id":33226,"href":"https:\/\/www.em.com.br\/emfoco\/wp-json\/wp\/v2\/posts\/33216\/revisions\/33226"}],"wp:featuredmedia":[{"embeddable":true,"href":"https:\/\/www.em.com.br\/emfoco\/wp-json\/wp\/v2\/media\/33224"}],"wp:attachment":[{"href":"https:\/\/www.em.com.br\/emfoco\/wp-json\/wp\/v2\/media?parent=33216"}],"wp:term":[{"taxonomy":"category","embeddable":true,"href":"https:\/\/www.em.com.br\/emfoco\/wp-json\/wp\/v2\/categories?post=33216"},{"taxonomy":"post_tag","embeddable":true,"href":"https:\/\/www.em.com.br\/emfoco\/wp-json\/wp\/v2\/tags?post=33216"}],"curies":[{"name":"wp","href":"https:\/\/api.w.org\/{rel}","templated":true}]}}