{"id":33190,"date":"2025-04-07T15:20:00","date_gmt":"2025-04-07T18:20:00","guid":{"rendered":"https:\/\/www.em.com.br\/emfoco\/?p=33190"},"modified":"2025-03-28T09:15:26","modified_gmt":"2025-03-28T12:15:26","slug":"este-destino-surpreendente-tem-praias-incriveis-e-economia-em-alta","status":"publish","type":"post","link":"https:\/\/www.em.com.br\/emfoco\/2025\/04\/07\/este-destino-surpreendente-tem-praias-incriveis-e-economia-em-alta\/","title":{"rendered":"Este destino surpreendente tem praias incr\u00edveis e economia em alta"},"content":{"rendered":"\n<p><strong>Maca\u00e9<\/strong>, localizada no estado do <strong>Rio de Janeiro<\/strong>, \u00e9 conhecida como a &#8220;<strong>Capital Nacional do Petr\u00f3leo<\/strong>&#8220;. Esta cidade, que j\u00e1 foi um pequeno vilarejo de pescadores, transformou-se em um dos principais polos econ\u00f4micos do Brasil devido \u00e0 explora\u00e7\u00e3o de petr\u00f3leo na <strong>Bacia de Campos<\/strong>. Al\u00e9m de sua import\u00e2ncia econ\u00f4mica, Maca\u00e9 oferece uma qualidade de vida atrativa, boas op\u00e7\u00f5es educacionais e um turismo em crescimento.<\/p>\n\n\n\n<p>Com uma popula\u00e7\u00e3o que ultrapassa os 250 mil habitantes em 2025, Maca\u00e9 continua a se desenvolver em diversas \u00e1reas. A cidade n\u00e3o \u00e9 apenas um centro de neg\u00f3cios, mas tamb\u00e9m um lugar onde a cultura, a educa\u00e7\u00e3o e o <strong><a href=\"https:\/\/www.em.com.br\/emfoco\/2025\/03\/28\/o-segredo-para-plantar-abacaxi-e-garantir-uma-boa-colheita\/\" target=\"_blank\" rel=\"noreferrer noopener\">lazer<\/a><\/strong> se encontram. Vamos explorar mais sobre o que faz de <strong><a href=\"https:\/\/macae.rj.gov.br\/\" target=\"_blank\" rel=\"noreferrer noopener\">Maca\u00e9<\/a><\/strong> um lugar \u00fanico.<\/p>\n\n\n\n<h2 class=\"wp-block-heading\">Qualidade de vida em Maca\u00e9<\/h2>\n\n\n\n<p>Maca\u00e9 \u00e9 frequentemente destacada por sua qualidade de vida. A cidade oferece uma infraestrutura urbana que inclui hospitais, centros de sa\u00fade e \u00e1reas de lazer. O clima ameno e a proximidade com o mar contribuem para um ambiente agrad\u00e1vel, onde os moradores podem desfrutar de atividades ao ar livre.<\/p>\n\n\n\n<p>O governo local investe em projetos que visam melhorar a mobilidade urbana e a seguran\u00e7a, fatores que s\u00e3o fundamentais para o bem-estar dos cidad\u00e3os. A cidade tamb\u00e9m promove eventos culturais e esportivos, incentivando a participa\u00e7\u00e3o comunit\u00e1ria e o fortalecimento dos la\u00e7os sociais.<\/p>\n\n\n\n<figure class=\"wp-block-image size-large\"><img loading=\"lazy\" decoding=\"async\" width=\"1024\" height=\"576\" src=\"https:\/\/www.em.com.br\/emfoco\/wp-content\/uploads\/2025\/03\/Macae_1743163540100-1024x576.jpg\" alt=\"Este destino surpreendente tem praias incr\u00edveis e economia em alta\" class=\"wp-image-33198\" srcset=\"https:\/\/www.em.com.br\/emfoco\/wp-content\/uploads\/2025\/03\/Macae_1743163540100-1024x576.jpg 1024w, https:\/\/www.em.com.br\/emfoco\/wp-content\/uploads\/2025\/03\/Macae_1743163540100-300x169.jpg 300w, https:\/\/www.em.com.br\/emfoco\/wp-content\/uploads\/2025\/03\/Macae_1743163540100-768x432.jpg 768w, https:\/\/www.em.com.br\/emfoco\/wp-content\/uploads\/2025\/03\/Macae_1743163540100-750x422.jpg 750w, https:\/\/www.em.com.br\/emfoco\/wp-content\/uploads\/2025\/03\/Macae_1743163540100-1140x641.jpg 1140w, https:\/\/www.em.com.br\/emfoco\/wp-content\/uploads\/2025\/03\/Macae_1743163540100.jpg 1280w\" sizes=\"auto, (max-width: 1024px) 100vw, 1024px\" \/><figcaption class=\"wp-element-caption\">Maca\u00e9 &#8211; Cr\u00e9ditos: depositphotos.com \/ Ranimiro<\/figcaption><\/figure>\n\n\n\n<h2 class=\"wp-block-heading\">Educa\u00e7\u00e3o \u00e9 um pilar de desenvolvimento<\/h2>\n\n\n\n<p>A educa\u00e7\u00e3o em Maca\u00e9 \u00e9 um dos pilares do seu desenvolvimento. A cidade abriga diversas institui\u00e7\u00f5es de ensino, desde escolas p\u00fablicas e privadas at\u00e9 universidades e centros de pesquisa. A<strong> Universidade Federal do Rio de Janeiro (UFRJ)<\/strong> possui um campus na cidade, oferecendo cursos que atendem \u00e0s demandas do mercado local, especialmente nas \u00e1reas de engenharia e tecnologia.<\/p>\n\n\n\n<p>Al\u00e9m disso, programas de forma\u00e7\u00e3o t\u00e9cnica e profissionalizante s\u00e3o amplamente oferecidos, preparando os jovens para ingressar no mercado de trabalho com qualifica\u00e7\u00e3o adequada. O investimento em educa\u00e7\u00e3o \u00e9 visto como uma prioridade para garantir o futuro da cidade.<\/p>\n\n\n\n<h2 class=\"wp-block-heading\">Turismo em Maca\u00e9 com natureza e cultura<\/h2>\n\n\n\n<p>O turismo em Maca\u00e9 est\u00e1 em expans\u00e3o, com uma oferta diversificada que inclui praias, montanhas e eventos culturais. As praias de <strong>Cavaleiros e Pecado<\/strong> s\u00e3o famosas por suas belezas naturais e atraem visitantes em busca de sol e mar. Para os amantes da natureza, a Serra de Maca\u00e9 oferece trilhas e cachoeiras, proporcionando uma experi\u00eancia de ecoturismo.<\/p>\n\n\n\n<p>A cidade tamb\u00e9m promove festivais e eventos culturais que celebram a diversidade e a hist\u00f3ria local. O <strong>Festival de Jazz e Blues de Maca\u00e9<\/strong> \u00e9 um exemplo de evento que atrai turistas de v\u00e1rias partes do pa\u00eds, consolidando a cidade como um destino cultural.<\/p>\n\n\n\n<h2 class=\"wp-block-heading\">Economia com o impacto do petr\u00f3leo<\/h2>\n\n\n\n<p>A economia de Maca\u00e9 \u00e9 fortemente influenciada pela ind\u00fastria do petr\u00f3leo. A cidade abriga diversas empresas nacionais e internacionais que operam na Bacia de Campos, gerando empregos e impulsionando o desenvolvimento econ\u00f4mico. Este setor \u00e9 respons\u00e1vel por uma parte significativa do PIB local e continua a ser um motor de crescimento.<\/p>\n\n\n\n<p>No entanto, Maca\u00e9 tamb\u00e9m busca diversificar sua economia, investindo em outras \u00e1reas como tecnologia e servi\u00e7os. A cria\u00e7\u00e3o de parques tecnol\u00f3gicos e incubadoras de empresas s\u00e3o iniciativas que visam fomentar a inova\u00e7\u00e3o e o empreendedorismo na regi\u00e3o.<\/p>\n\n\n\n<h2 class=\"wp-block-heading\">Infraestrutura e desenvolvimento urbano<\/h2>\n\n\n\n<p>O desenvolvimento urbano de Maca\u00e9 \u00e9 vis\u00edvel em sua infraestrutura moderna. A cidade possui um porto que facilita o escoamento de produtos e uma rede de transporte que conecta os principais pontos da cidade. Al\u00e9m disso, a expans\u00e3o de \u00e1reas residenciais e comerciais reflete o crescimento populacional e a demanda por novos espa\u00e7os.<\/p>\n\n\n\n<p>Projetos de urbaniza\u00e7\u00e3o e revitaliza\u00e7\u00e3o de \u00e1reas p\u00fablicas s\u00e3o constantemente implementados, buscando melhorar a qualidade de vida dos moradores e tornar a cidade mais atrativa para investidores e turistas.<\/p>\n\n\n\n<h2 class=\"wp-block-heading\">O futuro de Maca\u00e9<\/h2>\n\n\n\n<p>O futuro de Maca\u00e9 parece promissor, com planos de desenvolvimento que buscam equilibrar crescimento econ\u00f4mico e sustentabilidade. A cidade est\u00e1 comprometida em se tornar um exemplo de desenvolvimento urbano sustent\u00e1vel, investindo em energias renov\u00e1veis e pr\u00e1ticas ecol\u00f3gicas.<\/p>\n\n\n\n<p>Com uma vis\u00e3o voltada para o futuro, Maca\u00e9 continua a atrair novos moradores e investidores, consolidando-se como um dos principais polos de desenvolvimento do Brasil. A cidade, que j\u00e1 \u00e9 um \u00edcone na ind\u00fastria do petr\u00f3leo, busca agora diversificar suas atividades e oferecer uma qualidade de vida ainda melhor para seus habitantes.<\/p>\n","protected":false},"excerpt":{"rendered":"<p>Maca\u00e9, localizada no estado do Rio de Janeiro, \u00e9 conhecida como a &#8220;Capital Nacional do Petr\u00f3leo&#8220;. Esta cidade, que j\u00e1 foi um pequeno vilarejo de pescadores, transformou-se em um dos principais polos econ\u00f4micos do Brasil devido \u00e0 explora\u00e7\u00e3o de petr\u00f3leo na Bacia de Campos. Al\u00e9m de sua import\u00e2ncia econ\u00f4mica, Maca\u00e9 oferece uma qualidade de vida [&hellip;]<\/p>\n","protected":false},"author":5,"featured_media":33197,"comment_status":"open","ping_status":"open","sticky":false,"template":"","format":"standard","meta":{"jnews-multi-image_gallery":[],"jnews_single_post":{"format":"standard"},"jnews_primary_category":[],"jnews_social_meta":[],"jnews_override_counter":[],"footnotes":""},"categories":[26,1],"tags":[500,6891,4314,157],"class_list":["post-33190","post","type-post","status-publish","format-standard","has-post-thumbnail","hentry","category-cidades","category-noticias","tag-educacao","tag-macae","tag-petroleo","tag-turismo"],"yoast_head":"<!-- This site is optimized with the Yoast SEO plugin v23.8 - https:\/\/yoast.com\/wordpress\/plugins\/seo\/ -->\n<title>Este destino surpreendente tem praias incr\u00edveis e economia em alta - Estado de Minas - Em foco<\/title>\n<meta name=\"description\" content=\"Al\u00e9m de ser um polo econ\u00f4mico, esse destino surpreende com praias deslumbrantes e eventos culturais imperd\u00edveis.\" \/>\n<meta name=\"robots\" content=\"index, follow, max-snippet:-1, max-image-preview:large, max-video-preview:-1\" \/>\n<link rel=\"canonical\" href=\"https:\/\/www.em.com.br\/emfoco\/2025\/04\/07\/este-destino-surpreendente-tem-praias-incriveis-e-economia-em-alta\/\" \/>\n<meta property=\"og:locale\" content=\"pt_BR\" \/>\n<meta property=\"og:type\" content=\"article\" \/>\n<meta property=\"og:title\" content=\"Este destino surpreendente tem praias incr\u00edveis e economia em alta - Estado de Minas - Em foco\" \/>\n<meta property=\"og:description\" content=\"Al\u00e9m de ser um polo econ\u00f4mico, esse destino surpreende com praias deslumbrantes e eventos culturais imperd\u00edveis.\" \/>\n<meta property=\"og:url\" content=\"https:\/\/www.em.com.br\/emfoco\/2025\/04\/07\/este-destino-surpreendente-tem-praias-incriveis-e-economia-em-alta\/\" \/>\n<meta property=\"og:site_name\" content=\"Estado de Minas - Em foco\" \/>\n<meta property=\"article:published_time\" content=\"2025-04-07T18:20:00+00:00\" \/>\n<meta property=\"article:modified_time\" content=\"2025-03-28T12:15:26+00:00\" \/>\n<meta property=\"og:image\" content=\"https:\/\/www.em.com.br\/emfoco\/wp-content\/uploads\/2025\/03\/Macae_1743163466136.jpg\" \/>\n\t<meta property=\"og:image:width\" content=\"1280\" \/>\n\t<meta property=\"og:image:height\" content=\"720\" \/>\n\t<meta property=\"og:image:type\" content=\"image\/jpeg\" \/>\n<meta name=\"author\" content=\"N\u00fabia Rangel\" \/>\n<meta name=\"twitter:card\" content=\"summary_large_image\" \/>\n<meta name=\"twitter:label1\" content=\"Escrito por\" \/>\n\t<meta name=\"twitter:data1\" content=\"N\u00fabia Rangel\" \/>\n\t<meta name=\"twitter:label2\" content=\"Est. tempo de leitura\" \/>\n\t<meta name=\"twitter:data2\" content=\"5 minutos\" \/>\n<!-- \/ Yoast SEO plugin. -->","yoast_head_json":{"title":"Este destino surpreendente tem praias incr\u00edveis e economia em alta - Estado de Minas - Em foco","description":"Al\u00e9m de ser um polo econ\u00f4mico, esse destino surpreende com praias deslumbrantes e eventos culturais imperd\u00edveis.","robots":{"index":"index","follow":"follow","max-snippet":"max-snippet:-1","max-image-preview":"max-image-preview:large","max-video-preview":"max-video-preview:-1"},"canonical":"https:\/\/www.em.com.br\/emfoco\/2025\/04\/07\/este-destino-surpreendente-tem-praias-incriveis-e-economia-em-alta\/","og_locale":"pt_BR","og_type":"article","og_title":"Este destino surpreendente tem praias incr\u00edveis e economia em alta - Estado de Minas - Em foco","og_description":"Al\u00e9m de ser um polo econ\u00f4mico, esse destino surpreende com praias deslumbrantes e eventos culturais imperd\u00edveis.","og_url":"https:\/\/www.em.com.br\/emfoco\/2025\/04\/07\/este-destino-surpreendente-tem-praias-incriveis-e-economia-em-alta\/","og_site_name":"Estado de Minas - Em foco","article_published_time":"2025-04-07T18:20:00+00:00","article_modified_time":"2025-03-28T12:15:26+00:00","og_image":[{"width":1280,"height":720,"url":"https:\/\/www.em.com.br\/emfoco\/wp-content\/uploads\/2025\/03\/Macae_1743163466136.jpg","type":"image\/jpeg"}],"author":"N\u00fabia Rangel","twitter_card":"summary_large_image","twitter_misc":{"Escrito por":"N\u00fabia Rangel","Est. tempo de leitura":"5 minutos"},"schema":{"@context":"https:\/\/schema.org","@graph":[{"@type":"WebPage","@id":"https:\/\/www.em.com.br\/emfoco\/2025\/04\/07\/este-destino-surpreendente-tem-praias-incriveis-e-economia-em-alta\/","url":"https:\/\/www.em.com.br\/emfoco\/2025\/04\/07\/este-destino-surpreendente-tem-praias-incriveis-e-economia-em-alta\/","name":"Este destino surpreendente tem praias incr\u00edveis e economia em alta - Estado de Minas - Em foco","isPartOf":{"@id":"https:\/\/www.em.com.br\/emfoco\/#website"},"primaryImageOfPage":{"@id":"https:\/\/www.em.com.br\/emfoco\/2025\/04\/07\/este-destino-surpreendente-tem-praias-incriveis-e-economia-em-alta\/#primaryimage"},"image":{"@id":"https:\/\/www.em.com.br\/emfoco\/2025\/04\/07\/este-destino-surpreendente-tem-praias-incriveis-e-economia-em-alta\/#primaryimage"},"thumbnailUrl":"https:\/\/www.em.com.br\/emfoco\/wp-content\/uploads\/2025\/03\/Macae_1743163466136.jpg","datePublished":"2025-04-07T18:20:00+00:00","dateModified":"2025-03-28T12:15:26+00:00","author":{"@id":"https:\/\/www.em.com.br\/emfoco\/#\/schema\/person\/524437ef54f8a5d32591b143307f2e20"},"description":"Al\u00e9m de ser um polo econ\u00f4mico, esse destino surpreende com praias deslumbrantes e eventos culturais imperd\u00edveis.","breadcrumb":{"@id":"https:\/\/www.em.com.br\/emfoco\/2025\/04\/07\/este-destino-surpreendente-tem-praias-incriveis-e-economia-em-alta\/#breadcrumb"},"inLanguage":"pt-BR","potentialAction":[{"@type":"ReadAction","target":["https:\/\/www.em.com.br\/emfoco\/2025\/04\/07\/este-destino-surpreendente-tem-praias-incriveis-e-economia-em-alta\/"]}]},{"@type":"ImageObject","inLanguage":"pt-BR","@id":"https:\/\/www.em.com.br\/emfoco\/2025\/04\/07\/este-destino-surpreendente-tem-praias-incriveis-e-economia-em-alta\/#primaryimage","url":"https:\/\/www.em.com.br\/emfoco\/wp-content\/uploads\/2025\/03\/Macae_1743163466136.jpg","contentUrl":"https:\/\/www.em.com.br\/emfoco\/wp-content\/uploads\/2025\/03\/Macae_1743163466136.jpg","width":1280,"height":720,"caption":"Maca\u00e9 - Cr\u00e9ditos: depositphotos.com \/ Ranimiro"},{"@type":"BreadcrumbList","@id":"https:\/\/www.em.com.br\/emfoco\/2025\/04\/07\/este-destino-surpreendente-tem-praias-incriveis-e-economia-em-alta\/#breadcrumb","itemListElement":[{"@type":"ListItem","position":1,"name":"In\u00edcio","item":"https:\/\/www.em.com.br\/emfoco\/"},{"@type":"ListItem","position":2,"name":"Este destino surpreendente tem praias incr\u00edveis e economia em alta"}]},{"@type":"WebSite","@id":"https:\/\/www.em.com.br\/emfoco\/#website","url":"https:\/\/www.em.com.br\/emfoco\/","name":"Estado de Minas - Em foco","description":"Acompanhe as \u00faltimas not\u00edcias e fique bem informado sobre tudo o que acontece em Minas Gerais, Brasil e no mundo.","potentialAction":[{"@type":"SearchAction","target":{"@type":"EntryPoint","urlTemplate":"https:\/\/www.em.com.br\/emfoco\/?s={search_term_string}"},"query-input":{"@type":"PropertyValueSpecification","valueRequired":true,"valueName":"search_term_string"}}],"inLanguage":"pt-BR"},{"@type":"Person","@id":"https:\/\/www.em.com.br\/emfoco\/#\/schema\/person\/524437ef54f8a5d32591b143307f2e20","name":"N\u00fabia Rangel","image":{"@type":"ImageObject","inLanguage":"pt-BR","@id":"https:\/\/www.em.com.br\/emfoco\/#\/schema\/person\/image\/","url":"https:\/\/secure.gravatar.com\/avatar\/47cff2827a5ba23c37e8068c86817ea4?s=96&d=mm&r=g","contentUrl":"https:\/\/secure.gravatar.com\/avatar\/47cff2827a5ba23c37e8068c86817ea4?s=96&d=mm&r=g","caption":"N\u00fabia Rangel"},"sameAs":["https:\/\/www.em.com.br\/emfoco\/"],"url":"https:\/\/www.em.com.br\/emfoco\/author\/nubiamyth\/"}]}},"_links":{"self":[{"href":"https:\/\/www.em.com.br\/emfoco\/wp-json\/wp\/v2\/posts\/33190","targetHints":{"allow":["GET"]}}],"collection":[{"href":"https:\/\/www.em.com.br\/emfoco\/wp-json\/wp\/v2\/posts"}],"about":[{"href":"https:\/\/www.em.com.br\/emfoco\/wp-json\/wp\/v2\/types\/post"}],"author":[{"embeddable":true,"href":"https:\/\/www.em.com.br\/emfoco\/wp-json\/wp\/v2\/users\/5"}],"replies":[{"embeddable":true,"href":"https:\/\/www.em.com.br\/emfoco\/wp-json\/wp\/v2\/comments?post=33190"}],"version-history":[{"count":3,"href":"https:\/\/www.em.com.br\/emfoco\/wp-json\/wp\/v2\/posts\/33190\/revisions"}],"predecessor-version":[{"id":33202,"href":"https:\/\/www.em.com.br\/emfoco\/wp-json\/wp\/v2\/posts\/33190\/revisions\/33202"}],"wp:featuredmedia":[{"embeddable":true,"href":"https:\/\/www.em.com.br\/emfoco\/wp-json\/wp\/v2\/media\/33197"}],"wp:attachment":[{"href":"https:\/\/www.em.com.br\/emfoco\/wp-json\/wp\/v2\/media?parent=33190"}],"wp:term":[{"taxonomy":"category","embeddable":true,"href":"https:\/\/www.em.com.br\/emfoco\/wp-json\/wp\/v2\/categories?post=33190"},{"taxonomy":"post_tag","embeddable":true,"href":"https:\/\/www.em.com.br\/emfoco\/wp-json\/wp\/v2\/tags?post=33190"}],"curies":[{"name":"wp","href":"https:\/\/api.w.org\/{rel}","templated":true}]}}