{"id":33075,"date":"2025-03-30T10:00:03","date_gmt":"2025-03-30T13:00:03","guid":{"rendered":"https:\/\/www.em.com.br\/emfoco\/?p=33075"},"modified":"2025-03-30T10:00:04","modified_gmt":"2025-03-30T13:00:04","slug":"quinta-feira-de-folga-feriado-nacional-e-decretado-e-movimenta-o-pais","status":"publish","type":"post","link":"https:\/\/www.em.com.br\/emfoco\/2025\/03\/30\/quinta-feira-de-folga-feriado-nacional-e-decretado-e-movimenta-o-pais\/","title":{"rendered":"Quinta-feira de folga! Feriado nacional \u00e9 decretado e movimenta o pa\u00eds"},"content":{"rendered":"\n<p>O<strong> Dia do Trabalhador<\/strong>, celebrado em 1\u00ba de maio, \u00e9 uma data de grande relev\u00e2ncia no <strong>Brasil<\/strong>, dedicada a reconhecer as lutas e conquistas dos trabalhadores ao longo da hist\u00f3ria. Em 2025, essa data cair\u00e1 em uma quinta-feira, oferecendo uma pausa no meio da semana para muitos brasileiros. Este feriado \u00e9 uma oportunidade para refletir sobre os direitos trabalhistas e as condi\u00e7\u00f5es de trabalho no pa\u00eds.<\/p>\n\n\n\n<p>Este dia \u00e9 observado em v\u00e1rias partes do mundo, mas no <strong>Brasil<\/strong>, ele tem um significado especial. \u00c9 um momento para destacar a import\u00e2ncia de condi\u00e7\u00f5es de trabalho justas e a luta cont\u00ednua por melhorias nos direitos dos trabalhadores.<\/p>\n\n\n\n<h2 class=\"wp-block-heading\">Como as cidades brasileiras comemoram o 1\u00ba de Maio?<\/h2>\n\n\n\n<p>Sendo um feriado nacional, o Dia do Trabalhador \u00e9 celebrado em todas as cidades do Brasil. No entanto, algumas cidades se destacam por suas comemora\u00e7\u00f5es mais elaboradas e eventos especiais. As grandes metr\u00f3poles, em particular, costumam organizar celebra\u00e7\u00f5es significativas que atraem tanto moradores quanto visitantes.<\/p>\n\n\n\n<p>Entre as cidades que frequentemente realizam eventos marcantes est\u00e3o:<\/p>\n\n\n\n<ul class=\"wp-block-list\">\n<li><strong>S\u00e3o Paulo<\/strong><\/li>\n\n\n\n<li><strong>Rio de Janeiro<\/strong><\/li>\n\n\n\n<li><strong>Belo Horizonte<\/strong><\/li>\n\n\n\n<li><strong>Porto Alegre<\/strong><\/li>\n\n\n\n<li><strong>Recife<\/strong><\/li>\n<\/ul>\n\n\n\n<p>Nessas cidades, \u00e9 comum encontrar shows, desfiles e manifesta\u00e7\u00f5es que celebram a data.<\/p>\n\n\n\n<figure class=\"wp-block-image size-large\"><img loading=\"lazy\" decoding=\"async\" width=\"1024\" height=\"576\" src=\"https:\/\/www.em.com.br\/emfoco\/wp-content\/uploads\/2025\/02\/feriado_1738419752732-1024x576.jpg\" alt=\"Dia 21 de folga! Feriado \u00e9 decretado e movimenta o pa\u00eds\" class=\"wp-image-15864\" srcset=\"https:\/\/www.em.com.br\/emfoco\/wp-content\/uploads\/2025\/02\/feriado_1738419752732-1024x576.jpg 1024w, https:\/\/www.em.com.br\/emfoco\/wp-content\/uploads\/2025\/02\/feriado_1738419752732-300x169.jpg 300w, https:\/\/www.em.com.br\/emfoco\/wp-content\/uploads\/2025\/02\/feriado_1738419752732-768x432.jpg 768w, https:\/\/www.em.com.br\/emfoco\/wp-content\/uploads\/2025\/02\/feriado_1738419752732-750x422.jpg 750w, https:\/\/www.em.com.br\/emfoco\/wp-content\/uploads\/2025\/02\/feriado_1738419752732-1140x642.jpg 1140w, https:\/\/www.em.com.br\/emfoco\/wp-content\/uploads\/2025\/02\/feriado_1738419752732.jpg 1279w\" sizes=\"auto, (max-width: 1024px) 100vw, 1024px\" \/><figcaption class=\"wp-element-caption\">Paisagem &#8211; Cr\u00e9ditos: depositphotos.com \/ sellingpix<\/figcaption><\/figure>\n\n\n\n<h2 class=\"wp-block-heading\">Direitos trabalhistas e a import\u00e2ncia do feriado<\/h2>\n\n\n\n<p>O Dia do Trabalhador \u00e9 uma ocasi\u00e3o para refletir sobre os direitos trabalhistas conquistados ao longo dos anos. No Brasil, esses direitos incluem uma jornada de trabalho de 44 horas semanais, f\u00e9rias remuneradas e o d\u00e9cimo terceiro sal\u00e1rio. A data tamb\u00e9m refor\u00e7a a import\u00e2ncia de garantir condi\u00e7\u00f5es de trabalho seguras e justas para todos.<\/p>\n\n\n\n<p>Em alguns setores, o 1\u00ba de maio pode ser considerado um ponto facultativo, especialmente em servi\u00e7os essenciais que n\u00e3o podem ser interrompidos. Nesses casos, cabe \u00e0s empresas decidir sobre a libera\u00e7\u00e3o dos funcion\u00e1rios, muitas vezes oferecendo compensa\u00e7\u00f5es ou pagamento de horas extras.<\/p>\n\n\n\n<h2 class=\"wp-block-heading\">De onde surgiu esse dia?<\/h2>\n\n\n\n<p>A hist\u00f3ria do Dia do Trabalhador remonta ao final do s\u00e9culo XIX, quando trabalhadores de <strong>Chicago<\/strong>, nos <strong>Estados Unidos<\/strong>, organizaram uma s\u00e9rie de manifesta\u00e7\u00f5es exigindo melhores condi\u00e7\u00f5es de trabalho e a redu\u00e7\u00e3o da jornada para oito horas di\u00e1rias. No Brasil, o 1\u00ba de maio foi oficializado como feriado nacional em 1924, durante o governo de <strong>Artur Bernardes<\/strong>. Ao longo dos anos, a data se tornou um momento de reflex\u00e3o sobre os direitos trabalhistas conquistados, como a <strong>Consolida\u00e7\u00e3o das Leis do Trabalho (CLT)<\/strong>, que estabeleceu importantes direitos como a jornada de trabalho de 44 horas semanais, f\u00e9rias remuneradas e o d\u00e9cimo terceiro sal\u00e1rio. Atualmente, o Brasil enfrenta novos desafios no mundo do trabalho, como a precariza\u00e7\u00e3o do emprego e a necessidade de atualiza\u00e7\u00e3o das leis trabalhistas para acompanhar as mudan\u00e7as tecnol\u00f3gicas e sociais.<\/p>\n\n\n\n<h2 class=\"wp-block-heading\">O que fazer no feriado de 1\u00ba de maio?<\/h2>\n\n\n\n<p>O feriado de 1\u00ba de maio \u00e9 uma oportunidade para descansar e recarregar as energias. Muitas pessoas optam por passar o dia com a fam\u00edlia, participar de eventos culturais ou simplesmente relaxar. Para aqueles que gostam de viajar, o feriado pode ser uma chance de fazer uma viagem curta, especialmente se puderem emendar com o final de semana.<\/p>\n\n\n\n<p>Independentemente de como se escolha passar o Dia do Trabalhador, \u00e9 importante lembrar o significado da data e valorizar as conquistas dos trabalhadores ao longo dos anos. Seja participando de eventos, descansando ou refletindo sobre o futuro do trabalho, o 1\u00ba de maio \u00e9 um dia para todos os brasileiros celebrarem.<\/p>\n","protected":false},"excerpt":{"rendered":"<p>O Dia do Trabalhador, celebrado em 1\u00ba de maio, \u00e9 uma data de grande relev\u00e2ncia no Brasil, dedicada a reconhecer as lutas e conquistas dos trabalhadores ao longo da hist\u00f3ria. Em 2025, essa data cair\u00e1 em uma quinta-feira, oferecendo uma pausa no meio da semana para muitos brasileiros. Este feriado \u00e9 uma oportunidade para refletir [&hellip;]<\/p>\n","protected":false},"author":5,"featured_media":8757,"comment_status":"open","ping_status":"open","sticky":false,"template":"","format":"standard","meta":{"jnews-multi-image_gallery":[],"jnews_single_post":{"format":"standard"},"jnews_primary_category":[],"jnews_social_meta":[],"jnews_override_counter":[],"footnotes":""},"categories":[26,28,1],"tags":[6583,6582,2320,263],"class_list":["post-33075","post","type-post","status-publish","format-standard","has-post-thumbnail","hentry","category-cidades","category-economia","category-noticias","tag-1o-de-maio","tag-dia-do-trabalhador","tag-direitos-trabalhistas","tag-feriado"],"yoast_head":"<!-- This site is optimized with the Yoast SEO plugin v23.8 - https:\/\/yoast.com\/wordpress\/plugins\/seo\/ -->\n<title>Quinta-feira de folga! Feriado nacional \u00e9 decretado e movimenta o pa\u00eds - Estado de Minas - Em foco<\/title>\n<meta name=\"description\" content=\"Saiba como o feriado \u00e9 celebrado no Brasil e quais cidades promovem eventos especiais nesta data importante.\" \/>\n<meta name=\"robots\" content=\"index, follow, max-snippet:-1, max-image-preview:large, max-video-preview:-1\" \/>\n<link rel=\"canonical\" href=\"https:\/\/www.em.com.br\/emfoco\/2025\/03\/30\/quinta-feira-de-folga-feriado-nacional-e-decretado-e-movimenta-o-pais\/\" \/>\n<meta property=\"og:locale\" content=\"pt_BR\" \/>\n<meta property=\"og:type\" content=\"article\" \/>\n<meta property=\"og:title\" content=\"Quinta-feira de folga! Feriado nacional \u00e9 decretado e movimenta o pa\u00eds - Estado de Minas - Em foco\" \/>\n<meta property=\"og:description\" content=\"Saiba como o feriado \u00e9 celebrado no Brasil e quais cidades promovem eventos especiais nesta data importante.\" \/>\n<meta property=\"og:url\" content=\"https:\/\/www.em.com.br\/emfoco\/2025\/03\/30\/quinta-feira-de-folga-feriado-nacional-e-decretado-e-movimenta-o-pais\/\" \/>\n<meta property=\"og:site_name\" content=\"Estado de Minas - Em foco\" \/>\n<meta property=\"article:published_time\" content=\"2025-03-30T13:00:03+00:00\" \/>\n<meta property=\"article:modified_time\" content=\"2025-03-30T13:00:04+00:00\" \/>\n<meta property=\"og:image\" content=\"https:\/\/www.em.com.br\/emfoco\/wp-content\/uploads\/2025\/01\/Luiz-Inacio-Lula-da-Silva_1736163016935.jpg\" \/>\n\t<meta property=\"og:image:width\" content=\"1280\" \/>\n\t<meta property=\"og:image:height\" content=\"720\" \/>\n\t<meta property=\"og:image:type\" content=\"image\/jpeg\" \/>\n<meta name=\"author\" content=\"N\u00fabia Rangel\" \/>\n<meta name=\"twitter:card\" content=\"summary_large_image\" \/>\n<meta name=\"twitter:label1\" content=\"Escrito por\" \/>\n\t<meta name=\"twitter:data1\" content=\"N\u00fabia Rangel\" \/>\n\t<meta name=\"twitter:label2\" content=\"Est. tempo de leitura\" \/>\n\t<meta name=\"twitter:data2\" content=\"4 minutos\" \/>\n<!-- \/ Yoast SEO plugin. -->","yoast_head_json":{"title":"Quinta-feira de folga! Feriado nacional \u00e9 decretado e movimenta o pa\u00eds - Estado de Minas - Em foco","description":"Saiba como o feriado \u00e9 celebrado no Brasil e quais cidades promovem eventos especiais nesta data importante.","robots":{"index":"index","follow":"follow","max-snippet":"max-snippet:-1","max-image-preview":"max-image-preview:large","max-video-preview":"max-video-preview:-1"},"canonical":"https:\/\/www.em.com.br\/emfoco\/2025\/03\/30\/quinta-feira-de-folga-feriado-nacional-e-decretado-e-movimenta-o-pais\/","og_locale":"pt_BR","og_type":"article","og_title":"Quinta-feira de folga! Feriado nacional \u00e9 decretado e movimenta o pa\u00eds - Estado de Minas - Em foco","og_description":"Saiba como o feriado \u00e9 celebrado no Brasil e quais cidades promovem eventos especiais nesta data importante.","og_url":"https:\/\/www.em.com.br\/emfoco\/2025\/03\/30\/quinta-feira-de-folga-feriado-nacional-e-decretado-e-movimenta-o-pais\/","og_site_name":"Estado de Minas - Em foco","article_published_time":"2025-03-30T13:00:03+00:00","article_modified_time":"2025-03-30T13:00:04+00:00","og_image":[{"width":1280,"height":720,"url":"https:\/\/www.em.com.br\/emfoco\/wp-content\/uploads\/2025\/01\/Luiz-Inacio-Lula-da-Silva_1736163016935.jpg","type":"image\/jpeg"}],"author":"N\u00fabia Rangel","twitter_card":"summary_large_image","twitter_misc":{"Escrito por":"N\u00fabia Rangel","Est. tempo de leitura":"4 minutos"},"schema":{"@context":"https:\/\/schema.org","@graph":[{"@type":"WebPage","@id":"https:\/\/www.em.com.br\/emfoco\/2025\/03\/30\/quinta-feira-de-folga-feriado-nacional-e-decretado-e-movimenta-o-pais\/","url":"https:\/\/www.em.com.br\/emfoco\/2025\/03\/30\/quinta-feira-de-folga-feriado-nacional-e-decretado-e-movimenta-o-pais\/","name":"Quinta-feira de folga! Feriado nacional \u00e9 decretado e movimenta o pa\u00eds - Estado de Minas - Em foco","isPartOf":{"@id":"https:\/\/www.em.com.br\/emfoco\/#website"},"primaryImageOfPage":{"@id":"https:\/\/www.em.com.br\/emfoco\/2025\/03\/30\/quinta-feira-de-folga-feriado-nacional-e-decretado-e-movimenta-o-pais\/#primaryimage"},"image":{"@id":"https:\/\/www.em.com.br\/emfoco\/2025\/03\/30\/quinta-feira-de-folga-feriado-nacional-e-decretado-e-movimenta-o-pais\/#primaryimage"},"thumbnailUrl":"https:\/\/www.em.com.br\/emfoco\/wp-content\/uploads\/2025\/01\/Luiz-Inacio-Lula-da-Silva_1736163016935.jpg","datePublished":"2025-03-30T13:00:03+00:00","dateModified":"2025-03-30T13:00:04+00:00","author":{"@id":"https:\/\/www.em.com.br\/emfoco\/#\/schema\/person\/524437ef54f8a5d32591b143307f2e20"},"description":"Saiba como o feriado \u00e9 celebrado no Brasil e quais cidades promovem eventos especiais nesta data importante.","breadcrumb":{"@id":"https:\/\/www.em.com.br\/emfoco\/2025\/03\/30\/quinta-feira-de-folga-feriado-nacional-e-decretado-e-movimenta-o-pais\/#breadcrumb"},"inLanguage":"pt-BR","potentialAction":[{"@type":"ReadAction","target":["https:\/\/www.em.com.br\/emfoco\/2025\/03\/30\/quinta-feira-de-folga-feriado-nacional-e-decretado-e-movimenta-o-pais\/"]}]},{"@type":"ImageObject","inLanguage":"pt-BR","@id":"https:\/\/www.em.com.br\/emfoco\/2025\/03\/30\/quinta-feira-de-folga-feriado-nacional-e-decretado-e-movimenta-o-pais\/#primaryimage","url":"https:\/\/www.em.com.br\/emfoco\/wp-content\/uploads\/2025\/01\/Luiz-Inacio-Lula-da-Silva_1736163016935.jpg","contentUrl":"https:\/\/www.em.com.br\/emfoco\/wp-content\/uploads\/2025\/01\/Luiz-Inacio-Lula-da-Silva_1736163016935.jpg","width":1280,"height":720,"caption":"Luiz In\u00e1cio Lula da Silva (Lula) - Cr\u00e9ditos: depositphotos.com \/ casadaphoto"},{"@type":"BreadcrumbList","@id":"https:\/\/www.em.com.br\/emfoco\/2025\/03\/30\/quinta-feira-de-folga-feriado-nacional-e-decretado-e-movimenta-o-pais\/#breadcrumb","itemListElement":[{"@type":"ListItem","position":1,"name":"In\u00edcio","item":"https:\/\/www.em.com.br\/emfoco\/"},{"@type":"ListItem","position":2,"name":"Quinta-feira de folga! Feriado nacional \u00e9 decretado e movimenta o pa\u00eds"}]},{"@type":"WebSite","@id":"https:\/\/www.em.com.br\/emfoco\/#website","url":"https:\/\/www.em.com.br\/emfoco\/","name":"Estado de Minas - Em foco","description":"Acompanhe as \u00faltimas not\u00edcias e fique bem informado sobre tudo o que acontece em Minas Gerais, Brasil e no mundo.","potentialAction":[{"@type":"SearchAction","target":{"@type":"EntryPoint","urlTemplate":"https:\/\/www.em.com.br\/emfoco\/?s={search_term_string}"},"query-input":{"@type":"PropertyValueSpecification","valueRequired":true,"valueName":"search_term_string"}}],"inLanguage":"pt-BR"},{"@type":"Person","@id":"https:\/\/www.em.com.br\/emfoco\/#\/schema\/person\/524437ef54f8a5d32591b143307f2e20","name":"N\u00fabia Rangel","image":{"@type":"ImageObject","inLanguage":"pt-BR","@id":"https:\/\/www.em.com.br\/emfoco\/#\/schema\/person\/image\/","url":"https:\/\/secure.gravatar.com\/avatar\/47cff2827a5ba23c37e8068c86817ea4?s=96&d=mm&r=g","contentUrl":"https:\/\/secure.gravatar.com\/avatar\/47cff2827a5ba23c37e8068c86817ea4?s=96&d=mm&r=g","caption":"N\u00fabia Rangel"},"sameAs":["https:\/\/www.em.com.br\/emfoco\/"],"url":"https:\/\/www.em.com.br\/emfoco\/author\/nubiamyth\/"}]}},"_links":{"self":[{"href":"https:\/\/www.em.com.br\/emfoco\/wp-json\/wp\/v2\/posts\/33075","targetHints":{"allow":["GET"]}}],"collection":[{"href":"https:\/\/www.em.com.br\/emfoco\/wp-json\/wp\/v2\/posts"}],"about":[{"href":"https:\/\/www.em.com.br\/emfoco\/wp-json\/wp\/v2\/types\/post"}],"author":[{"embeddable":true,"href":"https:\/\/www.em.com.br\/emfoco\/wp-json\/wp\/v2\/users\/5"}],"replies":[{"embeddable":true,"href":"https:\/\/www.em.com.br\/emfoco\/wp-json\/wp\/v2\/comments?post=33075"}],"version-history":[{"count":4,"href":"https:\/\/www.em.com.br\/emfoco\/wp-json\/wp\/v2\/posts\/33075\/revisions"}],"predecessor-version":[{"id":33650,"href":"https:\/\/www.em.com.br\/emfoco\/wp-json\/wp\/v2\/posts\/33075\/revisions\/33650"}],"wp:featuredmedia":[{"embeddable":true,"href":"https:\/\/www.em.com.br\/emfoco\/wp-json\/wp\/v2\/media\/8757"}],"wp:attachment":[{"href":"https:\/\/www.em.com.br\/emfoco\/wp-json\/wp\/v2\/media?parent=33075"}],"wp:term":[{"taxonomy":"category","embeddable":true,"href":"https:\/\/www.em.com.br\/emfoco\/wp-json\/wp\/v2\/categories?post=33075"},{"taxonomy":"post_tag","embeddable":true,"href":"https:\/\/www.em.com.br\/emfoco\/wp-json\/wp\/v2\/tags?post=33075"}],"curies":[{"name":"wp","href":"https:\/\/api.w.org\/{rel}","templated":true}]}}