{"id":33047,"date":"2025-03-29T10:00:00","date_gmt":"2025-03-29T13:00:00","guid":{"rendered":"https:\/\/www.em.com.br\/emfoco\/?p=33047"},"modified":"2025-03-28T13:43:15","modified_gmt":"2025-03-28T16:43:15","slug":"como-escolher-a-melhor-conta-digital-com-cartao-de-credito-sem-pagar-tarifas","status":"publish","type":"post","link":"https:\/\/www.em.com.br\/emfoco\/2025\/03\/29\/como-escolher-a-melhor-conta-digital-com-cartao-de-credito-sem-pagar-tarifas\/","title":{"rendered":"Como escolher a melhor conta digital com cart\u00e3o de cr\u00e9dito sem pagar tarifas"},"content":{"rendered":"\n<p>A revolu\u00e7\u00e3o digital transformou o mercado financeiro, tornando as contas digitais uma op\u00e7\u00e3o cada vez mais procurada. Com a praticidade de abertura online e a possibilidade de um <strong><a href=\"https:\/\/www.em.com.br\/emfoco\/2025\/03\/27\/cuidado-cartao-de-credito-e-alvo-principal-de-fraudes-diz-serasa\/\" target=\"_blank\" rel=\"noreferrer noopener\">cart\u00e3o de cr\u00e9dito<\/a> <\/strong>sem anuidade, esses servi\u00e7os se tornaram essenciais para quem busca facilidade e economia no dia a dia.<\/p>\n\n\n\n<p>Se voc\u00ea est\u00e1 considerando abrir uma conta digital com cart\u00e3o de cr\u00e9dito, veja como escolher a melhor op\u00e7\u00e3o e quais vantagens esse servi\u00e7o pode oferecer.<\/p>\n\n\n\n<h2 class=\"wp-block-heading\">Como funciona uma conta digital com cart\u00e3o de cr\u00e9dito<\/h2>\n\n\n\n<p>Uma <strong><a href=\"https:\/\/www.idinheiro.com.br\/contas\/digital\/conta-digital-meliuz-vale-a-pena\/\" target=\"_blank\" rel=\"noreferrer noopener\">conta digital<\/a><\/strong> com cart\u00e3o de cr\u00e9dito funciona como uma conta corrente tradicional, mas com a vantagem de ser 100% online. O processo inclui:<\/p>\n\n\n\n<ul class=\"wp-block-list\">\n<li>Abertura r\u00e1pida pelo aplicativo, sem necessidade de ir a uma ag\u00eancia<\/li>\n\n\n\n<li>Disponibiliza\u00e7\u00e3o de um <strong>cart\u00e3o de d\u00e9bito<\/strong> para movimenta\u00e7\u00f5es b\u00e1sicas<\/li>\n\n\n\n<li>Possibilidade de obter um <strong>cart\u00e3o de cr\u00e9dito<\/strong>, sujeito a an\u00e1lise de cr\u00e9dito<\/li>\n\n\n\n<li>Gest\u00e3o completa pelo app, incluindo pagamentos, transfer\u00eancias e controle de gastos<\/li>\n<\/ul>\n\n\n\n<p>O cart\u00e3o de cr\u00e9dito oferece a op\u00e7\u00e3o de compras parceladas, pagamentos a prazo e at\u00e9 mesmo cashback em algumas institui\u00e7\u00f5es financeiras. Al\u00e9m disso, muitas contas digitais disponibilizam um <strong>cart\u00e3o virtual<\/strong> para garantir mais seguran\u00e7a em compras online.<\/p>\n\n\n\n<h2 class=\"wp-block-heading\">Vantagens de ter uma conta digital com cart\u00e3o de cr\u00e9dito<\/h2>\n\n\n\n<p>Optar por uma conta digital que inclua um cart\u00e3o pode trazer diversos benef\u00edcios, como:<\/p>\n\n\n\n<ul class=\"wp-block-list\">\n<li><strong>Abertura e gerenciamento totalmente online<\/strong><\/li>\n\n\n\n<li><strong>Isen\u00e7\u00e3o de tarifas<\/strong>, como mensalidades e anuidade do cart\u00e3o<\/li>\n\n\n\n<li><strong>Aprova\u00e7\u00e3o de cr\u00e9dito mais acess\u00edvel<\/strong>, com menos burocracia<\/li>\n\n\n\n<li><strong>Controle financeiro facilitado<\/strong>, com acompanhamento de gastos pelo app<\/li>\n\n\n\n<li><strong>Mais seguran\u00e7a<\/strong>, com op\u00e7\u00f5es como cart\u00e3o virtual e bloqueio imediato em caso de perda<\/li>\n\n\n\n<li><strong>Possibilidade de cashback e programas de pontos<\/strong><\/li>\n<\/ul>\n\n\n\n<p>Al\u00e9m disso, algumas contas digitais oferecem <strong>limite el\u00e1stico<\/strong>, permitindo ajustes autom\u00e1ticos do cr\u00e9dito conforme o perfil do cliente.<\/p>\n\n\n\n<figure class=\"wp-block-image\"><img decoding=\"async\" src=\"https:\/\/www.em.com.br\/emfoco\/wp-content\/uploads\/2025\/03\/cartao-de-credito_1741103405723-1024x576.jpg\" alt=\"\"\/><figcaption class=\"wp-element-caption\">Cart\u00e3o de cr\u00e9dito &#8211; Cr\u00e9ditos: depositphotos.com \/ VitalikRadko<\/figcaption><\/figure>\n\n\n\n<h2 class=\"wp-block-heading\">Como escolher a melhor conta digital com cart\u00e3o de cr\u00e9dito<\/h2>\n\n\n\n<p>Para encontrar a conta digital ideal para voc\u00ea, \u00e9 importante avaliar os seguintes pontos:<\/p>\n\n\n\n<ul class=\"wp-block-list\">\n<li><strong>Isen\u00e7\u00e3o de tarifas<\/strong>: prefira contas sem taxas de manuten\u00e7\u00e3o ou anuidade<\/li>\n\n\n\n<li><strong>Benef\u00edcios adicionais<\/strong>: cashback, programas de pontos e descontos s\u00e3o diferenciais importantes<\/li>\n\n\n\n<li><strong>Facilidade na abertura e aprova\u00e7\u00e3o do cr\u00e9dito<\/strong>: verifique o processo de an\u00e1lise e o prazo para libera\u00e7\u00e3o do cart\u00e3o<\/li>\n\n\n\n<li><strong>Seguran\u00e7a e suporte<\/strong>: priorize bancos e fintechs bem avaliadas, com atendimento eficiente<\/li>\n\n\n\n<li><strong>Servi\u00e7os extras<\/strong>: algumas contas digitais oferecem investimentos, empr\u00e9stimos e at\u00e9 Pix parcelado<\/li>\n<\/ul>\n\n\n\n<h2 class=\"wp-block-heading\">Conta digital Neon se destaca entre as melhores op\u00e7\u00f5es do mercado<\/h2>\n\n\n\n<p>Entre as diversas op\u00e7\u00f5es dispon\u00edveis, a <strong>conta digital Neon<\/strong> se diferencia por seus servi\u00e7os completos e benef\u00edcios exclusivos. Confira os principais destaques:<\/p>\n\n\n\n<h3 class=\"wp-block-heading\">Conta digital Neon<\/h3>\n\n\n\n<ul class=\"wp-block-list\">\n<li><strong>Abertura r\u00e1pida e sem burocracia<\/strong>, direto pelo app<\/li>\n\n\n\n<li><strong>Cart\u00e3o de d\u00e9bito com pagamento por aproxima\u00e7\u00e3o<\/strong><\/li>\n\n\n\n<li><strong>Op\u00e7\u00e3o de cr\u00e9dito sem anuidade<\/strong>, sujeito a an\u00e1lise<\/li>\n\n\n\n<li><strong>Cart\u00e3o virtual para compras online mais seguras<\/strong><\/li>\n\n\n\n<li><strong>Empr\u00e9stimos pessoais e consignados<\/strong><\/li>\n\n\n\n<li><strong>Investimentos em CDB com rentabilidade acima da poupan\u00e7a<\/strong><\/li>\n<\/ul>\n\n\n\n<h3 class=\"wp-block-heading\">Cart\u00e3o de cr\u00e9dito Neon<\/h3>\n\n\n\n<ul class=\"wp-block-list\">\n<li><strong>Sem anuidade nem mensalidade<\/strong><\/li>\n\n\n\n<li><strong>Aprova\u00e7\u00e3o de cr\u00e9dito r\u00e1pida e facilitada<\/strong><\/li>\n\n\n\n<li><strong>Op\u00e7\u00e3o de cashback em compras<\/strong><\/li>\n\n\n\n<li><strong>Seguros e prote\u00e7\u00f5es para maior seguran\u00e7a<\/strong><\/li>\n\n\n\n<li><strong>Viracr\u00e9dito Neon<\/strong>, que transforma investimentos em limite de cr\u00e9dito<\/li>\n<\/ul>\n\n\n\n<p>Com todas essas vantagens, a Neon se destaca como uma das melhores op\u00e7\u00f5es para quem busca uma conta digital completa. Se voc\u00ea quer mais praticidade na sua vida financeira, vale a pena conhecer e comparar os benef\u00edcios dessa solu\u00e7\u00e3o.<\/p>\n","protected":false},"excerpt":{"rendered":"<p>A revolu\u00e7\u00e3o digital transformou o mercado financeiro, tornando as contas digitais uma op\u00e7\u00e3o cada vez mais procurada. Com a praticidade de abertura online e a possibilidade de um cart\u00e3o de cr\u00e9dito sem anuidade, esses servi\u00e7os se tornaram essenciais para quem busca facilidade e economia no dia a dia. Se voc\u00ea est\u00e1 considerando abrir uma conta [&hellip;]<\/p>\n","protected":false},"author":11,"featured_media":31713,"comment_status":"open","ping_status":"open","sticky":false,"template":"","format":"standard","meta":{"jnews-multi-image_gallery":[],"jnews_single_post":{"format":"standard"},"jnews_primary_category":[],"jnews_social_meta":[],"jnews_override_counter":[],"footnotes":""},"categories":[28,1],"tags":[682,5714,5722],"class_list":["post-33047","post","type-post","status-publish","format-standard","has-post-thumbnail","hentry","category-economia","category-noticias","tag-cartao-de-credito","tag-cartao-de-credito-brasil","tag-seguranca-cartao-de-credito"],"yoast_head":"<!-- This site is optimized with the Yoast SEO plugin v23.8 - https:\/\/yoast.com\/wordpress\/plugins\/seo\/ -->\n<title>Como escolher a melhor conta digital com cart\u00e3o de cr\u00e9dito sem pagar tarifas - Estado de Minas - Em foco<\/title>\n<meta name=\"description\" content=\"Quer um cart\u00e3o de cr\u00e9dito sem tarifas e com benef\u00edcios? Saiba como escolher a melhor conta digital. Confira!\" \/>\n<meta name=\"robots\" content=\"index, follow, max-snippet:-1, max-image-preview:large, max-video-preview:-1\" \/>\n<link rel=\"canonical\" href=\"https:\/\/www.em.com.br\/emfoco\/2025\/03\/29\/como-escolher-a-melhor-conta-digital-com-cartao-de-credito-sem-pagar-tarifas\/\" \/>\n<meta property=\"og:locale\" content=\"pt_BR\" \/>\n<meta property=\"og:type\" content=\"article\" \/>\n<meta property=\"og:title\" content=\"Como escolher a melhor conta digital com cart\u00e3o de cr\u00e9dito sem pagar tarifas - Estado de Minas - Em foco\" \/>\n<meta property=\"og:description\" content=\"Quer um cart\u00e3o de cr\u00e9dito sem tarifas e com benef\u00edcios? Saiba como escolher a melhor conta digital. Confira!\" \/>\n<meta property=\"og:url\" content=\"https:\/\/www.em.com.br\/emfoco\/2025\/03\/29\/como-escolher-a-melhor-conta-digital-com-cartao-de-credito-sem-pagar-tarifas\/\" \/>\n<meta property=\"og:site_name\" content=\"Estado de Minas - Em foco\" \/>\n<meta property=\"article:published_time\" content=\"2025-03-29T13:00:00+00:00\" \/>\n<meta property=\"article:modified_time\" content=\"2025-03-28T16:43:15+00:00\" \/>\n<meta property=\"og:image\" content=\"https:\/\/www.em.com.br\/emfoco\/wp-content\/uploads\/2025\/03\/credito_1742830948225.jpg\" \/>\n\t<meta property=\"og:image:width\" content=\"1280\" \/>\n\t<meta property=\"og:image:height\" content=\"720\" \/>\n\t<meta property=\"og:image:type\" content=\"image\/jpeg\" \/>\n<meta name=\"author\" content=\"Andre\u0301 Rangel\u00a0\" \/>\n<meta name=\"twitter:card\" content=\"summary_large_image\" \/>\n<meta name=\"twitter:label1\" content=\"Escrito por\" \/>\n\t<meta name=\"twitter:data1\" content=\"Andre\u0301 Rangel\u00a0\" \/>\n\t<meta name=\"twitter:label2\" content=\"Est. tempo de leitura\" \/>\n\t<meta name=\"twitter:data2\" content=\"4 minutos\" \/>\n<!-- \/ Yoast SEO plugin. -->","yoast_head_json":{"title":"Como escolher a melhor conta digital com cart\u00e3o de cr\u00e9dito sem pagar tarifas - Estado de Minas - Em foco","description":"Quer um cart\u00e3o de cr\u00e9dito sem tarifas e com benef\u00edcios? Saiba como escolher a melhor conta digital. Confira!","robots":{"index":"index","follow":"follow","max-snippet":"max-snippet:-1","max-image-preview":"max-image-preview:large","max-video-preview":"max-video-preview:-1"},"canonical":"https:\/\/www.em.com.br\/emfoco\/2025\/03\/29\/como-escolher-a-melhor-conta-digital-com-cartao-de-credito-sem-pagar-tarifas\/","og_locale":"pt_BR","og_type":"article","og_title":"Como escolher a melhor conta digital com cart\u00e3o de cr\u00e9dito sem pagar tarifas - Estado de Minas - Em foco","og_description":"Quer um cart\u00e3o de cr\u00e9dito sem tarifas e com benef\u00edcios? Saiba como escolher a melhor conta digital. Confira!","og_url":"https:\/\/www.em.com.br\/emfoco\/2025\/03\/29\/como-escolher-a-melhor-conta-digital-com-cartao-de-credito-sem-pagar-tarifas\/","og_site_name":"Estado de Minas - Em foco","article_published_time":"2025-03-29T13:00:00+00:00","article_modified_time":"2025-03-28T16:43:15+00:00","og_image":[{"width":1280,"height":720,"url":"https:\/\/www.em.com.br\/emfoco\/wp-content\/uploads\/2025\/03\/credito_1742830948225.jpg","type":"image\/jpeg"}],"author":"Andre\u0301 Rangel\u00a0","twitter_card":"summary_large_image","twitter_misc":{"Escrito por":"Andre\u0301 Rangel\u00a0","Est. tempo de leitura":"4 minutos"},"schema":{"@context":"https:\/\/schema.org","@graph":[{"@type":"WebPage","@id":"https:\/\/www.em.com.br\/emfoco\/2025\/03\/29\/como-escolher-a-melhor-conta-digital-com-cartao-de-credito-sem-pagar-tarifas\/","url":"https:\/\/www.em.com.br\/emfoco\/2025\/03\/29\/como-escolher-a-melhor-conta-digital-com-cartao-de-credito-sem-pagar-tarifas\/","name":"Como escolher a melhor conta digital com cart\u00e3o de cr\u00e9dito sem pagar tarifas - Estado de Minas - Em foco","isPartOf":{"@id":"https:\/\/www.em.com.br\/emfoco\/#website"},"primaryImageOfPage":{"@id":"https:\/\/www.em.com.br\/emfoco\/2025\/03\/29\/como-escolher-a-melhor-conta-digital-com-cartao-de-credito-sem-pagar-tarifas\/#primaryimage"},"image":{"@id":"https:\/\/www.em.com.br\/emfoco\/2025\/03\/29\/como-escolher-a-melhor-conta-digital-com-cartao-de-credito-sem-pagar-tarifas\/#primaryimage"},"thumbnailUrl":"https:\/\/www.em.com.br\/emfoco\/wp-content\/uploads\/2025\/03\/credito_1742830948225.jpg","datePublished":"2025-03-29T13:00:00+00:00","dateModified":"2025-03-28T16:43:15+00:00","author":{"@id":"https:\/\/www.em.com.br\/emfoco\/#\/schema\/person\/60eda09c1fedf0d6891f4cef4b60b8b8"},"description":"Quer um cart\u00e3o de cr\u00e9dito sem tarifas e com benef\u00edcios? Saiba como escolher a melhor conta digital. Confira!","breadcrumb":{"@id":"https:\/\/www.em.com.br\/emfoco\/2025\/03\/29\/como-escolher-a-melhor-conta-digital-com-cartao-de-credito-sem-pagar-tarifas\/#breadcrumb"},"inLanguage":"pt-BR","potentialAction":[{"@type":"ReadAction","target":["https:\/\/www.em.com.br\/emfoco\/2025\/03\/29\/como-escolher-a-melhor-conta-digital-com-cartao-de-credito-sem-pagar-tarifas\/"]}]},{"@type":"ImageObject","inLanguage":"pt-BR","@id":"https:\/\/www.em.com.br\/emfoco\/2025\/03\/29\/como-escolher-a-melhor-conta-digital-com-cartao-de-credito-sem-pagar-tarifas\/#primaryimage","url":"https:\/\/www.em.com.br\/emfoco\/wp-content\/uploads\/2025\/03\/credito_1742830948225.jpg","contentUrl":"https:\/\/www.em.com.br\/emfoco\/wp-content\/uploads\/2025\/03\/credito_1742830948225.jpg","width":1280,"height":720,"caption":"Pessoa com cart\u00e3o de cr\u00e9dito - Cr\u00e9ditos: depositphotos.com \/ IgorVetushko"},{"@type":"BreadcrumbList","@id":"https:\/\/www.em.com.br\/emfoco\/2025\/03\/29\/como-escolher-a-melhor-conta-digital-com-cartao-de-credito-sem-pagar-tarifas\/#breadcrumb","itemListElement":[{"@type":"ListItem","position":1,"name":"In\u00edcio","item":"https:\/\/www.em.com.br\/emfoco\/"},{"@type":"ListItem","position":2,"name":"Como escolher a melhor conta digital com cart\u00e3o de cr\u00e9dito sem pagar tarifas"}]},{"@type":"WebSite","@id":"https:\/\/www.em.com.br\/emfoco\/#website","url":"https:\/\/www.em.com.br\/emfoco\/","name":"Estado de Minas - Em foco","description":"Acompanhe as \u00faltimas not\u00edcias e fique bem informado sobre tudo o que acontece em Minas Gerais, Brasil e no mundo.","potentialAction":[{"@type":"SearchAction","target":{"@type":"EntryPoint","urlTemplate":"https:\/\/www.em.com.br\/emfoco\/?s={search_term_string}"},"query-input":{"@type":"PropertyValueSpecification","valueRequired":true,"valueName":"search_term_string"}}],"inLanguage":"pt-BR"},{"@type":"Person","@id":"https:\/\/www.em.com.br\/emfoco\/#\/schema\/person\/60eda09c1fedf0d6891f4cef4b60b8b8","name":"Andre\u0301 Rangel\u00a0","image":{"@type":"ImageObject","inLanguage":"pt-BR","@id":"https:\/\/www.em.com.br\/emfoco\/#\/schema\/person\/image\/","url":"https:\/\/secure.gravatar.com\/avatar\/6234dc814c77c8ef6d8bba622c787efc?s=96&d=mm&r=g","contentUrl":"https:\/\/secure.gravatar.com\/avatar\/6234dc814c77c8ef6d8bba622c787efc?s=96&d=mm&r=g","caption":"Andre\u0301 Rangel\u00a0"},"url":"https:\/\/www.em.com.br\/emfoco\/author\/luizmyth\/"}]}},"_links":{"self":[{"href":"https:\/\/www.em.com.br\/emfoco\/wp-json\/wp\/v2\/posts\/33047","targetHints":{"allow":["GET"]}}],"collection":[{"href":"https:\/\/www.em.com.br\/emfoco\/wp-json\/wp\/v2\/posts"}],"about":[{"href":"https:\/\/www.em.com.br\/emfoco\/wp-json\/wp\/v2\/types\/post"}],"author":[{"embeddable":true,"href":"https:\/\/www.em.com.br\/emfoco\/wp-json\/wp\/v2\/users\/11"}],"replies":[{"embeddable":true,"href":"https:\/\/www.em.com.br\/emfoco\/wp-json\/wp\/v2\/comments?post=33047"}],"version-history":[{"count":5,"href":"https:\/\/www.em.com.br\/emfoco\/wp-json\/wp\/v2\/posts\/33047\/revisions"}],"predecessor-version":[{"id":33355,"href":"https:\/\/www.em.com.br\/emfoco\/wp-json\/wp\/v2\/posts\/33047\/revisions\/33355"}],"wp:featuredmedia":[{"embeddable":true,"href":"https:\/\/www.em.com.br\/emfoco\/wp-json\/wp\/v2\/media\/31713"}],"wp:attachment":[{"href":"https:\/\/www.em.com.br\/emfoco\/wp-json\/wp\/v2\/media?parent=33047"}],"wp:term":[{"taxonomy":"category","embeddable":true,"href":"https:\/\/www.em.com.br\/emfoco\/wp-json\/wp\/v2\/categories?post=33047"},{"taxonomy":"post_tag","embeddable":true,"href":"https:\/\/www.em.com.br\/emfoco\/wp-json\/wp\/v2\/tags?post=33047"}],"curies":[{"name":"wp","href":"https:\/\/api.w.org\/{rel}","templated":true}]}}