{"id":33021,"date":"2025-04-07T15:00:00","date_gmt":"2025-04-07T18:00:00","guid":{"rendered":"https:\/\/www.em.com.br\/emfoco\/?p=33021"},"modified":"2025-03-27T15:36:16","modified_gmt":"2025-03-27T18:36:16","slug":"tendencia-bronde-hair-e-perfeita-para-quem-busca-um-visual-iluminado","status":"publish","type":"post","link":"https:\/\/www.em.com.br\/emfoco\/2025\/04\/07\/tendencia-bronde-hair-e-perfeita-para-quem-busca-um-visual-iluminado\/","title":{"rendered":"Tend\u00eancia bronde hair \u00e9 perfeita para quem busca um visual iluminado"},"content":{"rendered":"\n<p>O <strong>bronde hair<\/strong> \u00e9 uma t\u00e9cnica de colora\u00e7\u00e3o que combina nuances de castanho e loiro, criando um visual naturalmente iluminado. Essa tend\u00eancia capilar tem ganhado <strong><a href=\"https:\/\/www.em.com.br\/emfoco\/2025\/03\/23\/substituto-do-ar-condicionado-gasta-5-vezes-menos-energia-e-alegra-populacao\/\" target=\"_blank\" rel=\"noreferrer noopener\">popularidade<\/a><\/strong> por oferecer um look sofisticado e de baixa manuten\u00e7\u00e3o. Ao contr\u00e1rio de outras t\u00e9cnicas de colora\u00e7\u00e3o, o <strong>bronde hair<\/strong> se destaca pela transi\u00e7\u00e3o suave entre as cores, resultando em um efeito sutil e elegante.<\/p>\n\n\n\n<p>Essa t\u00e9cnica \u00e9 ideal para quem deseja renovar o visual sem radicalizar, pois proporciona um resultado natural que se adapta a diferentes tons de pele e estilos. A mistura harmoniosa de tons confere profundidade e movimento aos cabelos, destacando a beleza natural dos fios.<\/p>\n\n\n\n<h2 class=\"wp-block-heading\">Quais s\u00e3o os benef\u00edcios do Bronde Hair?<\/h2>\n\n\n\n<p>O bronde hair oferece uma s\u00e9rie de vantagens que o tornam uma escolha popular entre aqueles que buscam um visual renovado. Entre os principais benef\u00edcios est\u00e3o a naturalidade e a baixa manuten\u00e7\u00e3o. A t\u00e9cnica cria uma transi\u00e7\u00e3o suave entre as cores, o que minimiza a apar\u00eancia das ra\u00edzes \u00e0 medida que o cabelo cresce, reduzindo a necessidade de retoques frequentes.<\/p>\n\n\n\n<p>Al\u00e9m disso, o bronde hair \u00e9 vers\u00e1til e pode ser personalizado para complementar diferentes caracter\u00edsticas individuais. A colora\u00e7\u00e3o respeita as nuances naturais dos fios, conferindo um toque de sofistica\u00e7\u00e3o discreta. Isso torna o bronde hair uma excelente op\u00e7\u00e3o para quem busca um estilo elegante e de longa dura\u00e7\u00e3o.<\/p>\n\n\n\n<blockquote class=\"instagram-media\" data-instgrm-permalink=\"https:\/\/www.instagram.com\/p\/Cv5e_POOS9u\/?utm_source=ig_embed&amp;utm_campaign=loading\" data-instgrm-version=\"14\" style=\" background:#FFF; border:0; border-radius:3px; box-shadow:0 0 1px 0 rgba(0,0,0,0.5),0 1px 10px 0 rgba(0,0,0,0.15); margin: 1px; max-width:540px; min-width:326px; padding:0; width:99.375%; width:-webkit-calc(100% - 2px); width:calc(100% - 2px);\"><div style=\"padding:16px;\"> <a href=\"https:\/\/www.instagram.com\/p\/Cv5e_POOS9u\/?utm_source=ig_embed&amp;utm_campaign=loading\" style=\" background:#FFFFFF; line-height:0; padding:0 0; text-align:center; text-decoration:none; width:100%;\" target=\"_blank\"> <div style=\" display: flex; flex-direction: row; align-items: center;\"> <div style=\"background-color: #F4F4F4; border-radius: 50%; flex-grow: 0; height: 40px; margin-right: 14px; width: 40px;\"><\/div> <div style=\"display: flex; flex-direction: column; flex-grow: 1; justify-content: center;\"> <div style=\" background-color: #F4F4F4; border-radius: 4px; flex-grow: 0; height: 14px; margin-bottom: 6px; width: 100px;\"><\/div> <div style=\" background-color: #F4F4F4; border-radius: 4px; flex-grow: 0; height: 14px; width: 60px;\"><\/div><\/div><\/div><div style=\"padding: 19% 0;\"><\/div> <div style=\"display:block; height:50px; margin:0 auto 12px; width:50px;\"><svg width=\"50px\" height=\"50px\" viewBox=\"0 0 60 60\" version=\"1.1\" xmlns=\"https:\/\/www.w3.org\/2000\/svg\" xmlns:xlink=\"https:\/\/www.w3.org\/1999\/xlink\"><g stroke=\"none\" stroke-width=\"1\" fill=\"none\" fill-rule=\"evenodd\"><g transform=\"translate(-511.000000, -20.000000)\" fill=\"#000000\"><g><path d=\"M556.869,30.41 C554.814,30.41 553.148,32.076 553.148,34.131 C553.148,36.186 554.814,37.852 556.869,37.852 C558.924,37.852 560.59,36.186 560.59,34.131 C560.59,32.076 558.924,30.41 556.869,30.41 M541,60.657 C535.114,60.657 530.342,55.887 530.342,50 C530.342,44.114 535.114,39.342 541,39.342 C546.887,39.342 551.658,44.114 551.658,50 C551.658,55.887 546.887,60.657 541,60.657 M541,33.886 C532.1,33.886 524.886,41.1 524.886,50 C524.886,58.899 532.1,66.113 541,66.113 C549.9,66.113 557.115,58.899 557.115,50 C557.115,41.1 549.9,33.886 541,33.886 M565.378,62.101 C565.244,65.022 564.756,66.606 564.346,67.663 C563.803,69.06 563.154,70.057 562.106,71.106 C561.058,72.155 560.06,72.803 558.662,73.347 C557.607,73.757 556.021,74.244 553.102,74.378 C549.944,74.521 548.997,74.552 541,74.552 C533.003,74.552 532.056,74.521 528.898,74.378 C525.979,74.244 524.393,73.757 523.338,73.347 C521.94,72.803 520.942,72.155 519.894,71.106 C518.846,70.057 518.197,69.06 517.654,67.663 C517.244,66.606 516.755,65.022 516.623,62.101 C516.479,58.943 516.448,57.996 516.448,50 C516.448,42.003 516.479,41.056 516.623,37.899 C516.755,34.978 517.244,33.391 517.654,32.338 C518.197,30.938 518.846,29.942 519.894,28.894 C520.942,27.846 521.94,27.196 523.338,26.654 C524.393,26.244 525.979,25.756 528.898,25.623 C532.057,25.479 533.004,25.448 541,25.448 C548.997,25.448 549.943,25.479 553.102,25.623 C556.021,25.756 557.607,26.244 558.662,26.654 C560.06,27.196 561.058,27.846 562.106,28.894 C563.154,29.942 563.803,30.938 564.346,32.338 C564.756,33.391 565.244,34.978 565.378,37.899 C565.522,41.056 565.552,42.003 565.552,50 C565.552,57.996 565.522,58.943 565.378,62.101 M570.82,37.631 C570.674,34.438 570.167,32.258 569.425,30.349 C568.659,28.377 567.633,26.702 565.965,25.035 C564.297,23.368 562.623,22.342 560.652,21.575 C558.743,20.834 556.562,20.326 553.369,20.18 C550.169,20.033 549.148,20 541,20 C532.853,20 531.831,20.033 528.631,20.18 C525.438,20.326 523.257,20.834 521.349,21.575 C519.376,22.342 517.703,23.368 516.035,25.035 C514.368,26.702 513.342,28.377 512.574,30.349 C511.834,32.258 511.326,34.438 511.181,37.631 C511.035,40.831 511,41.851 511,50 C511,58.147 511.035,59.17 511.181,62.369 C511.326,65.562 511.834,67.743 512.574,69.651 C513.342,71.625 514.368,73.296 516.035,74.965 C517.703,76.634 519.376,77.658 521.349,78.425 C523.257,79.167 525.438,79.673 528.631,79.82 C531.831,79.965 532.853,80.001 541,80.001 C549.148,80.001 550.169,79.965 553.369,79.82 C556.562,79.673 558.743,79.167 560.652,78.425 C562.623,77.658 564.297,76.634 565.965,74.965 C567.633,73.296 568.659,71.625 569.425,69.651 C570.167,67.743 570.674,65.562 570.82,62.369 C570.966,59.17 571,58.147 571,50 C571,41.851 570.966,40.831 570.82,37.631\"><\/path><\/g><\/g><\/g><\/svg><\/div><div style=\"padding-top: 8px;\"> <div style=\" color:#3897f0; font-family:Arial,sans-serif; font-size:14px; font-style:normal; font-weight:550; line-height:18px;\">Ver esta publica\u00e7\u00e3o no Instagram<\/div><\/div><div style=\"padding: 12.5% 0;\"><\/div> <div style=\"display: flex; flex-direction: row; margin-bottom: 14px; align-items: center;\"><div> <div style=\"background-color: #F4F4F4; border-radius: 50%; height: 12.5px; width: 12.5px; transform: translateX(0px) translateY(7px);\"><\/div> <div style=\"background-color: #F4F4F4; height: 12.5px; transform: rotate(-45deg) translateX(3px) translateY(1px); width: 12.5px; flex-grow: 0; margin-right: 14px; margin-left: 2px;\"><\/div> <div style=\"background-color: #F4F4F4; border-radius: 50%; height: 12.5px; width: 12.5px; transform: translateX(9px) translateY(-18px);\"><\/div><\/div><div style=\"margin-left: 8px;\"> <div style=\" background-color: #F4F4F4; border-radius: 50%; flex-grow: 0; height: 20px; width: 20px;\"><\/div> <div style=\" width: 0; height: 0; border-top: 2px solid transparent; border-left: 6px solid #f4f4f4; border-bottom: 2px solid transparent; transform: translateX(16px) translateY(-4px) rotate(30deg)\"><\/div><\/div><div style=\"margin-left: auto;\"> <div style=\" width: 0px; border-top: 8px solid #F4F4F4; border-right: 8px solid transparent; transform: translateY(16px);\"><\/div> <div style=\" background-color: #F4F4F4; flex-grow: 0; height: 12px; width: 16px; transform: translateY(-4px);\"><\/div> <div style=\" width: 0; height: 0; border-top: 8px solid #F4F4F4; border-left: 8px solid transparent; transform: translateY(-4px) translateX(8px);\"><\/div><\/div><\/div> <div style=\"display: flex; flex-direction: column; flex-grow: 1; justify-content: center; margin-bottom: 24px;\"> <div style=\" background-color: #F4F4F4; border-radius: 4px; flex-grow: 0; height: 14px; margin-bottom: 6px; width: 224px;\"><\/div> <div style=\" background-color: #F4F4F4; border-radius: 4px; flex-grow: 0; height: 14px; width: 144px;\"><\/div><\/div><\/a><p style=\" color:#c9c8cd; font-family:Arial,sans-serif; font-size:14px; line-height:17px; margin-bottom:0; margin-top:8px; overflow:hidden; padding:8px 0 7px; text-align:center; text-overflow:ellipsis; white-space:nowrap;\"><a href=\"https:\/\/www.instagram.com\/p\/Cv5e_POOS9u\/?utm_source=ig_embed&amp;utm_campaign=loading\" style=\" color:#c9c8cd; font-family:Arial,sans-serif; font-size:14px; font-style:normal; font-weight:normal; line-height:17px; text-decoration:none;\" target=\"_blank\">Uma publica\u00e7\u00e3o partilhada por Paula Pedersen (@_hairbypaula)<\/a><\/p><\/div><\/blockquote>\n<script async src=\"\/\/www.instagram.com\/embed.js\"><\/script>\n\n\n\n<h2 class=\"wp-block-heading\">Como alcan\u00e7ar o bronde hair com produtos espec\u00edficos?<\/h2>\n\n\n\n<p>Para quem deseja adotar o bronde hair, o uso de produtos espec\u00edficos pode ajudar a alcan\u00e7ar o resultado desejado. O <strong>Casting Creme Gloss da L&#8217;Or\u00e9al Paris<\/strong> \u00e9 uma op\u00e7\u00e3o popular, pois oferece uma colora\u00e7\u00e3o sem am\u00f4nia que garante brilho e sa\u00fade aos fios. Essa f\u00f3rmula \u00e9 projetada para respeitar cabelos quimicamente tratados, refor\u00e7ando a fibra capilar e evitando o ressecamento.<\/p>\n\n\n\n<p>Entre as nuances dispon\u00edveis, o <strong>Casting Creme Gloss 600 Louro Escuro<\/strong> serve como uma excelente base para o bronde hair, enquanto o<strong> Casting Creme Gloss 700 Louro Natural<\/strong> adiciona luminosidade. Para um toque adicional de clareza, o <strong>Casting Creme Gloss 710 Cocadinha<\/strong> pode ser usado para real\u00e7ar pontos espec\u00edficos, criando um contraste sutil e sofisticado.<\/p>\n\n\n\n<h2 class=\"wp-block-heading\">Qual \u00e9 a diferen\u00e7a entre Bronde Hair e Ombr\u00e9 Hair?<\/h2>\n\n\n\n<p>Embora ambas as t\u00e9cnicas criem um efeito degrad\u00ea, o bronde hair e o ombr\u00e9 hair apresentam diferen\u00e7as significativas. O ombr\u00e9 hair se caracteriza por uma transi\u00e7\u00e3o mais marcada entre a raiz escura e as pontas claras, criando um contraste evidente. J\u00e1 o bronde hair preza pela sutileza e harmonia entre os tons, resultando em um visual mais natural e integrado.<\/p>\n\n\n\n<p>Enquanto o ombr\u00e9 hair \u00e9 ideal para quem busca um visual mais marcante, o bronde hair \u00e9 perfeito para aqueles que preferem um resultado mais discreto e sofisticado. A escolha entre as duas t\u00e9cnicas depende do estilo pessoal e do efeito desejado.<\/p>\n\n\n\n<h2 class=\"wp-block-heading\">Por que escolher o Bronde Hair?<\/h2>\n\n\n\n<p>Escolher o bronde hair \u00e9 optar por um visual moderno e elegante que combina praticidade e beleza. Com sua capacidade de se adaptar a diferentes estilos e tons de pele, essa t\u00e9cnica oferece um resultado personalizado que destaca a beleza natural dos cabelos. Al\u00e9m disso, a baixa manuten\u00e7\u00e3o e a versatilidade tornam o bronde hair uma escolha pr\u00e1tica para quem deseja um look sofisticado sem comprometer a sa\u00fade dos fios.<\/p>\n\n\n\n<p>Com as op\u00e7\u00f5es de produtos dispon\u00edveis no mercado, \u00e9 poss\u00edvel experimentar diferentes combina\u00e7\u00f5es de tons para alcan\u00e7ar o equil\u00edbrio perfeito entre castanho e loiro. Assim, o bronde hair se consolida como uma tend\u00eancia atemporal no universo da colora\u00e7\u00e3o capilar.<\/p>\n","protected":false},"excerpt":{"rendered":"<p>O bronde hair \u00e9 uma t\u00e9cnica de colora\u00e7\u00e3o que combina nuances de castanho e loiro, criando um visual naturalmente iluminado. Essa tend\u00eancia capilar tem ganhado popularidade por oferecer um look sofisticado e de baixa manuten\u00e7\u00e3o. Ao contr\u00e1rio de outras t\u00e9cnicas de colora\u00e7\u00e3o, o bronde hair se destaca pela transi\u00e7\u00e3o suave entre as cores, resultando em [&hellip;]<\/p>\n","protected":false},"author":5,"featured_media":33026,"comment_status":"open","ping_status":"open","sticky":false,"template":"","format":"standard","meta":{"jnews-multi-image_gallery":[],"jnews_single_post":{"format":"standard"},"jnews_primary_category":[],"jnews_social_meta":[],"jnews_override_counter":[],"footnotes":""},"categories":[29,1],"tags":[6887,4905,6886,1920],"class_list":["post-33021","post","type-post","status-publish","format-standard","has-post-thumbnail","hentry","category-entretenimento","category-noticias","tag-bronde-hair","tag-cabelo","tag-coloracao","tag-tendencia"],"yoast_head":"<!-- This site is optimized with the Yoast SEO plugin v23.8 - https:\/\/yoast.com\/wordpress\/plugins\/seo\/ -->\n<title>Tend\u00eancia bronde hair \u00e9 perfeita para quem busca um visual iluminado - Estado de Minas - Em foco<\/title>\n<meta name=\"description\" content=\"Veja como alcan\u00e7ar o bronde hair perfeito, combinando tons de loiro e castanho para um visual iluminado e sem marca\u00e7\u00e3o.\" \/>\n<meta name=\"robots\" content=\"index, follow, max-snippet:-1, max-image-preview:large, max-video-preview:-1\" \/>\n<link rel=\"canonical\" href=\"https:\/\/www.em.com.br\/emfoco\/2025\/04\/07\/tendencia-bronde-hair-e-perfeita-para-quem-busca-um-visual-iluminado\/\" \/>\n<meta property=\"og:locale\" content=\"pt_BR\" \/>\n<meta property=\"og:type\" content=\"article\" \/>\n<meta property=\"og:title\" content=\"Tend\u00eancia bronde hair \u00e9 perfeita para quem busca um visual iluminado - Estado de Minas - Em foco\" \/>\n<meta property=\"og:description\" content=\"Veja como alcan\u00e7ar o bronde hair perfeito, combinando tons de loiro e castanho para um visual iluminado e sem marca\u00e7\u00e3o.\" \/>\n<meta property=\"og:url\" content=\"https:\/\/www.em.com.br\/emfoco\/2025\/04\/07\/tendencia-bronde-hair-e-perfeita-para-quem-busca-um-visual-iluminado\/\" \/>\n<meta property=\"og:site_name\" content=\"Estado de Minas - Em foco\" \/>\n<meta property=\"article:published_time\" content=\"2025-04-07T18:00:00+00:00\" \/>\n<meta property=\"article:modified_time\" content=\"2025-03-27T18:36:16+00:00\" \/>\n<meta property=\"og:image\" content=\"https:\/\/www.em.com.br\/emfoco\/wp-content\/uploads\/2025\/03\/esse-56.jpg\" \/>\n\t<meta property=\"og:image:width\" content=\"1280\" \/>\n\t<meta property=\"og:image:height\" content=\"720\" \/>\n\t<meta property=\"og:image:type\" content=\"image\/jpeg\" \/>\n<meta name=\"author\" content=\"N\u00fabia Rangel\" \/>\n<meta name=\"twitter:card\" content=\"summary_large_image\" \/>\n<meta name=\"twitter:label1\" content=\"Escrito por\" \/>\n\t<meta name=\"twitter:data1\" content=\"N\u00fabia Rangel\" \/>\n\t<meta name=\"twitter:label2\" content=\"Est. tempo de leitura\" \/>\n\t<meta name=\"twitter:data2\" content=\"4 minutos\" \/>\n<!-- \/ Yoast SEO plugin. -->","yoast_head_json":{"title":"Tend\u00eancia bronde hair \u00e9 perfeita para quem busca um visual iluminado - Estado de Minas - Em foco","description":"Veja como alcan\u00e7ar o bronde hair perfeito, combinando tons de loiro e castanho para um visual iluminado e sem marca\u00e7\u00e3o.","robots":{"index":"index","follow":"follow","max-snippet":"max-snippet:-1","max-image-preview":"max-image-preview:large","max-video-preview":"max-video-preview:-1"},"canonical":"https:\/\/www.em.com.br\/emfoco\/2025\/04\/07\/tendencia-bronde-hair-e-perfeita-para-quem-busca-um-visual-iluminado\/","og_locale":"pt_BR","og_type":"article","og_title":"Tend\u00eancia bronde hair \u00e9 perfeita para quem busca um visual iluminado - Estado de Minas - Em foco","og_description":"Veja como alcan\u00e7ar o bronde hair perfeito, combinando tons de loiro e castanho para um visual iluminado e sem marca\u00e7\u00e3o.","og_url":"https:\/\/www.em.com.br\/emfoco\/2025\/04\/07\/tendencia-bronde-hair-e-perfeita-para-quem-busca-um-visual-iluminado\/","og_site_name":"Estado de Minas - Em foco","article_published_time":"2025-04-07T18:00:00+00:00","article_modified_time":"2025-03-27T18:36:16+00:00","og_image":[{"width":1280,"height":720,"url":"https:\/\/www.em.com.br\/emfoco\/wp-content\/uploads\/2025\/03\/esse-56.jpg","type":"image\/jpeg"}],"author":"N\u00fabia Rangel","twitter_card":"summary_large_image","twitter_misc":{"Escrito por":"N\u00fabia Rangel","Est. tempo de leitura":"4 minutos"},"schema":{"@context":"https:\/\/schema.org","@graph":[{"@type":"WebPage","@id":"https:\/\/www.em.com.br\/emfoco\/2025\/04\/07\/tendencia-bronde-hair-e-perfeita-para-quem-busca-um-visual-iluminado\/","url":"https:\/\/www.em.com.br\/emfoco\/2025\/04\/07\/tendencia-bronde-hair-e-perfeita-para-quem-busca-um-visual-iluminado\/","name":"Tend\u00eancia bronde hair \u00e9 perfeita para quem busca um visual iluminado - Estado de Minas - Em foco","isPartOf":{"@id":"https:\/\/www.em.com.br\/emfoco\/#website"},"primaryImageOfPage":{"@id":"https:\/\/www.em.com.br\/emfoco\/2025\/04\/07\/tendencia-bronde-hair-e-perfeita-para-quem-busca-um-visual-iluminado\/#primaryimage"},"image":{"@id":"https:\/\/www.em.com.br\/emfoco\/2025\/04\/07\/tendencia-bronde-hair-e-perfeita-para-quem-busca-um-visual-iluminado\/#primaryimage"},"thumbnailUrl":"https:\/\/www.em.com.br\/emfoco\/wp-content\/uploads\/2025\/03\/esse-56.jpg","datePublished":"2025-04-07T18:00:00+00:00","dateModified":"2025-03-27T18:36:16+00:00","author":{"@id":"https:\/\/www.em.com.br\/emfoco\/#\/schema\/person\/524437ef54f8a5d32591b143307f2e20"},"description":"Veja como alcan\u00e7ar o bronde hair perfeito, combinando tons de loiro e castanho para um visual iluminado e sem marca\u00e7\u00e3o.","breadcrumb":{"@id":"https:\/\/www.em.com.br\/emfoco\/2025\/04\/07\/tendencia-bronde-hair-e-perfeita-para-quem-busca-um-visual-iluminado\/#breadcrumb"},"inLanguage":"pt-BR","potentialAction":[{"@type":"ReadAction","target":["https:\/\/www.em.com.br\/emfoco\/2025\/04\/07\/tendencia-bronde-hair-e-perfeita-para-quem-busca-um-visual-iluminado\/"]}]},{"@type":"ImageObject","inLanguage":"pt-BR","@id":"https:\/\/www.em.com.br\/emfoco\/2025\/04\/07\/tendencia-bronde-hair-e-perfeita-para-quem-busca-um-visual-iluminado\/#primaryimage","url":"https:\/\/www.em.com.br\/emfoco\/wp-content\/uploads\/2025\/03\/esse-56.jpg","contentUrl":"https:\/\/www.em.com.br\/emfoco\/wp-content\/uploads\/2025\/03\/esse-56.jpg","width":1280,"height":720,"caption":"Bronde hair - Cr\u00e9ditos: Imagem Divulga\u00e7\u00e3o Instagram @styleloungesd"},{"@type":"BreadcrumbList","@id":"https:\/\/www.em.com.br\/emfoco\/2025\/04\/07\/tendencia-bronde-hair-e-perfeita-para-quem-busca-um-visual-iluminado\/#breadcrumb","itemListElement":[{"@type":"ListItem","position":1,"name":"In\u00edcio","item":"https:\/\/www.em.com.br\/emfoco\/"},{"@type":"ListItem","position":2,"name":"Tend\u00eancia bronde hair \u00e9 perfeita para quem busca um visual iluminado"}]},{"@type":"WebSite","@id":"https:\/\/www.em.com.br\/emfoco\/#website","url":"https:\/\/www.em.com.br\/emfoco\/","name":"Estado de Minas - Em foco","description":"Acompanhe as \u00faltimas not\u00edcias e fique bem informado sobre tudo o que acontece em Minas Gerais, Brasil e no mundo.","potentialAction":[{"@type":"SearchAction","target":{"@type":"EntryPoint","urlTemplate":"https:\/\/www.em.com.br\/emfoco\/?s={search_term_string}"},"query-input":{"@type":"PropertyValueSpecification","valueRequired":true,"valueName":"search_term_string"}}],"inLanguage":"pt-BR"},{"@type":"Person","@id":"https:\/\/www.em.com.br\/emfoco\/#\/schema\/person\/524437ef54f8a5d32591b143307f2e20","name":"N\u00fabia Rangel","image":{"@type":"ImageObject","inLanguage":"pt-BR","@id":"https:\/\/www.em.com.br\/emfoco\/#\/schema\/person\/image\/","url":"https:\/\/secure.gravatar.com\/avatar\/47cff2827a5ba23c37e8068c86817ea4?s=96&d=mm&r=g","contentUrl":"https:\/\/secure.gravatar.com\/avatar\/47cff2827a5ba23c37e8068c86817ea4?s=96&d=mm&r=g","caption":"N\u00fabia Rangel"},"sameAs":["https:\/\/www.em.com.br\/emfoco\/"],"url":"https:\/\/www.em.com.br\/emfoco\/author\/nubiamyth\/"}]}},"_links":{"self":[{"href":"https:\/\/www.em.com.br\/emfoco\/wp-json\/wp\/v2\/posts\/33021","targetHints":{"allow":["GET"]}}],"collection":[{"href":"https:\/\/www.em.com.br\/emfoco\/wp-json\/wp\/v2\/posts"}],"about":[{"href":"https:\/\/www.em.com.br\/emfoco\/wp-json\/wp\/v2\/types\/post"}],"author":[{"embeddable":true,"href":"https:\/\/www.em.com.br\/emfoco\/wp-json\/wp\/v2\/users\/5"}],"replies":[{"embeddable":true,"href":"https:\/\/www.em.com.br\/emfoco\/wp-json\/wp\/v2\/comments?post=33021"}],"version-history":[{"count":2,"href":"https:\/\/www.em.com.br\/emfoco\/wp-json\/wp\/v2\/posts\/33021\/revisions"}],"predecessor-version":[{"id":33031,"href":"https:\/\/www.em.com.br\/emfoco\/wp-json\/wp\/v2\/posts\/33021\/revisions\/33031"}],"wp:featuredmedia":[{"embeddable":true,"href":"https:\/\/www.em.com.br\/emfoco\/wp-json\/wp\/v2\/media\/33026"}],"wp:attachment":[{"href":"https:\/\/www.em.com.br\/emfoco\/wp-json\/wp\/v2\/media?parent=33021"}],"wp:term":[{"taxonomy":"category","embeddable":true,"href":"https:\/\/www.em.com.br\/emfoco\/wp-json\/wp\/v2\/categories?post=33021"},{"taxonomy":"post_tag","embeddable":true,"href":"https:\/\/www.em.com.br\/emfoco\/wp-json\/wp\/v2\/tags?post=33021"}],"curies":[{"name":"wp","href":"https:\/\/api.w.org\/{rel}","templated":true}]}}