{"id":32990,"date":"2025-04-07T12:20:00","date_gmt":"2025-04-07T15:20:00","guid":{"rendered":"https:\/\/www.em.com.br\/emfoco\/?p=32990"},"modified":"2025-03-27T14:42:03","modified_gmt":"2025-03-27T17:42:03","slug":"usar-serum-facial-realmente-funciona-ou-e-mais-um-mito-da-industria-de-beleza","status":"publish","type":"post","link":"https:\/\/www.em.com.br\/emfoco\/2025\/04\/07\/usar-serum-facial-realmente-funciona-ou-e-mais-um-mito-da-industria-de-beleza\/","title":{"rendered":"Usar s\u00e9rum facial realmente funciona ou \u00e9 mais um mito da ind\u00fastria de beleza?"},"content":{"rendered":"\n<p>O <strong>s\u00e9rum facial<\/strong> \u00e9 um produto de cuidado com a pele que se destaca por sua alta concentra\u00e7\u00e3o de ativos. Ele \u00e9 formulado para penetrar profundamente nas camadas da pele, oferecendo tratamentos espec\u00edficos para diversas condi\u00e7\u00f5es, como manchas, rugas, acne e desidrata\u00e7\u00e3o. Ao contr\u00e1rio dos hidratantes tradicionais, que criam uma barreira protetora na superf\u00edcie da pele, o s\u00e9rum atua de dentro para fora, promovendo transforma\u00e7\u00f5es vis\u00edveis.<\/p>\n\n\n\n<p>Considerado um tratamento intensivo, o s\u00e9rum facial entrega uma dose concentrada de <strong><a href=\"https:\/\/www.em.com.br\/emfoco\/2025\/03\/23\/os-nutrientes-poderosos-do-pinhao-e-como-ele-faz-bem-ao-corpo\/\" target=\"_blank\" rel=\"noreferrer noopener\">ingredientes<\/a><\/strong> ativos diretamente nas \u00e1reas que necessitam de cuidado. Seja para clarear manchas, reduzir rugas, controlar a oleosidade ou hidratar profundamente, o s\u00e9rum \u00e9 um aliado poderoso na rotina de skincare, potencializando os resultados dos demais produtos utilizados.<\/p>\n\n\n\n<h2 class=\"wp-block-heading\">Quais s\u00e3o os tipos de s\u00e9rum facial?<\/h2>\n\n\n\n<p>Existem diversos tipos de s\u00e9rum facial, cada um formulado com ingredientes espec\u00edficos para atender diferentes necessidades da pele. A escolha do s\u00e9rum ideal depende do tipo de pele e dos objetivos de cuidado. Aqui est\u00e3o alguns dos tipos mais comuns:<\/p>\n\n\n\n<ul class=\"wp-block-list\">\n<li><strong>S\u00e9rum Clareador:<\/strong> Ideal para uniformizar o tom da pele e reduzir manchas escuras. Ingredientes como <strong><a href=\"https:\/\/www.msdmanuals.com\/pt\/casa\/dist%C3%BArbios-nutricionais\/vitaminas\/excesso-de-vitamina-c#:~:text=A%20vitamina%20C%20ajuda%20a,%2C%20br%C3%B3colis%2C%20morango%20e%20piment%C3%A3o.\" target=\"_blank\" rel=\"noreferrer noopener\">Vitamina C<\/a><\/strong> e \u00c1cido Glic\u00f3lico s\u00e3o comuns em suas formula\u00e7\u00f5es.<\/li>\n\n\n\n<li><strong>S\u00e9rum Rejuvenescedor:<\/strong> Focado em combater sinais de envelhecimento, como rugas e linhas finas. Ingredientes como Retinol e \u00c1cido Hialur\u00f4nico s\u00e3o frequentemente utilizados.<\/li>\n\n\n\n<li><strong>S\u00e9rum Hidratante:<\/strong> Proporciona hidrata\u00e7\u00e3o intensa, ideal para peles secas. O \u00c1cido Hialur\u00f4nico \u00e9 um ingrediente chave.<\/li>\n\n\n\n<li><strong>S\u00e9rum Antiacne:<\/strong> Formulado para controlar a oleosidade e reduzir a inflama\u00e7\u00e3o. Ingredientes como \u00c1cido Salic\u00edlico e Niacinamida s\u00e3o comuns.<\/li>\n<\/ul>\n\n\n\n<figure class=\"wp-block-image size-large\"><img loading=\"lazy\" decoding=\"async\" width=\"1024\" height=\"576\" src=\"https:\/\/www.em.com.br\/emfoco\/wp-content\/uploads\/2025\/03\/serum_1743096958878-1024x576.jpg\" alt=\"Usar s\u00e9rum facial realmente funciona ou \u00e9 mais um mito da ind\u00fastria de beleza?\" class=\"wp-image-32998\" srcset=\"https:\/\/www.em.com.br\/emfoco\/wp-content\/uploads\/2025\/03\/serum_1743096958878-1024x576.jpg 1024w, https:\/\/www.em.com.br\/emfoco\/wp-content\/uploads\/2025\/03\/serum_1743096958878-300x169.jpg 300w, https:\/\/www.em.com.br\/emfoco\/wp-content\/uploads\/2025\/03\/serum_1743096958878-768x432.jpg 768w, https:\/\/www.em.com.br\/emfoco\/wp-content\/uploads\/2025\/03\/serum_1743096958878-750x422.jpg 750w, https:\/\/www.em.com.br\/emfoco\/wp-content\/uploads\/2025\/03\/serum_1743096958878-1140x641.jpg 1140w, https:\/\/www.em.com.br\/emfoco\/wp-content\/uploads\/2025\/03\/serum_1743096958878.jpg 1280w\" sizes=\"auto, (max-width: 1024px) 100vw, 1024px\" \/><figcaption class=\"wp-element-caption\">Ser\u00fam &#8211; Cr\u00e9ditos: depositphotos.com \/ VitalikRadko<\/figcaption><\/figure>\n\n\n\n<h2 class=\"wp-block-heading\">Como escolher o s\u00e9rum facial ideal para sua pele?<\/h2>\n\n\n\n<p>Escolher o s\u00e9rum facial ideal envolve uma an\u00e1lise cuidadosa das necessidades espec\u00edficas da pele. Identificar o tipo de pele, seja ela seca, oleosa, mista ou sens\u00edvel, \u00e9 o primeiro passo. Al\u00e9m disso, observar a presen\u00e7a de poros dilatados, tend\u00eancia \u00e0 acne ou ressecamento pode ajudar na escolha do produto mais adequado.<\/p>\n\n\n\n<p>Para peles oleosas e acneicas, s\u00e9runs com<strong> \u00c1cido Salic\u00edlico<\/strong> s\u00e3o recomendados por sua a\u00e7\u00e3o purificante. J\u00e1 peles secas se beneficiam de s\u00e9runs com <strong>\u00c1cido Hialur\u00f4nico<\/strong>, que oferece hidrata\u00e7\u00e3o intensa. Para clarear manchas, ingredientes como <strong>Vitamina C e Niacinamida<\/strong> s\u00e3o eficazes. Por fim, para combater sinais de envelhecimento, o <strong>Retinol<\/strong> \u00e9 uma excelente op\u00e7\u00e3o.<\/p>\n\n\n\n<h2 class=\"wp-block-heading\">Qual \u00e9 a maneira correta de aplicar o s\u00e9rum facial?<\/h2>\n\n\n\n<p>A aplica\u00e7\u00e3o correta do s\u00e9rum facial \u00e9 crucial para otimizar seus benef\u00edcios. Comece com a pele limpa e tonificada. Aplique de 3 a 4 gotas do s\u00e9rum na palma das m\u00e3os e espalhe delicadamente pelo rosto e pesco\u00e7o, com movimentos suaves. Aguarde alguns minutos para que o s\u00e9rum seja completamente absorvido antes de aplicar outros produtos, como hidratante e protetor solar.<\/p>\n\n\n\n<h2 class=\"wp-block-heading\">\u00c9 seguro dormir com s\u00e9rum no rosto?<\/h2>\n\n\n\n<p>Sim, \u00e9 seguro dormir com s\u00e9rum no rosto, especialmente aqueles formulados para uso noturno, como os que cont\u00eam Retinol. Durante a noite, a pele est\u00e1 em um estado ideal para absorver os ativos e se regenerar. No entanto, \u00e9 importante considerar o tipo de pele e sua sensibilidade. Peles sens\u00edveis podem necessitar de um teste pr\u00e9vio para evitar irrita\u00e7\u00f5es.<\/p>\n","protected":false},"excerpt":{"rendered":"<p>O s\u00e9rum facial \u00e9 um produto de cuidado com a pele que se destaca por sua alta concentra\u00e7\u00e3o de ativos. Ele \u00e9 formulado para penetrar profundamente nas camadas da pele, oferecendo tratamentos espec\u00edficos para diversas condi\u00e7\u00f5es, como manchas, rugas, acne e desidrata\u00e7\u00e3o. Ao contr\u00e1rio dos hidratantes tradicionais, que criam uma barreira protetora na superf\u00edcie da [&hellip;]<\/p>\n","protected":false},"author":5,"featured_media":32997,"comment_status":"open","ping_status":"open","sticky":false,"template":"","format":"standard","meta":{"jnews-multi-image_gallery":[],"jnews_single_post":{"format":"standard"},"jnews_primary_category":[],"jnews_social_meta":[],"jnews_override_counter":[],"footnotes":""},"categories":[29,1],"tags":[6496,5663,6877,1990],"class_list":["post-32990","post","type-post","status-publish","format-standard","has-post-thumbnail","hentry","category-entretenimento","category-noticias","tag-anti-idade","tag-pele-oleosa","tag-serum-facial","tag-vitamina-c"],"yoast_head":"<!-- This site is optimized with the Yoast SEO plugin v23.8 - https:\/\/yoast.com\/wordpress\/plugins\/seo\/ -->\n<title>Usar s\u00e9rum facial realmente funciona ou \u00e9 mais um mito da ind\u00fastria de beleza? - Estado de Minas - Em foco<\/title>\n<meta name=\"description\" content=\"Veja como incluir o s\u00e9rum facial na sua rotina de skincare e maximize os benef\u00edcios desse poderoso produto.\" \/>\n<meta name=\"robots\" content=\"index, follow, max-snippet:-1, max-image-preview:large, max-video-preview:-1\" \/>\n<link rel=\"canonical\" href=\"https:\/\/www.em.com.br\/emfoco\/2025\/04\/07\/usar-serum-facial-realmente-funciona-ou-e-mais-um-mito-da-industria-de-beleza\/\" \/>\n<meta property=\"og:locale\" content=\"pt_BR\" \/>\n<meta property=\"og:type\" content=\"article\" \/>\n<meta property=\"og:title\" content=\"Usar s\u00e9rum facial realmente funciona ou \u00e9 mais um mito da ind\u00fastria de beleza? - Estado de Minas - Em foco\" \/>\n<meta property=\"og:description\" content=\"Veja como incluir o s\u00e9rum facial na sua rotina de skincare e maximize os benef\u00edcios desse poderoso produto.\" \/>\n<meta property=\"og:url\" content=\"https:\/\/www.em.com.br\/emfoco\/2025\/04\/07\/usar-serum-facial-realmente-funciona-ou-e-mais-um-mito-da-industria-de-beleza\/\" \/>\n<meta property=\"og:site_name\" content=\"Estado de Minas - Em foco\" \/>\n<meta property=\"article:published_time\" content=\"2025-04-07T15:20:00+00:00\" \/>\n<meta property=\"article:modified_time\" content=\"2025-03-27T17:42:03+00:00\" \/>\n<meta property=\"og:image\" content=\"https:\/\/www.em.com.br\/emfoco\/wp-content\/uploads\/2025\/03\/serum_1743096917481.jpg\" \/>\n\t<meta property=\"og:image:width\" content=\"1280\" \/>\n\t<meta property=\"og:image:height\" content=\"720\" \/>\n\t<meta property=\"og:image:type\" content=\"image\/jpeg\" \/>\n<meta name=\"author\" content=\"N\u00fabia Rangel\" \/>\n<meta name=\"twitter:card\" content=\"summary_large_image\" \/>\n<meta name=\"twitter:label1\" content=\"Escrito por\" \/>\n\t<meta name=\"twitter:data1\" content=\"N\u00fabia Rangel\" \/>\n\t<meta name=\"twitter:label2\" content=\"Est. tempo de leitura\" \/>\n\t<meta name=\"twitter:data2\" content=\"4 minutos\" \/>\n<!-- \/ Yoast SEO plugin. -->","yoast_head_json":{"title":"Usar s\u00e9rum facial realmente funciona ou \u00e9 mais um mito da ind\u00fastria de beleza? - Estado de Minas - Em foco","description":"Veja como incluir o s\u00e9rum facial na sua rotina de skincare e maximize os benef\u00edcios desse poderoso produto.","robots":{"index":"index","follow":"follow","max-snippet":"max-snippet:-1","max-image-preview":"max-image-preview:large","max-video-preview":"max-video-preview:-1"},"canonical":"https:\/\/www.em.com.br\/emfoco\/2025\/04\/07\/usar-serum-facial-realmente-funciona-ou-e-mais-um-mito-da-industria-de-beleza\/","og_locale":"pt_BR","og_type":"article","og_title":"Usar s\u00e9rum facial realmente funciona ou \u00e9 mais um mito da ind\u00fastria de beleza? - Estado de Minas - Em foco","og_description":"Veja como incluir o s\u00e9rum facial na sua rotina de skincare e maximize os benef\u00edcios desse poderoso produto.","og_url":"https:\/\/www.em.com.br\/emfoco\/2025\/04\/07\/usar-serum-facial-realmente-funciona-ou-e-mais-um-mito-da-industria-de-beleza\/","og_site_name":"Estado de Minas - Em foco","article_published_time":"2025-04-07T15:20:00+00:00","article_modified_time":"2025-03-27T17:42:03+00:00","og_image":[{"width":1280,"height":720,"url":"https:\/\/www.em.com.br\/emfoco\/wp-content\/uploads\/2025\/03\/serum_1743096917481.jpg","type":"image\/jpeg"}],"author":"N\u00fabia Rangel","twitter_card":"summary_large_image","twitter_misc":{"Escrito por":"N\u00fabia Rangel","Est. tempo de leitura":"4 minutos"},"schema":{"@context":"https:\/\/schema.org","@graph":[{"@type":"WebPage","@id":"https:\/\/www.em.com.br\/emfoco\/2025\/04\/07\/usar-serum-facial-realmente-funciona-ou-e-mais-um-mito-da-industria-de-beleza\/","url":"https:\/\/www.em.com.br\/emfoco\/2025\/04\/07\/usar-serum-facial-realmente-funciona-ou-e-mais-um-mito-da-industria-de-beleza\/","name":"Usar s\u00e9rum facial realmente funciona ou \u00e9 mais um mito da ind\u00fastria de beleza? - Estado de Minas - Em foco","isPartOf":{"@id":"https:\/\/www.em.com.br\/emfoco\/#website"},"primaryImageOfPage":{"@id":"https:\/\/www.em.com.br\/emfoco\/2025\/04\/07\/usar-serum-facial-realmente-funciona-ou-e-mais-um-mito-da-industria-de-beleza\/#primaryimage"},"image":{"@id":"https:\/\/www.em.com.br\/emfoco\/2025\/04\/07\/usar-serum-facial-realmente-funciona-ou-e-mais-um-mito-da-industria-de-beleza\/#primaryimage"},"thumbnailUrl":"https:\/\/www.em.com.br\/emfoco\/wp-content\/uploads\/2025\/03\/serum_1743096917481.jpg","datePublished":"2025-04-07T15:20:00+00:00","dateModified":"2025-03-27T17:42:03+00:00","author":{"@id":"https:\/\/www.em.com.br\/emfoco\/#\/schema\/person\/524437ef54f8a5d32591b143307f2e20"},"description":"Veja como incluir o s\u00e9rum facial na sua rotina de skincare e maximize os benef\u00edcios desse poderoso produto.","breadcrumb":{"@id":"https:\/\/www.em.com.br\/emfoco\/2025\/04\/07\/usar-serum-facial-realmente-funciona-ou-e-mais-um-mito-da-industria-de-beleza\/#breadcrumb"},"inLanguage":"pt-BR","potentialAction":[{"@type":"ReadAction","target":["https:\/\/www.em.com.br\/emfoco\/2025\/04\/07\/usar-serum-facial-realmente-funciona-ou-e-mais-um-mito-da-industria-de-beleza\/"]}]},{"@type":"ImageObject","inLanguage":"pt-BR","@id":"https:\/\/www.em.com.br\/emfoco\/2025\/04\/07\/usar-serum-facial-realmente-funciona-ou-e-mais-um-mito-da-industria-de-beleza\/#primaryimage","url":"https:\/\/www.em.com.br\/emfoco\/wp-content\/uploads\/2025\/03\/serum_1743096917481.jpg","contentUrl":"https:\/\/www.em.com.br\/emfoco\/wp-content\/uploads\/2025\/03\/serum_1743096917481.jpg","width":1280,"height":720,"caption":"Ser\u00fam - Cr\u00e9ditos: depositphotos.com \/ macniak"},{"@type":"BreadcrumbList","@id":"https:\/\/www.em.com.br\/emfoco\/2025\/04\/07\/usar-serum-facial-realmente-funciona-ou-e-mais-um-mito-da-industria-de-beleza\/#breadcrumb","itemListElement":[{"@type":"ListItem","position":1,"name":"In\u00edcio","item":"https:\/\/www.em.com.br\/emfoco\/"},{"@type":"ListItem","position":2,"name":"Usar s\u00e9rum facial realmente funciona ou \u00e9 mais um mito da ind\u00fastria de beleza?"}]},{"@type":"WebSite","@id":"https:\/\/www.em.com.br\/emfoco\/#website","url":"https:\/\/www.em.com.br\/emfoco\/","name":"Estado de Minas - Em foco","description":"Acompanhe as \u00faltimas not\u00edcias e fique bem informado sobre tudo o que acontece em Minas Gerais, Brasil e no mundo.","potentialAction":[{"@type":"SearchAction","target":{"@type":"EntryPoint","urlTemplate":"https:\/\/www.em.com.br\/emfoco\/?s={search_term_string}"},"query-input":{"@type":"PropertyValueSpecification","valueRequired":true,"valueName":"search_term_string"}}],"inLanguage":"pt-BR"},{"@type":"Person","@id":"https:\/\/www.em.com.br\/emfoco\/#\/schema\/person\/524437ef54f8a5d32591b143307f2e20","name":"N\u00fabia Rangel","image":{"@type":"ImageObject","inLanguage":"pt-BR","@id":"https:\/\/www.em.com.br\/emfoco\/#\/schema\/person\/image\/","url":"https:\/\/secure.gravatar.com\/avatar\/47cff2827a5ba23c37e8068c86817ea4?s=96&d=mm&r=g","contentUrl":"https:\/\/secure.gravatar.com\/avatar\/47cff2827a5ba23c37e8068c86817ea4?s=96&d=mm&r=g","caption":"N\u00fabia Rangel"},"sameAs":["https:\/\/www.em.com.br\/emfoco\/"],"url":"https:\/\/www.em.com.br\/emfoco\/author\/nubiamyth\/"}]}},"_links":{"self":[{"href":"https:\/\/www.em.com.br\/emfoco\/wp-json\/wp\/v2\/posts\/32990","targetHints":{"allow":["GET"]}}],"collection":[{"href":"https:\/\/www.em.com.br\/emfoco\/wp-json\/wp\/v2\/posts"}],"about":[{"href":"https:\/\/www.em.com.br\/emfoco\/wp-json\/wp\/v2\/types\/post"}],"author":[{"embeddable":true,"href":"https:\/\/www.em.com.br\/emfoco\/wp-json\/wp\/v2\/users\/5"}],"replies":[{"embeddable":true,"href":"https:\/\/www.em.com.br\/emfoco\/wp-json\/wp\/v2\/comments?post=32990"}],"version-history":[{"count":2,"href":"https:\/\/www.em.com.br\/emfoco\/wp-json\/wp\/v2\/posts\/32990\/revisions"}],"predecessor-version":[{"id":33000,"href":"https:\/\/www.em.com.br\/emfoco\/wp-json\/wp\/v2\/posts\/32990\/revisions\/33000"}],"wp:featuredmedia":[{"embeddable":true,"href":"https:\/\/www.em.com.br\/emfoco\/wp-json\/wp\/v2\/media\/32997"}],"wp:attachment":[{"href":"https:\/\/www.em.com.br\/emfoco\/wp-json\/wp\/v2\/media?parent=32990"}],"wp:term":[{"taxonomy":"category","embeddable":true,"href":"https:\/\/www.em.com.br\/emfoco\/wp-json\/wp\/v2\/categories?post=32990"},{"taxonomy":"post_tag","embeddable":true,"href":"https:\/\/www.em.com.br\/emfoco\/wp-json\/wp\/v2\/tags?post=32990"}],"curies":[{"name":"wp","href":"https:\/\/api.w.org\/{rel}","templated":true}]}}