{"id":32958,"date":"2025-04-07T09:20:00","date_gmt":"2025-04-07T12:20:00","guid":{"rendered":"https:\/\/www.em.com.br\/emfoco\/?p=32958"},"modified":"2025-03-27T13:15:22","modified_gmt":"2025-03-27T16:15:22","slug":"em-situacao-de-emergencia-saiba-como-sacar-seu-fgts-com-facilidade","status":"publish","type":"post","link":"https:\/\/www.em.com.br\/emfoco\/2025\/04\/07\/em-situacao-de-emergencia-saiba-como-sacar-seu-fgts-com-facilidade\/","title":{"rendered":"Em situa\u00e7\u00e3o de emerg\u00eancia? Saiba como sacar seu FGTS com facilidade!"},"content":{"rendered":"\n<p>O <strong>Fundo de Garantia do Tempo de Servi\u00e7o (FGTS)<\/strong> \u00e9 um direito dos trabalhadores brasileiros que pode ser acessado em situa\u00e7\u00f5es espec\u00edficas, como em casos de calamidade p\u00fablica. Em 2025, a <strong>Caixa Econ\u00f4mica Federal<\/strong> anunciou a libera\u00e7\u00e3o do saque do FGTS para trabalhadores afetados por inunda\u00e7\u00f5es em diversas cidades. Este benef\u00edcio visa auxiliar aqueles que sofreram perdas significativas devido a desastres naturais.<\/p>\n\n\n\n<p>Para acessar o saque, \u00e9 necess\u00e1rio que o trabalhador tenha <strong><a href=\"https:\/\/www.em.com.br\/emfoco\/2024\/12\/10\/novas-diretrizes-para-parcelamento-de-saldo-de-cartao-de-credito-no-brasil\/\" target=\"_blank\" rel=\"noreferrer noopener\">saldo<\/a><\/strong> positivo no FGTS e comprove que foi afetado pela calamidade. Al\u00e9m disso, \u00e9 importante que n\u00e3o tenha realizado movimenta\u00e7\u00f5es no fundo, nos \u00faltimos 12 meses. O prazo para solicitar o saque \u00e9 at\u00e9 22 de junho, permitindo que os trabalhadores utilizem o recurso para necessidades imediatas.<\/p>\n\n\n\n<h2 class=\"wp-block-heading\">Como solicitar o saque do FGTS?<\/h2>\n\n\n\n<p>O processo para solicitar o saque do FGTS em situa\u00e7\u00f5es de calamidade \u00e9 relativamente simples e pode ser feito de forma digital. A seguir, est\u00e3o os passos necess\u00e1rios para realizar a solicita\u00e7\u00e3o:<\/p>\n\n\n\n<ol class=\"wp-block-list\">\n<li>Baixar o aplicativo FGTS e completar o cadastro com as informa\u00e7\u00f5es pessoais.<\/li>\n\n\n\n<li>Selecionar a op\u00e7\u00e3o \u201cSolicitar seu saque 100% digital\u201d ou acessar o menu \u201cSaques\u201d e escolher \u201cSolicitar saque\u201d.<\/li>\n\n\n\n<li>Optar por \u201cCalamidade p\u00fablica\u201d e informar o nome do munic\u00edpio afetado.<\/li>\n\n\n\n<li>Selecionar o tipo de comprovante de endere\u00e7o e inserir o CEP e n\u00famero da resid\u00eancia.<\/li>\n\n\n\n<li>Enviar documentos como foto de identidade e comprovante de resid\u00eancia emitido at\u00e9 120 dias antes da calamidade.<\/li>\n\n\n\n<li>Escolher a conta para o cr\u00e9dito do valor, podendo ser uma conta <strong><a href=\"https:\/\/www.caixa.gov.br\/\" target=\"_blank\" rel=\"noreferrer noopener\">CAIXA<\/a><\/strong> ou de outro banco.<\/li>\n<\/ol>\n\n\n\n<figure class=\"wp-block-image size-large\"><img loading=\"lazy\" decoding=\"async\" width=\"1024\" height=\"576\" src=\"https:\/\/www.em.com.br\/emfoco\/wp-content\/uploads\/2025\/02\/PIS_PASEP_1738843592803-1024x576.jpg\" alt=\"Aposta certeira! Morador de cidade pequena fatura fortuna na Mega-Sena\" class=\"wp-image-17181\" srcset=\"https:\/\/www.em.com.br\/emfoco\/wp-content\/uploads\/2025\/02\/PIS_PASEP_1738843592803-1024x576.jpg 1024w, https:\/\/www.em.com.br\/emfoco\/wp-content\/uploads\/2025\/02\/PIS_PASEP_1738843592803-300x169.jpg 300w, https:\/\/www.em.com.br\/emfoco\/wp-content\/uploads\/2025\/02\/PIS_PASEP_1738843592803-768x432.jpg 768w, https:\/\/www.em.com.br\/emfoco\/wp-content\/uploads\/2025\/02\/PIS_PASEP_1738843592803-750x422.jpg 750w, https:\/\/www.em.com.br\/emfoco\/wp-content\/uploads\/2025\/02\/PIS_PASEP_1738843592803-1140x641.jpg 1140w, https:\/\/www.em.com.br\/emfoco\/wp-content\/uploads\/2025\/02\/PIS_PASEP_1738843592803.jpg 1280w\" sizes=\"auto, (max-width: 1024px) 100vw, 1024px\" \/><figcaption class=\"wp-element-caption\">Caixa &#8211; Cr\u00e9ditos: depositphotos.com \/ joasouza<\/figcaption><\/figure>\n\n\n\n<h2 class=\"wp-block-heading\">Quais cidades est\u00e3o em situa\u00e7\u00e3o de emerg\u00eancia?<\/h2>\n\n\n\n<p>A situa\u00e7\u00e3o de emerg\u00eancia \u00e9 decretada quando um desastre natural afeta significativamente uma regi\u00e3o, necessitando de a\u00e7\u00f5es r\u00e1pidas e eficazes para minimizar os danos. A publica\u00e7\u00e3o no <strong>Di\u00e1rio Oficial da Uni\u00e3o (DOU)<\/strong> inclui v\u00e1rias cidades que podem acessar recursos federais para a\u00e7\u00f5es de <strong>Defesa Civil<\/strong>. Entre as cidades afetadas est\u00e3o <strong>Cruzeiro do Sul, Feij\u00f3, M\u00e2ncio Lima, Marechal Thaumaturgo, Pl\u00e1cido de Castro, Porto Acre, Rodrigues Alves e Santa Rosa do Purus<\/strong>.<\/p>\n\n\n\n<p>Essas cidades agora t\u00eam a possibilidade de solicitar recursos para a\u00e7\u00f5es como a compra de cestas b\u00e1sicas, \u00e1gua mineral, refei\u00e7\u00f5es para trabalhadores e volunt\u00e1rios, al\u00e9m de kits de limpeza e higiene pessoal. Essa assist\u00eancia \u00e9 crucial para garantir que as comunidades afetadas possam se recuperar de forma mais r\u00e1pida e eficiente.<\/p>\n\n\n\n<h2 class=\"wp-block-heading\">Impactos das inunda\u00e7\u00f5es e riscos \u00e0 sa\u00fade<\/h2>\n\n\n\n<p>As inunda\u00e7\u00f5es trazem n\u00e3o apenas danos materiais, mas tamb\u00e9m riscos significativos \u00e0 sa\u00fade p\u00fablica. A cheia do <strong>Rio Acre<\/strong>, por exemplo, aumentou o risco de contamina\u00e7\u00e3o por doen\u00e7as na capital, exigindo medidas preventivas e de controle por parte das autoridades de sa\u00fade. \u00c9 essencial que a popula\u00e7\u00e3o afetada tenha acesso a informa\u00e7\u00f5es e recursos para minimizar esses riscos.<\/p>\n\n\n\n<p>Al\u00e9m disso, a colabora\u00e7\u00e3o entre governo federal, estadual e municipal \u00e9 fundamental para garantir que as a\u00e7\u00f5es de resposta sejam coordenadas e eficazes. A mobiliza\u00e7\u00e3o de recursos e a implementa\u00e7\u00e3o de medidas de preven\u00e7\u00e3o e mitiga\u00e7\u00e3o s\u00e3o passos importantes para proteger a sa\u00fade e o bem-estar das comunidades afetadas.<\/p>\n","protected":false},"excerpt":{"rendered":"<p>O Fundo de Garantia do Tempo de Servi\u00e7o (FGTS) \u00e9 um direito dos trabalhadores brasileiros que pode ser acessado em situa\u00e7\u00f5es espec\u00edficas, como em casos de calamidade p\u00fablica. Em 2025, a Caixa Econ\u00f4mica Federal anunciou a libera\u00e7\u00e3o do saque do FGTS para trabalhadores afetados por inunda\u00e7\u00f5es em diversas cidades. Este benef\u00edcio visa auxiliar aqueles que [&hellip;]<\/p>\n","protected":false},"author":5,"featured_media":14751,"comment_status":"open","ping_status":"open","sticky":false,"template":"","format":"standard","meta":{"jnews-multi-image_gallery":[],"jnews_single_post":{"format":"standard"},"jnews_primary_category":[],"jnews_social_meta":[],"jnews_override_counter":[],"footnotes":""},"categories":[28,1],"tags":[6867,1036,6868,6866],"class_list":["post-32958","post","type-post","status-publish","format-standard","has-post-thumbnail","hentry","category-economia","category-noticias","tag-calamidade","tag-fgts","tag-inundacoes","tag-saque-fgts"],"yoast_head":"<!-- This site is optimized with the Yoast SEO plugin v23.8 - https:\/\/yoast.com\/wordpress\/plugins\/seo\/ -->\n<title>Em situa\u00e7\u00e3o de emerg\u00eancia? Saiba como sacar seu FGTS com facilidade! - Estado de Minas - Em foco<\/title>\n<meta name=\"description\" content=\"Acesse o saque do FGTS para situa\u00e7\u00f5es de calamidade p\u00fablica. Passo a passo f\u00e1cil para trabalhadores afetados por desastres!\" \/>\n<meta name=\"robots\" content=\"index, follow, max-snippet:-1, max-image-preview:large, max-video-preview:-1\" \/>\n<link rel=\"canonical\" href=\"https:\/\/www.em.com.br\/emfoco\/2025\/04\/07\/em-situacao-de-emergencia-saiba-como-sacar-seu-fgts-com-facilidade\/\" \/>\n<meta property=\"og:locale\" content=\"pt_BR\" \/>\n<meta property=\"og:type\" content=\"article\" \/>\n<meta property=\"og:title\" content=\"Em situa\u00e7\u00e3o de emerg\u00eancia? Saiba como sacar seu FGTS com facilidade! - Estado de Minas - Em foco\" \/>\n<meta property=\"og:description\" content=\"Acesse o saque do FGTS para situa\u00e7\u00f5es de calamidade p\u00fablica. Passo a passo f\u00e1cil para trabalhadores afetados por desastres!\" \/>\n<meta property=\"og:url\" content=\"https:\/\/www.em.com.br\/emfoco\/2025\/04\/07\/em-situacao-de-emergencia-saiba-como-sacar-seu-fgts-com-facilidade\/\" \/>\n<meta property=\"og:site_name\" content=\"Estado de Minas - Em foco\" \/>\n<meta property=\"article:published_time\" content=\"2025-04-07T12:20:00+00:00\" \/>\n<meta property=\"article:modified_time\" content=\"2025-03-27T16:15:22+00:00\" \/>\n<meta property=\"og:image\" content=\"https:\/\/www.em.com.br\/emfoco\/wp-content\/uploads\/2025\/01\/dinheiro-brasil_1738187229576.jpg\" \/>\n\t<meta property=\"og:image:width\" content=\"1280\" \/>\n\t<meta property=\"og:image:height\" content=\"720\" \/>\n\t<meta property=\"og:image:type\" content=\"image\/jpeg\" \/>\n<meta name=\"author\" content=\"N\u00fabia Rangel\" \/>\n<meta name=\"twitter:card\" content=\"summary_large_image\" \/>\n<meta name=\"twitter:label1\" content=\"Escrito por\" \/>\n\t<meta name=\"twitter:data1\" content=\"N\u00fabia Rangel\" \/>\n\t<meta name=\"twitter:label2\" content=\"Est. tempo de leitura\" \/>\n\t<meta name=\"twitter:data2\" content=\"4 minutos\" \/>\n<!-- \/ Yoast SEO plugin. -->","yoast_head_json":{"title":"Em situa\u00e7\u00e3o de emerg\u00eancia? Saiba como sacar seu FGTS com facilidade! - Estado de Minas - Em foco","description":"Acesse o saque do FGTS para situa\u00e7\u00f5es de calamidade p\u00fablica. Passo a passo f\u00e1cil para trabalhadores afetados por desastres!","robots":{"index":"index","follow":"follow","max-snippet":"max-snippet:-1","max-image-preview":"max-image-preview:large","max-video-preview":"max-video-preview:-1"},"canonical":"https:\/\/www.em.com.br\/emfoco\/2025\/04\/07\/em-situacao-de-emergencia-saiba-como-sacar-seu-fgts-com-facilidade\/","og_locale":"pt_BR","og_type":"article","og_title":"Em situa\u00e7\u00e3o de emerg\u00eancia? Saiba como sacar seu FGTS com facilidade! - Estado de Minas - Em foco","og_description":"Acesse o saque do FGTS para situa\u00e7\u00f5es de calamidade p\u00fablica. Passo a passo f\u00e1cil para trabalhadores afetados por desastres!","og_url":"https:\/\/www.em.com.br\/emfoco\/2025\/04\/07\/em-situacao-de-emergencia-saiba-como-sacar-seu-fgts-com-facilidade\/","og_site_name":"Estado de Minas - Em foco","article_published_time":"2025-04-07T12:20:00+00:00","article_modified_time":"2025-03-27T16:15:22+00:00","og_image":[{"width":1280,"height":720,"url":"https:\/\/www.em.com.br\/emfoco\/wp-content\/uploads\/2025\/01\/dinheiro-brasil_1738187229576.jpg","type":"image\/jpeg"}],"author":"N\u00fabia Rangel","twitter_card":"summary_large_image","twitter_misc":{"Escrito por":"N\u00fabia Rangel","Est. tempo de leitura":"4 minutos"},"schema":{"@context":"https:\/\/schema.org","@graph":[{"@type":"WebPage","@id":"https:\/\/www.em.com.br\/emfoco\/2025\/04\/07\/em-situacao-de-emergencia-saiba-como-sacar-seu-fgts-com-facilidade\/","url":"https:\/\/www.em.com.br\/emfoco\/2025\/04\/07\/em-situacao-de-emergencia-saiba-como-sacar-seu-fgts-com-facilidade\/","name":"Em situa\u00e7\u00e3o de emerg\u00eancia? Saiba como sacar seu FGTS com facilidade! - Estado de Minas - Em foco","isPartOf":{"@id":"https:\/\/www.em.com.br\/emfoco\/#website"},"primaryImageOfPage":{"@id":"https:\/\/www.em.com.br\/emfoco\/2025\/04\/07\/em-situacao-de-emergencia-saiba-como-sacar-seu-fgts-com-facilidade\/#primaryimage"},"image":{"@id":"https:\/\/www.em.com.br\/emfoco\/2025\/04\/07\/em-situacao-de-emergencia-saiba-como-sacar-seu-fgts-com-facilidade\/#primaryimage"},"thumbnailUrl":"https:\/\/www.em.com.br\/emfoco\/wp-content\/uploads\/2025\/01\/dinheiro-brasil_1738187229576.jpg","datePublished":"2025-04-07T12:20:00+00:00","dateModified":"2025-03-27T16:15:22+00:00","author":{"@id":"https:\/\/www.em.com.br\/emfoco\/#\/schema\/person\/524437ef54f8a5d32591b143307f2e20"},"description":"Acesse o saque do FGTS para situa\u00e7\u00f5es de calamidade p\u00fablica. Passo a passo f\u00e1cil para trabalhadores afetados por desastres!","breadcrumb":{"@id":"https:\/\/www.em.com.br\/emfoco\/2025\/04\/07\/em-situacao-de-emergencia-saiba-como-sacar-seu-fgts-com-facilidade\/#breadcrumb"},"inLanguage":"pt-BR","potentialAction":[{"@type":"ReadAction","target":["https:\/\/www.em.com.br\/emfoco\/2025\/04\/07\/em-situacao-de-emergencia-saiba-como-sacar-seu-fgts-com-facilidade\/"]}]},{"@type":"ImageObject","inLanguage":"pt-BR","@id":"https:\/\/www.em.com.br\/emfoco\/2025\/04\/07\/em-situacao-de-emergencia-saiba-como-sacar-seu-fgts-com-facilidade\/#primaryimage","url":"https:\/\/www.em.com.br\/emfoco\/wp-content\/uploads\/2025\/01\/dinheiro-brasil_1738187229576.jpg","contentUrl":"https:\/\/www.em.com.br\/emfoco\/wp-content\/uploads\/2025\/01\/dinheiro-brasil_1738187229576.jpg","width":1280,"height":720,"caption":"Imagem Ilustrativa de Dinheiro - Cr\u00e9ditos: depositphotos.com \/ verganifotografia"},{"@type":"BreadcrumbList","@id":"https:\/\/www.em.com.br\/emfoco\/2025\/04\/07\/em-situacao-de-emergencia-saiba-como-sacar-seu-fgts-com-facilidade\/#breadcrumb","itemListElement":[{"@type":"ListItem","position":1,"name":"In\u00edcio","item":"https:\/\/www.em.com.br\/emfoco\/"},{"@type":"ListItem","position":2,"name":"Em situa\u00e7\u00e3o de emerg\u00eancia? Saiba como sacar seu FGTS com facilidade!"}]},{"@type":"WebSite","@id":"https:\/\/www.em.com.br\/emfoco\/#website","url":"https:\/\/www.em.com.br\/emfoco\/","name":"Estado de Minas - Em foco","description":"Acompanhe as \u00faltimas not\u00edcias e fique bem informado sobre tudo o que acontece em Minas Gerais, Brasil e no mundo.","potentialAction":[{"@type":"SearchAction","target":{"@type":"EntryPoint","urlTemplate":"https:\/\/www.em.com.br\/emfoco\/?s={search_term_string}"},"query-input":{"@type":"PropertyValueSpecification","valueRequired":true,"valueName":"search_term_string"}}],"inLanguage":"pt-BR"},{"@type":"Person","@id":"https:\/\/www.em.com.br\/emfoco\/#\/schema\/person\/524437ef54f8a5d32591b143307f2e20","name":"N\u00fabia Rangel","image":{"@type":"ImageObject","inLanguage":"pt-BR","@id":"https:\/\/www.em.com.br\/emfoco\/#\/schema\/person\/image\/","url":"https:\/\/secure.gravatar.com\/avatar\/47cff2827a5ba23c37e8068c86817ea4?s=96&d=mm&r=g","contentUrl":"https:\/\/secure.gravatar.com\/avatar\/47cff2827a5ba23c37e8068c86817ea4?s=96&d=mm&r=g","caption":"N\u00fabia Rangel"},"sameAs":["https:\/\/www.em.com.br\/emfoco\/"],"url":"https:\/\/www.em.com.br\/emfoco\/author\/nubiamyth\/"}]}},"_links":{"self":[{"href":"https:\/\/www.em.com.br\/emfoco\/wp-json\/wp\/v2\/posts\/32958","targetHints":{"allow":["GET"]}}],"collection":[{"href":"https:\/\/www.em.com.br\/emfoco\/wp-json\/wp\/v2\/posts"}],"about":[{"href":"https:\/\/www.em.com.br\/emfoco\/wp-json\/wp\/v2\/types\/post"}],"author":[{"embeddable":true,"href":"https:\/\/www.em.com.br\/emfoco\/wp-json\/wp\/v2\/users\/5"}],"replies":[{"embeddable":true,"href":"https:\/\/www.em.com.br\/emfoco\/wp-json\/wp\/v2\/comments?post=32958"}],"version-history":[{"count":2,"href":"https:\/\/www.em.com.br\/emfoco\/wp-json\/wp\/v2\/posts\/32958\/revisions"}],"predecessor-version":[{"id":32965,"href":"https:\/\/www.em.com.br\/emfoco\/wp-json\/wp\/v2\/posts\/32958\/revisions\/32965"}],"wp:featuredmedia":[{"embeddable":true,"href":"https:\/\/www.em.com.br\/emfoco\/wp-json\/wp\/v2\/media\/14751"}],"wp:attachment":[{"href":"https:\/\/www.em.com.br\/emfoco\/wp-json\/wp\/v2\/media?parent=32958"}],"wp:term":[{"taxonomy":"category","embeddable":true,"href":"https:\/\/www.em.com.br\/emfoco\/wp-json\/wp\/v2\/categories?post=32958"},{"taxonomy":"post_tag","embeddable":true,"href":"https:\/\/www.em.com.br\/emfoco\/wp-json\/wp\/v2\/tags?post=32958"}],"curies":[{"name":"wp","href":"https:\/\/api.w.org\/{rel}","templated":true}]}}