{"id":32914,"date":"2025-03-28T22:40:20","date_gmt":"2025-03-29T01:40:20","guid":{"rendered":"https:\/\/www.em.com.br\/emfoco\/?p=32914"},"modified":"2025-03-27T11:33:03","modified_gmt":"2025-03-27T14:33:03","slug":"aprenda-a-cultivar-morangos-doces-e-suculentos-no-quintal","status":"publish","type":"post","link":"https:\/\/www.em.com.br\/emfoco\/2025\/03\/28\/aprenda-a-cultivar-morangos-doces-e-suculentos-no-quintal\/","title":{"rendered":"Aprenda a cultivar morangos doces e suculentos no quintal"},"content":{"rendered":"\n<p>O <strong>morango<\/strong> \u00e9 uma fruta deliciosa, rica em vitaminas e f\u00e1cil de cultivar. Seja em <a href=\"https:\/\/www.em.com.br\/emfoco\/2025\/03\/11\/o-que-plantar-em-canteiros-elevados-veja-as-melhores-hortalicas-e-flores\/\" target=\"_blank\" rel=\"noreferrer noopener\">canteiros<\/a>, vasos ou suspensos, com os cuidados adequados, \u00e9 poss\u00edvel obter frutos suculentos em casa. Aprenda agora como plantar e cuidar do <strong>morango<\/strong> corretamente.<\/p>\n\n\n\n<h2 class=\"wp-block-heading\">Qual o melhor local para plantar?<\/h2>\n\n\n\n<p>O <strong>morango<\/strong> precisa de <strong>muito sol<\/strong>, com pelo menos <strong>6 horas di\u00e1rias de luz direta<\/strong>. Prefere locais com <strong>temperaturas entre 13\u00b0C e 26\u00b0C<\/strong> e protegidos de ventos fortes.<\/p>\n\n\n\n<h2 class=\"wp-block-heading\">Qual o solo ideal para morango?<\/h2>\n\n\n\n<p>Para um bom crescimento, o solo deve ser:<\/p>\n\n\n\n<ul class=\"wp-block-list\">\n<li><strong>Bem drenado e leve<\/strong>, evitando ac\u00famulo de \u00e1gua;<\/li>\n\n\n\n<li><strong>Rico em mat\u00e9ria org\u00e2nica<\/strong>, como composto ou esterco curtido;<\/li>\n\n\n\n<li>Com pH entre <strong>5,5 e 6,5<\/strong>.<\/li>\n<\/ul>\n\n\n\n<p>Misturar areia ao solo ajuda na drenagem, evitando que as ra\u00edzes apodre\u00e7am.<\/p>\n\n\n\n<h2 class=\"wp-block-heading\">Como plantar por sementes e mudas?<\/h2>\n\n\n\n<p>O morango pode ser cultivado tanto por <strong>sementes<\/strong> quanto por <strong>mudas<\/strong>:<\/p>\n\n\n\n<h3 class=\"wp-block-heading\">Plantio por sementes:<\/h3>\n\n\n\n<ol class=\"wp-block-list\">\n<li>Plante as sementes em bandejas de <a href=\"https:\/\/educador.brasilescola.uol.com.br\/estrategias-ensino\/germinacao-.htm#:~:text=A%20germina%C3%A7%C3%A3o%20%C3%A9%20o%20processo,de%20%C3%A1gua%2C%20oxig%C3%AAnio%20e%20luz.\" target=\"_blank\" rel=\"noreferrer noopener\">germina\u00e7\u00e3o <\/a>ou vasos pequenos.<\/li>\n\n\n\n<li>Mantenha a terra sempre \u00famida, mas sem encharcar.<\/li>\n\n\n\n<li>A germina\u00e7\u00e3o ocorre entre <strong>15 e 30 dias<\/strong>.<\/li>\n\n\n\n<li>Quando as mudas atingirem <strong>5 cm<\/strong>, transplante para um local definitivo.<\/li>\n<\/ol>\n\n\n\n<h3 class=\"wp-block-heading\">Plantio por mudas:<\/h3>\n\n\n\n<ol class=\"wp-block-list\">\n<li>Escolha mudas saud\u00e1veis, de viveiros confi\u00e1veis.<\/li>\n\n\n\n<li>Plante mantendo <strong>25 a 30 cm de espa\u00e7amento<\/strong> entre elas.<\/li>\n\n\n\n<li>Evite enterrar o &#8220;coroa&#8221;, a parte central da muda.<\/li>\n<\/ol>\n\n\n\n<h2 class=\"wp-block-heading\">Como regar corretamente?<\/h2>\n\n\n\n<p>A rega deve ser equilibrada para manter o solo sempre levemente \u00famido:<\/p>\n\n\n\n<ul class=\"wp-block-list\">\n<li>Regue <strong>1 a 2 vezes ao dia<\/strong> em dias quentes;<\/li>\n\n\n\n<li>No inverno, reduza a rega para evitar excesso de umidade;<\/li>\n\n\n\n<li>Evite molhar diretamente as folhas para prevenir fungos.<\/li>\n<\/ul>\n\n\n<div class=\"wp-block-image\">\n<figure class=\"aligncenter size-large\"><img loading=\"lazy\" decoding=\"async\" width=\"1024\" height=\"576\" src=\"https:\/\/www.em.com.br\/emfoco\/wp-content\/uploads\/2025\/03\/morangos-em-vasos_1741619700945-1024x576.jpg\" alt=\"\" class=\"wp-image-26997\" srcset=\"https:\/\/www.em.com.br\/emfoco\/wp-content\/uploads\/2025\/03\/morangos-em-vasos_1741619700945-1024x576.jpg 1024w, https:\/\/www.em.com.br\/emfoco\/wp-content\/uploads\/2025\/03\/morangos-em-vasos_1741619700945-300x169.jpg 300w, https:\/\/www.em.com.br\/emfoco\/wp-content\/uploads\/2025\/03\/morangos-em-vasos_1741619700945-768x432.jpg 768w, https:\/\/www.em.com.br\/emfoco\/wp-content\/uploads\/2025\/03\/morangos-em-vasos_1741619700945-750x422.jpg 750w, https:\/\/www.em.com.br\/emfoco\/wp-content\/uploads\/2025\/03\/morangos-em-vasos_1741619700945-1140x641.jpg 1140w, https:\/\/www.em.com.br\/emfoco\/wp-content\/uploads\/2025\/03\/morangos-em-vasos_1741619700945.jpg 1280w\" sizes=\"auto, (max-width: 1024px) 100vw, 1024px\" \/><figcaption class=\"wp-element-caption\">Morango em vaso &#8211; Cr\u00e9ditos: depositphotos.com \/ poringdown@gmail.com<\/figcaption><\/figure><\/div>\n\n\n<h2 class=\"wp-block-heading\">Como adubar ?<\/h2>\n\n\n\n<p>A aduba\u00e7\u00e3o \u00e9 essencial para um crescimento saud\u00e1vel:<\/p>\n\n\n\n<ul class=\"wp-block-list\">\n<li><strong>Antes do plantio<\/strong>: misture esterco curtido e farinha de ossos ao solo;<\/li>\n\n\n\n<li><strong>Durante o crescimento<\/strong>: aplique NPK <strong>4-14-8<\/strong> a cada <strong>20 dias<\/strong>;<\/li>\n\n\n\n<li><strong>Na frutifica\u00e7\u00e3o<\/strong>: incremente com pot\u00e1ssio para melhorar a qualidade dos frutos.<\/li>\n<\/ul>\n\n\n\n<h2 class=\"wp-block-heading\">Como evitar pragas e doen\u00e7as no morango?<\/h2>\n\n\n\n<p>O <strong>morango<\/strong> pode ser atacado por <strong>pulg\u00f5es, \u00e1caros e fungos<\/strong>. Para preveni-los:<\/p>\n\n\n\n<ul class=\"wp-block-list\">\n<li>Use <strong>\u00f3leo de neem<\/strong> para afastar insetos;<\/li>\n\n\n\n<li>Evite excesso de umidade para prevenir mofo cinzento;<\/li>\n\n\n\n<li>Plante <strong>cebolinha ou manjeric\u00e3o<\/strong> por perto, que ajudam a repelir pragas.<\/li>\n<\/ul>\n\n\n\n<h2 class=\"wp-block-heading\">Quando e como colher?<\/h2>\n\n\n\n<p>A colheita ocorre <strong>60 a 90 dias ap\u00f3s o plantio<\/strong>:<\/p>\n\n\n\n<ul class=\"wp-block-list\">\n<li>O morango est\u00e1 maduro quando fica <strong>vermelho brilhante<\/strong>;<\/li>\n\n\n\n<li>Colha delicadamente segurando o cabinho da fruta;<\/li>\n\n\n\n<li>Consuma ou conserve rapidamente, pois \u00e9 um fruto delicado.<\/li>\n<\/ul>\n\n\n\n<h2 class=\"wp-block-heading\">FAQ &#8211; Perguntas Frequentes<\/h2>\n\n\n\n<p><strong>1. Posso plantar morango em vaso?<\/strong><br>Sim! Use vasos com pelo menos <strong>20 cm de profundidade<\/strong> e boa drenagem.<\/p>\n\n\n\n<p><strong>2. Morango precisa de muito espa\u00e7o para crescer?<\/strong><br>N\u00e3o, desde que cada planta tenha <strong>25 cm de espa\u00e7o<\/strong>, pode ser cultivado em pequenos espa\u00e7os.<\/p>\n\n\n\n<p><strong>3. Qual a melhor \u00e9poca para plantar morango?<\/strong><br>O outono \u00e9 a melhor \u00e9poca, mas em climas amenos pode ser plantado o ano todo.<\/p>\n\n\n\n<p><strong>4. Como evitar que os morangos fiquem pequenos?<\/strong><br>Mantenha uma aduba\u00e7\u00e3o equilibrada e retire mudas laterais para concentrar energia nos frutos.<\/p>\n\n\n\n<p><strong>5. Quanto tempo dura um pezinho de morango?<\/strong><br>O morango \u00e9 perene, mas a produ\u00e7\u00e3o diminui ap\u00f3s <strong>2 a 3 anos<\/strong>. Recomenda-se renovar as mudas.<\/p>\n","protected":false},"excerpt":{"rendered":"<p>O morango \u00e9 uma fruta deliciosa, rica em vitaminas e f\u00e1cil de cultivar. Seja em canteiros, vasos ou suspensos, com os cuidados adequados, \u00e9 poss\u00edvel obter frutos suculentos em casa. Aprenda agora como plantar e cuidar do morango corretamente. Qual o melhor local para plantar? O morango precisa de muito sol, com pelo menos 6 [&hellip;]<\/p>\n","protected":false},"author":9,"featured_media":32924,"comment_status":"open","ping_status":"open","sticky":false,"template":"","format":"standard","meta":{"jnews-multi-image_gallery":[],"jnews_single_post":{"format":"standard"},"jnews_primary_category":[],"jnews_social_meta":[],"jnews_override_counter":[],"footnotes":""},"categories":[29,1],"tags":[6858,6859,3818,3757],"class_list":["post-32914","post","type-post","status-publish","format-standard","has-post-thumbnail","hentry","category-entretenimento","category-noticias","tag-como-plantar-morango","tag-cultivo-de-morango","tag-horta-caseira","tag-morango"],"yoast_head":"<!-- This site is optimized with the Yoast SEO plugin v23.8 - https:\/\/yoast.com\/wordpress\/plugins\/seo\/ -->\n<title>Aprenda a cultivar morangos doces e suculentos no quintal<\/title>\n<meta name=\"description\" content=\"Aprenda como plantar morangos em casa, com dicas de solo, rega e colheita para ter frutos doces e saud\u00e1veis.\" \/>\n<meta name=\"robots\" content=\"index, follow, max-snippet:-1, max-image-preview:large, max-video-preview:-1\" \/>\n<link rel=\"canonical\" href=\"https:\/\/www.em.com.br\/emfoco\/2025\/03\/28\/aprenda-a-cultivar-morangos-doces-e-suculentos-no-quintal\/\" \/>\n<meta property=\"og:locale\" content=\"pt_BR\" \/>\n<meta property=\"og:type\" content=\"article\" \/>\n<meta property=\"og:title\" content=\"Aprenda a cultivar morangos doces e suculentos no quintal\" \/>\n<meta property=\"og:description\" content=\"Aprenda como plantar morangos em casa, com dicas de solo, rega e colheita para ter frutos doces e saud\u00e1veis.\" \/>\n<meta property=\"og:url\" content=\"https:\/\/www.em.com.br\/emfoco\/2025\/03\/28\/aprenda-a-cultivar-morangos-doces-e-suculentos-no-quintal\/\" \/>\n<meta property=\"og:site_name\" content=\"Estado de Minas - Em foco\" \/>\n<meta property=\"article:published_time\" content=\"2025-03-29T01:40:20+00:00\" \/>\n<meta property=\"article:modified_time\" content=\"2025-03-27T14:33:03+00:00\" \/>\n<meta property=\"og:image\" content=\"https:\/\/www.em.com.br\/emfoco\/wp-content\/uploads\/2025\/03\/morango_1743085770880.jpg\" \/>\n\t<meta property=\"og:image:width\" content=\"1280\" \/>\n\t<meta property=\"og:image:height\" content=\"720\" \/>\n\t<meta property=\"og:image:type\" content=\"image\/jpeg\" \/>\n<meta name=\"author\" content=\"Daniely Cardoso\" \/>\n<meta name=\"twitter:card\" content=\"summary_large_image\" \/>\n<meta name=\"twitter:label1\" content=\"Escrito por\" \/>\n\t<meta name=\"twitter:data1\" content=\"Daniely Cardoso\" \/>\n\t<meta name=\"twitter:label2\" content=\"Est. tempo de leitura\" \/>\n\t<meta name=\"twitter:data2\" content=\"4 minutos\" \/>\n<!-- \/ Yoast SEO plugin. -->","yoast_head_json":{"title":"Aprenda a cultivar morangos doces e suculentos no quintal","description":"Aprenda como plantar morangos em casa, com dicas de solo, rega e colheita para ter frutos doces e saud\u00e1veis.","robots":{"index":"index","follow":"follow","max-snippet":"max-snippet:-1","max-image-preview":"max-image-preview:large","max-video-preview":"max-video-preview:-1"},"canonical":"https:\/\/www.em.com.br\/emfoco\/2025\/03\/28\/aprenda-a-cultivar-morangos-doces-e-suculentos-no-quintal\/","og_locale":"pt_BR","og_type":"article","og_title":"Aprenda a cultivar morangos doces e suculentos no quintal","og_description":"Aprenda como plantar morangos em casa, com dicas de solo, rega e colheita para ter frutos doces e saud\u00e1veis.","og_url":"https:\/\/www.em.com.br\/emfoco\/2025\/03\/28\/aprenda-a-cultivar-morangos-doces-e-suculentos-no-quintal\/","og_site_name":"Estado de Minas - Em foco","article_published_time":"2025-03-29T01:40:20+00:00","article_modified_time":"2025-03-27T14:33:03+00:00","og_image":[{"width":1280,"height":720,"url":"https:\/\/www.em.com.br\/emfoco\/wp-content\/uploads\/2025\/03\/morango_1743085770880.jpg","type":"image\/jpeg"}],"author":"Daniely Cardoso","twitter_card":"summary_large_image","twitter_misc":{"Escrito por":"Daniely Cardoso","Est. tempo de leitura":"4 minutos"},"schema":{"@context":"https:\/\/schema.org","@graph":[{"@type":"WebPage","@id":"https:\/\/www.em.com.br\/emfoco\/2025\/03\/28\/aprenda-a-cultivar-morangos-doces-e-suculentos-no-quintal\/","url":"https:\/\/www.em.com.br\/emfoco\/2025\/03\/28\/aprenda-a-cultivar-morangos-doces-e-suculentos-no-quintal\/","name":"Aprenda a cultivar morangos doces e suculentos no quintal","isPartOf":{"@id":"https:\/\/www.em.com.br\/emfoco\/#website"},"primaryImageOfPage":{"@id":"https:\/\/www.em.com.br\/emfoco\/2025\/03\/28\/aprenda-a-cultivar-morangos-doces-e-suculentos-no-quintal\/#primaryimage"},"image":{"@id":"https:\/\/www.em.com.br\/emfoco\/2025\/03\/28\/aprenda-a-cultivar-morangos-doces-e-suculentos-no-quintal\/#primaryimage"},"thumbnailUrl":"https:\/\/www.em.com.br\/emfoco\/wp-content\/uploads\/2025\/03\/morango_1743085770880.jpg","datePublished":"2025-03-29T01:40:20+00:00","dateModified":"2025-03-27T14:33:03+00:00","author":{"@id":"https:\/\/www.em.com.br\/emfoco\/#\/schema\/person\/0a8186d72f2c3a5c6276d90b41f271a0"},"description":"Aprenda como plantar morangos em casa, com dicas de solo, rega e colheita para ter frutos doces e saud\u00e1veis.","breadcrumb":{"@id":"https:\/\/www.em.com.br\/emfoco\/2025\/03\/28\/aprenda-a-cultivar-morangos-doces-e-suculentos-no-quintal\/#breadcrumb"},"inLanguage":"pt-BR","potentialAction":[{"@type":"ReadAction","target":["https:\/\/www.em.com.br\/emfoco\/2025\/03\/28\/aprenda-a-cultivar-morangos-doces-e-suculentos-no-quintal\/"]}]},{"@type":"ImageObject","inLanguage":"pt-BR","@id":"https:\/\/www.em.com.br\/emfoco\/2025\/03\/28\/aprenda-a-cultivar-morangos-doces-e-suculentos-no-quintal\/#primaryimage","url":"https:\/\/www.em.com.br\/emfoco\/wp-content\/uploads\/2025\/03\/morango_1743085770880.jpg","contentUrl":"https:\/\/www.em.com.br\/emfoco\/wp-content\/uploads\/2025\/03\/morango_1743085770880.jpg","width":1280,"height":720,"caption":"Morango - Cr\u00e9ditos: depositphotos.com \/ tarasvg"},{"@type":"BreadcrumbList","@id":"https:\/\/www.em.com.br\/emfoco\/2025\/03\/28\/aprenda-a-cultivar-morangos-doces-e-suculentos-no-quintal\/#breadcrumb","itemListElement":[{"@type":"ListItem","position":1,"name":"In\u00edcio","item":"https:\/\/www.em.com.br\/emfoco\/"},{"@type":"ListItem","position":2,"name":"Aprenda a cultivar morangos doces e suculentos no quintal"}]},{"@type":"WebSite","@id":"https:\/\/www.em.com.br\/emfoco\/#website","url":"https:\/\/www.em.com.br\/emfoco\/","name":"Estado de Minas - Em foco","description":"Acompanhe as \u00faltimas not\u00edcias e fique bem informado sobre tudo o que acontece em Minas Gerais, Brasil e no mundo.","potentialAction":[{"@type":"SearchAction","target":{"@type":"EntryPoint","urlTemplate":"https:\/\/www.em.com.br\/emfoco\/?s={search_term_string}"},"query-input":{"@type":"PropertyValueSpecification","valueRequired":true,"valueName":"search_term_string"}}],"inLanguage":"pt-BR"},{"@type":"Person","@id":"https:\/\/www.em.com.br\/emfoco\/#\/schema\/person\/0a8186d72f2c3a5c6276d90b41f271a0","name":"Daniely Cardoso","image":{"@type":"ImageObject","inLanguage":"pt-BR","@id":"https:\/\/www.em.com.br\/emfoco\/#\/schema\/person\/image\/","url":"https:\/\/secure.gravatar.com\/avatar\/4b80ddbd124d1f071b626d52d62e5dff?s=96&d=mm&r=g","contentUrl":"https:\/\/secure.gravatar.com\/avatar\/4b80ddbd124d1f071b626d52d62e5dff?s=96&d=mm&r=g","caption":"Daniely Cardoso"},"url":"https:\/\/www.em.com.br\/emfoco\/author\/danielymyth\/"}]}},"_links":{"self":[{"href":"https:\/\/www.em.com.br\/emfoco\/wp-json\/wp\/v2\/posts\/32914","targetHints":{"allow":["GET"]}}],"collection":[{"href":"https:\/\/www.em.com.br\/emfoco\/wp-json\/wp\/v2\/posts"}],"about":[{"href":"https:\/\/www.em.com.br\/emfoco\/wp-json\/wp\/v2\/types\/post"}],"author":[{"embeddable":true,"href":"https:\/\/www.em.com.br\/emfoco\/wp-json\/wp\/v2\/users\/9"}],"replies":[{"embeddable":true,"href":"https:\/\/www.em.com.br\/emfoco\/wp-json\/wp\/v2\/comments?post=32914"}],"version-history":[{"count":3,"href":"https:\/\/www.em.com.br\/emfoco\/wp-json\/wp\/v2\/posts\/32914\/revisions"}],"predecessor-version":[{"id":32928,"href":"https:\/\/www.em.com.br\/emfoco\/wp-json\/wp\/v2\/posts\/32914\/revisions\/32928"}],"wp:featuredmedia":[{"embeddable":true,"href":"https:\/\/www.em.com.br\/emfoco\/wp-json\/wp\/v2\/media\/32924"}],"wp:attachment":[{"href":"https:\/\/www.em.com.br\/emfoco\/wp-json\/wp\/v2\/media?parent=32914"}],"wp:term":[{"taxonomy":"category","embeddable":true,"href":"https:\/\/www.em.com.br\/emfoco\/wp-json\/wp\/v2\/categories?post=32914"},{"taxonomy":"post_tag","embeddable":true,"href":"https:\/\/www.em.com.br\/emfoco\/wp-json\/wp\/v2\/tags?post=32914"}],"curies":[{"name":"wp","href":"https:\/\/api.w.org\/{rel}","templated":true}]}}