{"id":32906,"date":"2025-04-01T13:20:00","date_gmt":"2025-04-01T16:20:00","guid":{"rendered":"https:\/\/www.em.com.br\/emfoco\/?p=32906"},"modified":"2025-03-28T15:41:33","modified_gmt":"2025-03-28T18:41:33","slug":"carro-zero-a-partir-de-r-77-mil-veja-as-opcoes-mais-baratas","status":"publish","type":"post","link":"https:\/\/www.em.com.br\/emfoco\/2025\/04\/01\/carro-zero-a-partir-de-r-77-mil-veja-as-opcoes-mais-baratas\/","title":{"rendered":"Carro zero a partir de R$ 77 mil? Veja as op\u00e7\u00f5es mais baratas"},"content":{"rendered":"\n<p>Nos \u00faltimos anos, o mercado automotivo brasileiro tem enfrentado uma s\u00e9rie de desafios, desde a pandemia de <a href=\"https:\/\/www.gov.br\/saude\/pt-br\/assuntos\/saude-de-a-a-z\/c\/covid-19\" target=\"_blank\" rel=\"noreferrer noopener\"><strong>Covid-19<\/strong> <\/a>at\u00e9 a crise global de fornecimento de chips. Esses fatores contribu\u00edram para um aumento significativo nos pre\u00e7os dos ve\u00edculos novos. Em 2025, embora os pre\u00e7os tenham se estabilizado um pouco, ainda \u00e9 necess\u00e1rio desembolsar uma quantia consider\u00e1vel para adquirir um carro zero quil\u00f4metro. Este artigo explora os modelos mais acess\u00edveis dispon\u00edveis atualmente no <strong>Brasil<\/strong>.<\/p>\n\n\n\n<p>Com pre\u00e7os que come\u00e7am em torno de R$ 77.240, os consumidores podem encontrar op\u00e7\u00f5es que, embora b\u00e1sicas, oferecem o essencial para o dia a dia. A seguir, detalhamos algumas das op\u00e7\u00f5es mais econ\u00f4micas, destacando suas caracter\u00edsticas principais e pre\u00e7os de tabela.<\/p>\n\n\n\n<h2 class=\"wp-block-heading\">Qual \u00e9 o carro mais barato de 2025?<\/h2>\n\n\n\n<p>O t\u00edtulo de carro mais barato do Brasil em 2025 vai para o <strong>Renault Kwid<\/strong>. A vers\u00e3o Zen 1.0 do Kwid \u00e9 oferecida por R$ 77.240. Este subcompacto \u00e9 frequentemente comparado ao <strong>Fiat Mobi<\/strong>, com ambos alternando a lideran\u00e7a em termos de pre\u00e7o. O <strong>Kwid Zen<\/strong> vem equipado com dire\u00e7\u00e3o el\u00e9trica, ar-condicionado manual, quatro airbags, r\u00e1dio com USB e Bluetooth, al\u00e9m de luzes diurnas de LED. O motor \u00e9 um 1.0 SCe 12V que entrega 71 cv e 10 kgfm de torque, acoplado a um c\u00e2mbio manual de cinco marchas.<\/p>\n\n\n\n<figure class=\"wp-block-image size-large\"><img loading=\"lazy\" decoding=\"async\" width=\"1024\" height=\"576\" src=\"https:\/\/www.em.com.br\/emfoco\/wp-content\/uploads\/2025\/03\/esse-1-34-1024x576.jpg\" alt=\"Carro zero a partir de R$ 77 mil? Veja as op\u00e7\u00f5es mais baratas\" class=\"wp-image-32918\" srcset=\"https:\/\/www.em.com.br\/emfoco\/wp-content\/uploads\/2025\/03\/esse-1-34-1024x576.jpg 1024w, https:\/\/www.em.com.br\/emfoco\/wp-content\/uploads\/2025\/03\/esse-1-34-300x169.jpg 300w, https:\/\/www.em.com.br\/emfoco\/wp-content\/uploads\/2025\/03\/esse-1-34-768x432.jpg 768w, https:\/\/www.em.com.br\/emfoco\/wp-content\/uploads\/2025\/03\/esse-1-34-750x422.jpg 750w, https:\/\/www.em.com.br\/emfoco\/wp-content\/uploads\/2025\/03\/esse-1-34-1140x641.jpg 1140w, https:\/\/www.em.com.br\/emfoco\/wp-content\/uploads\/2025\/03\/esse-1-34.jpg 1280w\" sizes=\"auto, (max-width: 1024px) 100vw, 1024px\" \/><figcaption class=\"wp-element-caption\">Renault Kwid &#8211; Cr\u00e9ditos: Divulga\u00e7\u00e3o\/Renault<\/figcaption><\/figure>\n\n\n\n<h2 class=\"wp-block-heading\">Outras op\u00e7\u00f5es econ\u00f4micas no mercado<\/h2>\n\n\n\n<p>Al\u00e9m do Renault Kwid, o <strong>Fiat Mobi<\/strong> tamb\u00e9m \u00e9 uma escolha popular entre os consumidores que buscam economia. A vers\u00e3o Like 1.0 custa R$ 77.990 e oferece um motor 1.0 Firefly com 75 cv e 10,7 kgfm de torque. Este modelo, lan\u00e7ado em 2016, \u00e9 conhecido por sua simplicidade, oferecendo ar-condicionado, dire\u00e7\u00e3o hidr\u00e1ulica e controle de estabilidade.<\/p>\n\n\n\n<p>Outra op\u00e7\u00e3o interessante \u00e9 o <strong>Citro\u00ebn C3<\/strong>, que na vers\u00e3o Live 1.0 \u00e9 vendido por R$ 80.700, embora o pre\u00e7o praticado seja de R$ 73.490. O C3 \u00e9 parte de uma nova estrat\u00e9gia da Citro\u00ebn de oferecer ve\u00edculos com bom custo-benef\u00edcio. Equipado com o motor 1.0 Firefly, o C3 oferece 75 cv e 10,7 kgfm de torque, al\u00e9m de ar-condicionado e dire\u00e7\u00e3o el\u00e9trica.<\/p>\n\n\n\n<h2 class=\"wp-block-heading\">Quais s\u00e3o as op\u00e7\u00f5es acima de R$ 90 mil?<\/h2>\n\n\n\n<p>Para aqueles que podem investir um pouco mais, o <strong><a href=\"https:\/\/www.em.com.br\/emfoco\/2025\/03\/05\/hb20-2025-turbo-ou-aspirado-saiba-qual-versao-e-a-mais-economica\/\" target=\"_blank\" rel=\"noreferrer noopener\">Hyundai HB20<\/a><\/strong> e o <strong>Chevrolet Onix<\/strong> s\u00e3o op\u00e7\u00f5es populares. O <strong>HB20 Sense Plus<\/strong> 1.0 custa R$ 93.310 e vem com um motor 1.0 Kappa que gera 80 cv e 10,2 kgfm de torque. J\u00e1 o <strong>Onix MT<\/strong> 1.0 \u00e9 vendido por R$ 93.770 e oferece um motor 1.0 CSS Prime com 82 cv e 10,6 kgfm de torque.<\/p>\n\n\n\n<p>Ambos os modelos s\u00e3o conhecidos por sua confiabilidade e pelo conjunto de equipamentos que oferecem, como ar-condicionado, controle de estabilidade e sistemas multim\u00eddia. Apesar de estarem na faixa dos R$ 90 mil, esses ve\u00edculos ainda s\u00e3o considerados acess\u00edveis dentro do contexto atual do mercado automotivo brasileiro.<\/p>\n\n\n\n<h2 class=\"wp-block-heading\">Considera\u00e7\u00f5es finais sobre o mercado automotivo em 2025<\/h2>\n\n\n\n<p>Em 2025, adquirir um carro novo no Brasil continua sendo um investimento significativo. No entanto, modelos como o Renault Kwid, Fiat Mobi e Citro\u00ebn C3 oferecem op\u00e7\u00f5es vi\u00e1veis para aqueles que buscam economia sem abrir m\u00e3o de funcionalidades b\u00e1sicas. \u00c0 medida que o mercado evolui, espera-se que novas tecnologias e atualiza\u00e7\u00f5es continuem a influenciar os pre\u00e7os e as op\u00e7\u00f5es dispon\u00edveis para os consumidores.<\/p>\n","protected":false},"excerpt":{"rendered":"<p>Nos \u00faltimos anos, o mercado automotivo brasileiro tem enfrentado uma s\u00e9rie de desafios, desde a pandemia de Covid-19 at\u00e9 a crise global de fornecimento de chips. Esses fatores contribu\u00edram para um aumento significativo nos pre\u00e7os dos ve\u00edculos novos. Em 2025, embora os pre\u00e7os tenham se estabilizado um pouco, ainda \u00e9 necess\u00e1rio desembolsar uma quantia consider\u00e1vel [&hellip;]<\/p>\n","protected":false},"author":5,"featured_media":32917,"comment_status":"open","ping_status":"open","sticky":false,"template":"","format":"standard","meta":{"jnews-multi-image_gallery":[],"jnews_single_post":{"format":"standard"},"jnews_primary_category":[],"jnews_social_meta":[],"jnews_override_counter":[],"footnotes":""},"categories":[27,1],"tags":[3404,6857,160],"class_list":["post-32906","post","type-post","status-publish","format-standard","has-post-thumbnail","hentry","category-carros","category-noticias","tag-carros-acessiveis","tag-carros-baratos","tag-economia"],"yoast_head":"<!-- This site is optimized with the Yoast SEO plugin v23.8 - https:\/\/yoast.com\/wordpress\/plugins\/seo\/ -->\n<title>Carro zero a partir de R$ 77 mil? Veja as op\u00e7\u00f5es mais baratas - Estado de Minas - Em foco<\/title>\n<meta name=\"description\" content=\"Com pre\u00e7os a partir de R$ 77 mil ainda d\u00e1 para comprar um carro novo! Confira as melhores op\u00e7\u00f5es do mercado em 2025.\" \/>\n<meta name=\"robots\" content=\"index, follow, max-snippet:-1, max-image-preview:large, max-video-preview:-1\" \/>\n<link rel=\"canonical\" href=\"https:\/\/www.em.com.br\/emfoco\/2025\/04\/01\/carro-zero-a-partir-de-r-77-mil-veja-as-opcoes-mais-baratas\/\" \/>\n<meta property=\"og:locale\" content=\"pt_BR\" \/>\n<meta property=\"og:type\" content=\"article\" \/>\n<meta property=\"og:title\" content=\"Carro zero a partir de R$ 77 mil? Veja as op\u00e7\u00f5es mais baratas - Estado de Minas - Em foco\" \/>\n<meta property=\"og:description\" content=\"Com pre\u00e7os a partir de R$ 77 mil ainda d\u00e1 para comprar um carro novo! Confira as melhores op\u00e7\u00f5es do mercado em 2025.\" \/>\n<meta property=\"og:url\" content=\"https:\/\/www.em.com.br\/emfoco\/2025\/04\/01\/carro-zero-a-partir-de-r-77-mil-veja-as-opcoes-mais-baratas\/\" \/>\n<meta property=\"og:site_name\" content=\"Estado de Minas - Em foco\" \/>\n<meta property=\"article:published_time\" content=\"2025-04-01T16:20:00+00:00\" \/>\n<meta property=\"article:modified_time\" content=\"2025-03-28T18:41:33+00:00\" \/>\n<meta property=\"og:image\" content=\"https:\/\/www.em.com.br\/emfoco\/wp-content\/uploads\/2025\/03\/esse-54.jpg\" \/>\n\t<meta property=\"og:image:width\" content=\"1280\" \/>\n\t<meta property=\"og:image:height\" content=\"720\" \/>\n\t<meta property=\"og:image:type\" content=\"image\/jpeg\" \/>\n<meta name=\"author\" content=\"N\u00fabia Rangel\" \/>\n<meta name=\"twitter:card\" content=\"summary_large_image\" \/>\n<meta name=\"twitter:label1\" content=\"Escrito por\" \/>\n\t<meta name=\"twitter:data1\" content=\"N\u00fabia Rangel\" \/>\n\t<meta name=\"twitter:label2\" content=\"Est. tempo de leitura\" \/>\n\t<meta name=\"twitter:data2\" content=\"4 minutos\" \/>\n<!-- \/ Yoast SEO plugin. -->","yoast_head_json":{"title":"Carro zero a partir de R$ 77 mil? Veja as op\u00e7\u00f5es mais baratas - Estado de Minas - Em foco","description":"Com pre\u00e7os a partir de R$ 77 mil ainda d\u00e1 para comprar um carro novo! Confira as melhores op\u00e7\u00f5es do mercado em 2025.","robots":{"index":"index","follow":"follow","max-snippet":"max-snippet:-1","max-image-preview":"max-image-preview:large","max-video-preview":"max-video-preview:-1"},"canonical":"https:\/\/www.em.com.br\/emfoco\/2025\/04\/01\/carro-zero-a-partir-de-r-77-mil-veja-as-opcoes-mais-baratas\/","og_locale":"pt_BR","og_type":"article","og_title":"Carro zero a partir de R$ 77 mil? Veja as op\u00e7\u00f5es mais baratas - Estado de Minas - Em foco","og_description":"Com pre\u00e7os a partir de R$ 77 mil ainda d\u00e1 para comprar um carro novo! Confira as melhores op\u00e7\u00f5es do mercado em 2025.","og_url":"https:\/\/www.em.com.br\/emfoco\/2025\/04\/01\/carro-zero-a-partir-de-r-77-mil-veja-as-opcoes-mais-baratas\/","og_site_name":"Estado de Minas - Em foco","article_published_time":"2025-04-01T16:20:00+00:00","article_modified_time":"2025-03-28T18:41:33+00:00","og_image":[{"width":1280,"height":720,"url":"https:\/\/www.em.com.br\/emfoco\/wp-content\/uploads\/2025\/03\/esse-54.jpg","type":"image\/jpeg"}],"author":"N\u00fabia Rangel","twitter_card":"summary_large_image","twitter_misc":{"Escrito por":"N\u00fabia Rangel","Est. tempo de leitura":"4 minutos"},"schema":{"@context":"https:\/\/schema.org","@graph":[{"@type":"WebPage","@id":"https:\/\/www.em.com.br\/emfoco\/2025\/04\/01\/carro-zero-a-partir-de-r-77-mil-veja-as-opcoes-mais-baratas\/","url":"https:\/\/www.em.com.br\/emfoco\/2025\/04\/01\/carro-zero-a-partir-de-r-77-mil-veja-as-opcoes-mais-baratas\/","name":"Carro zero a partir de R$ 77 mil? Veja as op\u00e7\u00f5es mais baratas - Estado de Minas - Em foco","isPartOf":{"@id":"https:\/\/www.em.com.br\/emfoco\/#website"},"primaryImageOfPage":{"@id":"https:\/\/www.em.com.br\/emfoco\/2025\/04\/01\/carro-zero-a-partir-de-r-77-mil-veja-as-opcoes-mais-baratas\/#primaryimage"},"image":{"@id":"https:\/\/www.em.com.br\/emfoco\/2025\/04\/01\/carro-zero-a-partir-de-r-77-mil-veja-as-opcoes-mais-baratas\/#primaryimage"},"thumbnailUrl":"https:\/\/www.em.com.br\/emfoco\/wp-content\/uploads\/2025\/03\/esse-54.jpg","datePublished":"2025-04-01T16:20:00+00:00","dateModified":"2025-03-28T18:41:33+00:00","author":{"@id":"https:\/\/www.em.com.br\/emfoco\/#\/schema\/person\/524437ef54f8a5d32591b143307f2e20"},"description":"Com pre\u00e7os a partir de R$ 77 mil ainda d\u00e1 para comprar um carro novo! Confira as melhores op\u00e7\u00f5es do mercado em 2025.","breadcrumb":{"@id":"https:\/\/www.em.com.br\/emfoco\/2025\/04\/01\/carro-zero-a-partir-de-r-77-mil-veja-as-opcoes-mais-baratas\/#breadcrumb"},"inLanguage":"pt-BR","potentialAction":[{"@type":"ReadAction","target":["https:\/\/www.em.com.br\/emfoco\/2025\/04\/01\/carro-zero-a-partir-de-r-77-mil-veja-as-opcoes-mais-baratas\/"]}]},{"@type":"ImageObject","inLanguage":"pt-BR","@id":"https:\/\/www.em.com.br\/emfoco\/2025\/04\/01\/carro-zero-a-partir-de-r-77-mil-veja-as-opcoes-mais-baratas\/#primaryimage","url":"https:\/\/www.em.com.br\/emfoco\/wp-content\/uploads\/2025\/03\/esse-54.jpg","contentUrl":"https:\/\/www.em.com.br\/emfoco\/wp-content\/uploads\/2025\/03\/esse-54.jpg","width":1280,"height":720,"caption":"Fiat Mobi - Cr\u00e9ditos: Divulga\u00e7\u00e3o\/Fiat"},{"@type":"BreadcrumbList","@id":"https:\/\/www.em.com.br\/emfoco\/2025\/04\/01\/carro-zero-a-partir-de-r-77-mil-veja-as-opcoes-mais-baratas\/#breadcrumb","itemListElement":[{"@type":"ListItem","position":1,"name":"In\u00edcio","item":"https:\/\/www.em.com.br\/emfoco\/"},{"@type":"ListItem","position":2,"name":"Carro zero a partir de R$ 77 mil? Veja as op\u00e7\u00f5es mais baratas"}]},{"@type":"WebSite","@id":"https:\/\/www.em.com.br\/emfoco\/#website","url":"https:\/\/www.em.com.br\/emfoco\/","name":"Estado de Minas - Em foco","description":"Acompanhe as \u00faltimas not\u00edcias e fique bem informado sobre tudo o que acontece em Minas Gerais, Brasil e no mundo.","potentialAction":[{"@type":"SearchAction","target":{"@type":"EntryPoint","urlTemplate":"https:\/\/www.em.com.br\/emfoco\/?s={search_term_string}"},"query-input":{"@type":"PropertyValueSpecification","valueRequired":true,"valueName":"search_term_string"}}],"inLanguage":"pt-BR"},{"@type":"Person","@id":"https:\/\/www.em.com.br\/emfoco\/#\/schema\/person\/524437ef54f8a5d32591b143307f2e20","name":"N\u00fabia Rangel","image":{"@type":"ImageObject","inLanguage":"pt-BR","@id":"https:\/\/www.em.com.br\/emfoco\/#\/schema\/person\/image\/","url":"https:\/\/secure.gravatar.com\/avatar\/47cff2827a5ba23c37e8068c86817ea4?s=96&d=mm&r=g","contentUrl":"https:\/\/secure.gravatar.com\/avatar\/47cff2827a5ba23c37e8068c86817ea4?s=96&d=mm&r=g","caption":"N\u00fabia Rangel"},"sameAs":["https:\/\/www.em.com.br\/emfoco\/"],"url":"https:\/\/www.em.com.br\/emfoco\/author\/nubiamyth\/"}]}},"_links":{"self":[{"href":"https:\/\/www.em.com.br\/emfoco\/wp-json\/wp\/v2\/posts\/32906","targetHints":{"allow":["GET"]}}],"collection":[{"href":"https:\/\/www.em.com.br\/emfoco\/wp-json\/wp\/v2\/posts"}],"about":[{"href":"https:\/\/www.em.com.br\/emfoco\/wp-json\/wp\/v2\/types\/post"}],"author":[{"embeddable":true,"href":"https:\/\/www.em.com.br\/emfoco\/wp-json\/wp\/v2\/users\/5"}],"replies":[{"embeddable":true,"href":"https:\/\/www.em.com.br\/emfoco\/wp-json\/wp\/v2\/comments?post=32906"}],"version-history":[{"count":2,"href":"https:\/\/www.em.com.br\/emfoco\/wp-json\/wp\/v2\/posts\/32906\/revisions"}],"predecessor-version":[{"id":32919,"href":"https:\/\/www.em.com.br\/emfoco\/wp-json\/wp\/v2\/posts\/32906\/revisions\/32919"}],"wp:featuredmedia":[{"embeddable":true,"href":"https:\/\/www.em.com.br\/emfoco\/wp-json\/wp\/v2\/media\/32917"}],"wp:attachment":[{"href":"https:\/\/www.em.com.br\/emfoco\/wp-json\/wp\/v2\/media?parent=32906"}],"wp:term":[{"taxonomy":"category","embeddable":true,"href":"https:\/\/www.em.com.br\/emfoco\/wp-json\/wp\/v2\/categories?post=32906"},{"taxonomy":"post_tag","embeddable":true,"href":"https:\/\/www.em.com.br\/emfoco\/wp-json\/wp\/v2\/tags?post=32906"}],"curies":[{"name":"wp","href":"https:\/\/api.w.org\/{rel}","templated":true}]}}