{"id":32771,"date":"2025-03-28T20:00:00","date_gmt":"2025-03-28T23:00:00","guid":{"rendered":"https:\/\/www.em.com.br\/emfoco\/?p=32771"},"modified":"2025-06-19T00:11:52","modified_gmt":"2025-06-19T03:11:52","slug":"o-lancamento-da-nova-nissan-frontier-promete-transformar-o-mercado","status":"publish","type":"post","link":"https:\/\/www.em.com.br\/emfoco\/2025\/03\/28\/o-lancamento-da-nova-nissan-frontier-promete-transformar-o-mercado\/","title":{"rendered":"O lan\u00e7amento da nova Nissan Frontier promete transformar o mercado"},"content":{"rendered":"\n<p>A <a href=\"https:\/\/www.nissan.com.br\/\" target=\"_blank\" rel=\"noreferrer noopener\"><strong>Nissan<\/strong> <\/a>est\u00e1 trabalhando numa renova\u00e7\u00e3o completa da <strong>Frontier<\/strong> que promete agitar o mercado de picapes em 2026. Depois de anos com a mesma receita, a marca japonesa decidiu que era hora de apostar mais pesado e criar algo realmente novo. A nova gera\u00e7\u00e3o vai trazer mudan\u00e7as importantes no visual, na tecnologia e at\u00e9 na forma como a picape \u00e9 constru\u00edda.<\/p>\n\n\n\n<p>O que mais chama aten\u00e7\u00e3o \u00e9 que a <strong>Nissan<\/strong> resolveu fazer uma parceria estrat\u00e9gica com a <strong>Mitsubishi<\/strong> para desenvolver essa nova <strong>Frontier<\/strong>. Isso significa que ela vai dividir alguns componentes com a nova <strong>Triton<\/strong>, mas sem perder sua personalidade pr\u00f3pria. \u00c9 uma jogada esperta para reduzir custos e ainda entregar um produto melhor. A expectativa \u00e9 que o lan\u00e7amento aconte\u00e7a entre abril de 2026 e mar\u00e7o de 2027, marcando uma nova era para a picape japonesa.<\/p>\n\n\n\n<h2 class=\"wp-block-heading\">Como a parceria com a <strong>Mitsubishi<\/strong> vai mudar a <strong>Frontier<\/strong>?<\/h2>\n\n\n\n<p>A nova <strong>Frontier<\/strong> vai usar a mesma plataforma da <strong>Mitsubishi Triton<\/strong> 2026, mas calma que isso n\u00e3o significa que vai ser uma c\u00f3pia. A <strong>Nissan<\/strong> garante que vai manter o DNA caracter\u00edstico da <strong>Frontier<\/strong>, evitando o que aconteceu com a <strong>Renault Alaskan<\/strong> e a <strong>Mercedes-Benz Classe X<\/strong>, que eram praticamente iguais \u00e0 <strong>Frontier<\/strong> atual s\u00f3 com logos diferentes.<\/p>\n\n\n\n<p>A ideia por tr\u00e1s dessa parceria \u00e9 bem interessante. A <strong>Mitsubishi<\/strong> tem bastante experi\u00eancia no desenvolvimento de picapes robustas, enquanto a <strong>Nissan<\/strong> traz sua expertise em tecnologia e design. Juntas, elas conseguem criar um produto melhor gastando menos dinheiro no desenvolvimento. O resultado deve ser uma picape mais competitiva, que consegue brigar de igual para igual com gigantes como <strong>Toyota Hilux<\/strong> e <strong>Chevrolet S10<\/strong>.<\/p>\n\n\n\n<h2 class=\"wp-block-heading\">Por que a mudan\u00e7a na suspens\u00e3o \u00e9 t\u00e3o importante?<\/h2>\n\n\n\n<p>Uma das mudan\u00e7as mais significativas da nova <strong>Frontier<\/strong> est\u00e1 na suspens\u00e3o traseira. A <strong>Nissan<\/strong> vai trocar o sistema multilink atual pelo tradicional feixe de molas, seguindo o mesmo caminho da <strong>Mitsubishi Triton<\/strong>. Pode parecer que \u00e9 voltar ao passado, mas na verdade \u00e9 uma decis\u00e3o bem pensada.<\/p>\n\n\n\n<p>O problema da suspens\u00e3o atual \u00e9 que ela n\u00e3o se comporta muito bem quando a ca\u00e7amba est\u00e1 carregada. O feixe de molas \u00e9 mais robusto e foi feito especificamente para aguentar peso. Isso significa que a nova <strong>Frontier<\/strong> vai ser mais est\u00e1vel e segura para quem realmente usa a picape para trabalhar. A mudan\u00e7a tamb\u00e9m deve melhorar o comportamento do <a href=\"https:\/\/www.em.com.br\/emfoco\/2024\/12\/09\/automatico-e-acessivel-e-possivel\/\" target=\"_blank\" rel=\"noreferrer noopener\">carro <\/a>em estradas de terra e situa\u00e7\u00f5es off-road, que s\u00e3o o forte das picapes.<\/p>\n\n\n\n<h2 class=\"wp-block-heading\">Onde a nova <strong>Frontier<\/strong> ser\u00e1 fabricada?<\/h2>\n\n\n\n<p>A quest\u00e3o da produ\u00e7\u00e3o da nova <strong>Frontier<\/strong> ainda gera algumas d\u00favidas. Por um tempo, rolaram rumores de que a f\u00e1brica da <strong>Argentina<\/strong> fecharia em dezembro de 2025, mas as informa\u00e7\u00f5es mais recentes indicam que a produ\u00e7\u00e3o pode continuar at\u00e9 mar\u00e7o de 2026. Isso daria tempo para fazer a transi\u00e7\u00e3o para a nova gera\u00e7\u00e3o.<\/p>\n\n\n\n<p>A <strong>Nissan<\/strong> est\u00e1 investindo na moderniza\u00e7\u00e3o da f\u00e1brica argentina para conseguir produzir a nova <strong>Frontier<\/strong> com todos os padr\u00f5es de qualidade exigidos. O modelo ser\u00e1 fabricado n\u00e3o s\u00f3 para o mercado argentino, mas para toda a <strong>Am\u00e9rica Latina<\/strong>, incluindo o <strong>Brasil<\/strong>. Essa estrat\u00e9gia de produ\u00e7\u00e3o regional ajuda a manter os pre\u00e7os competitivos e garante um abastecimento mais r\u00e1pido do mercado.<\/p>\n\n\n\n<h2 class=\"wp-block-heading\">Que tecnologias a nova <strong>Frontier<\/strong> vai trazer?<\/h2>\n\n\n\n<p>A nova <strong>Frontier<\/strong> vai chegar com um pacote tecnol\u00f3gico bem mais robusto que a gera\u00e7\u00e3o atual. O destaque fica por conta da central multim\u00eddia de \u00faltima gera\u00e7\u00e3o, que deve seguir a mesma linha visual j\u00e1 vista na segunda gera\u00e7\u00e3o do <strong>Nissan Kicks<\/strong>. As famosas linhas horizontais em LED tamb\u00e9m devem aparecer no design da picape.<\/p>\n\n\n\n<p>Os sistemas de assist\u00eancia ao motorista ser\u00e3o outro ponto forte. A <strong>Nissan<\/strong> promete recursos avan\u00e7ados de seguran\u00e7a e at\u00e9 fun\u00e7\u00f5es de condu\u00e7\u00e3o semiaut\u00f4noma, colocando a <strong>Frontier<\/strong> no mesmo patamar tecnol\u00f3gico das concorrentes mais modernas. Isso inclui controle de cruzeiro adaptativo, assistente de perman\u00eancia na faixa e frenagem autom\u00e1tica de emerg\u00eancia.<\/p>\n\n\n\n<h2 class=\"wp-block-heading\">Qual motor vai equipar a nova <strong>Frontier<\/strong>?<\/h2>\n\n\n<div class=\"wp-block-image\">\n<figure class=\"aligncenter size-large\"><img loading=\"lazy\" decoding=\"async\" width=\"1024\" height=\"576\" src=\"https:\/\/www.em.com.br\/emfoco\/wp-content\/uploads\/2025\/03\/Nissan-Frontier-1024x576.png\" alt=\"\" class=\"wp-image-32809\" srcset=\"https:\/\/www.em.com.br\/emfoco\/wp-content\/uploads\/2025\/03\/Nissan-Frontier-1024x576.png 1024w, https:\/\/www.em.com.br\/emfoco\/wp-content\/uploads\/2025\/03\/Nissan-Frontier-300x169.png 300w, https:\/\/www.em.com.br\/emfoco\/wp-content\/uploads\/2025\/03\/Nissan-Frontier-768x432.png 768w, https:\/\/www.em.com.br\/emfoco\/wp-content\/uploads\/2025\/03\/Nissan-Frontier-750x422.png 750w, https:\/\/www.em.com.br\/emfoco\/wp-content\/uploads\/2025\/03\/Nissan-Frontier-1140x641.png 1140w, https:\/\/www.em.com.br\/emfoco\/wp-content\/uploads\/2025\/03\/Nissan-Frontier.png 1280w\" sizes=\"auto, (max-width: 1024px) 100vw, 1024px\" \/><figcaption class=\"wp-element-caption\">Nissan Frontier &#8211; Cr\u00e9ditos: Divulga\u00e7\u00e3o\/Nissan<\/figcaption><\/figure><\/div>\n\n\n<p>Embora a <strong>Nissan<\/strong> ainda n\u00e3o tenha confirmado oficialmente, tudo indica que a nova <strong>Frontier<\/strong> vai usar uma vers\u00e3o atualizada do motor 2.4 biturbo diesel da <strong>Mitsubishi<\/strong>. Esse propulsor j\u00e1 entrega 205 cv na nova <strong>Triton<\/strong> e usa dois turbocompressores que trabalham de forma sequencial para garantir boa resposta em qualquer rota\u00e7\u00e3o.<\/p>\n\n\n\n<p>O motor da <strong>Frontier<\/strong> pode receber alguns ajustes espec\u00edficos da <strong>Nissan<\/strong> para se diferenciar da <strong>Triton<\/strong>, mas a base t\u00e9cnica deve ser a mesma. \u00c9 um motor moderno, que j\u00e1 est\u00e1 preparado para as futuras regras de emiss\u00f5es do <strong>Proconve L8<\/strong>. O c\u00e2mbio tamb\u00e9m deve ser autom\u00e1tico de seis marchas, priorizando o conforto e a facilidade de uso no dia a dia.<\/p>\n\n\n\n<h2 class=\"wp-block-heading\">Quando a eletrifica\u00e7\u00e3o chegar\u00e1 \u00e0 <strong>Frontier<\/strong>?<\/h2>\n\n\n\n<p>Por enquanto, a nova <strong>Frontier<\/strong> 2026 vai continuar apenas com motoriza\u00e7\u00e3o diesel. A eletrifica\u00e7\u00e3o est\u00e1 nos planos da <strong>Nissan<\/strong>, mas s\u00f3 deve chegar numa pr\u00f3xima atualiza\u00e7\u00e3o ou numa gera\u00e7\u00e3o futura. A marca est\u00e1 estudando a possibilidade de oferecer uma vers\u00e3o h\u00edbrida plug-in, seguindo a tend\u00eancia mundial de reduzir emiss\u00f5es.<\/p>\n\n\n\n<p>A estrat\u00e9gia da <strong>Nissan<\/strong> \u00e9 primeiro estabelecer a nova gera\u00e7\u00e3o no mercado com tecnologia confi\u00e1vel e depois introduzir as vers\u00f5es eletrificadas conforme a infraestrutura e a demanda permitirem. \u00c9 uma abordagem gradual e inteligente, que n\u00e3o for\u00e7a uma transi\u00e7\u00e3o que o mercado de picapes ainda n\u00e3o est\u00e1 totalmente preparado para aceitar. O foco agora \u00e9 entregar uma picape robusta, tecnol\u00f3gica e competitiva que reconquiste a confian\u00e7a dos consumidores.<\/p>\n","protected":false},"excerpt":{"rendered":"<p>A Nissan est\u00e1 trabalhando numa renova\u00e7\u00e3o completa da Frontier que promete agitar o mercado de picapes em 2026. Depois de anos com a mesma receita, a marca japonesa decidiu que era hora de apostar mais pesado e criar algo realmente novo. A nova gera\u00e7\u00e3o vai trazer mudan\u00e7as importantes no visual, na tecnologia e at\u00e9 na [&hellip;]<\/p>\n","protected":false},"author":11,"featured_media":32808,"comment_status":"open","ping_status":"open","sticky":false,"template":"","format":"standard","meta":{"jnews-multi-image_gallery":[],"jnews_single_post":{"format":"standard"},"jnews_primary_category":[],"jnews_social_meta":[],"jnews_override_counter":[],"footnotes":""},"categories":[27,1],"tags":[818,2346,2861],"class_list":["post-32771","post","type-post","status-publish","format-standard","has-post-thumbnail","hentry","category-carros","category-noticias","tag-carro","tag-nissan","tag-picapes"],"yoast_head":"<!-- This site is optimized with the Yoast SEO plugin v23.8 - https:\/\/yoast.com\/wordpress\/plugins\/seo\/ -->\n<title>O lan\u00e7amento da nova Nissan Frontier promete transformar o mercado - Estado de Minas - Em foco<\/title>\n<meta name=\"description\" content=\"Prepare-se para a revolu\u00e7\u00e3o no segmento de picapes com a nova Nissan Frontier, que traz inova\u00e7\u00f5es em design, conforto e tecnologia!\" \/>\n<meta name=\"robots\" content=\"index, follow, max-snippet:-1, max-image-preview:large, max-video-preview:-1\" \/>\n<link rel=\"canonical\" href=\"https:\/\/www.em.com.br\/emfoco\/2025\/03\/28\/o-lancamento-da-nova-nissan-frontier-promete-transformar-o-mercado\/\" \/>\n<meta property=\"og:locale\" content=\"pt_BR\" \/>\n<meta property=\"og:type\" content=\"article\" \/>\n<meta property=\"og:title\" content=\"O lan\u00e7amento da nova Nissan Frontier promete transformar o mercado - Estado de Minas - Em foco\" \/>\n<meta property=\"og:description\" content=\"Prepare-se para a revolu\u00e7\u00e3o no segmento de picapes com a nova Nissan Frontier, que traz inova\u00e7\u00f5es em design, conforto e tecnologia!\" \/>\n<meta property=\"og:url\" content=\"https:\/\/www.em.com.br\/emfoco\/2025\/03\/28\/o-lancamento-da-nova-nissan-frontier-promete-transformar-o-mercado\/\" \/>\n<meta property=\"og:site_name\" content=\"Estado de Minas - Em foco\" \/>\n<meta property=\"article:published_time\" content=\"2025-03-28T23:00:00+00:00\" \/>\n<meta property=\"article:modified_time\" content=\"2025-06-19T03:11:52+00:00\" \/>\n<meta property=\"og:image\" content=\"https:\/\/www.em.com.br\/emfoco\/wp-content\/uploads\/2025\/03\/Nissan1.png\" \/>\n\t<meta property=\"og:image:width\" content=\"1280\" \/>\n\t<meta property=\"og:image:height\" content=\"720\" \/>\n\t<meta property=\"og:image:type\" content=\"image\/png\" \/>\n<meta name=\"author\" content=\"Andre\u0301 Rangel\u00a0\" \/>\n<meta name=\"twitter:card\" content=\"summary_large_image\" \/>\n<meta name=\"twitter:label1\" content=\"Escrito por\" \/>\n\t<meta name=\"twitter:data1\" content=\"Andre\u0301 Rangel\u00a0\" \/>\n\t<meta name=\"twitter:label2\" content=\"Est. tempo de leitura\" \/>\n\t<meta name=\"twitter:data2\" content=\"6 minutos\" \/>\n<!-- \/ Yoast SEO plugin. -->","yoast_head_json":{"title":"O lan\u00e7amento da nova Nissan Frontier promete transformar o mercado - Estado de Minas - Em foco","description":"Prepare-se para a revolu\u00e7\u00e3o no segmento de picapes com a nova Nissan Frontier, que traz inova\u00e7\u00f5es em design, conforto e tecnologia!","robots":{"index":"index","follow":"follow","max-snippet":"max-snippet:-1","max-image-preview":"max-image-preview:large","max-video-preview":"max-video-preview:-1"},"canonical":"https:\/\/www.em.com.br\/emfoco\/2025\/03\/28\/o-lancamento-da-nova-nissan-frontier-promete-transformar-o-mercado\/","og_locale":"pt_BR","og_type":"article","og_title":"O lan\u00e7amento da nova Nissan Frontier promete transformar o mercado - Estado de Minas - Em foco","og_description":"Prepare-se para a revolu\u00e7\u00e3o no segmento de picapes com a nova Nissan Frontier, que traz inova\u00e7\u00f5es em design, conforto e tecnologia!","og_url":"https:\/\/www.em.com.br\/emfoco\/2025\/03\/28\/o-lancamento-da-nova-nissan-frontier-promete-transformar-o-mercado\/","og_site_name":"Estado de Minas - Em foco","article_published_time":"2025-03-28T23:00:00+00:00","article_modified_time":"2025-06-19T03:11:52+00:00","og_image":[{"width":1280,"height":720,"url":"https:\/\/www.em.com.br\/emfoco\/wp-content\/uploads\/2025\/03\/Nissan1.png","type":"image\/png"}],"author":"Andre\u0301 Rangel\u00a0","twitter_card":"summary_large_image","twitter_misc":{"Escrito por":"Andre\u0301 Rangel\u00a0","Est. tempo de leitura":"6 minutos"},"schema":{"@context":"https:\/\/schema.org","@graph":[{"@type":"WebPage","@id":"https:\/\/www.em.com.br\/emfoco\/2025\/03\/28\/o-lancamento-da-nova-nissan-frontier-promete-transformar-o-mercado\/","url":"https:\/\/www.em.com.br\/emfoco\/2025\/03\/28\/o-lancamento-da-nova-nissan-frontier-promete-transformar-o-mercado\/","name":"O lan\u00e7amento da nova Nissan Frontier promete transformar o mercado - Estado de Minas - Em foco","isPartOf":{"@id":"https:\/\/www.em.com.br\/emfoco\/#website"},"primaryImageOfPage":{"@id":"https:\/\/www.em.com.br\/emfoco\/2025\/03\/28\/o-lancamento-da-nova-nissan-frontier-promete-transformar-o-mercado\/#primaryimage"},"image":{"@id":"https:\/\/www.em.com.br\/emfoco\/2025\/03\/28\/o-lancamento-da-nova-nissan-frontier-promete-transformar-o-mercado\/#primaryimage"},"thumbnailUrl":"https:\/\/www.em.com.br\/emfoco\/wp-content\/uploads\/2025\/03\/Nissan1.png","datePublished":"2025-03-28T23:00:00+00:00","dateModified":"2025-06-19T03:11:52+00:00","author":{"@id":"https:\/\/www.em.com.br\/emfoco\/#\/schema\/person\/60eda09c1fedf0d6891f4cef4b60b8b8"},"description":"Prepare-se para a revolu\u00e7\u00e3o no segmento de picapes com a nova Nissan Frontier, que traz inova\u00e7\u00f5es em design, conforto e tecnologia!","breadcrumb":{"@id":"https:\/\/www.em.com.br\/emfoco\/2025\/03\/28\/o-lancamento-da-nova-nissan-frontier-promete-transformar-o-mercado\/#breadcrumb"},"inLanguage":"pt-BR","potentialAction":[{"@type":"ReadAction","target":["https:\/\/www.em.com.br\/emfoco\/2025\/03\/28\/o-lancamento-da-nova-nissan-frontier-promete-transformar-o-mercado\/"]}]},{"@type":"ImageObject","inLanguage":"pt-BR","@id":"https:\/\/www.em.com.br\/emfoco\/2025\/03\/28\/o-lancamento-da-nova-nissan-frontier-promete-transformar-o-mercado\/#primaryimage","url":"https:\/\/www.em.com.br\/emfoco\/wp-content\/uploads\/2025\/03\/Nissan1.png","contentUrl":"https:\/\/www.em.com.br\/emfoco\/wp-content\/uploads\/2025\/03\/Nissan1.png","width":1280,"height":720,"caption":"Nissan Frontier - Cr\u00e9ditos: Divulga\u00e7\u00e3o\/Nissan"},{"@type":"BreadcrumbList","@id":"https:\/\/www.em.com.br\/emfoco\/2025\/03\/28\/o-lancamento-da-nova-nissan-frontier-promete-transformar-o-mercado\/#breadcrumb","itemListElement":[{"@type":"ListItem","position":1,"name":"In\u00edcio","item":"https:\/\/www.em.com.br\/emfoco\/"},{"@type":"ListItem","position":2,"name":"O lan\u00e7amento da nova Nissan Frontier promete transformar o mercado"}]},{"@type":"WebSite","@id":"https:\/\/www.em.com.br\/emfoco\/#website","url":"https:\/\/www.em.com.br\/emfoco\/","name":"Estado de Minas - Em foco","description":"Acompanhe as \u00faltimas not\u00edcias e fique bem informado sobre tudo o que acontece em Minas Gerais, Brasil e no mundo.","potentialAction":[{"@type":"SearchAction","target":{"@type":"EntryPoint","urlTemplate":"https:\/\/www.em.com.br\/emfoco\/?s={search_term_string}"},"query-input":{"@type":"PropertyValueSpecification","valueRequired":true,"valueName":"search_term_string"}}],"inLanguage":"pt-BR"},{"@type":"Person","@id":"https:\/\/www.em.com.br\/emfoco\/#\/schema\/person\/60eda09c1fedf0d6891f4cef4b60b8b8","name":"Andre\u0301 Rangel\u00a0","image":{"@type":"ImageObject","inLanguage":"pt-BR","@id":"https:\/\/www.em.com.br\/emfoco\/#\/schema\/person\/image\/","url":"https:\/\/secure.gravatar.com\/avatar\/6234dc814c77c8ef6d8bba622c787efc?s=96&d=mm&r=g","contentUrl":"https:\/\/secure.gravatar.com\/avatar\/6234dc814c77c8ef6d8bba622c787efc?s=96&d=mm&r=g","caption":"Andre\u0301 Rangel\u00a0"},"url":"https:\/\/www.em.com.br\/emfoco\/author\/luizmyth\/"}]}},"_links":{"self":[{"href":"https:\/\/www.em.com.br\/emfoco\/wp-json\/wp\/v2\/posts\/32771","targetHints":{"allow":["GET"]}}],"collection":[{"href":"https:\/\/www.em.com.br\/emfoco\/wp-json\/wp\/v2\/posts"}],"about":[{"href":"https:\/\/www.em.com.br\/emfoco\/wp-json\/wp\/v2\/types\/post"}],"author":[{"embeddable":true,"href":"https:\/\/www.em.com.br\/emfoco\/wp-json\/wp\/v2\/users\/11"}],"replies":[{"embeddable":true,"href":"https:\/\/www.em.com.br\/emfoco\/wp-json\/wp\/v2\/comments?post=32771"}],"version-history":[{"count":5,"href":"https:\/\/www.em.com.br\/emfoco\/wp-json\/wp\/v2\/posts\/32771\/revisions"}],"predecessor-version":[{"id":63768,"href":"https:\/\/www.em.com.br\/emfoco\/wp-json\/wp\/v2\/posts\/32771\/revisions\/63768"}],"wp:featuredmedia":[{"embeddable":true,"href":"https:\/\/www.em.com.br\/emfoco\/wp-json\/wp\/v2\/media\/32808"}],"wp:attachment":[{"href":"https:\/\/www.em.com.br\/emfoco\/wp-json\/wp\/v2\/media?parent=32771"}],"wp:term":[{"taxonomy":"category","embeddable":true,"href":"https:\/\/www.em.com.br\/emfoco\/wp-json\/wp\/v2\/categories?post=32771"},{"taxonomy":"post_tag","embeddable":true,"href":"https:\/\/www.em.com.br\/emfoco\/wp-json\/wp\/v2\/tags?post=32771"}],"curies":[{"name":"wp","href":"https:\/\/api.w.org\/{rel}","templated":true}]}}