{"id":32770,"date":"2025-03-28T19:40:00","date_gmt":"2025-03-28T22:40:00","guid":{"rendered":"https:\/\/www.em.com.br\/emfoco\/?p=32770"},"modified":"2025-03-27T09:45:54","modified_gmt":"2025-03-27T12:45:54","slug":"chuva-forte-em-belo-horizonte-em-marco-ultrapassa-expectativas-entenda","status":"publish","type":"post","link":"https:\/\/www.em.com.br\/emfoco\/2025\/03\/28\/chuva-forte-em-belo-horizonte-em-marco-ultrapassa-expectativas-entenda\/","title":{"rendered":"Chuva forte em Belo Horizonte em mar\u00e7o ultrapassa expectativas; entenda"},"content":{"rendered":"\n<p>Ap\u00f3s um in\u00edcio de m\u00eas com estiagem, <strong><a href=\"https:\/\/www.em.com.br\/emfoco\/2025\/03\/20\/conheca-a-nova-casa-do-cafe-mais-antigo-que-belo-horizonte-o-charme-em-cada-detalhe\/\" target=\"_blank\" rel=\"noreferrer noopener\">Belo Horizonte<\/a><\/strong> registra um fim de mar\u00e7o marcado por chuvas fortes e cont\u00ednuas. Durante a tarde de ter\u00e7a-feira, 26 de mar\u00e7o, as regionais de <strong>Venda Nova<\/strong> e <a href=\"https:\/\/guia.melhoresdestinos.com.br\/lagoa-da-pampulha-203-5701-l.html\" target=\"_blank\" rel=\"noreferrer noopener\"><strong>Pampulha<\/strong> <\/a>surpreenderam ao acumular quase 30% da chuva prevista para todo o m\u00eas em apenas tr\u00eas horas. O volume de precipita\u00e7\u00e3o tem causado impacto em diversas \u00e1reas da cidade, com a Defesa Civil emitindo alertas de aten\u00e7\u00e3o.<\/p>\n\n\n\n<h2 class=\"wp-block-heading\">Venda Nova e Pampulha s\u00e3o as mais afetadas pelas chuvas<\/h2>\n\n\n\n<p>Entre 14h e 17h30 do dia 26 de mar\u00e7o, as regionais de Venda Nova e Pampulha se destacaram pela grande quantidade de chuva acumulada. Venda Nova registrou 53,6 mm, ou 27,1% da m\u00e9dia hist\u00f3rica para o m\u00eas, enquanto Pampulha somou 52 mm (26,3%). Esses \u00edndices s\u00e3o consider\u00e1veis, dado que a previs\u00e3o de chuva para o m\u00eas de mar\u00e7o \u00e9 de 197,5 mm.<\/p>\n\n\n\n<h2 class=\"wp-block-heading\">Outras regionais tamb\u00e9m apresentam volumes elevados de chuva<\/h2>\n\n\n\n<p>Al\u00e9m das regionais mais afetadas, Barreiro e Noroeste tamb\u00e9m tiveram volumes significativos de chuva. O Barreiro acumulou 33,8 mm (17,1%) durante as \u00faltimas precipita\u00e7\u00f5es, enquanto Noroeste atingiu 18,4 mm (9,3%). Por outro lado, as regi\u00f5es de <strong>Centro-Sul<\/strong>, <strong>Leste<\/strong>, <strong>Nordeste<\/strong> e <strong>Hipercentro<\/strong> apresentaram volumes menores, com totais variando entre 3 mm e 5,4 mm.<\/p>\n\n\n\n<figure class=\"wp-block-image size-large\"><img loading=\"lazy\" decoding=\"async\" width=\"1024\" height=\"576\" src=\"https:\/\/www.em.com.br\/emfoco\/wp-content\/uploads\/2025\/03\/Belo-Horizonte-1024x576.png\" alt=\"\" class=\"wp-image-32811\" srcset=\"https:\/\/www.em.com.br\/emfoco\/wp-content\/uploads\/2025\/03\/Belo-Horizonte-1024x576.png 1024w, https:\/\/www.em.com.br\/emfoco\/wp-content\/uploads\/2025\/03\/Belo-Horizonte-300x169.png 300w, https:\/\/www.em.com.br\/emfoco\/wp-content\/uploads\/2025\/03\/Belo-Horizonte-768x432.png 768w, https:\/\/www.em.com.br\/emfoco\/wp-content\/uploads\/2025\/03\/Belo-Horizonte-750x422.png 750w, https:\/\/www.em.com.br\/emfoco\/wp-content\/uploads\/2025\/03\/Belo-Horizonte-1140x641.png 1140w, https:\/\/www.em.com.br\/emfoco\/wp-content\/uploads\/2025\/03\/Belo-Horizonte.png 1280w\" sizes=\"auto, (max-width: 1024px) 100vw, 1024px\" \/><figcaption class=\"wp-element-caption\">Belo Horizonte clima &#8211; Cr\u00e9ditos: Divulga\u00e7\u00e3o\/Clima ao vivo<\/figcaption><\/figure>\n\n\n\n<h2 class=\"wp-block-heading\">Como a chuva impacta o acumulado de mar\u00e7o em Belo Horizonte<\/h2>\n\n\n\n<p>Com o aumento das precipita\u00e7\u00f5es nos \u00faltimos dias, algumas regionais de Belo Horizonte est\u00e3o se aproximando ou at\u00e9 ultrapassando os valores esperados para mar\u00e7o. Por exemplo, a <strong>Noroeste<\/strong> j\u00e1 acumulou 196,2 mm, o que representa 99,3% da m\u00e9dia hist\u00f3rica, e o Barreiro registrou 182,4 mm, ou 92,4% da m\u00e9dia. Essas varia\u00e7\u00f5es refletem o comportamento irregular das chuvas neste m\u00eas.<\/p>\n\n\n\n<h2 class=\"wp-block-heading\">Defesa Civil emite alertas sobre riscos de alagamentos e deslizamentos<\/h2>\n\n\n\n<p>A Defesa Civil de Belo Horizonte refor\u00e7a o alerta sobre a possibilidade de alagamentos e deslizamentos de terra em \u00e1reas de risco. A cidade ainda tem alguns dias chuvosos pela frente, e as \u00faltimas chuvas podem elevar os \u00edndices de precipita\u00e7\u00e3o a n\u00edveis elevados. A popula\u00e7\u00e3o \u00e9 orientada a manter a aten\u00e7\u00e3o e seguir as recomenda\u00e7\u00f5es das autoridades para garantir a seguran\u00e7a, especialmente nas regi\u00f5es mais afetadas pela chuva.<\/p>\n","protected":false},"excerpt":{"rendered":"<p>Ap\u00f3s um in\u00edcio de m\u00eas com estiagem, Belo Horizonte registra um fim de mar\u00e7o marcado por chuvas fortes e cont\u00ednuas. Durante a tarde de ter\u00e7a-feira, 26 de mar\u00e7o, as regionais de Venda Nova e Pampulha surpreenderam ao acumular quase 30% da chuva prevista para todo o m\u00eas em apenas tr\u00eas horas. O volume de precipita\u00e7\u00e3o [&hellip;]<\/p>\n","protected":false},"author":11,"featured_media":32812,"comment_status":"open","ping_status":"open","sticky":false,"template":"","format":"standard","meta":{"jnews-multi-image_gallery":[],"jnews_single_post":{"format":"standard"},"jnews_primary_category":[],"jnews_social_meta":[],"jnews_override_counter":[],"footnotes":""},"categories":[138,1],"tags":[154,442,183],"class_list":["post-32770","post","type-post","status-publish","format-standard","has-post-thumbnail","hentry","category-mundo","category-noticias","tag-belo-horizonte","tag-chuvas","tag-cidades"],"yoast_head":"<!-- This site is optimized with the Yoast SEO plugin v23.8 - https:\/\/yoast.com\/wordpress\/plugins\/seo\/ -->\n<title>Chuva forte em Belo Horizonte em mar\u00e7o ultrapassa expectativas; entenda - Estado de Minas - Em foco<\/title>\n<meta name=\"description\" content=\"As fortes chuvas em Belo Horizonte causaram impactos em v\u00e1rias regionais, com 30% da chuva prevista para mar\u00e7o. Saiba mais!\" \/>\n<meta name=\"robots\" content=\"index, follow, max-snippet:-1, max-image-preview:large, max-video-preview:-1\" \/>\n<link rel=\"canonical\" href=\"https:\/\/www.em.com.br\/emfoco\/2025\/03\/28\/chuva-forte-em-belo-horizonte-em-marco-ultrapassa-expectativas-entenda\/\" \/>\n<meta property=\"og:locale\" content=\"pt_BR\" \/>\n<meta property=\"og:type\" content=\"article\" \/>\n<meta property=\"og:title\" content=\"Chuva forte em Belo Horizonte em mar\u00e7o ultrapassa expectativas; entenda - Estado de Minas - Em foco\" \/>\n<meta property=\"og:description\" content=\"As fortes chuvas em Belo Horizonte causaram impactos em v\u00e1rias regionais, com 30% da chuva prevista para mar\u00e7o. Saiba mais!\" \/>\n<meta property=\"og:url\" content=\"https:\/\/www.em.com.br\/emfoco\/2025\/03\/28\/chuva-forte-em-belo-horizonte-em-marco-ultrapassa-expectativas-entenda\/\" \/>\n<meta property=\"og:site_name\" content=\"Estado de Minas - Em foco\" \/>\n<meta property=\"article:published_time\" content=\"2025-03-28T22:40:00+00:00\" \/>\n<meta property=\"article:modified_time\" content=\"2025-03-27T12:45:54+00:00\" \/>\n<meta property=\"og:image\" content=\"https:\/\/www.em.com.br\/emfoco\/wp-content\/uploads\/2025\/03\/1731524981_01-chuva-belo-horizonte-mg-sudeste-raios-ventos-algamentos-temporal-clima-ao-vivo-13-11-24.jpg\" \/>\n\t<meta property=\"og:image:width\" content=\"1280\" \/>\n\t<meta property=\"og:image:height\" content=\"720\" \/>\n\t<meta property=\"og:image:type\" content=\"image\/jpeg\" \/>\n<meta name=\"author\" content=\"Andre\u0301 Rangel\u00a0\" \/>\n<meta name=\"twitter:card\" content=\"summary_large_image\" \/>\n<meta name=\"twitter:label1\" content=\"Escrito por\" \/>\n\t<meta name=\"twitter:data1\" content=\"Andre\u0301 Rangel\u00a0\" \/>\n\t<meta name=\"twitter:label2\" content=\"Est. tempo de leitura\" \/>\n\t<meta name=\"twitter:data2\" content=\"3 minutos\" \/>\n<!-- \/ Yoast SEO plugin. -->","yoast_head_json":{"title":"Chuva forte em Belo Horizonte em mar\u00e7o ultrapassa expectativas; entenda - Estado de Minas - Em foco","description":"As fortes chuvas em Belo Horizonte causaram impactos em v\u00e1rias regionais, com 30% da chuva prevista para mar\u00e7o. Saiba mais!","robots":{"index":"index","follow":"follow","max-snippet":"max-snippet:-1","max-image-preview":"max-image-preview:large","max-video-preview":"max-video-preview:-1"},"canonical":"https:\/\/www.em.com.br\/emfoco\/2025\/03\/28\/chuva-forte-em-belo-horizonte-em-marco-ultrapassa-expectativas-entenda\/","og_locale":"pt_BR","og_type":"article","og_title":"Chuva forte em Belo Horizonte em mar\u00e7o ultrapassa expectativas; entenda - Estado de Minas - Em foco","og_description":"As fortes chuvas em Belo Horizonte causaram impactos em v\u00e1rias regionais, com 30% da chuva prevista para mar\u00e7o. Saiba mais!","og_url":"https:\/\/www.em.com.br\/emfoco\/2025\/03\/28\/chuva-forte-em-belo-horizonte-em-marco-ultrapassa-expectativas-entenda\/","og_site_name":"Estado de Minas - Em foco","article_published_time":"2025-03-28T22:40:00+00:00","article_modified_time":"2025-03-27T12:45:54+00:00","og_image":[{"width":1280,"height":720,"url":"https:\/\/www.em.com.br\/emfoco\/wp-content\/uploads\/2025\/03\/1731524981_01-chuva-belo-horizonte-mg-sudeste-raios-ventos-algamentos-temporal-clima-ao-vivo-13-11-24.jpg","type":"image\/jpeg"}],"author":"Andre\u0301 Rangel\u00a0","twitter_card":"summary_large_image","twitter_misc":{"Escrito por":"Andre\u0301 Rangel\u00a0","Est. tempo de leitura":"3 minutos"},"schema":{"@context":"https:\/\/schema.org","@graph":[{"@type":"WebPage","@id":"https:\/\/www.em.com.br\/emfoco\/2025\/03\/28\/chuva-forte-em-belo-horizonte-em-marco-ultrapassa-expectativas-entenda\/","url":"https:\/\/www.em.com.br\/emfoco\/2025\/03\/28\/chuva-forte-em-belo-horizonte-em-marco-ultrapassa-expectativas-entenda\/","name":"Chuva forte em Belo Horizonte em mar\u00e7o ultrapassa expectativas; entenda - Estado de Minas - Em foco","isPartOf":{"@id":"https:\/\/www.em.com.br\/emfoco\/#website"},"primaryImageOfPage":{"@id":"https:\/\/www.em.com.br\/emfoco\/2025\/03\/28\/chuva-forte-em-belo-horizonte-em-marco-ultrapassa-expectativas-entenda\/#primaryimage"},"image":{"@id":"https:\/\/www.em.com.br\/emfoco\/2025\/03\/28\/chuva-forte-em-belo-horizonte-em-marco-ultrapassa-expectativas-entenda\/#primaryimage"},"thumbnailUrl":"https:\/\/www.em.com.br\/emfoco\/wp-content\/uploads\/2025\/03\/1731524981_01-chuva-belo-horizonte-mg-sudeste-raios-ventos-algamentos-temporal-clima-ao-vivo-13-11-24.jpg","datePublished":"2025-03-28T22:40:00+00:00","dateModified":"2025-03-27T12:45:54+00:00","author":{"@id":"https:\/\/www.em.com.br\/emfoco\/#\/schema\/person\/60eda09c1fedf0d6891f4cef4b60b8b8"},"description":"As fortes chuvas em Belo Horizonte causaram impactos em v\u00e1rias regionais, com 30% da chuva prevista para mar\u00e7o. Saiba mais!","breadcrumb":{"@id":"https:\/\/www.em.com.br\/emfoco\/2025\/03\/28\/chuva-forte-em-belo-horizonte-em-marco-ultrapassa-expectativas-entenda\/#breadcrumb"},"inLanguage":"pt-BR","potentialAction":[{"@type":"ReadAction","target":["https:\/\/www.em.com.br\/emfoco\/2025\/03\/28\/chuva-forte-em-belo-horizonte-em-marco-ultrapassa-expectativas-entenda\/"]}]},{"@type":"ImageObject","inLanguage":"pt-BR","@id":"https:\/\/www.em.com.br\/emfoco\/2025\/03\/28\/chuva-forte-em-belo-horizonte-em-marco-ultrapassa-expectativas-entenda\/#primaryimage","url":"https:\/\/www.em.com.br\/emfoco\/wp-content\/uploads\/2025\/03\/1731524981_01-chuva-belo-horizonte-mg-sudeste-raios-ventos-algamentos-temporal-clima-ao-vivo-13-11-24.jpg","contentUrl":"https:\/\/www.em.com.br\/emfoco\/wp-content\/uploads\/2025\/03\/1731524981_01-chuva-belo-horizonte-mg-sudeste-raios-ventos-algamentos-temporal-clima-ao-vivo-13-11-24.jpg","width":1280,"height":720,"caption":"A chegada do ciclone extratropical - Cr\u00e9ditos: Divulga\u00e7\u00e3o\/Clima ao vivo"},{"@type":"BreadcrumbList","@id":"https:\/\/www.em.com.br\/emfoco\/2025\/03\/28\/chuva-forte-em-belo-horizonte-em-marco-ultrapassa-expectativas-entenda\/#breadcrumb","itemListElement":[{"@type":"ListItem","position":1,"name":"In\u00edcio","item":"https:\/\/www.em.com.br\/emfoco\/"},{"@type":"ListItem","position":2,"name":"Chuva forte em Belo Horizonte em mar\u00e7o ultrapassa expectativas; entenda"}]},{"@type":"WebSite","@id":"https:\/\/www.em.com.br\/emfoco\/#website","url":"https:\/\/www.em.com.br\/emfoco\/","name":"Estado de Minas - Em foco","description":"Acompanhe as \u00faltimas not\u00edcias e fique bem informado sobre tudo o que acontece em Minas Gerais, Brasil e no mundo.","potentialAction":[{"@type":"SearchAction","target":{"@type":"EntryPoint","urlTemplate":"https:\/\/www.em.com.br\/emfoco\/?s={search_term_string}"},"query-input":{"@type":"PropertyValueSpecification","valueRequired":true,"valueName":"search_term_string"}}],"inLanguage":"pt-BR"},{"@type":"Person","@id":"https:\/\/www.em.com.br\/emfoco\/#\/schema\/person\/60eda09c1fedf0d6891f4cef4b60b8b8","name":"Andre\u0301 Rangel\u00a0","image":{"@type":"ImageObject","inLanguage":"pt-BR","@id":"https:\/\/www.em.com.br\/emfoco\/#\/schema\/person\/image\/","url":"https:\/\/secure.gravatar.com\/avatar\/6234dc814c77c8ef6d8bba622c787efc?s=96&d=mm&r=g","contentUrl":"https:\/\/secure.gravatar.com\/avatar\/6234dc814c77c8ef6d8bba622c787efc?s=96&d=mm&r=g","caption":"Andre\u0301 Rangel\u00a0"},"url":"https:\/\/www.em.com.br\/emfoco\/author\/luizmyth\/"}]}},"_links":{"self":[{"href":"https:\/\/www.em.com.br\/emfoco\/wp-json\/wp\/v2\/posts\/32770","targetHints":{"allow":["GET"]}}],"collection":[{"href":"https:\/\/www.em.com.br\/emfoco\/wp-json\/wp\/v2\/posts"}],"about":[{"href":"https:\/\/www.em.com.br\/emfoco\/wp-json\/wp\/v2\/types\/post"}],"author":[{"embeddable":true,"href":"https:\/\/www.em.com.br\/emfoco\/wp-json\/wp\/v2\/users\/11"}],"replies":[{"embeddable":true,"href":"https:\/\/www.em.com.br\/emfoco\/wp-json\/wp\/v2\/comments?post=32770"}],"version-history":[{"count":5,"href":"https:\/\/www.em.com.br\/emfoco\/wp-json\/wp\/v2\/posts\/32770\/revisions"}],"predecessor-version":[{"id":32859,"href":"https:\/\/www.em.com.br\/emfoco\/wp-json\/wp\/v2\/posts\/32770\/revisions\/32859"}],"wp:featuredmedia":[{"embeddable":true,"href":"https:\/\/www.em.com.br\/emfoco\/wp-json\/wp\/v2\/media\/32812"}],"wp:attachment":[{"href":"https:\/\/www.em.com.br\/emfoco\/wp-json\/wp\/v2\/media?parent=32770"}],"wp:term":[{"taxonomy":"category","embeddable":true,"href":"https:\/\/www.em.com.br\/emfoco\/wp-json\/wp\/v2\/categories?post=32770"},{"taxonomy":"post_tag","embeddable":true,"href":"https:\/\/www.em.com.br\/emfoco\/wp-json\/wp\/v2\/tags?post=32770"}],"curies":[{"name":"wp","href":"https:\/\/api.w.org\/{rel}","templated":true}]}}