{"id":32462,"date":"2025-03-27T09:20:00","date_gmt":"2025-03-27T12:20:00","guid":{"rendered":"https:\/\/www.em.com.br\/emfoco\/?p=32462"},"modified":"2025-03-26T14:01:35","modified_gmt":"2025-03-26T17:01:35","slug":"governo-alerta-ultima-chance-para-familias-garantirem-parabolica-digital-gratuita","status":"publish","type":"post","link":"https:\/\/www.em.com.br\/emfoco\/2025\/03\/27\/governo-alerta-ultima-chance-para-familias-garantirem-parabolica-digital-gratuita\/","title":{"rendered":"Governo alerta! \u00daltima chance para fam\u00edlias garantir parab\u00f3lica digital gratuita"},"content":{"rendered":"\n<p>As fam\u00edlias de baixa renda inscritas no <strong><a href=\"https:\/\/www.em.com.br\/emfoco\/2025\/03\/12\/atencao-governo-comunica-sobre-atualizacao-para-nao-perder-beneficios\/\" target=\"_blank\" rel=\"noreferrer noopener\">Cadastro \u00danico para Programas Sociais (Cad\u00danico)<\/a> <\/strong>t\u00eam at\u00e9 o dia 30 de junho para solicitar a instala\u00e7\u00e3o gratuita da nova parab\u00f3lica digital. A substitui\u00e7\u00e3o \u00e9 essencial para evitar a perda do sinal da TV aberta, pois as parab\u00f3licas tradicionais est\u00e3o sendo desligadas em todo o Brasil.<\/p>\n\n\n\n<p>A troca dos equipamentos \u00e9 realizada pela<strong> <a href=\"https:\/\/sigaantenado.com.br\/\" target=\"_blank\" rel=\"noreferrer noopener\">Siga Antenado<\/a><\/strong>, entidade criada pela <strong>Ag\u00eancia Nacional de Telecomunica\u00e7\u00f5es (Anatel)<\/strong> para auxiliar a popula\u00e7\u00e3o durante essa transi\u00e7\u00e3o. O agendamento pode ser feito pelo site oficial ou pelo telefone 0800 729 2404.<\/p>\n\n\n\n<p>A seguir, entenda os benef\u00edcios da nova parab\u00f3lica digital, como fazer a solicita\u00e7\u00e3o e por que essa mudan\u00e7a \u00e9 essencial para o avan\u00e7o da infraestrutura de telecomunica\u00e7\u00f5es no pa\u00eds.<\/p>\n\n\n\n<h2 class=\"wp-block-heading\">Como funciona a troca da parab\u00f3lica digital para benefici\u00e1rios do Cad\u00danico<\/h2>\n\n\n\n<p>A substitui\u00e7\u00e3o da parab\u00f3lica convencional pela vers\u00e3o digital \u00e9 destinada \u00e0s fam\u00edlias de baixa renda que ainda utilizam a antena tradicional, aquela grande e cheia de furinhos. Quem se enquadra nos crit\u00e9rios poder\u00e1 receber gratuitamente um kit com a nova antena, al\u00e9m da instala\u00e7\u00e3o feita por t\u00e9cnicos especializados.<\/p>\n\n\n\n<figure class=\"wp-block-embed is-type-video is-provider-youtube wp-block-embed-youtube wp-embed-aspect-16-9 wp-has-aspect-ratio\"><div class=\"wp-block-embed__wrapper\">\n<div class=\"jeg_video_container jeg_video_content\"><iframe loading=\"lazy\" title=\"Siga Antenado | Descubra se voc\u00ea tem direito ao kit gratuito\" width=\"500\" height=\"281\" src=\"https:\/\/www.youtube.com\/embed\/A5xSb7Of1VM?feature=oembed\" frameborder=\"0\" allow=\"accelerometer; autoplay; clipboard-write; encrypted-media; gyroscope; picture-in-picture; web-share\" referrerpolicy=\"strict-origin-when-cross-origin\" allowfullscreen><\/iframe><\/div>\n<\/div><\/figure>\n\n\n\n<p>Os principais pontos desse processo incluem:<\/p>\n\n\n\n<ul class=\"wp-block-list\">\n<li><strong>Crit\u00e9rio de elegibilidade:<\/strong> a fam\u00edlia deve estar inscrita no Cad\u00danico e utilizar uma parab\u00f3lica tradicional para assistir \u00e0 TV aberta.<\/li>\n\n\n\n<li><strong>Solicita\u00e7\u00e3o:<\/strong> o agendamento deve ser feito pelo site da Siga Antenado ou pelo telefone 0800 729 2404.<\/li>\n\n\n\n<li><strong>Instala\u00e7\u00e3o gratuita:<\/strong> ap\u00f3s o pedido, t\u00e9cnicos ir\u00e3o at\u00e9 a resid\u00eancia para instalar a nova parab\u00f3lica digital sem custos para a fam\u00edlia.<\/li>\n<\/ul>\n\n\n\n<p>A nova antena oferece uma experi\u00eancia aprimorada, com melhor qualidade de som e imagem, al\u00e9m de uma maior estabilidade no sinal.<\/p>\n\n\n\n<h2 class=\"wp-block-heading\">Quais s\u00e3o as vantagens da parab\u00f3lica digital para os telespectadores<\/h2>\n\n\n\n<p>A substitui\u00e7\u00e3o da parab\u00f3lica convencional por sua vers\u00e3o digital traz diversas melhorias para os usu\u00e1rios. Segundo o ministro das Comunica\u00e7\u00f5es, <strong>Juscelino Filho<\/strong>, essa mudan\u00e7a representa um avan\u00e7o para os benefici\u00e1rios do Cad\u00danico, garantindo acesso a uma TV aberta de maior qualidade sem custos adicionais.<\/p>\n\n\n\n<p>Os principais benef\u00edcios da nova tecnologia incluem:<\/p>\n\n\n\n<ul class=\"wp-block-list\">\n<li><strong>Imagem e som em alta defini\u00e7\u00e3o:<\/strong> a qualidade de transmiss\u00e3o ser\u00e1 superior, eliminando chiados e interfer\u00eancias.<\/li>\n\n\n\n<li><strong>Maior estabilidade do sinal:<\/strong> a nova parab\u00f3lica digital reduz falhas na recep\u00e7\u00e3o, garantindo uma experi\u00eancia mais fluida.<\/li>\n\n\n\n<li><strong>Amplia\u00e7\u00e3o da grade de programa\u00e7\u00e3o:<\/strong> os usu\u00e1rios poder\u00e3o acessar mais de 140 canais, entre regionais e nacionais, ampliando a diversidade de conte\u00fados dispon\u00edveis.<\/li>\n<\/ul>\n\n\n\n<p>Com essas melhorias, a adapta\u00e7\u00e3o se torna essencial para garantir que fam\u00edlias de baixa renda continuem tendo acesso \u00e0 TV aberta sem interrup\u00e7\u00f5es.<\/p>\n\n\n\n<h2 class=\"wp-block-heading\">Como a mudan\u00e7a impacta o avan\u00e7o da infraestrutura de telecomunica\u00e7\u00f5es no Brasil<\/h2>\n\n\n\n<p>A moderniza\u00e7\u00e3o do sinal da TV aberta n\u00e3o traz benef\u00edcios apenas para os telespectadores, mas tamb\u00e9m para o desenvolvimento tecnol\u00f3gico do pa\u00eds. O presidente da Anatel, <strong>Carlos Baigorri<\/strong>, explica que a substitui\u00e7\u00e3o das parab\u00f3licas tradicionais \u00e9 um passo fundamental para a implementa\u00e7\u00e3o do 5G no Brasil.<\/p>\n\n\n\n<p>Essa transi\u00e7\u00e3o permite:<\/p>\n\n\n\n<ul class=\"wp-block-list\">\n<li><strong>Libera\u00e7\u00e3o da faixa de frequ\u00eancia ocupada pelas parab\u00f3licas convencionais, evitando interfer\u00eancias no sinal do 5G.<\/strong><\/li>\n\n\n\n<li><strong>Melhor aproveitamento do espectro de r\u00e1dio, possibilitando avan\u00e7os na conectividade e na comunica\u00e7\u00e3o digital.<\/strong><\/li>\n\n\n\n<li><strong>Desenvolvimento de uma infraestrutura mais moderna e eficiente para o futuro das telecomunica\u00e7\u00f5es no pa\u00eds.<\/strong><\/li>\n<\/ul>\n\n\n\n<p>Dessa forma, al\u00e9m de beneficiar diretamente os telespectadores, essa mudan\u00e7a contribui para a moderniza\u00e7\u00e3o tecnol\u00f3gica do Brasil, garantindo uma internet mais r\u00e1pida e est\u00e1vel.<\/p>\n\n\n\n<figure class=\"wp-block-image size-large\"><img loading=\"lazy\" decoding=\"async\" width=\"1024\" height=\"576\" src=\"https:\/\/www.em.com.br\/emfoco\/wp-content\/uploads\/2025\/03\/parabolica_1743001481610-1024x576.jpg\" alt=\"\" class=\"wp-image-32524\" srcset=\"https:\/\/www.em.com.br\/emfoco\/wp-content\/uploads\/2025\/03\/parabolica_1743001481610-1024x576.jpg 1024w, https:\/\/www.em.com.br\/emfoco\/wp-content\/uploads\/2025\/03\/parabolica_1743001481610-300x169.jpg 300w, https:\/\/www.em.com.br\/emfoco\/wp-content\/uploads\/2025\/03\/parabolica_1743001481610-768x432.jpg 768w, https:\/\/www.em.com.br\/emfoco\/wp-content\/uploads\/2025\/03\/parabolica_1743001481610-750x422.jpg 750w, https:\/\/www.em.com.br\/emfoco\/wp-content\/uploads\/2025\/03\/parabolica_1743001481610-1140x641.jpg 1140w, https:\/\/www.em.com.br\/emfoco\/wp-content\/uploads\/2025\/03\/parabolica_1743001481610.jpg 1280w\" sizes=\"auto, (max-width: 1024px) 100vw, 1024px\" \/><figcaption class=\"wp-element-caption\">Antena parab\u00f3lica &#8211; Cr\u00e9ditos: depositphotos.com \/ tornado1998<\/figcaption><\/figure>\n\n\n\n<h2 class=\"wp-block-heading\">Como se inscrever no Cad\u00danico para ter direito ao benef\u00edcio<\/h2>\n\n\n\n<p>O Cadastro \u00danico para Programas Sociais (Cad\u00danico) \u00e9 a principal ferramenta do governo para identificar e auxiliar fam\u00edlias de baixa renda no Brasil. Ele \u00e9 um requisito fundamental para ter acesso \u00e0 parab\u00f3lica digital gratuita.<\/p>\n\n\n\n<p>Para se cadastrar, \u00e9 necess\u00e1rio seguir os seguintes passos:<\/p>\n\n\n\n<ol class=\"wp-block-list\">\n<li><strong>Comparecer ao Centro de Refer\u00eancia de Assist\u00eancia Social (CRAS) da sua cidade<\/strong> com documentos pessoais de todos os membros da fam\u00edlia.<\/li>\n\n\n\n<li><strong>Apresentar comprovante de resid\u00eancia<\/strong> e documentos como RG, CPF e t\u00edtulo de eleitor.<\/li>\n\n\n\n<li><strong>Realizar o cadastro com um respons\u00e1vel familiar,<\/strong> que fornecer\u00e1 informa\u00e7\u00f5es sobre renda, moradia e composi\u00e7\u00e3o do n\u00facleo familiar.<\/li>\n<\/ol>\n\n\n\n<p>Ap\u00f3s a inscri\u00e7\u00e3o, a fam\u00edlia poder\u00e1 verificar se tem direito ao benef\u00edcio da nova parab\u00f3lica digital. O Cad\u00danico tamb\u00e9m d\u00e1 acesso a outros programas sociais, como o <strong>Bolsa Fam\u00edlia<\/strong> e a <strong>Tarifa Social de Energia El\u00e9trica<\/strong>.<\/p>\n\n\n\n<h2 class=\"wp-block-heading\">N\u00e3o perca o prazo para garantir a instala\u00e7\u00e3o gratuita da parab\u00f3lica digital<\/h2>\n\n\n\n<p>A substitui\u00e7\u00e3o da parab\u00f3lica tradicional pela vers\u00e3o digital representa um avan\u00e7o para milh\u00f5es de brasileiros. Al\u00e9m de oferecer uma qualidade superior na recep\u00e7\u00e3o dos canais de TV aberta, essa mudan\u00e7a \u00e9 essencial para a expans\u00e3o do 5G no Brasil.<\/p>\n\n\n\n<p>As fam\u00edlias inscritas no Cad\u00danico t\u00eam at\u00e9 o dia 30 de junho para solicitar a instala\u00e7\u00e3o gratuita. O agendamento deve ser feito pelo site da Siga Antenado ou pelo telefone<strong> 0800 729 2404<\/strong>.<\/p>\n\n\n\n<p>N\u00e3o deixe para a \u00faltima hora. Garanta seu direito \u00e0 parab\u00f3lica digital e continue assistindo \u00e0 TV aberta com qualidade e estabilidade.<\/p>\n","protected":false},"excerpt":{"rendered":"<p>As fam\u00edlias de baixa renda inscritas no Cadastro \u00danico para Programas Sociais (Cad\u00danico) t\u00eam at\u00e9 o dia 30 de junho para solicitar a instala\u00e7\u00e3o gratuita da nova parab\u00f3lica digital. A substitui\u00e7\u00e3o \u00e9 essencial para evitar a perda do sinal da TV aberta, pois as parab\u00f3licas tradicionais est\u00e3o sendo desligadas em todo o Brasil. A troca [&hellip;]<\/p>\n","protected":false},"author":11,"featured_media":32525,"comment_status":"open","ping_status":"open","sticky":false,"template":"","format":"standard","meta":{"jnews-multi-image_gallery":[],"jnews_single_post":{"format":"standard"},"jnews_primary_category":[],"jnews_social_meta":[],"jnews_override_counter":[],"footnotes":""},"categories":[28,1],"tags":[259,2318,489],"class_list":["post-32462","post","type-post","status-publish","format-standard","has-post-thumbnail","hentry","category-economia","category-noticias","tag-beneficio","tag-beneficio-governo","tag-beneficio-social"],"yoast_head":"<!-- This site is optimized with the Yoast SEO plugin v23.8 - https:\/\/yoast.com\/wordpress\/plugins\/seo\/ -->\n<title>Governo alerta! \u00daltima chance para fam\u00edlias garantir parab\u00f3lica digital gratuita - Estado de Minas - Em foco<\/title>\n<meta name=\"description\" content=\"Garantia de uma TV com melhor qualidade de som e imagem! N\u00e3o perca o prazo para solicitar sua parab\u00f3lica digital gratuita.\" \/>\n<meta name=\"robots\" content=\"index, follow, max-snippet:-1, max-image-preview:large, max-video-preview:-1\" \/>\n<link rel=\"canonical\" href=\"https:\/\/www.em.com.br\/emfoco\/2025\/03\/27\/governo-alerta-ultima-chance-para-familias-garantirem-parabolica-digital-gratuita\/\" \/>\n<meta property=\"og:locale\" content=\"pt_BR\" \/>\n<meta property=\"og:type\" content=\"article\" \/>\n<meta property=\"og:title\" content=\"Governo alerta! \u00daltima chance para fam\u00edlias garantir parab\u00f3lica digital gratuita - Estado de Minas - Em foco\" \/>\n<meta property=\"og:description\" content=\"Garantia de uma TV com melhor qualidade de som e imagem! N\u00e3o perca o prazo para solicitar sua parab\u00f3lica digital gratuita.\" \/>\n<meta property=\"og:url\" content=\"https:\/\/www.em.com.br\/emfoco\/2025\/03\/27\/governo-alerta-ultima-chance-para-familias-garantirem-parabolica-digital-gratuita\/\" \/>\n<meta property=\"og:site_name\" content=\"Estado de Minas - Em foco\" \/>\n<meta property=\"article:published_time\" content=\"2025-03-27T12:20:00+00:00\" \/>\n<meta property=\"article:modified_time\" content=\"2025-03-26T17:01:35+00:00\" \/>\n<meta property=\"og:image\" content=\"https:\/\/www.em.com.br\/emfoco\/wp-content\/uploads\/2025\/03\/parabolica_1743001612439.jpg\" \/>\n\t<meta property=\"og:image:width\" content=\"1280\" \/>\n\t<meta property=\"og:image:height\" content=\"720\" \/>\n\t<meta property=\"og:image:type\" content=\"image\/jpeg\" \/>\n<meta name=\"author\" content=\"Andre\u0301 Rangel\u00a0\" \/>\n<meta name=\"twitter:card\" content=\"summary_large_image\" \/>\n<meta name=\"twitter:label1\" content=\"Escrito por\" \/>\n\t<meta name=\"twitter:data1\" content=\"Andre\u0301 Rangel\u00a0\" \/>\n\t<meta name=\"twitter:label2\" content=\"Est. tempo de leitura\" \/>\n\t<meta name=\"twitter:data2\" content=\"5 minutos\" \/>\n<!-- \/ Yoast SEO plugin. -->","yoast_head_json":{"title":"Governo alerta! \u00daltima chance para fam\u00edlias garantir parab\u00f3lica digital gratuita - Estado de Minas - Em foco","description":"Garantia de uma TV com melhor qualidade de som e imagem! N\u00e3o perca o prazo para solicitar sua parab\u00f3lica digital gratuita.","robots":{"index":"index","follow":"follow","max-snippet":"max-snippet:-1","max-image-preview":"max-image-preview:large","max-video-preview":"max-video-preview:-1"},"canonical":"https:\/\/www.em.com.br\/emfoco\/2025\/03\/27\/governo-alerta-ultima-chance-para-familias-garantirem-parabolica-digital-gratuita\/","og_locale":"pt_BR","og_type":"article","og_title":"Governo alerta! \u00daltima chance para fam\u00edlias garantir parab\u00f3lica digital gratuita - Estado de Minas - Em foco","og_description":"Garantia de uma TV com melhor qualidade de som e imagem! N\u00e3o perca o prazo para solicitar sua parab\u00f3lica digital gratuita.","og_url":"https:\/\/www.em.com.br\/emfoco\/2025\/03\/27\/governo-alerta-ultima-chance-para-familias-garantirem-parabolica-digital-gratuita\/","og_site_name":"Estado de Minas - Em foco","article_published_time":"2025-03-27T12:20:00+00:00","article_modified_time":"2025-03-26T17:01:35+00:00","og_image":[{"width":1280,"height":720,"url":"https:\/\/www.em.com.br\/emfoco\/wp-content\/uploads\/2025\/03\/parabolica_1743001612439.jpg","type":"image\/jpeg"}],"author":"Andre\u0301 Rangel\u00a0","twitter_card":"summary_large_image","twitter_misc":{"Escrito por":"Andre\u0301 Rangel\u00a0","Est. tempo de leitura":"5 minutos"},"schema":{"@context":"https:\/\/schema.org","@graph":[{"@type":"WebPage","@id":"https:\/\/www.em.com.br\/emfoco\/2025\/03\/27\/governo-alerta-ultima-chance-para-familias-garantirem-parabolica-digital-gratuita\/","url":"https:\/\/www.em.com.br\/emfoco\/2025\/03\/27\/governo-alerta-ultima-chance-para-familias-garantirem-parabolica-digital-gratuita\/","name":"Governo alerta! \u00daltima chance para fam\u00edlias garantir parab\u00f3lica digital gratuita - Estado de Minas - Em foco","isPartOf":{"@id":"https:\/\/www.em.com.br\/emfoco\/#website"},"primaryImageOfPage":{"@id":"https:\/\/www.em.com.br\/emfoco\/2025\/03\/27\/governo-alerta-ultima-chance-para-familias-garantirem-parabolica-digital-gratuita\/#primaryimage"},"image":{"@id":"https:\/\/www.em.com.br\/emfoco\/2025\/03\/27\/governo-alerta-ultima-chance-para-familias-garantirem-parabolica-digital-gratuita\/#primaryimage"},"thumbnailUrl":"https:\/\/www.em.com.br\/emfoco\/wp-content\/uploads\/2025\/03\/parabolica_1743001612439.jpg","datePublished":"2025-03-27T12:20:00+00:00","dateModified":"2025-03-26T17:01:35+00:00","author":{"@id":"https:\/\/www.em.com.br\/emfoco\/#\/schema\/person\/60eda09c1fedf0d6891f4cef4b60b8b8"},"description":"Garantia de uma TV com melhor qualidade de som e imagem! N\u00e3o perca o prazo para solicitar sua parab\u00f3lica digital gratuita.","breadcrumb":{"@id":"https:\/\/www.em.com.br\/emfoco\/2025\/03\/27\/governo-alerta-ultima-chance-para-familias-garantirem-parabolica-digital-gratuita\/#breadcrumb"},"inLanguage":"pt-BR","potentialAction":[{"@type":"ReadAction","target":["https:\/\/www.em.com.br\/emfoco\/2025\/03\/27\/governo-alerta-ultima-chance-para-familias-garantirem-parabolica-digital-gratuita\/"]}]},{"@type":"ImageObject","inLanguage":"pt-BR","@id":"https:\/\/www.em.com.br\/emfoco\/2025\/03\/27\/governo-alerta-ultima-chance-para-familias-garantirem-parabolica-digital-gratuita\/#primaryimage","url":"https:\/\/www.em.com.br\/emfoco\/wp-content\/uploads\/2025\/03\/parabolica_1743001612439.jpg","contentUrl":"https:\/\/www.em.com.br\/emfoco\/wp-content\/uploads\/2025\/03\/parabolica_1743001612439.jpg","width":1280,"height":720,"caption":"Antena parab\u00f3lica - Cr\u00e9ditos: depositphotos.com \/ majorosl66"},{"@type":"BreadcrumbList","@id":"https:\/\/www.em.com.br\/emfoco\/2025\/03\/27\/governo-alerta-ultima-chance-para-familias-garantirem-parabolica-digital-gratuita\/#breadcrumb","itemListElement":[{"@type":"ListItem","position":1,"name":"In\u00edcio","item":"https:\/\/www.em.com.br\/emfoco\/"},{"@type":"ListItem","position":2,"name":"Governo alerta! \u00daltima chance para fam\u00edlias garantir parab\u00f3lica digital gratuita"}]},{"@type":"WebSite","@id":"https:\/\/www.em.com.br\/emfoco\/#website","url":"https:\/\/www.em.com.br\/emfoco\/","name":"Estado de Minas - Em foco","description":"Acompanhe as \u00faltimas not\u00edcias e fique bem informado sobre tudo o que acontece em Minas Gerais, Brasil e no mundo.","potentialAction":[{"@type":"SearchAction","target":{"@type":"EntryPoint","urlTemplate":"https:\/\/www.em.com.br\/emfoco\/?s={search_term_string}"},"query-input":{"@type":"PropertyValueSpecification","valueRequired":true,"valueName":"search_term_string"}}],"inLanguage":"pt-BR"},{"@type":"Person","@id":"https:\/\/www.em.com.br\/emfoco\/#\/schema\/person\/60eda09c1fedf0d6891f4cef4b60b8b8","name":"Andre\u0301 Rangel\u00a0","image":{"@type":"ImageObject","inLanguage":"pt-BR","@id":"https:\/\/www.em.com.br\/emfoco\/#\/schema\/person\/image\/","url":"https:\/\/secure.gravatar.com\/avatar\/6234dc814c77c8ef6d8bba622c787efc?s=96&d=mm&r=g","contentUrl":"https:\/\/secure.gravatar.com\/avatar\/6234dc814c77c8ef6d8bba622c787efc?s=96&d=mm&r=g","caption":"Andre\u0301 Rangel\u00a0"},"url":"https:\/\/www.em.com.br\/emfoco\/author\/luizmyth\/"}]}},"_links":{"self":[{"href":"https:\/\/www.em.com.br\/emfoco\/wp-json\/wp\/v2\/posts\/32462","targetHints":{"allow":["GET"]}}],"collection":[{"href":"https:\/\/www.em.com.br\/emfoco\/wp-json\/wp\/v2\/posts"}],"about":[{"href":"https:\/\/www.em.com.br\/emfoco\/wp-json\/wp\/v2\/types\/post"}],"author":[{"embeddable":true,"href":"https:\/\/www.em.com.br\/emfoco\/wp-json\/wp\/v2\/users\/11"}],"replies":[{"embeddable":true,"href":"https:\/\/www.em.com.br\/emfoco\/wp-json\/wp\/v2\/comments?post=32462"}],"version-history":[{"count":4,"href":"https:\/\/www.em.com.br\/emfoco\/wp-json\/wp\/v2\/posts\/32462\/revisions"}],"predecessor-version":[{"id":32648,"href":"https:\/\/www.em.com.br\/emfoco\/wp-json\/wp\/v2\/posts\/32462\/revisions\/32648"}],"wp:featuredmedia":[{"embeddable":true,"href":"https:\/\/www.em.com.br\/emfoco\/wp-json\/wp\/v2\/media\/32525"}],"wp:attachment":[{"href":"https:\/\/www.em.com.br\/emfoco\/wp-json\/wp\/v2\/media?parent=32462"}],"wp:term":[{"taxonomy":"category","embeddable":true,"href":"https:\/\/www.em.com.br\/emfoco\/wp-json\/wp\/v2\/categories?post=32462"},{"taxonomy":"post_tag","embeddable":true,"href":"https:\/\/www.em.com.br\/emfoco\/wp-json\/wp\/v2\/tags?post=32462"}],"curies":[{"name":"wp","href":"https:\/\/api.w.org\/{rel}","templated":true}]}}