{"id":32334,"date":"2025-04-01T13:40:00","date_gmt":"2025-04-01T16:40:00","guid":{"rendered":"https:\/\/www.em.com.br\/emfoco\/?p=32334"},"modified":"2025-03-28T15:41:25","modified_gmt":"2025-03-28T18:41:25","slug":"praias-de-areia-branca-e-aguas-cristalinas-fazem-deste-destino-um-paraiso-imperdivel","status":"publish","type":"post","link":"https:\/\/www.em.com.br\/emfoco\/2025\/04\/01\/praias-de-areia-branca-e-aguas-cristalinas-fazem-deste-destino-um-paraiso-imperdivel\/","title":{"rendered":"Praias de areia branca e \u00e1guas cristalinas fazem deste destino um para\u00edso imperd\u00edvel"},"content":{"rendered":"\n<p><strong>Jericoacoara<\/strong>, carinhosamente chamada de &#8220;<strong>Jeri<\/strong>&#8220;, \u00e9 uma vila encantadora localizada no estado do <strong>Cear\u00e1<\/strong>, no nordeste do <strong>Brasil<\/strong>. Conhecida por suas paisagens deslumbrantes e atmosfera relaxante, Jeri \u00e9 um destino tur\u00edstico que atrai visitantes de todo o mundo. Suas praias de areia branca, dunas imponentes e \u00e1guas cristalinas criam um cen\u00e1rio perfeito para quem busca tranquilidade e beleza natural.<\/p>\n\n\n\n<p>Al\u00e9m de suas belezas naturais, Jericoacoara \u00e9 famosa por sua cultura vibrante e hospitalidade calorosa. A vila oferece uma variedade de atividades para todos os gostos, desde esportes aqu\u00e1ticos at\u00e9 caminhadas pelas dunas ao p\u00f4r do sol. Com uma infraestrutura tur\u00edstica bem desenvolvida, Jeri \u00e9 um destino que combina conforto e aventura em um s\u00f3 lugar.<\/p>\n\n\n\n<h2 class=\"wp-block-heading\">Como chegar a Jericoacoara?<\/h2>\n\n\n\n<p>Chegar a Jericoacoara pode ser uma aventura por si s\u00f3. A vila est\u00e1 localizada a cerca de 300 km de <strong>Fortaleza<\/strong>, a capital do <strong>Cear\u00e1<\/strong>. A maneira mais comum de chegar \u00e9 voando at\u00e9 <strong>Fortaleza<\/strong> e, em seguida, pegando um <strong>transfer<\/strong> ou \u00f4nibus at\u00e9 Jeri. O <strong>Aeroporto Regional de Jericoacoara<\/strong>, localizado em <strong>Cruz<\/strong>, tamb\u00e9m oferece voos diretos de algumas cidades brasileiras, facilitando o acesso ao para\u00edso.<\/p>\n\n\n\n<figure class=\"wp-block-image size-large\"><img loading=\"lazy\" decoding=\"async\" width=\"1024\" height=\"576\" src=\"https:\/\/www.em.com.br\/emfoco\/wp-content\/uploads\/2025\/03\/Jericoacoara_1742948847977-1024x576.jpg\" alt=\"Praias de areia branca e \u00e1guas cristalinas fazem deste destino um para\u00edso imperd\u00edvel\" class=\"wp-image-32346\" srcset=\"https:\/\/www.em.com.br\/emfoco\/wp-content\/uploads\/2025\/03\/Jericoacoara_1742948847977-1024x576.jpg 1024w, https:\/\/www.em.com.br\/emfoco\/wp-content\/uploads\/2025\/03\/Jericoacoara_1742948847977-300x169.jpg 300w, https:\/\/www.em.com.br\/emfoco\/wp-content\/uploads\/2025\/03\/Jericoacoara_1742948847977-768x432.jpg 768w, https:\/\/www.em.com.br\/emfoco\/wp-content\/uploads\/2025\/03\/Jericoacoara_1742948847977-750x422.jpg 750w, https:\/\/www.em.com.br\/emfoco\/wp-content\/uploads\/2025\/03\/Jericoacoara_1742948847977-1140x642.jpg 1140w, https:\/\/www.em.com.br\/emfoco\/wp-content\/uploads\/2025\/03\/Jericoacoara_1742948847977.jpg 1279w\" sizes=\"auto, (max-width: 1024px) 100vw, 1024px\" \/><figcaption class=\"wp-element-caption\">Jericoacoara &#8211; Cr\u00e9ditos: depositphotos.com \/ ammonite<\/figcaption><\/figure>\n\n\n\n<h2 class=\"wp-block-heading\">O que fazer em Jericoacoara?<\/h2>\n\n\n\n<p>Jericoacoara oferece uma ampla gama de atividades para seus visitantes. As praias s\u00e3o o principal atrativo, com destaque para a <strong>Praia de Jericoacoara e a Praia da Malhada<\/strong>. Os ventos constantes fazem de Jeri um destino popular para a pr\u00e1tica de kitesurf e windsurf. Al\u00e9m disso, a <strong>Pedra Furada<\/strong>, um arco natural esculpido pelo mar, \u00e9 um ponto tur\u00edstico imperd\u00edvel.<\/p>\n\n\n\n<h2 class=\"wp-block-heading\">Qualidade de vida em Jericoacoara<\/h2>\n\n\n\n<p>A qualidade de vida em Jericoacoara \u00e9 um dos aspectos que mais encantam seus moradores e visitantes. A vila oferece um estilo de vida tranquilo, com uma forte conex\u00e3o com a natureza. A aus\u00eancia de ilumina\u00e7\u00e3o p\u00fablica nas ruas de areia permite que o c\u00e9u estrelado seja uma atra\u00e7\u00e3o \u00e0 parte, proporcionando uma experi\u00eancia \u00fanica de contato com o meio ambiente.<\/p>\n\n\n\n<h2 class=\"wp-block-heading\">Educa\u00e7\u00e3o em Jericoacoara<\/h2>\n\n\n\n<p>Apesar de ser uma vila pequena, Jericoacoara conta com institui\u00e7\u00f5es educacionais que atendem a popula\u00e7\u00e3o local. A educa\u00e7\u00e3o b\u00e1sica \u00e9 oferecida por escolas p\u00fablicas, e h\u00e1 iniciativas de ONGs e projetos sociais que buscam melhorar a qualidade do ensino e oferecer oportunidades de aprendizado para crian\u00e7as e jovens da regi\u00e3o.<\/p>\n\n\n\n<h2 class=\"wp-block-heading\">Turismo sustent\u00e1vel em Jericoacoara<\/h2>\n\n\n\n<p>O turismo sustent\u00e1vel \u00e9 uma preocupa\u00e7\u00e3o crescente em Jericoacoara. A vila est\u00e1 situada dentro de um parque nacional, o que imp\u00f5e restri\u00e7\u00f5es ao desenvolvimento e garante a preserva\u00e7\u00e3o de suas belezas naturais. Iniciativas locais incentivam pr\u00e1ticas sustent\u00e1veis, como o uso de energia solar e a redu\u00e7\u00e3o de res\u00edduos, para minimizar o impacto ambiental do turismo.<\/p>\n\n\n\n<h2 class=\"wp-block-heading\">Gastronomia em Jericoacoara<\/h2>\n\n\n\n<p>A gastronomia em Jericoacoara \u00e9 um reflexo da diversidade cultural da regi\u00e3o. Os restaurantes <strong><a href=\"https:\/\/www.em.com.br\/emfoco\/2025\/03\/25\/esta-ilha-se-tornou-um-dos-lugares-mais-inovadores-do-mundo\/\" target=\"_blank\" rel=\"noreferrer noopener\">locais<\/a><\/strong> oferecem uma variedade de pratos que combinam ingredientes frescos e sabores regionais. Frutos-do-mar s\u00e3o destaque nos card\u00e1pios, com pratos como moqueca e peixe grelhado sendo favoritos entre os visitantes.<\/p>\n\n\n\n<h2 class=\"wp-block-heading\">Hospedagem em Jericoacoara<\/h2>\n\n\n\n<p>Jericoacoara oferece uma ampla gama de op\u00e7\u00f5es de hospedagem, desde pousadas charmosas at\u00e9 hot\u00e9is de luxo. Muitos estabelecimentos s\u00e3o projetados para se integrar ao ambiente natural, proporcionando uma experi\u00eancia aut\u00eantica e confort\u00e1vel. \u00c9 aconselh\u00e1vel reservar com anteced\u00eancia, especialmente durante a alta temporada, para garantir a melhor estadia poss\u00edvel.<\/p>\n\n\n\n<h2 class=\"wp-block-heading\">Vida noturna em Jericoacoara<\/h2>\n\n\n\n<p>A vida noturna em <strong><a href=\"https:\/\/www.jijocadejericoacoara.ce.gov.br\/\" target=\"_blank\" rel=\"noreferrer noopener\">Jericoacoara<\/a><\/strong> \u00e9 animada e diversificada. A vila oferece uma variedade de bares e restaurantes que proporcionam m\u00fasica ao vivo e festas \u00e0 beira-mar. As noites em Jeri s\u00e3o perfeitas para relaxar com amigos, dan\u00e7ar ao som de ritmos brasileiros e desfrutar de coquet\u00e9is tropicais sob as estrelas.<\/p>\n\n\n\n<p>Jericoacoara \u00e9 um destino que encanta por sua beleza natural e atmosfera acolhedora. Seja para relaxar nas praias, explorar a cultura local ou se aventurar em esportes aqu\u00e1ticos, Jeri oferece uma experi\u00eancia inesquec\u00edvel. Com um compromisso crescente com o turismo sustent\u00e1vel, a vila continua a preservar seu charme \u00fanico enquanto acolhe visitantes de todo o mundo.<\/p>\n","protected":false},"excerpt":{"rendered":"<p>Jericoacoara, carinhosamente chamada de &#8220;Jeri&#8220;, \u00e9 uma vila encantadora localizada no estado do Cear\u00e1, no nordeste do Brasil. Conhecida por suas paisagens deslumbrantes e atmosfera relaxante, Jeri \u00e9 um destino tur\u00edstico que atrai visitantes de todo o mundo. Suas praias de areia branca, dunas imponentes e \u00e1guas cristalinas criam um cen\u00e1rio perfeito para quem busca [&hellip;]<\/p>\n","protected":false},"author":5,"featured_media":3047,"comment_status":"open","ping_status":"open","sticky":false,"template":"","format":"standard","meta":{"jnews-multi-image_gallery":[],"jnews_single_post":{"format":"standard"},"jnews_primary_category":[],"jnews_social_meta":[],"jnews_override_counter":[],"footnotes":""},"categories":[26,1],"tags":[3260,6355,321,157],"class_list":["post-32334","post","type-post","status-publish","format-standard","has-post-thumbnail","hentry","category-cidades","category-noticias","tag-ceara","tag-jericoacoara","tag-praias","tag-turismo"],"yoast_head":"<!-- This site is optimized with the Yoast SEO plugin v23.8 - https:\/\/yoast.com\/wordpress\/plugins\/seo\/ -->\n<title>Praias de areia branca e \u00e1guas cristalinas fazem deste destino um para\u00edso imperd\u00edvel - Estado de Minas - Em foco<\/title>\n<meta name=\"description\" content=\"Cidade litor\u00e2nea do nordeste brasileiro, combina turismo sustent\u00e1vel, aventura e um estilo de vida tranquilo.\" \/>\n<meta name=\"robots\" content=\"index, follow, max-snippet:-1, max-image-preview:large, max-video-preview:-1\" \/>\n<link rel=\"canonical\" href=\"https:\/\/www.em.com.br\/emfoco\/2025\/04\/01\/praias-de-areia-branca-e-aguas-cristalinas-fazem-deste-destino-um-paraiso-imperdivel\/\" \/>\n<meta property=\"og:locale\" content=\"pt_BR\" \/>\n<meta property=\"og:type\" content=\"article\" \/>\n<meta property=\"og:title\" content=\"Praias de areia branca e \u00e1guas cristalinas fazem deste destino um para\u00edso imperd\u00edvel - Estado de Minas - Em foco\" \/>\n<meta property=\"og:description\" content=\"Cidade litor\u00e2nea do nordeste brasileiro, combina turismo sustent\u00e1vel, aventura e um estilo de vida tranquilo.\" \/>\n<meta property=\"og:url\" content=\"https:\/\/www.em.com.br\/emfoco\/2025\/04\/01\/praias-de-areia-branca-e-aguas-cristalinas-fazem-deste-destino-um-paraiso-imperdivel\/\" \/>\n<meta property=\"og:site_name\" content=\"Estado de Minas - Em foco\" \/>\n<meta property=\"article:published_time\" content=\"2025-04-01T16:40:00+00:00\" \/>\n<meta property=\"article:modified_time\" content=\"2025-03-28T18:41:25+00:00\" \/>\n<meta property=\"og:image\" content=\"https:\/\/www.em.com.br\/emfoco\/wp-content\/uploads\/2024\/12\/Jericoacoara_1733256254280.jpg\" \/>\n\t<meta property=\"og:image:width\" content=\"1280\" \/>\n\t<meta property=\"og:image:height\" content=\"720\" \/>\n\t<meta property=\"og:image:type\" content=\"image\/jpeg\" \/>\n<meta name=\"author\" content=\"N\u00fabia Rangel\" \/>\n<meta name=\"twitter:card\" content=\"summary_large_image\" \/>\n<meta name=\"twitter:label1\" content=\"Escrito por\" \/>\n\t<meta name=\"twitter:data1\" content=\"N\u00fabia Rangel\" \/>\n\t<meta name=\"twitter:label2\" content=\"Est. tempo de leitura\" \/>\n\t<meta name=\"twitter:data2\" content=\"4 minutos\" \/>\n<!-- \/ Yoast SEO plugin. -->","yoast_head_json":{"title":"Praias de areia branca e \u00e1guas cristalinas fazem deste destino um para\u00edso imperd\u00edvel - Estado de Minas - Em foco","description":"Cidade litor\u00e2nea do nordeste brasileiro, combina turismo sustent\u00e1vel, aventura e um estilo de vida tranquilo.","robots":{"index":"index","follow":"follow","max-snippet":"max-snippet:-1","max-image-preview":"max-image-preview:large","max-video-preview":"max-video-preview:-1"},"canonical":"https:\/\/www.em.com.br\/emfoco\/2025\/04\/01\/praias-de-areia-branca-e-aguas-cristalinas-fazem-deste-destino-um-paraiso-imperdivel\/","og_locale":"pt_BR","og_type":"article","og_title":"Praias de areia branca e \u00e1guas cristalinas fazem deste destino um para\u00edso imperd\u00edvel - Estado de Minas - Em foco","og_description":"Cidade litor\u00e2nea do nordeste brasileiro, combina turismo sustent\u00e1vel, aventura e um estilo de vida tranquilo.","og_url":"https:\/\/www.em.com.br\/emfoco\/2025\/04\/01\/praias-de-areia-branca-e-aguas-cristalinas-fazem-deste-destino-um-paraiso-imperdivel\/","og_site_name":"Estado de Minas - Em foco","article_published_time":"2025-04-01T16:40:00+00:00","article_modified_time":"2025-03-28T18:41:25+00:00","og_image":[{"width":1280,"height":720,"url":"https:\/\/www.em.com.br\/emfoco\/wp-content\/uploads\/2024\/12\/Jericoacoara_1733256254280.jpg","type":"image\/jpeg"}],"author":"N\u00fabia Rangel","twitter_card":"summary_large_image","twitter_misc":{"Escrito por":"N\u00fabia Rangel","Est. tempo de leitura":"4 minutos"},"schema":{"@context":"https:\/\/schema.org","@graph":[{"@type":"WebPage","@id":"https:\/\/www.em.com.br\/emfoco\/2025\/04\/01\/praias-de-areia-branca-e-aguas-cristalinas-fazem-deste-destino-um-paraiso-imperdivel\/","url":"https:\/\/www.em.com.br\/emfoco\/2025\/04\/01\/praias-de-areia-branca-e-aguas-cristalinas-fazem-deste-destino-um-paraiso-imperdivel\/","name":"Praias de areia branca e \u00e1guas cristalinas fazem deste destino um para\u00edso imperd\u00edvel - Estado de Minas - Em foco","isPartOf":{"@id":"https:\/\/www.em.com.br\/emfoco\/#website"},"primaryImageOfPage":{"@id":"https:\/\/www.em.com.br\/emfoco\/2025\/04\/01\/praias-de-areia-branca-e-aguas-cristalinas-fazem-deste-destino-um-paraiso-imperdivel\/#primaryimage"},"image":{"@id":"https:\/\/www.em.com.br\/emfoco\/2025\/04\/01\/praias-de-areia-branca-e-aguas-cristalinas-fazem-deste-destino-um-paraiso-imperdivel\/#primaryimage"},"thumbnailUrl":"https:\/\/www.em.com.br\/emfoco\/wp-content\/uploads\/2024\/12\/Jericoacoara_1733256254280.jpg","datePublished":"2025-04-01T16:40:00+00:00","dateModified":"2025-03-28T18:41:25+00:00","author":{"@id":"https:\/\/www.em.com.br\/emfoco\/#\/schema\/person\/524437ef54f8a5d32591b143307f2e20"},"description":"Cidade litor\u00e2nea do nordeste brasileiro, combina turismo sustent\u00e1vel, aventura e um estilo de vida tranquilo.","breadcrumb":{"@id":"https:\/\/www.em.com.br\/emfoco\/2025\/04\/01\/praias-de-areia-branca-e-aguas-cristalinas-fazem-deste-destino-um-paraiso-imperdivel\/#breadcrumb"},"inLanguage":"pt-BR","potentialAction":[{"@type":"ReadAction","target":["https:\/\/www.em.com.br\/emfoco\/2025\/04\/01\/praias-de-areia-branca-e-aguas-cristalinas-fazem-deste-destino-um-paraiso-imperdivel\/"]}]},{"@type":"ImageObject","inLanguage":"pt-BR","@id":"https:\/\/www.em.com.br\/emfoco\/2025\/04\/01\/praias-de-areia-branca-e-aguas-cristalinas-fazem-deste-destino-um-paraiso-imperdivel\/#primaryimage","url":"https:\/\/www.em.com.br\/emfoco\/wp-content\/uploads\/2024\/12\/Jericoacoara_1733256254280.jpg","contentUrl":"https:\/\/www.em.com.br\/emfoco\/wp-content\/uploads\/2024\/12\/Jericoacoara_1733256254280.jpg","width":1280,"height":720,"caption":"Jericoacoara em Jijoca de Jericoacoara, Cear\u00e1 - Cr\u00e9ditos: depositphotos.com \/ giannakisphoto"},{"@type":"BreadcrumbList","@id":"https:\/\/www.em.com.br\/emfoco\/2025\/04\/01\/praias-de-areia-branca-e-aguas-cristalinas-fazem-deste-destino-um-paraiso-imperdivel\/#breadcrumb","itemListElement":[{"@type":"ListItem","position":1,"name":"In\u00edcio","item":"https:\/\/www.em.com.br\/emfoco\/"},{"@type":"ListItem","position":2,"name":"Praias de areia branca e \u00e1guas cristalinas fazem deste destino um para\u00edso imperd\u00edvel"}]},{"@type":"WebSite","@id":"https:\/\/www.em.com.br\/emfoco\/#website","url":"https:\/\/www.em.com.br\/emfoco\/","name":"Estado de Minas - Em foco","description":"Acompanhe as \u00faltimas not\u00edcias e fique bem informado sobre tudo o que acontece em Minas Gerais, Brasil e no mundo.","potentialAction":[{"@type":"SearchAction","target":{"@type":"EntryPoint","urlTemplate":"https:\/\/www.em.com.br\/emfoco\/?s={search_term_string}"},"query-input":{"@type":"PropertyValueSpecification","valueRequired":true,"valueName":"search_term_string"}}],"inLanguage":"pt-BR"},{"@type":"Person","@id":"https:\/\/www.em.com.br\/emfoco\/#\/schema\/person\/524437ef54f8a5d32591b143307f2e20","name":"N\u00fabia Rangel","image":{"@type":"ImageObject","inLanguage":"pt-BR","@id":"https:\/\/www.em.com.br\/emfoco\/#\/schema\/person\/image\/","url":"https:\/\/secure.gravatar.com\/avatar\/47cff2827a5ba23c37e8068c86817ea4?s=96&d=mm&r=g","contentUrl":"https:\/\/secure.gravatar.com\/avatar\/47cff2827a5ba23c37e8068c86817ea4?s=96&d=mm&r=g","caption":"N\u00fabia Rangel"},"sameAs":["https:\/\/www.em.com.br\/emfoco\/"],"url":"https:\/\/www.em.com.br\/emfoco\/author\/nubiamyth\/"}]}},"_links":{"self":[{"href":"https:\/\/www.em.com.br\/emfoco\/wp-json\/wp\/v2\/posts\/32334","targetHints":{"allow":["GET"]}}],"collection":[{"href":"https:\/\/www.em.com.br\/emfoco\/wp-json\/wp\/v2\/posts"}],"about":[{"href":"https:\/\/www.em.com.br\/emfoco\/wp-json\/wp\/v2\/types\/post"}],"author":[{"embeddable":true,"href":"https:\/\/www.em.com.br\/emfoco\/wp-json\/wp\/v2\/users\/5"}],"replies":[{"embeddable":true,"href":"https:\/\/www.em.com.br\/emfoco\/wp-json\/wp\/v2\/comments?post=32334"}],"version-history":[{"count":2,"href":"https:\/\/www.em.com.br\/emfoco\/wp-json\/wp\/v2\/posts\/32334\/revisions"}],"predecessor-version":[{"id":32351,"href":"https:\/\/www.em.com.br\/emfoco\/wp-json\/wp\/v2\/posts\/32334\/revisions\/32351"}],"wp:featuredmedia":[{"embeddable":true,"href":"https:\/\/www.em.com.br\/emfoco\/wp-json\/wp\/v2\/media\/3047"}],"wp:attachment":[{"href":"https:\/\/www.em.com.br\/emfoco\/wp-json\/wp\/v2\/media?parent=32334"}],"wp:term":[{"taxonomy":"category","embeddable":true,"href":"https:\/\/www.em.com.br\/emfoco\/wp-json\/wp\/v2\/categories?post=32334"},{"taxonomy":"post_tag","embeddable":true,"href":"https:\/\/www.em.com.br\/emfoco\/wp-json\/wp\/v2\/tags?post=32334"}],"curies":[{"name":"wp","href":"https:\/\/api.w.org\/{rel}","templated":true}]}}