{"id":32282,"date":"2025-05-12T21:00:00","date_gmt":"2025-05-13T00:00:00","guid":{"rendered":"https:\/\/www.em.com.br\/emfoco\/?p=32282"},"modified":"2025-05-11T10:43:17","modified_gmt":"2025-05-11T13:43:17","slug":"skincare-coreano-funciona-veja-como-adaptar-para-sua-pele","status":"publish","type":"post","link":"https:\/\/www.em.com.br\/emfoco\/2025\/05\/12\/skincare-coreano-funciona-veja-como-adaptar-para-sua-pele\/","title":{"rendered":"Skincare coreano funciona? Veja como adaptar para sua pele"},"content":{"rendered":"\n<p>O skincare coreano, conhecido como <strong>K-beauty<\/strong>, tornou-se uma tend\u00eancia mundial por sua abordagem inovadora e eficaz no cuidado com a pele. Focado na sa\u00fade cut\u00e2nea a longo prazo, ele oferece uma rotina detalhada que vai al\u00e9m de tratar problemas existentes, promovendo uma pele verdadeiramente saud\u00e1vel e luminosa.<\/p>\n\n\n\n<p>Composta por v\u00e1rias etapas, a rotina coreana de cuidados com a pele se destaca por sua capacidade de limpar, tratar e proteger a pele de forma completa. Cada passo \u00e9 pensado para atender diferentes tipos de pele e necessidades, desde a limpeza at\u00e9 a hidrata\u00e7\u00e3o e prote\u00e7\u00e3o solar.<\/p>\n\n\n\n<h2 class=\"wp-block-heading\">Quais s\u00e3o os passos essenciais do skincare coreano?<\/h2>\n\n\n\n<p>A rotina de skincare coreano envolve uma s\u00e9rie de passos que trabalham em conjunto para promover uma pele <strong><a href=\"https:\/\/www.em.com.br\/emfoco\/2025\/03\/22\/beneficios-surpreendentes-do-molho-de-tomate-caseiro-para-a-saude\/\" target=\"_blank\" rel=\"noreferrer noopener\">saud\u00e1vel <\/a><\/strong>e radiante. Vamos explorar cada uma dessas etapas e entender como elas contribuem para a beleza da pele.<\/p>\n\n\n\n<h2 class=\"wp-block-heading\">1. Limpeza dupla \u00e9 o segredo para uma pele impec\u00e1vel<\/h2>\n\n\n\n<p>A limpeza dupla \u00e9 um dos pilares do skincare coreano. Ela come\u00e7a com um demaquilante \u00e0 base de \u00f3leo, que dissolve a maquiagem e as impurezas oleosas. Em seguida, um gel de limpeza facial \u00e0 base de \u00e1gua remove as impurezas restantes, garantindo uma pele completamente limpa e preparada para os pr\u00f3ximos passos.<\/p>\n\n\n\n<h2 class=\"wp-block-heading\">2. Esfolia\u00e7\u00e3o \u00e9 a renova\u00e7\u00e3o celular para uma pele luminosa<\/h2>\n\n\n\n<p>A esfolia\u00e7\u00e3o \u00e9 respons\u00e1vel por remover as c\u00e9lulas mortas da superf\u00edcie da pele, revelando uma apar\u00eancia mais luminosa e uniforme. Existem esfoliantes f\u00edsicos, com part\u00edculas abrasivas, e qu\u00edmicos, que utilizam \u00e1cidos para dissolver as c\u00e9lulas mortas. A escolha do tipo de esfoliante ideal depende do tipo de pele e das necessidades individuais.<\/p>\n\n\n\n<figure class=\"wp-block-image size-large\"><img loading=\"lazy\" decoding=\"async\" width=\"1024\" height=\"576\" src=\"https:\/\/www.em.com.br\/emfoco\/wp-content\/uploads\/2025\/03\/skincare_1741373735925-1024x576.jpg\" alt=\"Dicas para levar seus produtos de skincare em viagens sem problemas!\" class=\"wp-image-26470\" srcset=\"https:\/\/www.em.com.br\/emfoco\/wp-content\/uploads\/2025\/03\/skincare_1741373735925-1024x576.jpg 1024w, https:\/\/www.em.com.br\/emfoco\/wp-content\/uploads\/2025\/03\/skincare_1741373735925-300x169.jpg 300w, https:\/\/www.em.com.br\/emfoco\/wp-content\/uploads\/2025\/03\/skincare_1741373735925-768x432.jpg 768w, https:\/\/www.em.com.br\/emfoco\/wp-content\/uploads\/2025\/03\/skincare_1741373735925-750x422.jpg 750w, https:\/\/www.em.com.br\/emfoco\/wp-content\/uploads\/2025\/03\/skincare_1741373735925-1140x641.jpg 1140w, https:\/\/www.em.com.br\/emfoco\/wp-content\/uploads\/2025\/03\/skincare_1741373735925.jpg 1280w\" sizes=\"auto, (max-width: 1024px) 100vw, 1024px\" \/><figcaption class=\"wp-element-caption\">Skincare &#8211; Cr\u00e9ditos: depositphotos.com \/ Nadianb<\/figcaption><\/figure>\n\n\n\n<h2 class=\"wp-block-heading\">3. T\u00f4nico \u00e9 o equil\u00edbrio e prepara\u00e7\u00e3o<\/h2>\n\n\n\n<p>O t\u00f4nico facial \u00e9 essencial para reequilibrar o pH da pele ap\u00f3s a limpeza e preparar a pele para absorver melhor os produtos subsequentes. Formulados com ingredientes suaves e hidratantes, os t\u00f4nicos modernos ajudam a acalmar e hidratar a pele, al\u00e9m de remover qualquer res\u00edduo de impurezas.<\/p>\n\n\n\n<h2 class=\"wp-block-heading\">4. S\u00e9rum \u00e9 um tratamento intensivo e personalizado<\/h2>\n\n\n\n<p>O s\u00e9rum \u00e9 um produto altamente concentrado em ativos que tratam necessidades espec\u00edficas da pele, como hidrata\u00e7\u00e3o, luminosidade e sinais de envelhecimento. Sua textura leve e de r\u00e1pida absor\u00e7\u00e3o permite que os ingredientes penetrem profundamente, oferecendo benef\u00edcios intensivos e duradouros.<\/p>\n\n\n\n<h2 class=\"wp-block-heading\">5. M\u00e1scara facial \u00e9 um cuidado extra para a pele<\/h2>\n\n\n\n<p>As m\u00e1scaras faciais oferecem um tratamento intensivo, proporcionando hidrata\u00e7\u00e3o profunda, controle da oleosidade e outros benef\u00edcios. Com uma variedade de ingredientes e tecnologias, elas complementam a rotina regular, potencializando os resultados e proporcionando um cuidado extra para uma pele radiante.<\/p>\n\n\n\n<h2 class=\"wp-block-heading\">6. Creme para os Olhos \u00e9 um cuidado delicado para a \u00e1rea dos olhos<\/h2>\n\n\n\n<p>A pele ao redor dos olhos \u00e9 delicada e suscet\u00edvel a sinais de envelhecimento. O creme para os olhos hidrata, nutre e protege essa regi\u00e3o, prevenindo e tratando rugas, linhas de express\u00e3o e olheiras. Ingredientes como \u00e1cido hialur\u00f4nico e retinol s\u00e3o comuns nesses produtos, oferecendo benef\u00edcios espec\u00edficos para essa \u00e1rea sens\u00edvel.<\/p>\n\n\n\n<h2 class=\"wp-block-heading\">7. Creme hidratante \u00e9 uma barreira protetora e hidrata\u00e7\u00e3o<\/h2>\n\n\n\n<p>O creme hidratante \u00e9 fundamental para repor a umidade da pele e criar uma barreira protetora contra agress\u00f5es externas. Peles oleosas se beneficiam de hidratantes em gel, enquanto peles secas exigem f\u00f3rmulas mais densas e ricas em \u00f3leos. Al\u00e9m de hidratar, muitos cremes cont\u00eam ativos para tratar problemas espec\u00edficos da pele.<\/p>\n\n\n\n<h2 class=\"wp-block-heading\">8. Protetor solar \u00e9 a prote\u00e7\u00e3o di\u00e1ria contra os raios UV<\/h2>\n\n\n\n<p>O protetor solar \u00e9 essencial para proteger a pele dos raios ultravioleta, prevenindo o envelhecimento precoce, manchas e c\u00e2ncer de pele. \u00c9 importante escolher um protetor com <strong><a href=\"https:\/\/www.boticario.com.br\/dicas-de-beleza\/o-que-significa-o-fps-do-protetor-solar-e-como-escolher-o-certo\/\" target=\"_blank\" rel=\"noreferrer noopener\">FPS<\/a><\/strong> adequado e reaplic\u00e1-lo ao longo do dia para garantir a prote\u00e7\u00e3o cont\u00ednua.<\/p>\n\n\n\n<h2 class=\"wp-block-heading\">Como adaptar o skincare coreano \u00e0 realidade brasileira?<\/h2>\n\n\n\n<p>Adaptar o skincare coreano ao clima e \u00e0s caracter\u00edsticas da pele brasileira envolve escolher f\u00f3rmulas leves e de r\u00e1pida absor\u00e7\u00e3o, especialmente em regi\u00f5es quentes e \u00famidas. Simplificar a rotina, focando nos passos essenciais, pode ser eficaz para manter a pele saud\u00e1vel e radiante.<\/p>\n\n\n\n<p>Com ajustes cuidadosos, \u00e9 poss\u00edvel aproveitar os benef\u00edcios do skincare coreano, promovendo uma pele bem cuidada e saud\u00e1vel, adaptada \u00e0s condi\u00e7\u00f5es locais.<\/p>\n","protected":false},"excerpt":{"rendered":"<p>O skincare coreano, conhecido como K-beauty, tornou-se uma tend\u00eancia mundial por sua abordagem inovadora e eficaz no cuidado com a pele. Focado na sa\u00fade cut\u00e2nea a longo prazo, ele oferece uma rotina detalhada que vai al\u00e9m de tratar problemas existentes, promovendo uma pele verdadeiramente saud\u00e1vel e luminosa. Composta por v\u00e1rias etapas, a rotina coreana de [&hellip;]<\/p>\n","protected":false},"author":5,"featured_media":20071,"comment_status":"open","ping_status":"open","sticky":false,"template":"","format":"standard","meta":{"jnews-multi-image_gallery":[],"jnews_single_post":{"format":"standard"},"jnews_primary_category":[],"jnews_social_meta":[],"jnews_override_counter":[],"footnotes":""},"categories":[29,1],"tags":[2616,4939,6770,4948],"class_list":["post-32282","post","type-post","status-publish","format-standard","has-post-thumbnail","hentry","category-entretenimento","category-noticias","tag-beleza","tag-cuidados-com-a-pele","tag-rotina-de-skincare","tag-skincare"],"yoast_head":"<!-- This site is optimized with the Yoast SEO plugin v23.8 - https:\/\/yoast.com\/wordpress\/plugins\/seo\/ -->\n<title>Skincare coreano funciona? Veja como adaptar para sua pele - Estado de Minas - Em foco<\/title>\n<meta name=\"description\" content=\"Skincare coreano no Brasil? Veja como adaptar os passos essenciais para o clima quente e conquistar uma pele perfeita.\" \/>\n<meta name=\"robots\" content=\"index, follow, max-snippet:-1, max-image-preview:large, max-video-preview:-1\" \/>\n<link rel=\"canonical\" href=\"https:\/\/www.em.com.br\/emfoco\/2025\/05\/12\/skincare-coreano-funciona-veja-como-adaptar-para-sua-pele\/\" \/>\n<meta property=\"og:locale\" content=\"pt_BR\" \/>\n<meta property=\"og:type\" content=\"article\" \/>\n<meta property=\"og:title\" content=\"Skincare coreano funciona? Veja como adaptar para sua pele - Estado de Minas - Em foco\" \/>\n<meta property=\"og:description\" content=\"Skincare coreano no Brasil? Veja como adaptar os passos essenciais para o clima quente e conquistar uma pele perfeita.\" \/>\n<meta property=\"og:url\" content=\"https:\/\/www.em.com.br\/emfoco\/2025\/05\/12\/skincare-coreano-funciona-veja-como-adaptar-para-sua-pele\/\" \/>\n<meta property=\"og:site_name\" content=\"Estado de Minas - Em foco\" \/>\n<meta property=\"article:published_time\" content=\"2025-05-13T00:00:00+00:00\" \/>\n<meta property=\"article:modified_time\" content=\"2025-05-11T13:43:17+00:00\" \/>\n<meta property=\"og:image\" content=\"https:\/\/www.em.com.br\/emfoco\/wp-content\/uploads\/2025\/02\/pele_1739635139311.jpg\" \/>\n\t<meta property=\"og:image:width\" content=\"1280\" \/>\n\t<meta property=\"og:image:height\" content=\"720\" \/>\n\t<meta property=\"og:image:type\" content=\"image\/jpeg\" \/>\n<meta name=\"author\" content=\"N\u00fabia Rangel\" \/>\n<meta name=\"twitter:card\" content=\"summary_large_image\" \/>\n<meta name=\"twitter:label1\" content=\"Escrito por\" \/>\n\t<meta name=\"twitter:data1\" content=\"N\u00fabia Rangel\" \/>\n\t<meta name=\"twitter:label2\" content=\"Est. tempo de leitura\" \/>\n\t<meta name=\"twitter:data2\" content=\"5 minutos\" \/>\n<!-- \/ Yoast SEO plugin. -->","yoast_head_json":{"title":"Skincare coreano funciona? Veja como adaptar para sua pele - Estado de Minas - Em foco","description":"Skincare coreano no Brasil? Veja como adaptar os passos essenciais para o clima quente e conquistar uma pele perfeita.","robots":{"index":"index","follow":"follow","max-snippet":"max-snippet:-1","max-image-preview":"max-image-preview:large","max-video-preview":"max-video-preview:-1"},"canonical":"https:\/\/www.em.com.br\/emfoco\/2025\/05\/12\/skincare-coreano-funciona-veja-como-adaptar-para-sua-pele\/","og_locale":"pt_BR","og_type":"article","og_title":"Skincare coreano funciona? Veja como adaptar para sua pele - Estado de Minas - Em foco","og_description":"Skincare coreano no Brasil? Veja como adaptar os passos essenciais para o clima quente e conquistar uma pele perfeita.","og_url":"https:\/\/www.em.com.br\/emfoco\/2025\/05\/12\/skincare-coreano-funciona-veja-como-adaptar-para-sua-pele\/","og_site_name":"Estado de Minas - Em foco","article_published_time":"2025-05-13T00:00:00+00:00","article_modified_time":"2025-05-11T13:43:17+00:00","og_image":[{"width":1280,"height":720,"url":"https:\/\/www.em.com.br\/emfoco\/wp-content\/uploads\/2025\/02\/pele_1739635139311.jpg","type":"image\/jpeg"}],"author":"N\u00fabia Rangel","twitter_card":"summary_large_image","twitter_misc":{"Escrito por":"N\u00fabia Rangel","Est. tempo de leitura":"5 minutos"},"schema":{"@context":"https:\/\/schema.org","@graph":[{"@type":"WebPage","@id":"https:\/\/www.em.com.br\/emfoco\/2025\/05\/12\/skincare-coreano-funciona-veja-como-adaptar-para-sua-pele\/","url":"https:\/\/www.em.com.br\/emfoco\/2025\/05\/12\/skincare-coreano-funciona-veja-como-adaptar-para-sua-pele\/","name":"Skincare coreano funciona? Veja como adaptar para sua pele - Estado de Minas - Em foco","isPartOf":{"@id":"https:\/\/www.em.com.br\/emfoco\/#website"},"primaryImageOfPage":{"@id":"https:\/\/www.em.com.br\/emfoco\/2025\/05\/12\/skincare-coreano-funciona-veja-como-adaptar-para-sua-pele\/#primaryimage"},"image":{"@id":"https:\/\/www.em.com.br\/emfoco\/2025\/05\/12\/skincare-coreano-funciona-veja-como-adaptar-para-sua-pele\/#primaryimage"},"thumbnailUrl":"https:\/\/www.em.com.br\/emfoco\/wp-content\/uploads\/2025\/02\/pele_1739635139311.jpg","datePublished":"2025-05-13T00:00:00+00:00","dateModified":"2025-05-11T13:43:17+00:00","author":{"@id":"https:\/\/www.em.com.br\/emfoco\/#\/schema\/person\/524437ef54f8a5d32591b143307f2e20"},"description":"Skincare coreano no Brasil? Veja como adaptar os passos essenciais para o clima quente e conquistar uma pele perfeita.","breadcrumb":{"@id":"https:\/\/www.em.com.br\/emfoco\/2025\/05\/12\/skincare-coreano-funciona-veja-como-adaptar-para-sua-pele\/#breadcrumb"},"inLanguage":"pt-BR","potentialAction":[{"@type":"ReadAction","target":["https:\/\/www.em.com.br\/emfoco\/2025\/05\/12\/skincare-coreano-funciona-veja-como-adaptar-para-sua-pele\/"]}]},{"@type":"ImageObject","inLanguage":"pt-BR","@id":"https:\/\/www.em.com.br\/emfoco\/2025\/05\/12\/skincare-coreano-funciona-veja-como-adaptar-para-sua-pele\/#primaryimage","url":"https:\/\/www.em.com.br\/emfoco\/wp-content\/uploads\/2025\/02\/pele_1739635139311.jpg","contentUrl":"https:\/\/www.em.com.br\/emfoco\/wp-content\/uploads\/2025\/02\/pele_1739635139311.jpg","width":1280,"height":720,"caption":"Rosto - Cr\u00e9ditos: depositphotos.com \/ melis82"},{"@type":"BreadcrumbList","@id":"https:\/\/www.em.com.br\/emfoco\/2025\/05\/12\/skincare-coreano-funciona-veja-como-adaptar-para-sua-pele\/#breadcrumb","itemListElement":[{"@type":"ListItem","position":1,"name":"In\u00edcio","item":"https:\/\/www.em.com.br\/emfoco\/"},{"@type":"ListItem","position":2,"name":"Skincare coreano funciona? Veja como adaptar para sua pele"}]},{"@type":"WebSite","@id":"https:\/\/www.em.com.br\/emfoco\/#website","url":"https:\/\/www.em.com.br\/emfoco\/","name":"Estado de Minas - Em foco","description":"Acompanhe as \u00faltimas not\u00edcias e fique bem informado sobre tudo o que acontece em Minas Gerais, Brasil e no mundo.","potentialAction":[{"@type":"SearchAction","target":{"@type":"EntryPoint","urlTemplate":"https:\/\/www.em.com.br\/emfoco\/?s={search_term_string}"},"query-input":{"@type":"PropertyValueSpecification","valueRequired":true,"valueName":"search_term_string"}}],"inLanguage":"pt-BR"},{"@type":"Person","@id":"https:\/\/www.em.com.br\/emfoco\/#\/schema\/person\/524437ef54f8a5d32591b143307f2e20","name":"N\u00fabia Rangel","image":{"@type":"ImageObject","inLanguage":"pt-BR","@id":"https:\/\/www.em.com.br\/emfoco\/#\/schema\/person\/image\/","url":"https:\/\/secure.gravatar.com\/avatar\/47cff2827a5ba23c37e8068c86817ea4?s=96&d=mm&r=g","contentUrl":"https:\/\/secure.gravatar.com\/avatar\/47cff2827a5ba23c37e8068c86817ea4?s=96&d=mm&r=g","caption":"N\u00fabia Rangel"},"sameAs":["https:\/\/www.em.com.br\/emfoco\/"],"url":"https:\/\/www.em.com.br\/emfoco\/author\/nubiamyth\/"}]}},"_links":{"self":[{"href":"https:\/\/www.em.com.br\/emfoco\/wp-json\/wp\/v2\/posts\/32282","targetHints":{"allow":["GET"]}}],"collection":[{"href":"https:\/\/www.em.com.br\/emfoco\/wp-json\/wp\/v2\/posts"}],"about":[{"href":"https:\/\/www.em.com.br\/emfoco\/wp-json\/wp\/v2\/types\/post"}],"author":[{"embeddable":true,"href":"https:\/\/www.em.com.br\/emfoco\/wp-json\/wp\/v2\/users\/5"}],"replies":[{"embeddable":true,"href":"https:\/\/www.em.com.br\/emfoco\/wp-json\/wp\/v2\/comments?post=32282"}],"version-history":[{"count":2,"href":"https:\/\/www.em.com.br\/emfoco\/wp-json\/wp\/v2\/posts\/32282\/revisions"}],"predecessor-version":[{"id":32296,"href":"https:\/\/www.em.com.br\/emfoco\/wp-json\/wp\/v2\/posts\/32282\/revisions\/32296"}],"wp:featuredmedia":[{"embeddable":true,"href":"https:\/\/www.em.com.br\/emfoco\/wp-json\/wp\/v2\/media\/20071"}],"wp:attachment":[{"href":"https:\/\/www.em.com.br\/emfoco\/wp-json\/wp\/v2\/media?parent=32282"}],"wp:term":[{"taxonomy":"category","embeddable":true,"href":"https:\/\/www.em.com.br\/emfoco\/wp-json\/wp\/v2\/categories?post=32282"},{"taxonomy":"post_tag","embeddable":true,"href":"https:\/\/www.em.com.br\/emfoco\/wp-json\/wp\/v2\/tags?post=32282"}],"curies":[{"name":"wp","href":"https:\/\/api.w.org\/{rel}","templated":true}]}}