{"id":32276,"date":"2025-05-12T10:40:00","date_gmt":"2025-05-12T13:40:00","guid":{"rendered":"https:\/\/www.em.com.br\/emfoco\/?p=32276"},"modified":"2025-05-11T10:35:21","modified_gmt":"2025-05-11T13:35:21","slug":"cortar-o-cabelo-na-lua-certa-faz-diferenca-veja-o-que-dizem","status":"publish","type":"post","link":"https:\/\/www.em.com.br\/emfoco\/2025\/05\/12\/cortar-o-cabelo-na-lua-certa-faz-diferenca-veja-o-que-dizem\/","title":{"rendered":"Cortar o cabelo na lua certa faz diferen\u00e7a? Veja o que dizem"},"content":{"rendered":"\n<p>H\u00e1 muito tempo, a rela\u00e7\u00e3o entre as fases da lua e o corte de cabelo tem despertado curiosidade e interesse. Enquanto a ci\u00eancia n\u00e3o confirma essa conex\u00e3o, muitas pessoas acreditam que o ciclo lunar pode impactar o crescimento e a apar\u00eancia dos fios. A lua, com suas quatro fases principais, \u00e9 vista como uma influ\u00eancia poderosa na natureza e, por extens\u00e3o, nos cabelos.<\/p>\n\n\n\n<p>As <strong><a href=\"https:\/\/portal.inmet.gov.br\/paginas\/luas\" target=\"_blank\" rel=\"noreferrer noopener\">fases da lua<\/a><\/strong> s\u00e3o: nova, crescente, cheia e minguante. Cada uma delas possui caracter\u00edsticas \u00fanicas que, segundo a cren\u00e7a popular, podem ser aproveitadas para diferentes objetivos capilares. Vamos explorar como cada fase pode ser utilizada para potencializar o cuidado com os cabelos.<\/p>\n\n\n\n<h2 class=\"wp-block-heading\">Quais s\u00e3o as fases da lua e seus efeitos?<\/h2>\n\n\n\n<p>A lua nova \u00e9 um per\u00edodo de renova\u00e7\u00e3o e planejamento. Embora n\u00e3o seja vis\u00edvel no c\u00e9u, \u00e9 considerada uma fase prop\u00edcia para amadurecer ideias de mudan\u00e7as capilares. Durante a lua crescente, acredita-se que os cabelos cortados crescem mais rapidamente, sendo ideal para quem deseja renovar o visual ou iniciar um novo tratamento capilar.<\/p>\n\n\n\n<p>Na lua cheia, os cabelos tendem a ganhar mais volume e brilho. \u00c9 um momento recomendado para cortes que buscam destacar o volume e a presen\u00e7a dos fios. Por outro lado, a lua minguante \u00e9 vista como uma fase de recolhimento, onde o crescimento dos cabelos pode ser retardado, ideal para quem deseja manter o corte por mais tempo.<\/p>\n\n\n\n<figure class=\"wp-block-image size-large\"><img loading=\"lazy\" decoding=\"async\" width=\"1024\" height=\"576\" src=\"https:\/\/www.em.com.br\/emfoco\/wp-content\/uploads\/2025\/03\/salao-de-beleza_1742930952341-1024x576.jpg\" alt=\"Cortar o cabelo na lua certa faz diferen\u00e7a? Veja o que dizem\" class=\"wp-image-32289\" srcset=\"https:\/\/www.em.com.br\/emfoco\/wp-content\/uploads\/2025\/03\/salao-de-beleza_1742930952341-1024x576.jpg 1024w, https:\/\/www.em.com.br\/emfoco\/wp-content\/uploads\/2025\/03\/salao-de-beleza_1742930952341-300x169.jpg 300w, https:\/\/www.em.com.br\/emfoco\/wp-content\/uploads\/2025\/03\/salao-de-beleza_1742930952341-768x432.jpg 768w, https:\/\/www.em.com.br\/emfoco\/wp-content\/uploads\/2025\/03\/salao-de-beleza_1742930952341-750x422.jpg 750w, https:\/\/www.em.com.br\/emfoco\/wp-content\/uploads\/2025\/03\/salao-de-beleza_1742930952341-1140x641.jpg 1140w, https:\/\/www.em.com.br\/emfoco\/wp-content\/uploads\/2025\/03\/salao-de-beleza_1742930952341.jpg 1280w\" sizes=\"auto, (max-width: 1024px) 100vw, 1024px\" \/><figcaption class=\"wp-element-caption\">Sal\u00e3o de beleza &#8211; Cr\u00e9ditos: depositphotos.com \/ IgorVetushko<\/figcaption><\/figure>\n\n\n\n<h2 class=\"wp-block-heading\">Como saber qual fase da lua est\u00e1 hoje?<\/h2>\n\n\n\n<p>Identificar a fase atual da lua pode ser feito de v\u00e1rias maneiras. Observando o c\u00e9u noturno, \u00e9 poss\u00edvel notar as mudan\u00e7as na apar\u00eancia da lua. Al\u00e9m disso, existem aplicativos e calend\u00e1rios lunares que fornecem informa\u00e7\u00f5es precisas sobre a fase lunar em curso. Saber em que fase a lua est\u00e1 pode ajudar a planejar o melhor momento para cortar o cabelo, de acordo com os objetivos desejados.<\/p>\n\n\n\n<h2 class=\"wp-block-heading\">As fases da lua realmente influenciam o corte de cabelo?<\/h2>\n\n\n\n<p>Embora n\u00e3o haja evid\u00eancias cient\u00edficas que comprovem a influ\u00eancia direta da lua sobre o cabelo, a cren\u00e7a popular e a astrologia sustentam que as fases lunares podem impactar o crescimento e a sa\u00fade dos fios. Astr\u00f3logos afirmam que a lua afeta nosso inconsciente e, por isso, suas fases podem refletir em aspectos do nosso dia a dia, incluindo a apar\u00eancia dos cabelos.<\/p>\n\n\n\n<p>Para aqueles que acreditam na influ\u00eancia lunar, seguir o ciclo da lua pode ser uma maneira de alinhar cuidados capilares com energias naturais, buscando resultados que v\u00e3o al\u00e9m do f\u00edsico, envolvendo tamb\u00e9m aspectos emocionais e espirituais.<\/p>\n\n\n\n<h2 class=\"wp-block-heading\">Como cuidar do cabelo ap\u00f3s o corte?<\/h2>\n\n\n\n<p>Independente da fase lunar escolhida para cortar o cabelo, manter uma rotina de<strong><a href=\"https:\/\/www.em.com.br\/emfoco\/2025\/03\/22\/beneficios-surpreendentes-do-molho-de-tomate-caseiro-para-a-saude\/\" target=\"_blank\" rel=\"noreferrer noopener\"> cuidados<\/a><\/strong> \u00e9 essencial para garantir a sa\u00fade e o brilho dos fios. Um cronograma capilar que inclua hidrata\u00e7\u00e3o, nutri\u00e7\u00e3o e reconstru\u00e7\u00e3o pode ajudar a reparar danos e manter os cabelos fortes e saud\u00e1veis.<\/p>\n\n\n\n<p>Produtos espec\u00edficos, como aqueles com pH \u00e1cido e ingredientes reparadores, podem ser aliados poderosos na manuten\u00e7\u00e3o da beleza capilar. Al\u00e9m disso, evitar o uso excessivo de ferramentas de calor e proteger os fios dos danos ambientais s\u00e3o pr\u00e1ticas recomendadas para prolongar os benef\u00edcios de um bom corte de cabelo.<\/p>\n","protected":false},"excerpt":{"rendered":"<p>H\u00e1 muito tempo, a rela\u00e7\u00e3o entre as fases da lua e o corte de cabelo tem despertado curiosidade e interesse. Enquanto a ci\u00eancia n\u00e3o confirma essa conex\u00e3o, muitas pessoas acreditam que o ciclo lunar pode impactar o crescimento e a apar\u00eancia dos fios. A lua, com suas quatro fases principais, \u00e9 vista como uma influ\u00eancia [&hellip;]<\/p>\n","protected":false},"author":13,"featured_media":32288,"comment_status":"open","ping_status":"open","sticky":false,"template":"","format":"standard","meta":{"jnews-multi-image_gallery":[],"jnews_single_post":{"format":"standard"},"jnews_primary_category":[],"jnews_social_meta":[],"jnews_override_counter":[],"footnotes":""},"categories":[29,1],"tags":[2616,4905,6765,3938],"class_list":["post-32276","post","type-post","status-publish","format-standard","has-post-thumbnail","hentry","category-entretenimento","category-noticias","tag-beleza","tag-cabelo","tag-fases-da-lua","tag-lua"],"yoast_head":"<!-- This site is optimized with the Yoast SEO plugin v23.8 - https:\/\/yoast.com\/wordpress\/plugins\/seo\/ -->\n<title>Cortar o cabelo na lua certa faz diferen\u00e7a? Veja o que dizem - Estado de Minas - Em foco<\/title>\n<meta name=\"description\" content=\"Cortar o cabelo na fase certa da lua pode acelerar o crescimento e dar mais volume. Veja qual \u00e9 o melhor momento para voc\u00ea.\" \/>\n<meta name=\"robots\" content=\"index, follow, max-snippet:-1, max-image-preview:large, max-video-preview:-1\" \/>\n<link rel=\"canonical\" href=\"https:\/\/www.em.com.br\/emfoco\/2025\/05\/12\/cortar-o-cabelo-na-lua-certa-faz-diferenca-veja-o-que-dizem\/\" \/>\n<meta property=\"og:locale\" content=\"pt_BR\" \/>\n<meta property=\"og:type\" content=\"article\" \/>\n<meta property=\"og:title\" content=\"Cortar o cabelo na lua certa faz diferen\u00e7a? Veja o que dizem - Estado de Minas - Em foco\" \/>\n<meta property=\"og:description\" content=\"Cortar o cabelo na fase certa da lua pode acelerar o crescimento e dar mais volume. Veja qual \u00e9 o melhor momento para voc\u00ea.\" \/>\n<meta property=\"og:url\" content=\"https:\/\/www.em.com.br\/emfoco\/2025\/05\/12\/cortar-o-cabelo-na-lua-certa-faz-diferenca-veja-o-que-dizem\/\" \/>\n<meta property=\"og:site_name\" content=\"Estado de Minas - Em foco\" \/>\n<meta property=\"article:published_time\" content=\"2025-05-12T13:40:00+00:00\" \/>\n<meta property=\"article:modified_time\" content=\"2025-05-11T13:35:21+00:00\" \/>\n<meta property=\"og:image\" content=\"https:\/\/www.em.com.br\/emfoco\/wp-content\/uploads\/2025\/03\/salao-de-beleza_1742930887583.jpg\" \/>\n\t<meta property=\"og:image:width\" content=\"1280\" \/>\n\t<meta property=\"og:image:height\" content=\"720\" \/>\n\t<meta property=\"og:image:type\" content=\"image\/jpeg\" \/>\n<meta name=\"author\" content=\"Gabriel Martins\" \/>\n<meta name=\"twitter:card\" content=\"summary_large_image\" \/>\n<meta name=\"twitter:label1\" content=\"Escrito por\" \/>\n\t<meta name=\"twitter:data1\" content=\"Gabriel Martins\" \/>\n\t<meta name=\"twitter:label2\" content=\"Est. tempo de leitura\" \/>\n\t<meta name=\"twitter:data2\" content=\"4 minutos\" \/>\n<!-- \/ Yoast SEO plugin. -->","yoast_head_json":{"title":"Cortar o cabelo na lua certa faz diferen\u00e7a? Veja o que dizem - Estado de Minas - Em foco","description":"Cortar o cabelo na fase certa da lua pode acelerar o crescimento e dar mais volume. Veja qual \u00e9 o melhor momento para voc\u00ea.","robots":{"index":"index","follow":"follow","max-snippet":"max-snippet:-1","max-image-preview":"max-image-preview:large","max-video-preview":"max-video-preview:-1"},"canonical":"https:\/\/www.em.com.br\/emfoco\/2025\/05\/12\/cortar-o-cabelo-na-lua-certa-faz-diferenca-veja-o-que-dizem\/","og_locale":"pt_BR","og_type":"article","og_title":"Cortar o cabelo na lua certa faz diferen\u00e7a? Veja o que dizem - Estado de Minas - Em foco","og_description":"Cortar o cabelo na fase certa da lua pode acelerar o crescimento e dar mais volume. Veja qual \u00e9 o melhor momento para voc\u00ea.","og_url":"https:\/\/www.em.com.br\/emfoco\/2025\/05\/12\/cortar-o-cabelo-na-lua-certa-faz-diferenca-veja-o-que-dizem\/","og_site_name":"Estado de Minas - Em foco","article_published_time":"2025-05-12T13:40:00+00:00","article_modified_time":"2025-05-11T13:35:21+00:00","og_image":[{"width":1280,"height":720,"url":"https:\/\/www.em.com.br\/emfoco\/wp-content\/uploads\/2025\/03\/salao-de-beleza_1742930887583.jpg","type":"image\/jpeg"}],"author":"Gabriel Martins","twitter_card":"summary_large_image","twitter_misc":{"Escrito por":"Gabriel Martins","Est. tempo de leitura":"4 minutos"},"schema":{"@context":"https:\/\/schema.org","@graph":[{"@type":"WebPage","@id":"https:\/\/www.em.com.br\/emfoco\/2025\/05\/12\/cortar-o-cabelo-na-lua-certa-faz-diferenca-veja-o-que-dizem\/","url":"https:\/\/www.em.com.br\/emfoco\/2025\/05\/12\/cortar-o-cabelo-na-lua-certa-faz-diferenca-veja-o-que-dizem\/","name":"Cortar o cabelo na lua certa faz diferen\u00e7a? Veja o que dizem - Estado de Minas - Em foco","isPartOf":{"@id":"https:\/\/www.em.com.br\/emfoco\/#website"},"primaryImageOfPage":{"@id":"https:\/\/www.em.com.br\/emfoco\/2025\/05\/12\/cortar-o-cabelo-na-lua-certa-faz-diferenca-veja-o-que-dizem\/#primaryimage"},"image":{"@id":"https:\/\/www.em.com.br\/emfoco\/2025\/05\/12\/cortar-o-cabelo-na-lua-certa-faz-diferenca-veja-o-que-dizem\/#primaryimage"},"thumbnailUrl":"https:\/\/www.em.com.br\/emfoco\/wp-content\/uploads\/2025\/03\/salao-de-beleza_1742930887583.jpg","datePublished":"2025-05-12T13:40:00+00:00","dateModified":"2025-05-11T13:35:21+00:00","author":{"@id":"https:\/\/www.em.com.br\/emfoco\/#\/schema\/person\/1c9ddeab18b98abeffef834667bcf08a"},"description":"Cortar o cabelo na fase certa da lua pode acelerar o crescimento e dar mais volume. Veja qual \u00e9 o melhor momento para voc\u00ea.","breadcrumb":{"@id":"https:\/\/www.em.com.br\/emfoco\/2025\/05\/12\/cortar-o-cabelo-na-lua-certa-faz-diferenca-veja-o-que-dizem\/#breadcrumb"},"inLanguage":"pt-BR","potentialAction":[{"@type":"ReadAction","target":["https:\/\/www.em.com.br\/emfoco\/2025\/05\/12\/cortar-o-cabelo-na-lua-certa-faz-diferenca-veja-o-que-dizem\/"]}]},{"@type":"ImageObject","inLanguage":"pt-BR","@id":"https:\/\/www.em.com.br\/emfoco\/2025\/05\/12\/cortar-o-cabelo-na-lua-certa-faz-diferenca-veja-o-que-dizem\/#primaryimage","url":"https:\/\/www.em.com.br\/emfoco\/wp-content\/uploads\/2025\/03\/salao-de-beleza_1742930887583.jpg","contentUrl":"https:\/\/www.em.com.br\/emfoco\/wp-content\/uploads\/2025\/03\/salao-de-beleza_1742930887583.jpg","width":1280,"height":720,"caption":"Sal\u00e3o de beleza - Cr\u00e9ditos: depositphotos.com \/ NatashaFedorova"},{"@type":"BreadcrumbList","@id":"https:\/\/www.em.com.br\/emfoco\/2025\/05\/12\/cortar-o-cabelo-na-lua-certa-faz-diferenca-veja-o-que-dizem\/#breadcrumb","itemListElement":[{"@type":"ListItem","position":1,"name":"In\u00edcio","item":"https:\/\/www.em.com.br\/emfoco\/"},{"@type":"ListItem","position":2,"name":"Cortar o cabelo na lua certa faz diferen\u00e7a? Veja o que dizem"}]},{"@type":"WebSite","@id":"https:\/\/www.em.com.br\/emfoco\/#website","url":"https:\/\/www.em.com.br\/emfoco\/","name":"Estado de Minas - Em foco","description":"Acompanhe as \u00faltimas not\u00edcias e fique bem informado sobre tudo o que acontece em Minas Gerais, Brasil e no mundo.","potentialAction":[{"@type":"SearchAction","target":{"@type":"EntryPoint","urlTemplate":"https:\/\/www.em.com.br\/emfoco\/?s={search_term_string}"},"query-input":{"@type":"PropertyValueSpecification","valueRequired":true,"valueName":"search_term_string"}}],"inLanguage":"pt-BR"},{"@type":"Person","@id":"https:\/\/www.em.com.br\/emfoco\/#\/schema\/person\/1c9ddeab18b98abeffef834667bcf08a","name":"Gabriel Martins","image":{"@type":"ImageObject","inLanguage":"pt-BR","@id":"https:\/\/www.em.com.br\/emfoco\/#\/schema\/person\/image\/","url":"https:\/\/secure.gravatar.com\/avatar\/f0f1e2efdfd88f1ad2cb08c5c2731e50?s=96&d=mm&r=g","contentUrl":"https:\/\/secure.gravatar.com\/avatar\/f0f1e2efdfd88f1ad2cb08c5c2731e50?s=96&d=mm&r=g","caption":"Gabriel Martins"},"sameAs":["https:\/\/www.em.com.br\/emfoco\/"],"url":"https:\/\/www.em.com.br\/emfoco\/author\/gabrielmartinsmyth\/"}]}},"_links":{"self":[{"href":"https:\/\/www.em.com.br\/emfoco\/wp-json\/wp\/v2\/posts\/32276","targetHints":{"allow":["GET"]}}],"collection":[{"href":"https:\/\/www.em.com.br\/emfoco\/wp-json\/wp\/v2\/posts"}],"about":[{"href":"https:\/\/www.em.com.br\/emfoco\/wp-json\/wp\/v2\/types\/post"}],"author":[{"embeddable":true,"href":"https:\/\/www.em.com.br\/emfoco\/wp-json\/wp\/v2\/users\/13"}],"replies":[{"embeddable":true,"href":"https:\/\/www.em.com.br\/emfoco\/wp-json\/wp\/v2\/comments?post=32276"}],"version-history":[{"count":2,"href":"https:\/\/www.em.com.br\/emfoco\/wp-json\/wp\/v2\/posts\/32276\/revisions"}],"predecessor-version":[{"id":32292,"href":"https:\/\/www.em.com.br\/emfoco\/wp-json\/wp\/v2\/posts\/32276\/revisions\/32292"}],"wp:featuredmedia":[{"embeddable":true,"href":"https:\/\/www.em.com.br\/emfoco\/wp-json\/wp\/v2\/media\/32288"}],"wp:attachment":[{"href":"https:\/\/www.em.com.br\/emfoco\/wp-json\/wp\/v2\/media?parent=32276"}],"wp:term":[{"taxonomy":"category","embeddable":true,"href":"https:\/\/www.em.com.br\/emfoco\/wp-json\/wp\/v2\/categories?post=32276"},{"taxonomy":"post_tag","embeddable":true,"href":"https:\/\/www.em.com.br\/emfoco\/wp-json\/wp\/v2\/tags?post=32276"}],"curies":[{"name":"wp","href":"https:\/\/api.w.org\/{rel}","templated":true}]}}