{"id":32092,"date":"2025-04-21T16:20:00","date_gmt":"2025-04-21T19:20:00","guid":{"rendered":"https:\/\/www.em.com.br\/emfoco\/?p=32092"},"modified":"2025-04-04T13:23:42","modified_gmt":"2025-04-04T16:23:42","slug":"brasileiros-que-pedem-cpf-na-nota-podem-receber-beneficio-inesperado-este-ano","status":"publish","type":"post","link":"https:\/\/www.em.com.br\/emfoco\/2025\/04\/21\/brasileiros-que-pedem-cpf-na-nota-podem-receber-beneficio-inesperado-este-ano\/","title":{"rendered":"Brasileiros que pedem CPF na Nota podem receber benef\u00edcio inesperado este ano"},"content":{"rendered":"\n<p>O <strong>programa CPF na Nota<\/strong> \u00e9 uma iniciativa que visa estimular os consumidores a inclu\u00edrem seu CPF nas notas fiscais ao realizarem compras. Este programa tem como objetivo principal aumentar a transpar\u00eancia nas transa\u00e7\u00f5es comerciais e garantir que os impostos sejam devidamente recolhidos pelos estabelecimentos comerciais.<\/p>\n\n\n\n<p>Implementado em diversos estados do <strong>Brasil<\/strong>, o programa n\u00e3o apenas ajuda na arrecada\u00e7\u00e3o de impostos, mas tamb\u00e9m oferece benef\u00edcios diretos aos consumidores, incentivando uma participa\u00e7\u00e3o mais ativa e consciente nas pr\u00e1ticas fiscais do pa\u00eds.<\/p>\n\n\n\n<h2 class=\"wp-block-heading\">Vantagens para os consumidores<\/h2>\n\n\n\n<p>Os consumidores que participam do programa <strong><a href=\"https:\/\/www.em.com.br\/emfoco\/2025\/03\/24\/cuidados-e-alerta-ao-inserir-o-cpf-na-nota-durante-compras\/\" target=\"_blank\" rel=\"noreferrer noopener\">CPF na Nota<\/a><\/strong> podem usufruir de v\u00e1rias vantagens. Entre as mais not\u00e1veis est\u00e3o:<\/p>\n\n\n\n<ul class=\"wp-block-list\">\n<li><strong>Redu\u00e7\u00e3o de impostos:<\/strong> Participantes podem receber descontos em impostos como <strong><a href=\"https:\/\/www.jusbrasil.com.br\/artigos\/iptu-e-ipva-o-que-voce-precisa-saber-desses-dois-impostos-para-nao-ficar-devendo-para-o-fisco\/811657767\" target=\"_blank\" rel=\"noreferrer noopener\">IPTU e IPVA<\/a><\/strong>, o que pode resultar em economia significativa.<\/li>\n\n\n\n<li><strong>Participa\u00e7\u00e3o em sorteios:<\/strong> Ao registrar o CPF nas notas fiscais, os consumidores podem concorrer a pr\u00eamios em dinheiro, aumentando o incentivo para aderir ao programa.<\/li>\n\n\n\n<li><strong>Contribui\u00e7\u00e3o social:<\/strong> Parte dos pr\u00eamios pode ser destinada a institui\u00e7\u00f5es de caridade, permitindo que os consumidores contribuam para causas sociais importantes.<\/li>\n<\/ul>\n\n\n\n<p>Esses benef\u00edcios n\u00e3o apenas incentivam a emiss\u00e3o de notas fiscais, mas tamb\u00e9m promovem uma maior conscientiza\u00e7\u00e3o sobre a import\u00e2ncia da legalidade nas transa\u00e7\u00f5es comerciais.<\/p>\n\n\n\n<figure class=\"wp-block-image size-large\"><img loading=\"lazy\" decoding=\"async\" width=\"1024\" height=\"576\" src=\"https:\/\/www.em.com.br\/emfoco\/wp-content\/uploads\/2024\/12\/CPF_1735328129110-1024x576.jpg\" alt=\"Transforme suas compras em sorte: Entenda como o programa CPF na Nota funciona\" class=\"wp-image-7088\" srcset=\"https:\/\/www.em.com.br\/emfoco\/wp-content\/uploads\/2024\/12\/CPF_1735328129110-1024x576.jpg 1024w, https:\/\/www.em.com.br\/emfoco\/wp-content\/uploads\/2024\/12\/CPF_1735328129110-300x169.jpg 300w, https:\/\/www.em.com.br\/emfoco\/wp-content\/uploads\/2024\/12\/CPF_1735328129110-768x432.jpg 768w, https:\/\/www.em.com.br\/emfoco\/wp-content\/uploads\/2024\/12\/CPF_1735328129110-750x422.jpg 750w, https:\/\/www.em.com.br\/emfoco\/wp-content\/uploads\/2024\/12\/CPF_1735328129110-1140x641.jpg 1140w, https:\/\/www.em.com.br\/emfoco\/wp-content\/uploads\/2024\/12\/CPF_1735328129110.jpg 1280w\" sizes=\"auto, (max-width: 1024px) 100vw, 1024px\" \/><figcaption class=\"wp-element-caption\">Imagem Ilustrativa do CPF &#8211; Cr\u00e9ditos: depositphotos.com \/ Mehaniq<\/figcaption><\/figure>\n\n\n\n<h2 class=\"wp-block-heading\">Impactos econ\u00f4micos e sociais<\/h2>\n\n\n\n<p>O programa CPF na Nota tem um impacto significativo na economia local. Ao aumentar a emiss\u00e3o de notas fiscais, os estados conseguem arrecadar mais impostos, o que se traduz em mais recursos para investimentos em \u00e1reas essenciais como sa\u00fade, educa\u00e7\u00e3o e infraestrutura.<\/p>\n\n\n\n<p>Socialmente, o programa tamb\u00e9m traz benef\u00edcios importantes. A possibilidade de direcionar pr\u00eamios para institui\u00e7\u00f5es de caridade cria um ciclo de benef\u00edcios que se estende a toda a sociedade. Essa pr\u00e1tica fortalece o apoio a causas sociais e promove um senso de comunidade e responsabilidade social entre os cidad\u00e3os.<\/p>\n\n\n\n<h2 class=\"wp-block-heading\">Por que incluir o CPF na Nota?<\/h2>\n\n\n\n<p>Incluir o CPF na nota fiscal \u00e9 mais do que uma simples formalidade. Essa pr\u00e1tica promove uma cultura de responsabilidade e legalidade nas transa\u00e7\u00f5es di\u00e1rias. Para os consumidores, a nota fiscal serve como um comprovante de compra, essencial em casos de troca ou garantia de produtos.<\/p>\n\n\n\n<p>Al\u00e9m disso, pedir o CPF na nota regularmente ajuda a garantir que as pol\u00edticas p\u00fablicas sejam devidamente financiadas, beneficiando toda a popula\u00e7\u00e3o. Essa pr\u00e1tica n\u00e3o s\u00f3 combate a sonega\u00e7\u00e3o fiscal, mas tamb\u00e9m refor\u00e7a a cidadania respons\u00e1vel, incentivando um comportamento \u00e9tico e consciente.<\/p>\n\n\n\n<h2 class=\"wp-block-heading\">Como aproveitar ao m\u00e1ximo o programa?<\/h2>\n\n\n\n<p>Os consumidores que solicitam o CPF na nota fiscal podem aproveitar diversos benef\u00edcios. Al\u00e9m dos descontos em impostos e da participa\u00e7\u00e3o em sorteios, eles podem acumular cr\u00e9ditos que podem ser resgatados ou usados em compras futuras. Essa pr\u00e1tica tamb\u00e9m facilita a organiza\u00e7\u00e3o financeira pessoal, pois as notas fiscais podem ser usadas para controle de gastos e planejamento financeiro.<\/p>\n\n\n\n<p>Em resumo, a inclus\u00e3o do CPF na nota fiscal \u00e9 uma pr\u00e1tica vantajosa tanto para o governo quanto para os consumidores, promovendo um ambiente econ\u00f4mico mais justo e transparente. Ao adotar essa pr\u00e1tica, os consumidores contribuem para uma sociedade mais equitativa e para o fortalecimento das pol\u00edticas p\u00fablicas.<\/p>\n","protected":false},"excerpt":{"rendered":"<p>O programa CPF na Nota \u00e9 uma iniciativa que visa estimular os consumidores a inclu\u00edrem seu CPF nas notas fiscais ao realizarem compras. Este programa tem como objetivo principal aumentar a transpar\u00eancia nas transa\u00e7\u00f5es comerciais e garantir que os impostos sejam devidamente recolhidos pelos estabelecimentos comerciais. Implementado em diversos estados do Brasil, o programa n\u00e3o [&hellip;]<\/p>\n","protected":false},"author":13,"featured_media":13856,"comment_status":"open","ping_status":"open","sticky":false,"template":"","format":"standard","meta":{"jnews-multi-image_gallery":[],"jnews_single_post":{"format":"standard"},"jnews_primary_category":[],"jnews_social_meta":[],"jnews_override_counter":[],"footnotes":""},"categories":[28,1],"tags":[1178,398,2876,401],"class_list":["post-32092","post","type-post","status-publish","format-standard","has-post-thumbnail","hentry","category-economia","category-noticias","tag-consumidores","tag-cpf-na-nota","tag-impostos","tag-sorteios"],"yoast_head":"<!-- This site is optimized with the Yoast SEO plugin v23.8 - https:\/\/yoast.com\/wordpress\/plugins\/seo\/ -->\n<title>Brasileiros que pedem CPF na Nota podem receber benef\u00edcio inesperado este ano - Estado de Minas - Em foco<\/title>\n<meta name=\"description\" content=\"Participe do programa CPF na Nota e ganhe pr\u00eamios, al\u00e9m de descontos em impostos como IPTU e IPVA. Saiba como aproveitar!\" \/>\n<meta name=\"robots\" content=\"index, follow, max-snippet:-1, max-image-preview:large, max-video-preview:-1\" \/>\n<link rel=\"canonical\" href=\"https:\/\/www.em.com.br\/emfoco\/2025\/04\/21\/brasileiros-que-pedem-cpf-na-nota-podem-receber-beneficio-inesperado-este-ano\/\" \/>\n<meta property=\"og:locale\" content=\"pt_BR\" \/>\n<meta property=\"og:type\" content=\"article\" \/>\n<meta property=\"og:title\" content=\"Brasileiros que pedem CPF na Nota podem receber benef\u00edcio inesperado este ano - Estado de Minas - Em foco\" \/>\n<meta property=\"og:description\" content=\"Participe do programa CPF na Nota e ganhe pr\u00eamios, al\u00e9m de descontos em impostos como IPTU e IPVA. Saiba como aproveitar!\" \/>\n<meta property=\"og:url\" content=\"https:\/\/www.em.com.br\/emfoco\/2025\/04\/21\/brasileiros-que-pedem-cpf-na-nota-podem-receber-beneficio-inesperado-este-ano\/\" \/>\n<meta property=\"og:site_name\" content=\"Estado de Minas - Em foco\" \/>\n<meta property=\"article:published_time\" content=\"2025-04-21T19:20:00+00:00\" \/>\n<meta property=\"article:modified_time\" content=\"2025-04-04T16:23:42+00:00\" \/>\n<meta property=\"og:image\" content=\"https:\/\/www.em.com.br\/emfoco\/wp-content\/uploads\/2025\/01\/recibo_1737909938344.jpg\" \/>\n\t<meta property=\"og:image:width\" content=\"1280\" \/>\n\t<meta property=\"og:image:height\" content=\"720\" \/>\n\t<meta property=\"og:image:type\" content=\"image\/jpeg\" \/>\n<meta name=\"author\" content=\"Gabriel Martins\" \/>\n<meta name=\"twitter:card\" content=\"summary_large_image\" \/>\n<meta name=\"twitter:label1\" content=\"Escrito por\" \/>\n\t<meta name=\"twitter:data1\" content=\"Gabriel Martins\" \/>\n\t<meta name=\"twitter:label2\" content=\"Est. tempo de leitura\" \/>\n\t<meta name=\"twitter:data2\" content=\"4 minutos\" \/>\n<!-- \/ Yoast SEO plugin. -->","yoast_head_json":{"title":"Brasileiros que pedem CPF na Nota podem receber benef\u00edcio inesperado este ano - Estado de Minas - Em foco","description":"Participe do programa CPF na Nota e ganhe pr\u00eamios, al\u00e9m de descontos em impostos como IPTU e IPVA. Saiba como aproveitar!","robots":{"index":"index","follow":"follow","max-snippet":"max-snippet:-1","max-image-preview":"max-image-preview:large","max-video-preview":"max-video-preview:-1"},"canonical":"https:\/\/www.em.com.br\/emfoco\/2025\/04\/21\/brasileiros-que-pedem-cpf-na-nota-podem-receber-beneficio-inesperado-este-ano\/","og_locale":"pt_BR","og_type":"article","og_title":"Brasileiros que pedem CPF na Nota podem receber benef\u00edcio inesperado este ano - Estado de Minas - Em foco","og_description":"Participe do programa CPF na Nota e ganhe pr\u00eamios, al\u00e9m de descontos em impostos como IPTU e IPVA. Saiba como aproveitar!","og_url":"https:\/\/www.em.com.br\/emfoco\/2025\/04\/21\/brasileiros-que-pedem-cpf-na-nota-podem-receber-beneficio-inesperado-este-ano\/","og_site_name":"Estado de Minas - Em foco","article_published_time":"2025-04-21T19:20:00+00:00","article_modified_time":"2025-04-04T16:23:42+00:00","og_image":[{"width":1280,"height":720,"url":"https:\/\/www.em.com.br\/emfoco\/wp-content\/uploads\/2025\/01\/recibo_1737909938344.jpg","type":"image\/jpeg"}],"author":"Gabriel Martins","twitter_card":"summary_large_image","twitter_misc":{"Escrito por":"Gabriel Martins","Est. tempo de leitura":"4 minutos"},"schema":{"@context":"https:\/\/schema.org","@graph":[{"@type":"WebPage","@id":"https:\/\/www.em.com.br\/emfoco\/2025\/04\/21\/brasileiros-que-pedem-cpf-na-nota-podem-receber-beneficio-inesperado-este-ano\/","url":"https:\/\/www.em.com.br\/emfoco\/2025\/04\/21\/brasileiros-que-pedem-cpf-na-nota-podem-receber-beneficio-inesperado-este-ano\/","name":"Brasileiros que pedem CPF na Nota podem receber benef\u00edcio inesperado este ano - Estado de Minas - Em foco","isPartOf":{"@id":"https:\/\/www.em.com.br\/emfoco\/#website"},"primaryImageOfPage":{"@id":"https:\/\/www.em.com.br\/emfoco\/2025\/04\/21\/brasileiros-que-pedem-cpf-na-nota-podem-receber-beneficio-inesperado-este-ano\/#primaryimage"},"image":{"@id":"https:\/\/www.em.com.br\/emfoco\/2025\/04\/21\/brasileiros-que-pedem-cpf-na-nota-podem-receber-beneficio-inesperado-este-ano\/#primaryimage"},"thumbnailUrl":"https:\/\/www.em.com.br\/emfoco\/wp-content\/uploads\/2025\/01\/recibo_1737909938344.jpg","datePublished":"2025-04-21T19:20:00+00:00","dateModified":"2025-04-04T16:23:42+00:00","author":{"@id":"https:\/\/www.em.com.br\/emfoco\/#\/schema\/person\/1c9ddeab18b98abeffef834667bcf08a"},"description":"Participe do programa CPF na Nota e ganhe pr\u00eamios, al\u00e9m de descontos em impostos como IPTU e IPVA. Saiba como aproveitar!","breadcrumb":{"@id":"https:\/\/www.em.com.br\/emfoco\/2025\/04\/21\/brasileiros-que-pedem-cpf-na-nota-podem-receber-beneficio-inesperado-este-ano\/#breadcrumb"},"inLanguage":"pt-BR","potentialAction":[{"@type":"ReadAction","target":["https:\/\/www.em.com.br\/emfoco\/2025\/04\/21\/brasileiros-que-pedem-cpf-na-nota-podem-receber-beneficio-inesperado-este-ano\/"]}]},{"@type":"ImageObject","inLanguage":"pt-BR","@id":"https:\/\/www.em.com.br\/emfoco\/2025\/04\/21\/brasileiros-que-pedem-cpf-na-nota-podem-receber-beneficio-inesperado-este-ano\/#primaryimage","url":"https:\/\/www.em.com.br\/emfoco\/wp-content\/uploads\/2025\/01\/recibo_1737909938344.jpg","contentUrl":"https:\/\/www.em.com.br\/emfoco\/wp-content\/uploads\/2025\/01\/recibo_1737909938344.jpg","width":1280,"height":720,"caption":"Imagem Ilustrativa de Nota Fiscal - Cr\u00e9ditos: depositphotos.com \/ Nomadsoul1"},{"@type":"BreadcrumbList","@id":"https:\/\/www.em.com.br\/emfoco\/2025\/04\/21\/brasileiros-que-pedem-cpf-na-nota-podem-receber-beneficio-inesperado-este-ano\/#breadcrumb","itemListElement":[{"@type":"ListItem","position":1,"name":"In\u00edcio","item":"https:\/\/www.em.com.br\/emfoco\/"},{"@type":"ListItem","position":2,"name":"Brasileiros que pedem CPF na Nota podem receber benef\u00edcio inesperado este ano"}]},{"@type":"WebSite","@id":"https:\/\/www.em.com.br\/emfoco\/#website","url":"https:\/\/www.em.com.br\/emfoco\/","name":"Estado de Minas - Em foco","description":"Acompanhe as \u00faltimas not\u00edcias e fique bem informado sobre tudo o que acontece em Minas Gerais, Brasil e no mundo.","potentialAction":[{"@type":"SearchAction","target":{"@type":"EntryPoint","urlTemplate":"https:\/\/www.em.com.br\/emfoco\/?s={search_term_string}"},"query-input":{"@type":"PropertyValueSpecification","valueRequired":true,"valueName":"search_term_string"}}],"inLanguage":"pt-BR"},{"@type":"Person","@id":"https:\/\/www.em.com.br\/emfoco\/#\/schema\/person\/1c9ddeab18b98abeffef834667bcf08a","name":"Gabriel Martins","image":{"@type":"ImageObject","inLanguage":"pt-BR","@id":"https:\/\/www.em.com.br\/emfoco\/#\/schema\/person\/image\/","url":"https:\/\/secure.gravatar.com\/avatar\/f0f1e2efdfd88f1ad2cb08c5c2731e50?s=96&d=mm&r=g","contentUrl":"https:\/\/secure.gravatar.com\/avatar\/f0f1e2efdfd88f1ad2cb08c5c2731e50?s=96&d=mm&r=g","caption":"Gabriel Martins"},"sameAs":["https:\/\/www.em.com.br\/emfoco\/"],"url":"https:\/\/www.em.com.br\/emfoco\/author\/gabrielmartinsmyth\/"}]}},"_links":{"self":[{"href":"https:\/\/www.em.com.br\/emfoco\/wp-json\/wp\/v2\/posts\/32092","targetHints":{"allow":["GET"]}}],"collection":[{"href":"https:\/\/www.em.com.br\/emfoco\/wp-json\/wp\/v2\/posts"}],"about":[{"href":"https:\/\/www.em.com.br\/emfoco\/wp-json\/wp\/v2\/types\/post"}],"author":[{"embeddable":true,"href":"https:\/\/www.em.com.br\/emfoco\/wp-json\/wp\/v2\/users\/13"}],"replies":[{"embeddable":true,"href":"https:\/\/www.em.com.br\/emfoco\/wp-json\/wp\/v2\/comments?post=32092"}],"version-history":[{"count":4,"href":"https:\/\/www.em.com.br\/emfoco\/wp-json\/wp\/v2\/posts\/32092\/revisions"}],"predecessor-version":[{"id":32155,"href":"https:\/\/www.em.com.br\/emfoco\/wp-json\/wp\/v2\/posts\/32092\/revisions\/32155"}],"wp:featuredmedia":[{"embeddable":true,"href":"https:\/\/www.em.com.br\/emfoco\/wp-json\/wp\/v2\/media\/13856"}],"wp:attachment":[{"href":"https:\/\/www.em.com.br\/emfoco\/wp-json\/wp\/v2\/media?parent=32092"}],"wp:term":[{"taxonomy":"category","embeddable":true,"href":"https:\/\/www.em.com.br\/emfoco\/wp-json\/wp\/v2\/categories?post=32092"},{"taxonomy":"post_tag","embeddable":true,"href":"https:\/\/www.em.com.br\/emfoco\/wp-json\/wp\/v2\/tags?post=32092"}],"curies":[{"name":"wp","href":"https:\/\/api.w.org\/{rel}","templated":true}]}}