{"id":32035,"date":"2025-03-26T11:00:00","date_gmt":"2025-03-26T14:00:00","guid":{"rendered":"https:\/\/www.em.com.br\/emfoco\/?p=32035"},"modified":"2025-03-25T12:17:55","modified_gmt":"2025-03-25T15:17:55","slug":"voce-sabia-que-ja-estamos-cultivando-alfaces-no-espaco-veja-como","status":"publish","type":"post","link":"https:\/\/www.em.com.br\/emfoco\/2025\/03\/26\/voce-sabia-que-ja-estamos-cultivando-alfaces-no-espaco-veja-como\/","title":{"rendered":"Voc\u00ea sabia que j\u00e1 estamos cultivando alfaces no espa\u00e7o? Veja como"},"content":{"rendered":"\n<p>O <strong>cultivo de plantas no espa\u00e7o<\/strong> \u00e9 uma \u00e1rea de pesquisa que tem ganhado destaque nos \u00faltimos anos. Com o avan\u00e7o das <strong>miss\u00f5es espaciais<\/strong> e a perspectiva de coloniza\u00e7\u00e3o de outros planetas, a capacidade de produzir alimentos fora da <strong>Terra<\/strong> tornou-se uma prioridade.<strong> As hortas de gravidade zero s<\/strong>urgem como uma solu\u00e7\u00e3o inovadora para garantir a alimenta\u00e7\u00e3o de astronautas em longas viagens espaciais.<\/p>\n\n\n\n<p>O conceito de hortas espaciais n\u00e3o \u00e9 apenas uma ideia futurista; \u00e9 uma realidade em desenvolvimento. A <a href=\"https:\/\/www.nasa.gov\/\" target=\"_blank\" rel=\"noopener\">NASA <\/a>e outras ag\u00eancias espaciais est\u00e3o investindo em pesquisas para entender como as <a href=\"https:\/\/www.em.com.br\/emfoco\/2025\/03\/14\/conecte-se-com-a-natureza-e-cultive-habitos-saudaveis-em-sua-horta-urbana\/\" target=\"_blank\" rel=\"noopener\">plantas<\/a> podem crescer em ambientes de <strong>microgravidade<\/strong>. Este avan\u00e7o \u00e9 crucial para a sustentabilidade das miss\u00f5es espaciais e para a sobreviv\u00eancia humana em ambientes extraterrestres.<\/p>\n\n\n\n<h2 class=\"wp-block-heading\">O que s\u00e3o hortas de gravidade zero e por que elas s\u00e3o essenciais?<\/h2>\n\n\n\n<p>As hortas de gravidade zero s\u00e3o sistemas de cultivo projetados para operar em ambientes de microgravidade, como a <strong>Esta\u00e7\u00e3o Espacial Internacional (ISS)<\/strong>. Elas s\u00e3o essenciais para fornecer alimentos frescos e nutritivos aos astronautas, reduzindo a depend\u00eancia de suprimentos enviados da Terra. Al\u00e9m disso, o cultivo de plantas no espa\u00e7o pode ajudar a <strong>reciclar o ar e a \u00e1gua<\/strong>, criando um ecossistema mais autossuficiente.<\/p>\n\n\n\n<p>Essas hortas utilizam tecnologias avan\u00e7adas, como sistemas hidrop\u00f4nicos e <strong>aerop\u00f4nicos<\/strong>, que permitem o crescimento das plantas sem a necessidade de solo. A ilumina\u00e7\u00e3o por<strong> LEDs<\/strong> \u00e9 ajustada para otimizar a fotoss\u00edntese, compensando a falta de luz solar direta. Essas inova\u00e7\u00f5es s\u00e3o fundamentais para superar os desafios do cultivo em <strong>microgravidade<\/strong>.<\/p>\n\n\n\n<h2 class=\"wp-block-heading\">Quais s\u00e3o os principais desafios do cultivo de plantas no espa\u00e7o?<\/h2>\n\n\n\n<p>O cultivo de plantas no espa\u00e7o enfrenta diversos desafios. A microgravidade afeta o crescimento das plantas, alterando o desenvolvimento das ra\u00edzes e a distribui\u00e7\u00e3o de nutrientes. Al\u00e9m disso, a radia\u00e7\u00e3o c\u00f3smica pode danificar o <strong>DNA das plantas<\/strong>, comprometendo sua sa\u00fade e produtividade.<\/p>\n\n\n\n<p>Para superar esses obst\u00e1culos, os cientistas est\u00e3o desenvolvendo t\u00e9cnicas de cultivo que imitam as condi\u00e7\u00f5es terrestres. Experimentos realizados na ISS t\u00eam mostrado que \u00e9 poss\u00edvel cultivar uma variedade de vegetais, <strong>desde alfaces at\u00e9 tomates<\/strong>, ajustando cuidadosamente as condi\u00e7\u00f5es ambientais. Essas pesquisas s\u00e3o fundamentais para garantir a viabilidade das hortas espaciais.<\/p>\n\n\n<div class=\"wp-block-image\">\n<figure class=\"aligncenter size-large\"><img loading=\"lazy\" decoding=\"async\" width=\"1024\" height=\"576\" src=\"https:\/\/www.em.com.br\/emfoco\/wp-content\/uploads\/2025\/03\/horta_1742915325752-1024x576.jpg\" alt=\"\" class=\"wp-image-32065\" srcset=\"https:\/\/www.em.com.br\/emfoco\/wp-content\/uploads\/2025\/03\/horta_1742915325752-1024x576.jpg 1024w, https:\/\/www.em.com.br\/emfoco\/wp-content\/uploads\/2025\/03\/horta_1742915325752-300x169.jpg 300w, https:\/\/www.em.com.br\/emfoco\/wp-content\/uploads\/2025\/03\/horta_1742915325752-768x432.jpg 768w, https:\/\/www.em.com.br\/emfoco\/wp-content\/uploads\/2025\/03\/horta_1742915325752-750x422.jpg 750w, https:\/\/www.em.com.br\/emfoco\/wp-content\/uploads\/2025\/03\/horta_1742915325752-1140x641.jpg 1140w, https:\/\/www.em.com.br\/emfoco\/wp-content\/uploads\/2025\/03\/horta_1742915325752.jpg 1280w\" sizes=\"auto, (max-width: 1024px) 100vw, 1024px\" \/><figcaption class=\"wp-element-caption\">Horta &#8211; Cr\u00e9ditos: depositphotos.com \/ SashaKhalabuzar<\/figcaption><\/figure><\/div>\n\n\n<h2 class=\"wp-block-heading\">Como a microgravidade afeta o crescimento das plantas?<\/h2>\n\n\n\n<p>A <strong>microgravidade<\/strong> altera significativamente o modo como as plantas crescem. Na Terra, a gravidade <strong>orienta o crescimento das ra\u00edzes para baixo e dos caules<\/strong> para cima. No espa\u00e7o, essa orienta\u00e7\u00e3o \u00e9 perdida, o que pode resultar em um crescimento desordenado. Al\u00e9m disso, a distribui\u00e7\u00e3o de \u00e1gua e nutrientes \u00e9 afetada, exigindo sistemas de irriga\u00e7\u00e3o inovadores.<\/p>\n\n\n\n<p>Os cientistas est\u00e3o investigando como as plantas percebem e respondem \u00e0 microgravidade. Estudos indicam que, apesar das dificuldades, as plantas podem se adaptar a essas condi\u00e7\u00f5es, desenvolvendo novas estrat\u00e9gias de crescimento. Essa adaptabilidade \u00e9 um ponto positivo para o sucesso das hortas de gravidade zero.<\/p>\n\n\n\n<h2 class=\"wp-block-heading\">O impacto das hortas espaciais na agricultura sustent\u00e1vel na Terra<\/h2>\n\n\n\n<p>As pesquisas sobre hortas de gravidade zero n\u00e3o beneficiam apenas as miss\u00f5es espaciais; elas tamb\u00e9m t\u00eam implica\u00e7\u00f5es significativas para a agricultura na Terra. As tecnologias desenvolvidas para o cultivo em microgravidade, como sistemas hidrop\u00f4nicos e aerop\u00f4nicos, podem ser aplicadas em ambientes urbanos e regi\u00f5es com solo pobre.<\/p>\n\n\n\n<p>Al\u00e9m disso, a efici\u00eancia no uso de recursos, como \u00e1gua e nutrientes, \u00e9 uma li\u00e7\u00e3o valiosa para a agricultura sustent\u00e1vel. As hortas espaciais est\u00e3o impulsionando inova\u00e7\u00f5es que podem ajudar a enfrentar desafios agr\u00edcolas globais, como a escassez de \u00e1gua e a degrada\u00e7\u00e3o do solo.<\/p>\n","protected":false},"excerpt":{"rendered":"<p>O cultivo de plantas no espa\u00e7o \u00e9 uma \u00e1rea de pesquisa que tem ganhado destaque nos \u00faltimos anos. Com o avan\u00e7o das miss\u00f5es espaciais e a perspectiva de coloniza\u00e7\u00e3o de outros planetas, a capacidade de produzir alimentos fora da Terra tornou-se uma prioridade. As hortas de gravidade zero surgem como uma solu\u00e7\u00e3o inovadora para garantir [&hellip;]<\/p>\n","protected":false},"author":9,"featured_media":28343,"comment_status":"open","ping_status":"open","sticky":false,"template":"","format":"standard","meta":{"jnews-multi-image_gallery":[],"jnews_single_post":{"format":"standard"},"jnews_primary_category":[],"jnews_social_meta":[],"jnews_override_counter":[],"footnotes":""},"categories":[29,1],"tags":[6741,6740,6742,4281],"class_list":["post-32035","post","type-post","status-publish","format-standard","has-post-thumbnail","hentry","category-entretenimento","category-noticias","tag-cultivo-no-espaco","tag-hortas-espaciais","tag-microgravidade","tag-nasa"],"yoast_head":"<!-- This site is optimized with the Yoast SEO plugin v23.8 - https:\/\/yoast.com\/wordpress\/plugins\/seo\/ -->\n<title>Voc\u00ea sabia que j\u00e1 estamos cultivando alfaces no espa\u00e7o? Veja como<\/title>\n<meta name=\"description\" content=\"Entenda como as hortas de gravidade zero podem revolucionar a produ\u00e7\u00e3o de alimentos e ajudar na sustentabilidade agr\u00edcola.\" \/>\n<meta name=\"robots\" content=\"index, follow, max-snippet:-1, max-image-preview:large, max-video-preview:-1\" \/>\n<link rel=\"canonical\" href=\"https:\/\/www.em.com.br\/emfoco\/2025\/03\/26\/voce-sabia-que-ja-estamos-cultivando-alfaces-no-espaco-veja-como\/\" \/>\n<meta property=\"og:locale\" content=\"pt_BR\" \/>\n<meta property=\"og:type\" content=\"article\" \/>\n<meta property=\"og:title\" content=\"Voc\u00ea sabia que j\u00e1 estamos cultivando alfaces no espa\u00e7o? Veja como\" \/>\n<meta property=\"og:description\" content=\"Entenda como as hortas de gravidade zero podem revolucionar a produ\u00e7\u00e3o de alimentos e ajudar na sustentabilidade agr\u00edcola.\" \/>\n<meta property=\"og:url\" content=\"https:\/\/www.em.com.br\/emfoco\/2025\/03\/26\/voce-sabia-que-ja-estamos-cultivando-alfaces-no-espaco-veja-como\/\" \/>\n<meta property=\"og:site_name\" content=\"Estado de Minas - Em foco\" \/>\n<meta property=\"article:published_time\" content=\"2025-03-26T14:00:00+00:00\" \/>\n<meta property=\"article:modified_time\" content=\"2025-03-25T15:17:55+00:00\" \/>\n<meta property=\"og:image\" content=\"https:\/\/www.em.com.br\/emfoco\/wp-content\/uploads\/2025\/03\/horta-comunitaria_1741838702351.jpg\" \/>\n\t<meta property=\"og:image:width\" content=\"1280\" \/>\n\t<meta property=\"og:image:height\" content=\"720\" \/>\n\t<meta property=\"og:image:type\" content=\"image\/jpeg\" \/>\n<meta name=\"author\" content=\"Daniely Cardoso\" \/>\n<meta name=\"twitter:card\" content=\"summary_large_image\" \/>\n<meta name=\"twitter:label1\" content=\"Escrito por\" \/>\n\t<meta name=\"twitter:data1\" content=\"Daniely Cardoso\" \/>\n\t<meta name=\"twitter:label2\" content=\"Est. tempo de leitura\" \/>\n\t<meta name=\"twitter:data2\" content=\"4 minutos\" \/>\n<!-- \/ Yoast SEO plugin. -->","yoast_head_json":{"title":"Voc\u00ea sabia que j\u00e1 estamos cultivando alfaces no espa\u00e7o? Veja como","description":"Entenda como as hortas de gravidade zero podem revolucionar a produ\u00e7\u00e3o de alimentos e ajudar na sustentabilidade agr\u00edcola.","robots":{"index":"index","follow":"follow","max-snippet":"max-snippet:-1","max-image-preview":"max-image-preview:large","max-video-preview":"max-video-preview:-1"},"canonical":"https:\/\/www.em.com.br\/emfoco\/2025\/03\/26\/voce-sabia-que-ja-estamos-cultivando-alfaces-no-espaco-veja-como\/","og_locale":"pt_BR","og_type":"article","og_title":"Voc\u00ea sabia que j\u00e1 estamos cultivando alfaces no espa\u00e7o? Veja como","og_description":"Entenda como as hortas de gravidade zero podem revolucionar a produ\u00e7\u00e3o de alimentos e ajudar na sustentabilidade agr\u00edcola.","og_url":"https:\/\/www.em.com.br\/emfoco\/2025\/03\/26\/voce-sabia-que-ja-estamos-cultivando-alfaces-no-espaco-veja-como\/","og_site_name":"Estado de Minas - Em foco","article_published_time":"2025-03-26T14:00:00+00:00","article_modified_time":"2025-03-25T15:17:55+00:00","og_image":[{"width":1280,"height":720,"url":"https:\/\/www.em.com.br\/emfoco\/wp-content\/uploads\/2025\/03\/horta-comunitaria_1741838702351.jpg","type":"image\/jpeg"}],"author":"Daniely Cardoso","twitter_card":"summary_large_image","twitter_misc":{"Escrito por":"Daniely Cardoso","Est. tempo de leitura":"4 minutos"},"schema":{"@context":"https:\/\/schema.org","@graph":[{"@type":"WebPage","@id":"https:\/\/www.em.com.br\/emfoco\/2025\/03\/26\/voce-sabia-que-ja-estamos-cultivando-alfaces-no-espaco-veja-como\/","url":"https:\/\/www.em.com.br\/emfoco\/2025\/03\/26\/voce-sabia-que-ja-estamos-cultivando-alfaces-no-espaco-veja-como\/","name":"Voc\u00ea sabia que j\u00e1 estamos cultivando alfaces no espa\u00e7o? Veja como","isPartOf":{"@id":"https:\/\/www.em.com.br\/emfoco\/#website"},"primaryImageOfPage":{"@id":"https:\/\/www.em.com.br\/emfoco\/2025\/03\/26\/voce-sabia-que-ja-estamos-cultivando-alfaces-no-espaco-veja-como\/#primaryimage"},"image":{"@id":"https:\/\/www.em.com.br\/emfoco\/2025\/03\/26\/voce-sabia-que-ja-estamos-cultivando-alfaces-no-espaco-veja-como\/#primaryimage"},"thumbnailUrl":"https:\/\/www.em.com.br\/emfoco\/wp-content\/uploads\/2025\/03\/horta-comunitaria_1741838702351.jpg","datePublished":"2025-03-26T14:00:00+00:00","dateModified":"2025-03-25T15:17:55+00:00","author":{"@id":"https:\/\/www.em.com.br\/emfoco\/#\/schema\/person\/0a8186d72f2c3a5c6276d90b41f271a0"},"description":"Entenda como as hortas de gravidade zero podem revolucionar a produ\u00e7\u00e3o de alimentos e ajudar na sustentabilidade agr\u00edcola.","breadcrumb":{"@id":"https:\/\/www.em.com.br\/emfoco\/2025\/03\/26\/voce-sabia-que-ja-estamos-cultivando-alfaces-no-espaco-veja-como\/#breadcrumb"},"inLanguage":"pt-BR","potentialAction":[{"@type":"ReadAction","target":["https:\/\/www.em.com.br\/emfoco\/2025\/03\/26\/voce-sabia-que-ja-estamos-cultivando-alfaces-no-espaco-veja-como\/"]}]},{"@type":"ImageObject","inLanguage":"pt-BR","@id":"https:\/\/www.em.com.br\/emfoco\/2025\/03\/26\/voce-sabia-que-ja-estamos-cultivando-alfaces-no-espaco-veja-como\/#primaryimage","url":"https:\/\/www.em.com.br\/emfoco\/wp-content\/uploads\/2025\/03\/horta-comunitaria_1741838702351.jpg","contentUrl":"https:\/\/www.em.com.br\/emfoco\/wp-content\/uploads\/2025\/03\/horta-comunitaria_1741838702351.jpg","width":1280,"height":720,"caption":"Horta - Cr\u00e9ditos: depositphotos.com \/ Hannamariah"},{"@type":"BreadcrumbList","@id":"https:\/\/www.em.com.br\/emfoco\/2025\/03\/26\/voce-sabia-que-ja-estamos-cultivando-alfaces-no-espaco-veja-como\/#breadcrumb","itemListElement":[{"@type":"ListItem","position":1,"name":"In\u00edcio","item":"https:\/\/www.em.com.br\/emfoco\/"},{"@type":"ListItem","position":2,"name":"Voc\u00ea sabia que j\u00e1 estamos cultivando alfaces no espa\u00e7o? Veja como"}]},{"@type":"WebSite","@id":"https:\/\/www.em.com.br\/emfoco\/#website","url":"https:\/\/www.em.com.br\/emfoco\/","name":"Estado de Minas - Em foco","description":"Acompanhe as \u00faltimas not\u00edcias e fique bem informado sobre tudo o que acontece em Minas Gerais, Brasil e no mundo.","potentialAction":[{"@type":"SearchAction","target":{"@type":"EntryPoint","urlTemplate":"https:\/\/www.em.com.br\/emfoco\/?s={search_term_string}"},"query-input":{"@type":"PropertyValueSpecification","valueRequired":true,"valueName":"search_term_string"}}],"inLanguage":"pt-BR"},{"@type":"Person","@id":"https:\/\/www.em.com.br\/emfoco\/#\/schema\/person\/0a8186d72f2c3a5c6276d90b41f271a0","name":"Daniely Cardoso","image":{"@type":"ImageObject","inLanguage":"pt-BR","@id":"https:\/\/www.em.com.br\/emfoco\/#\/schema\/person\/image\/","url":"https:\/\/secure.gravatar.com\/avatar\/4b80ddbd124d1f071b626d52d62e5dff?s=96&d=mm&r=g","contentUrl":"https:\/\/secure.gravatar.com\/avatar\/4b80ddbd124d1f071b626d52d62e5dff?s=96&d=mm&r=g","caption":"Daniely Cardoso"},"url":"https:\/\/www.em.com.br\/emfoco\/author\/danielymyth\/"}]}},"_links":{"self":[{"href":"https:\/\/www.em.com.br\/emfoco\/wp-json\/wp\/v2\/posts\/32035","targetHints":{"allow":["GET"]}}],"collection":[{"href":"https:\/\/www.em.com.br\/emfoco\/wp-json\/wp\/v2\/posts"}],"about":[{"href":"https:\/\/www.em.com.br\/emfoco\/wp-json\/wp\/v2\/types\/post"}],"author":[{"embeddable":true,"href":"https:\/\/www.em.com.br\/emfoco\/wp-json\/wp\/v2\/users\/9"}],"replies":[{"embeddable":true,"href":"https:\/\/www.em.com.br\/emfoco\/wp-json\/wp\/v2\/comments?post=32035"}],"version-history":[{"count":2,"href":"https:\/\/www.em.com.br\/emfoco\/wp-json\/wp\/v2\/posts\/32035\/revisions"}],"predecessor-version":[{"id":32069,"href":"https:\/\/www.em.com.br\/emfoco\/wp-json\/wp\/v2\/posts\/32035\/revisions\/32069"}],"wp:featuredmedia":[{"embeddable":true,"href":"https:\/\/www.em.com.br\/emfoco\/wp-json\/wp\/v2\/media\/28343"}],"wp:attachment":[{"href":"https:\/\/www.em.com.br\/emfoco\/wp-json\/wp\/v2\/media?parent=32035"}],"wp:term":[{"taxonomy":"category","embeddable":true,"href":"https:\/\/www.em.com.br\/emfoco\/wp-json\/wp\/v2\/categories?post=32035"},{"taxonomy":"post_tag","embeddable":true,"href":"https:\/\/www.em.com.br\/emfoco\/wp-json\/wp\/v2\/tags?post=32035"}],"curies":[{"name":"wp","href":"https:\/\/api.w.org\/{rel}","templated":true}]}}