{"id":31880,"date":"2025-04-02T16:40:00","date_gmt":"2025-04-02T19:40:00","guid":{"rendered":"https:\/\/www.em.com.br\/emfoco\/?p=31880"},"modified":"2025-03-24T19:47:43","modified_gmt":"2025-03-24T22:47:43","slug":"7-chas-que-ajudam-a-reduzir-a-ansiedade-e-promovem-o-bem-estar","status":"publish","type":"post","link":"https:\/\/www.em.com.br\/emfoco\/2025\/04\/02\/7-chas-que-ajudam-a-reduzir-a-ansiedade-e-promovem-o-bem-estar\/","title":{"rendered":"7 ch\u00e1s que ajudam a reduzir a ansiedade e promovem o bem-estar"},"content":{"rendered":"\n<p>Com o aumento do estresse no cotidiano, muitas pessoas est\u00e3o buscando m\u00e9todos naturais para encontrar al\u00edvio. Os ch\u00e1s, conhecidos por suas propriedades calmantes, t\u00eam se tornado uma escolha popular para quem deseja reduzir a ansiedade. Al\u00e9m de serem parte de tradi\u00e7\u00f5es antigas, essas infus\u00f5es oferecem um momento de tranquilidade e pausa.<\/p>\n\n\n\n<p>Os ch\u00e1s s\u00e3o valorizados n\u00e3o apenas por seus sabores, mas tamb\u00e9m pelos benef\u00edcios que proporcionam ao <strong><a href=\"https:\/\/www.em.com.br\/emfoco\/2025\/03\/24\/entenda-se-tendencia-viral-para-sono-perfeito-funciona\/\" target=\"_blank\" rel=\"noreferrer noopener\">bem-estar<\/a><\/strong> f\u00edsico e mental. Entre os mais eficazes para aliviar a ansiedade est\u00e3o o ch\u00e1 de camomila, lavanda, passiflora, valeriana, hortel\u00e3, erva-cidreira e ch\u00e1-verde.<\/p>\n\n\n\n<h2 class=\"wp-block-heading\">Como o ch\u00e1 de camomila ajuda a acalmar?<\/h2>\n\n\n\n<p>O ch\u00e1 de camomila \u00e9 amplamente reconhecido por suas propriedades relaxantes. Feito a partir das flores de camomila, este ch\u00e1 cont\u00e9m compostos que ajudam a acalmar o sistema nervoso. Consumir regularmente esta infus\u00e3o pode auxiliar na redu\u00e7\u00e3o da tens\u00e3o e na promo\u00e7\u00e3o de um sono mais tranquilo, sendo uma escolha comum para quem busca al\u00edvio da ansiedade.<\/p>\n\n\n\n<p>Al\u00e9m de suas propriedades calmantes, o ch\u00e1 de camomila tamb\u00e9m \u00e9 ben\u00e9fico para a digest\u00e3o, tornando-se uma op\u00e7\u00e3o vers\u00e1til para o bem-estar geral.<\/p>\n\n\n\n<h2 class=\"wp-block-heading\">Qual \u00e9 o efeito do ch\u00e1 de lavanda no relaxamento?<\/h2>\n\n\n\n<p>O <strong><a href=\"https:\/\/www.ecycle.com.br\/cha-de-lavanda\/\" target=\"_blank\" rel=\"noreferrer noopener\">ch\u00e1 de lavanda<\/a><\/strong> \u00e9 conhecido por seu aroma suave e propriedades tranquilizantes. Preparado a partir das flores de lavanda, este ch\u00e1 \u00e9 utilizado para acalmar a mente e facilitar o descanso. Pesquisas indicam que a lavanda pode ser eficaz na redu\u00e7\u00e3o do estresse e da ansiedade, tornando-se uma escolha popular entre aqueles que buscam equil\u00edbrio emocional.<\/p>\n\n\n\n<p>Al\u00e9m disso, o aroma da lavanda \u00e9 amplamente utilizado em pr\u00e1ticas de aromaterapia, contribuindo para um ambiente de relaxamento e serenidade.<\/p>\n\n\n\n<figure class=\"wp-block-image size-large\"><img loading=\"lazy\" decoding=\"async\" width=\"1024\" height=\"576\" src=\"https:\/\/www.em.com.br\/emfoco\/wp-content\/uploads\/2025\/02\/lavanda_1740438832753-1024x576.jpg\" alt=\"Melhore seu sono com 3 ch\u00e1s naturais que ajudam a combater a ins\u00f4nia\" class=\"wp-image-22590\" srcset=\"https:\/\/www.em.com.br\/emfoco\/wp-content\/uploads\/2025\/02\/lavanda_1740438832753-1024x576.jpg 1024w, https:\/\/www.em.com.br\/emfoco\/wp-content\/uploads\/2025\/02\/lavanda_1740438832753-300x169.jpg 300w, https:\/\/www.em.com.br\/emfoco\/wp-content\/uploads\/2025\/02\/lavanda_1740438832753-768x432.jpg 768w, https:\/\/www.em.com.br\/emfoco\/wp-content\/uploads\/2025\/02\/lavanda_1740438832753-750x422.jpg 750w, https:\/\/www.em.com.br\/emfoco\/wp-content\/uploads\/2025\/02\/lavanda_1740438832753-1140x641.jpg 1140w, https:\/\/www.em.com.br\/emfoco\/wp-content\/uploads\/2025\/02\/lavanda_1740438832753.jpg 1280w\" sizes=\"auto, (max-width: 1024px) 100vw, 1024px\" \/><figcaption class=\"wp-element-caption\">Lavanda &#8211; Cr\u00e9ditos: depositphotos.com \/ AlexGukBO<\/figcaption><\/figure>\n\n\n\n<h2 class=\"wp-block-heading\">Quais outras ervas ajudam a combater a ansiedade?<\/h2>\n\n\n\n<p>Al\u00e9m da camomila e da lavanda, outras ervas tamb\u00e9m s\u00e3o conhecidas por suas propriedades relaxantes. O ch\u00e1 de passiflora, por exemplo, \u00e9 tradicionalmente utilizado por suas propriedades sedativas, ajudando a estabilizar o humor e melhorar a qualidade do sono. Pesquisas sugerem que a passiflora pode ser t\u00e3o eficaz quanto a camomila no al\u00edvio da ansiedade.<\/p>\n\n\n\n<p>O ch\u00e1 de raiz de valeriana \u00e9 outra op\u00e7\u00e3o popular para quem busca noites mais tranquilas. Este ch\u00e1 \u00e9 conhecido por promover o relaxamento e melhorar o sono, sendo uma escolha comum para aqueles que enfrentam dificuldades para descansar.<\/p>\n\n\n\n<h2 class=\"wp-block-heading\">Ch\u00e1s refrescantes com erva-cidreira e ch\u00e1-verde<\/h2>\n\n\n\n<p>O ch\u00e1 de erva-cidreira, com seu aroma c\u00edtrico, \u00e9 conhecido por suas propriedades calmantes e por ajudar a melhorar o humor. Estudos indicam que ele pode ser eficaz na redu\u00e7\u00e3o do estresse e na promo\u00e7\u00e3o do bem-estar mental.<\/p>\n\n\n\n<p>O ch\u00e1-verde, al\u00e9m de suas propriedades antioxidantes, \u00e9 reconhecido por seus efeitos relaxantes. A presen\u00e7a de L-teanina no ch\u00e1-verde ajuda a promover a concentra\u00e7\u00e3o e a reduzir a ansiedade sem causar sonol\u00eancia.<\/p>\n\n\n\n<p>Para aqueles que buscam uma abordagem natural para aliviar a ansiedade, experimentar diferentes tipos de ch\u00e1 pode ser um passo positivo. Desfrutar de uma x\u00edcara de ch\u00e1 pode proporcionar um momento de calma e introspec\u00e7\u00e3o, contribuindo para um estado de tranquilidade.<\/p>\n","protected":false},"excerpt":{"rendered":"<p>Com o aumento do estresse no cotidiano, muitas pessoas est\u00e3o buscando m\u00e9todos naturais para encontrar al\u00edvio. Os ch\u00e1s, conhecidos por suas propriedades calmantes, t\u00eam se tornado uma escolha popular para quem deseja reduzir a ansiedade. Al\u00e9m de serem parte de tradi\u00e7\u00f5es antigas, essas infus\u00f5es oferecem um momento de tranquilidade e pausa. Os ch\u00e1s s\u00e3o valorizados [&hellip;]<\/p>\n","protected":false},"author":5,"featured_media":21086,"comment_status":"open","ping_status":"open","sticky":false,"template":"","format":"standard","meta":{"jnews-multi-image_gallery":[],"jnews_single_post":{"format":"standard"},"jnews_primary_category":[],"jnews_social_meta":[],"jnews_override_counter":[],"footnotes":""},"categories":[29,1],"tags":[4947,4577,373,410],"class_list":["post-31880","post","type-post","status-publish","format-standard","has-post-thumbnail","hentry","category-entretenimento","category-noticias","tag-ansiedade","tag-chas","tag-relaxamento","tag-saude-mental"],"yoast_head":"<!-- This site is optimized with the Yoast SEO plugin v23.8 - https:\/\/yoast.com\/wordpress\/plugins\/seo\/ -->\n<title>7 ch\u00e1s que ajudam a reduzir a ansiedade e promovem o bem-estar - Estado de Minas - Em foco<\/title>\n<meta name=\"description\" content=\"Descubra os ch\u00e1s mais eficazes para reduzir a ansiedade e promover o bem-estar mental e f\u00edsico de forma natural.\" \/>\n<meta name=\"robots\" content=\"index, follow, max-snippet:-1, max-image-preview:large, max-video-preview:-1\" \/>\n<link rel=\"canonical\" href=\"https:\/\/www.em.com.br\/emfoco\/2025\/04\/02\/7-chas-que-ajudam-a-reduzir-a-ansiedade-e-promovem-o-bem-estar\/\" \/>\n<meta property=\"og:locale\" content=\"pt_BR\" \/>\n<meta property=\"og:type\" content=\"article\" \/>\n<meta property=\"og:title\" content=\"7 ch\u00e1s que ajudam a reduzir a ansiedade e promovem o bem-estar - Estado de Minas - Em foco\" \/>\n<meta property=\"og:description\" content=\"Descubra os ch\u00e1s mais eficazes para reduzir a ansiedade e promover o bem-estar mental e f\u00edsico de forma natural.\" \/>\n<meta property=\"og:url\" content=\"https:\/\/www.em.com.br\/emfoco\/2025\/04\/02\/7-chas-que-ajudam-a-reduzir-a-ansiedade-e-promovem-o-bem-estar\/\" \/>\n<meta property=\"og:site_name\" content=\"Estado de Minas - Em foco\" \/>\n<meta property=\"article:published_time\" content=\"2025-04-02T19:40:00+00:00\" \/>\n<meta property=\"article:modified_time\" content=\"2025-03-24T22:47:43+00:00\" \/>\n<meta property=\"og:image\" content=\"https:\/\/www.em.com.br\/emfoco\/wp-content\/uploads\/2025\/02\/cha_1739981697242.jpg\" \/>\n\t<meta property=\"og:image:width\" content=\"1280\" \/>\n\t<meta property=\"og:image:height\" content=\"720\" \/>\n\t<meta property=\"og:image:type\" content=\"image\/jpeg\" \/>\n<meta name=\"author\" content=\"N\u00fabia Rangel\" \/>\n<meta name=\"twitter:card\" content=\"summary_large_image\" \/>\n<meta name=\"twitter:label1\" content=\"Escrito por\" \/>\n\t<meta name=\"twitter:data1\" content=\"N\u00fabia Rangel\" \/>\n\t<meta name=\"twitter:label2\" content=\"Est. tempo de leitura\" \/>\n\t<meta name=\"twitter:data2\" content=\"4 minutos\" \/>\n<!-- \/ Yoast SEO plugin. -->","yoast_head_json":{"title":"7 ch\u00e1s que ajudam a reduzir a ansiedade e promovem o bem-estar - Estado de Minas - Em foco","description":"Descubra os ch\u00e1s mais eficazes para reduzir a ansiedade e promover o bem-estar mental e f\u00edsico de forma natural.","robots":{"index":"index","follow":"follow","max-snippet":"max-snippet:-1","max-image-preview":"max-image-preview:large","max-video-preview":"max-video-preview:-1"},"canonical":"https:\/\/www.em.com.br\/emfoco\/2025\/04\/02\/7-chas-que-ajudam-a-reduzir-a-ansiedade-e-promovem-o-bem-estar\/","og_locale":"pt_BR","og_type":"article","og_title":"7 ch\u00e1s que ajudam a reduzir a ansiedade e promovem o bem-estar - Estado de Minas - Em foco","og_description":"Descubra os ch\u00e1s mais eficazes para reduzir a ansiedade e promover o bem-estar mental e f\u00edsico de forma natural.","og_url":"https:\/\/www.em.com.br\/emfoco\/2025\/04\/02\/7-chas-que-ajudam-a-reduzir-a-ansiedade-e-promovem-o-bem-estar\/","og_site_name":"Estado de Minas - Em foco","article_published_time":"2025-04-02T19:40:00+00:00","article_modified_time":"2025-03-24T22:47:43+00:00","og_image":[{"width":1280,"height":720,"url":"https:\/\/www.em.com.br\/emfoco\/wp-content\/uploads\/2025\/02\/cha_1739981697242.jpg","type":"image\/jpeg"}],"author":"N\u00fabia Rangel","twitter_card":"summary_large_image","twitter_misc":{"Escrito por":"N\u00fabia Rangel","Est. tempo de leitura":"4 minutos"},"schema":{"@context":"https:\/\/schema.org","@graph":[{"@type":"WebPage","@id":"https:\/\/www.em.com.br\/emfoco\/2025\/04\/02\/7-chas-que-ajudam-a-reduzir-a-ansiedade-e-promovem-o-bem-estar\/","url":"https:\/\/www.em.com.br\/emfoco\/2025\/04\/02\/7-chas-que-ajudam-a-reduzir-a-ansiedade-e-promovem-o-bem-estar\/","name":"7 ch\u00e1s que ajudam a reduzir a ansiedade e promovem o bem-estar - Estado de Minas - Em foco","isPartOf":{"@id":"https:\/\/www.em.com.br\/emfoco\/#website"},"primaryImageOfPage":{"@id":"https:\/\/www.em.com.br\/emfoco\/2025\/04\/02\/7-chas-que-ajudam-a-reduzir-a-ansiedade-e-promovem-o-bem-estar\/#primaryimage"},"image":{"@id":"https:\/\/www.em.com.br\/emfoco\/2025\/04\/02\/7-chas-que-ajudam-a-reduzir-a-ansiedade-e-promovem-o-bem-estar\/#primaryimage"},"thumbnailUrl":"https:\/\/www.em.com.br\/emfoco\/wp-content\/uploads\/2025\/02\/cha_1739981697242.jpg","datePublished":"2025-04-02T19:40:00+00:00","dateModified":"2025-03-24T22:47:43+00:00","author":{"@id":"https:\/\/www.em.com.br\/emfoco\/#\/schema\/person\/524437ef54f8a5d32591b143307f2e20"},"description":"Descubra os ch\u00e1s mais eficazes para reduzir a ansiedade e promover o bem-estar mental e f\u00edsico de forma natural.","breadcrumb":{"@id":"https:\/\/www.em.com.br\/emfoco\/2025\/04\/02\/7-chas-que-ajudam-a-reduzir-a-ansiedade-e-promovem-o-bem-estar\/#breadcrumb"},"inLanguage":"pt-BR","potentialAction":[{"@type":"ReadAction","target":["https:\/\/www.em.com.br\/emfoco\/2025\/04\/02\/7-chas-que-ajudam-a-reduzir-a-ansiedade-e-promovem-o-bem-estar\/"]}]},{"@type":"ImageObject","inLanguage":"pt-BR","@id":"https:\/\/www.em.com.br\/emfoco\/2025\/04\/02\/7-chas-que-ajudam-a-reduzir-a-ansiedade-e-promovem-o-bem-estar\/#primaryimage","url":"https:\/\/www.em.com.br\/emfoco\/wp-content\/uploads\/2025\/02\/cha_1739981697242.jpg","contentUrl":"https:\/\/www.em.com.br\/emfoco\/wp-content\/uploads\/2025\/02\/cha_1739981697242.jpg","width":1280,"height":720,"caption":"Ch\u00e1 - Cr\u00e9ditos: depositphotos.com \/ AlekseyPatsyuk"},{"@type":"BreadcrumbList","@id":"https:\/\/www.em.com.br\/emfoco\/2025\/04\/02\/7-chas-que-ajudam-a-reduzir-a-ansiedade-e-promovem-o-bem-estar\/#breadcrumb","itemListElement":[{"@type":"ListItem","position":1,"name":"In\u00edcio","item":"https:\/\/www.em.com.br\/emfoco\/"},{"@type":"ListItem","position":2,"name":"7 ch\u00e1s que ajudam a reduzir a ansiedade e promovem o bem-estar"}]},{"@type":"WebSite","@id":"https:\/\/www.em.com.br\/emfoco\/#website","url":"https:\/\/www.em.com.br\/emfoco\/","name":"Estado de Minas - Em foco","description":"Acompanhe as \u00faltimas not\u00edcias e fique bem informado sobre tudo o que acontece em Minas Gerais, Brasil e no mundo.","potentialAction":[{"@type":"SearchAction","target":{"@type":"EntryPoint","urlTemplate":"https:\/\/www.em.com.br\/emfoco\/?s={search_term_string}"},"query-input":{"@type":"PropertyValueSpecification","valueRequired":true,"valueName":"search_term_string"}}],"inLanguage":"pt-BR"},{"@type":"Person","@id":"https:\/\/www.em.com.br\/emfoco\/#\/schema\/person\/524437ef54f8a5d32591b143307f2e20","name":"N\u00fabia Rangel","image":{"@type":"ImageObject","inLanguage":"pt-BR","@id":"https:\/\/www.em.com.br\/emfoco\/#\/schema\/person\/image\/","url":"https:\/\/secure.gravatar.com\/avatar\/47cff2827a5ba23c37e8068c86817ea4?s=96&d=mm&r=g","contentUrl":"https:\/\/secure.gravatar.com\/avatar\/47cff2827a5ba23c37e8068c86817ea4?s=96&d=mm&r=g","caption":"N\u00fabia Rangel"},"sameAs":["https:\/\/www.em.com.br\/emfoco\/"],"url":"https:\/\/www.em.com.br\/emfoco\/author\/nubiamyth\/"}]}},"_links":{"self":[{"href":"https:\/\/www.em.com.br\/emfoco\/wp-json\/wp\/v2\/posts\/31880","targetHints":{"allow":["GET"]}}],"collection":[{"href":"https:\/\/www.em.com.br\/emfoco\/wp-json\/wp\/v2\/posts"}],"about":[{"href":"https:\/\/www.em.com.br\/emfoco\/wp-json\/wp\/v2\/types\/post"}],"author":[{"embeddable":true,"href":"https:\/\/www.em.com.br\/emfoco\/wp-json\/wp\/v2\/users\/5"}],"replies":[{"embeddable":true,"href":"https:\/\/www.em.com.br\/emfoco\/wp-json\/wp\/v2\/comments?post=31880"}],"version-history":[{"count":3,"href":"https:\/\/www.em.com.br\/emfoco\/wp-json\/wp\/v2\/posts\/31880\/revisions"}],"predecessor-version":[{"id":31890,"href":"https:\/\/www.em.com.br\/emfoco\/wp-json\/wp\/v2\/posts\/31880\/revisions\/31890"}],"wp:featuredmedia":[{"embeddable":true,"href":"https:\/\/www.em.com.br\/emfoco\/wp-json\/wp\/v2\/media\/21086"}],"wp:attachment":[{"href":"https:\/\/www.em.com.br\/emfoco\/wp-json\/wp\/v2\/media?parent=31880"}],"wp:term":[{"taxonomy":"category","embeddable":true,"href":"https:\/\/www.em.com.br\/emfoco\/wp-json\/wp\/v2\/categories?post=31880"},{"taxonomy":"post_tag","embeddable":true,"href":"https:\/\/www.em.com.br\/emfoco\/wp-json\/wp\/v2\/tags?post=31880"}],"curies":[{"name":"wp","href":"https:\/\/api.w.org\/{rel}","templated":true}]}}