{"id":31865,"date":"2025-04-01T15:20:00","date_gmt":"2025-04-01T18:20:00","guid":{"rendered":"https:\/\/www.em.com.br\/emfoco\/?p=31865"},"modified":"2025-03-28T15:41:37","modified_gmt":"2025-03-28T18:41:37","slug":"segredos-e-polemicas-por-tras-da-historia-da-igreja-catolica","status":"publish","type":"post","link":"https:\/\/www.em.com.br\/emfoco\/2025\/04\/01\/segredos-e-polemicas-por-tras-da-historia-da-igreja-catolica\/","title":{"rendered":"Segredos e pol\u00eamicas por tr\u00e1s da hist\u00f3ria da Igreja Cat\u00f3lica"},"content":{"rendered":"\n<p>O filme &#8220;<strong>Dois Papas<\/strong>&#8220;, dirigido por <strong>Fernando Meirelles<\/strong>, aborda um dos momentos mais intrigantes da hist\u00f3ria recente da <strong>Igreja Cat\u00f3lica<\/strong>: a ren\u00fancia do papa <strong>Bento 16<\/strong> e a subsequente ascens\u00e3o de <strong>Jorge Mario Bergoglio<\/strong>, o atual papa Francisco. Esta obra, dispon\u00edvel na <strong>Netflix<\/strong>, mistura fic\u00e7\u00e3o e realidade para explorar os bastidores do <strong>Vaticano<\/strong> e os desafios enfrentados pela Igreja no s\u00e9culo XXI.<\/p>\n\n\n\n<p>Com um elenco estrelado por <strong>Anthony Hopkins e Jonathan Pryce<\/strong>, o filme foi indicado a diversos pr\u00eamios e gerou debates sobre a veracidade dos eventos retratados. A narrativa foca na rela\u00e7\u00e3o entre Bento 16 e Bergoglio, destacando suas vis\u00f5es divergentes sobre a f\u00e9 e o futuro da Igreja.<\/p>\n\n\n\n<h2 class=\"wp-block-heading\">Qual \u00e9 a realidade por tr\u00e1s do conclave de 2005?<\/h2>\n\n\n\n<p>O conclave de 2005, que elegeu <strong>Joseph Ratzinger<\/strong> como Bento 16, \u00e9 um dos eventos centrais do <strong><a href=\"https:\/\/www.em.com.br\/emfoco\/2025\/03\/24\/novo-filme-de-plankton-acaba-de-chegar-e-ja-esta-dando-o-que-falar\/\" target=\"_blank\" rel=\"noreferrer noopener\">filme<\/a><\/strong>. Na realidade, este processo \u00e9 envolto em segredo, com cardeais de todo o mundo reunidos na <strong>Capela Sistina<\/strong> para eleger o novo l\u00edder da Igreja. Embora o filme sugira um intenso lobby por parte de <strong>Ratzinger<\/strong>, n\u00e3o h\u00e1 evid\u00eancias concretas de tais manobras pol\u00edticas.<\/p>\n\n\n\n<p>Documentos vazados posteriormente indicam que Bergoglio foi um dos candidatos considerados, mas n\u00e3o h\u00e1 registros de que ele tenha lamentado a elei\u00e7\u00e3o de Ratzinger. A trama do filme, portanto, incorpora elementos fict\u00edcios para dramatizar o processo de escolha do papa.<\/p>\n\n\n\n<figure class=\"wp-block-embed is-type-video is-provider-youtube wp-block-embed-youtube wp-embed-aspect-16-9 wp-has-aspect-ratio\"><div class=\"wp-block-embed__wrapper\">\n<div class=\"jeg_video_container jeg_video_content\"><iframe loading=\"lazy\" title=\"CONCLAVE | Trailer 2 Oficial Legendado\" width=\"500\" height=\"281\" src=\"https:\/\/www.youtube.com\/embed\/XHw9SKQWInU?feature=oembed\" frameborder=\"0\" allow=\"accelerometer; autoplay; clipboard-write; encrypted-media; gyroscope; picture-in-picture; web-share\" referrerpolicy=\"strict-origin-when-cross-origin\" allowfullscreen><\/iframe><\/div>\n<\/div><\/figure>\n\n\n\n<h2 class=\"wp-block-heading\">Como o &#8220;Vatileaks&#8221; influenciou a ren\u00fancia de Bento 16?<\/h2>\n\n\n\n<p>O esc\u00e2ndalo conhecido como &#8220;<strong>Vatileaks<\/strong>&#8221; exp\u00f4s documentos confidenciais do Vaticano, revelando casos de corrup\u00e7\u00e3o e m\u00e1 conduta dentro da Igreja. Este evento, que envolveu o mordomo de Bento 16, <strong>Paolo Gabriele<\/strong>, \u00e9 retratado no filme como um dos fatores que contribu\u00edram para a ren\u00fancia do papa em 2013.<\/p>\n\n\n\n<p>Embora Bento 16 tenha citado &#8220;falta de for\u00e7as&#8221; como motivo oficial para sua ren\u00fancia, o filme sugere que quest\u00f5es de culpa e crise de f\u00e9 tamb\u00e9m desempenharam um papel. No entanto, n\u00e3o h\u00e1 confirma\u00e7\u00f5es de que essas foram as raz\u00f5es reais por tr\u00e1s de sua decis\u00e3o.<\/p>\n\n\n\n<h2 class=\"wp-block-heading\">O passado de Francisco \u00e9 realidade ou fic\u00e7\u00e3o?<\/h2>\n\n\n\n<p>O filme tamb\u00e9m explora o passado de Jorge Mario Bergoglio, incluindo sua juventude e seu papel durante a ditadura militar na <strong>Argentina<\/strong>. Embora o longa apresente uma narrativa envolvente, algumas partes s\u00e3o dramatizadas para efeito cinematogr\u00e1fico.<\/p>\n\n\n\n<p>Bergoglio, antes de se tornar sacerdote, trabalhou como t\u00e9cnico de laborat\u00f3rio, mas n\u00e3o h\u00e1 registros de um noivado como mostrado no filme. Al\u00e9m disso, sua rela\u00e7\u00e3o com o regime militar argentino continua sendo um tema controverso, com alega\u00e7\u00f5es de colabora\u00e7\u00e3o que ele pr\u00f3prio negou em entrevistas e escritos.<\/p>\n\n\n\n<h2 class=\"wp-block-heading\">Como o filme retrata os papas Bento 16 e Francisco?<\/h2>\n\n\n\n<p>Uma cr\u00edtica comum ao filme \u00e9 a representa\u00e7\u00e3o dos dois papas em extremos opostos: Francisco como o &#8220;papa bom&#8221;, progressista e humilde, e Bento 16 como o &#8220;papa mau&#8221;, conservador e distante. Esta dicotomia simplifica a complexidade de suas personalidades e papados.<\/p>\n\n\n\n<p>O diretor Fernando Meirelles admite que o filme suaviza a imagem de Bento 16, enquanto destaca as qualidades de Francisco. Essa abordagem, embora eficaz para a narrativa, pode n\u00e3o refletir com precis\u00e3o a realidade dos dois l\u00edderes religiosos.<\/p>\n","protected":false},"excerpt":{"rendered":"<p>O filme &#8220;Dois Papas&#8220;, dirigido por Fernando Meirelles, aborda um dos momentos mais intrigantes da hist\u00f3ria recente da Igreja Cat\u00f3lica: a ren\u00fancia do papa Bento 16 e a subsequente ascens\u00e3o de Jorge Mario Bergoglio, o atual papa Francisco. Esta obra, dispon\u00edvel na Netflix, mistura fic\u00e7\u00e3o e realidade para explorar os bastidores do Vaticano e os [&hellip;]<\/p>\n","protected":false},"author":5,"featured_media":25238,"comment_status":"open","ping_status":"open","sticky":false,"template":"","format":"standard","meta":{"jnews-multi-image_gallery":[],"jnews_single_post":{"format":"standard"},"jnews_primary_category":[],"jnews_social_meta":[],"jnews_override_counter":[],"footnotes":""},"categories":[29,137,1],"tags":[6700,6701,5532,6702],"class_list":["post-31865","post","type-post","status-publish","format-standard","has-post-thumbnail","hentry","category-entretenimento","category-filmes","category-noticias","tag-igreja-catolica","tag-papa-bento-16","tag-papa-francisco","tag-vatileaks"],"yoast_head":"<!-- This site is optimized with the Yoast SEO plugin v23.8 - https:\/\/yoast.com\/wordpress\/plugins\/seo\/ -->\n<title>Segredos e pol\u00eamicas por tr\u00e1s da hist\u00f3ria da Igreja Cat\u00f3lica - Estado de Minas - Em foco<\/title>\n<meta name=\"description\" content=\"&quot;Dois Papas&quot; mistura fic\u00e7\u00e3o e realidade, explorando a ren\u00fancia de Bento 16 e a ascens\u00e3o de Francisco, mas at\u00e9 onde \u00e9 ver\u00eddico?\" \/>\n<meta name=\"robots\" content=\"index, follow, max-snippet:-1, max-image-preview:large, max-video-preview:-1\" \/>\n<link rel=\"canonical\" href=\"https:\/\/www.em.com.br\/emfoco\/2025\/04\/01\/segredos-e-polemicas-por-tras-da-historia-da-igreja-catolica\/\" \/>\n<meta property=\"og:locale\" content=\"pt_BR\" \/>\n<meta property=\"og:type\" content=\"article\" \/>\n<meta property=\"og:title\" content=\"Segredos e pol\u00eamicas por tr\u00e1s da hist\u00f3ria da Igreja Cat\u00f3lica - Estado de Minas - Em foco\" \/>\n<meta property=\"og:description\" content=\"&quot;Dois Papas&quot; mistura fic\u00e7\u00e3o e realidade, explorando a ren\u00fancia de Bento 16 e a ascens\u00e3o de Francisco, mas at\u00e9 onde \u00e9 ver\u00eddico?\" \/>\n<meta property=\"og:url\" content=\"https:\/\/www.em.com.br\/emfoco\/2025\/04\/01\/segredos-e-polemicas-por-tras-da-historia-da-igreja-catolica\/\" \/>\n<meta property=\"og:site_name\" content=\"Estado de Minas - Em foco\" \/>\n<meta property=\"article:published_time\" content=\"2025-04-01T18:20:00+00:00\" \/>\n<meta property=\"article:modified_time\" content=\"2025-03-28T18:41:37+00:00\" \/>\n<meta property=\"og:image\" content=\"https:\/\/www.em.com.br\/emfoco\/wp-content\/uploads\/2025\/03\/esse-6.jpg\" \/>\n\t<meta property=\"og:image:width\" content=\"1280\" \/>\n\t<meta property=\"og:image:height\" content=\"720\" \/>\n\t<meta property=\"og:image:type\" content=\"image\/jpeg\" \/>\n<meta name=\"author\" content=\"N\u00fabia Rangel\" \/>\n<meta name=\"twitter:card\" content=\"summary_large_image\" \/>\n<meta name=\"twitter:label1\" content=\"Escrito por\" \/>\n\t<meta name=\"twitter:data1\" content=\"N\u00fabia Rangel\" \/>\n\t<meta name=\"twitter:label2\" content=\"Est. tempo de leitura\" \/>\n\t<meta name=\"twitter:data2\" content=\"4 minutos\" \/>\n<!-- \/ Yoast SEO plugin. -->","yoast_head_json":{"title":"Segredos e pol\u00eamicas por tr\u00e1s da hist\u00f3ria da Igreja Cat\u00f3lica - Estado de Minas - Em foco","description":"\"Dois Papas\" mistura fic\u00e7\u00e3o e realidade, explorando a ren\u00fancia de Bento 16 e a ascens\u00e3o de Francisco, mas at\u00e9 onde \u00e9 ver\u00eddico?","robots":{"index":"index","follow":"follow","max-snippet":"max-snippet:-1","max-image-preview":"max-image-preview:large","max-video-preview":"max-video-preview:-1"},"canonical":"https:\/\/www.em.com.br\/emfoco\/2025\/04\/01\/segredos-e-polemicas-por-tras-da-historia-da-igreja-catolica\/","og_locale":"pt_BR","og_type":"article","og_title":"Segredos e pol\u00eamicas por tr\u00e1s da hist\u00f3ria da Igreja Cat\u00f3lica - Estado de Minas - Em foco","og_description":"\"Dois Papas\" mistura fic\u00e7\u00e3o e realidade, explorando a ren\u00fancia de Bento 16 e a ascens\u00e3o de Francisco, mas at\u00e9 onde \u00e9 ver\u00eddico?","og_url":"https:\/\/www.em.com.br\/emfoco\/2025\/04\/01\/segredos-e-polemicas-por-tras-da-historia-da-igreja-catolica\/","og_site_name":"Estado de Minas - Em foco","article_published_time":"2025-04-01T18:20:00+00:00","article_modified_time":"2025-03-28T18:41:37+00:00","og_image":[{"width":1280,"height":720,"url":"https:\/\/www.em.com.br\/emfoco\/wp-content\/uploads\/2025\/03\/esse-6.jpg","type":"image\/jpeg"}],"author":"N\u00fabia Rangel","twitter_card":"summary_large_image","twitter_misc":{"Escrito por":"N\u00fabia Rangel","Est. tempo de leitura":"4 minutos"},"schema":{"@context":"https:\/\/schema.org","@graph":[{"@type":"WebPage","@id":"https:\/\/www.em.com.br\/emfoco\/2025\/04\/01\/segredos-e-polemicas-por-tras-da-historia-da-igreja-catolica\/","url":"https:\/\/www.em.com.br\/emfoco\/2025\/04\/01\/segredos-e-polemicas-por-tras-da-historia-da-igreja-catolica\/","name":"Segredos e pol\u00eamicas por tr\u00e1s da hist\u00f3ria da Igreja Cat\u00f3lica - Estado de Minas - Em foco","isPartOf":{"@id":"https:\/\/www.em.com.br\/emfoco\/#website"},"primaryImageOfPage":{"@id":"https:\/\/www.em.com.br\/emfoco\/2025\/04\/01\/segredos-e-polemicas-por-tras-da-historia-da-igreja-catolica\/#primaryimage"},"image":{"@id":"https:\/\/www.em.com.br\/emfoco\/2025\/04\/01\/segredos-e-polemicas-por-tras-da-historia-da-igreja-catolica\/#primaryimage"},"thumbnailUrl":"https:\/\/www.em.com.br\/emfoco\/wp-content\/uploads\/2025\/03\/esse-6.jpg","datePublished":"2025-04-01T18:20:00+00:00","dateModified":"2025-03-28T18:41:37+00:00","author":{"@id":"https:\/\/www.em.com.br\/emfoco\/#\/schema\/person\/524437ef54f8a5d32591b143307f2e20"},"description":"\"Dois Papas\" mistura fic\u00e7\u00e3o e realidade, explorando a ren\u00fancia de Bento 16 e a ascens\u00e3o de Francisco, mas at\u00e9 onde \u00e9 ver\u00eddico?","breadcrumb":{"@id":"https:\/\/www.em.com.br\/emfoco\/2025\/04\/01\/segredos-e-polemicas-por-tras-da-historia-da-igreja-catolica\/#breadcrumb"},"inLanguage":"pt-BR","potentialAction":[{"@type":"ReadAction","target":["https:\/\/www.em.com.br\/emfoco\/2025\/04\/01\/segredos-e-polemicas-por-tras-da-historia-da-igreja-catolica\/"]}]},{"@type":"ImageObject","inLanguage":"pt-BR","@id":"https:\/\/www.em.com.br\/emfoco\/2025\/04\/01\/segredos-e-polemicas-por-tras-da-historia-da-igreja-catolica\/#primaryimage","url":"https:\/\/www.em.com.br\/emfoco\/wp-content\/uploads\/2025\/03\/esse-6.jpg","contentUrl":"https:\/\/www.em.com.br\/emfoco\/wp-content\/uploads\/2025\/03\/esse-6.jpg","width":1280,"height":720,"caption":"Conclave (2024), O filme \/\/ Reprodu\u00e7\u00e3o: Trailler Oficial"},{"@type":"BreadcrumbList","@id":"https:\/\/www.em.com.br\/emfoco\/2025\/04\/01\/segredos-e-polemicas-por-tras-da-historia-da-igreja-catolica\/#breadcrumb","itemListElement":[{"@type":"ListItem","position":1,"name":"In\u00edcio","item":"https:\/\/www.em.com.br\/emfoco\/"},{"@type":"ListItem","position":2,"name":"Segredos e pol\u00eamicas por tr\u00e1s da hist\u00f3ria da Igreja Cat\u00f3lica"}]},{"@type":"WebSite","@id":"https:\/\/www.em.com.br\/emfoco\/#website","url":"https:\/\/www.em.com.br\/emfoco\/","name":"Estado de Minas - Em foco","description":"Acompanhe as \u00faltimas not\u00edcias e fique bem informado sobre tudo o que acontece em Minas Gerais, Brasil e no mundo.","potentialAction":[{"@type":"SearchAction","target":{"@type":"EntryPoint","urlTemplate":"https:\/\/www.em.com.br\/emfoco\/?s={search_term_string}"},"query-input":{"@type":"PropertyValueSpecification","valueRequired":true,"valueName":"search_term_string"}}],"inLanguage":"pt-BR"},{"@type":"Person","@id":"https:\/\/www.em.com.br\/emfoco\/#\/schema\/person\/524437ef54f8a5d32591b143307f2e20","name":"N\u00fabia Rangel","image":{"@type":"ImageObject","inLanguage":"pt-BR","@id":"https:\/\/www.em.com.br\/emfoco\/#\/schema\/person\/image\/","url":"https:\/\/secure.gravatar.com\/avatar\/47cff2827a5ba23c37e8068c86817ea4?s=96&d=mm&r=g","contentUrl":"https:\/\/secure.gravatar.com\/avatar\/47cff2827a5ba23c37e8068c86817ea4?s=96&d=mm&r=g","caption":"N\u00fabia Rangel"},"sameAs":["https:\/\/www.em.com.br\/emfoco\/"],"url":"https:\/\/www.em.com.br\/emfoco\/author\/nubiamyth\/"}]}},"_links":{"self":[{"href":"https:\/\/www.em.com.br\/emfoco\/wp-json\/wp\/v2\/posts\/31865","targetHints":{"allow":["GET"]}}],"collection":[{"href":"https:\/\/www.em.com.br\/emfoco\/wp-json\/wp\/v2\/posts"}],"about":[{"href":"https:\/\/www.em.com.br\/emfoco\/wp-json\/wp\/v2\/types\/post"}],"author":[{"embeddable":true,"href":"https:\/\/www.em.com.br\/emfoco\/wp-json\/wp\/v2\/users\/5"}],"replies":[{"embeddable":true,"href":"https:\/\/www.em.com.br\/emfoco\/wp-json\/wp\/v2\/comments?post=31865"}],"version-history":[{"count":3,"href":"https:\/\/www.em.com.br\/emfoco\/wp-json\/wp\/v2\/posts\/31865\/revisions"}],"predecessor-version":[{"id":31872,"href":"https:\/\/www.em.com.br\/emfoco\/wp-json\/wp\/v2\/posts\/31865\/revisions\/31872"}],"wp:featuredmedia":[{"embeddable":true,"href":"https:\/\/www.em.com.br\/emfoco\/wp-json\/wp\/v2\/media\/25238"}],"wp:attachment":[{"href":"https:\/\/www.em.com.br\/emfoco\/wp-json\/wp\/v2\/media?parent=31865"}],"wp:term":[{"taxonomy":"category","embeddable":true,"href":"https:\/\/www.em.com.br\/emfoco\/wp-json\/wp\/v2\/categories?post=31865"},{"taxonomy":"post_tag","embeddable":true,"href":"https:\/\/www.em.com.br\/emfoco\/wp-json\/wp\/v2\/tags?post=31865"}],"curies":[{"name":"wp","href":"https:\/\/api.w.org\/{rel}","templated":true}]}}