{"id":31800,"date":"2025-04-14T06:00:00","date_gmt":"2025-04-14T09:00:00","guid":{"rendered":"https:\/\/www.em.com.br\/emfoco\/?p=31800"},"modified":"2025-04-04T13:21:40","modified_gmt":"2025-04-04T16:21:40","slug":"5-pecas-essenciais-para-um-guarda-roupa-que-viralizou-entre-as-famosas","status":"publish","type":"post","link":"https:\/\/www.em.com.br\/emfoco\/2025\/04\/14\/5-pecas-essenciais-para-um-guarda-roupa-que-viralizou-entre-as-famosas\/","title":{"rendered":"5 pe\u00e7as essenciais para um guarda-roupa que viralizou entre as famosas"},"content":{"rendered":"\n<p>Na busca por um estilo pessoal aut\u00eantico, muitas pessoas caem na armadilha de acumular pe\u00e7as de roupa sem um prop\u00f3sito claro. A ideia de que mais roupas significam mais op\u00e7\u00f5es pode parecer l\u00f3gica, mas um <strong><a href=\"https:\/\/blog.vanguard.com.br\/como-montar-um-guarda-roupa-inteligente\/\" target=\"_blank\" rel=\"noreferrer noopener\">guarda-roupa inteligente<\/a><\/strong> e diversificado pode ser muito mais eficaz. Ao inv\u00e9s de acumular, a chave est\u00e1 em escolher itens vers\u00e1teis que permitam m\u00faltiplas combina\u00e7\u00f5es.<\/p>\n\n\n\n<p>Um guarda-roupa bem planejado n\u00e3o s\u00f3 economiza tempo e dinheiro, mas tamb\u00e9m reduz o estresse na hora de se vestir. Com algumas pe\u00e7as estrat\u00e9gicas, \u00e9 poss\u00edvel criar <strong><a href=\"https:\/\/www.em.com.br\/emfoco\/2025\/03\/23\/vintage-esta-na-moda-veja-como-incorporar-esse-estilo-no-seu-guarda-roupa\/\" target=\"_blank\" rel=\"noreferrer noopener\">looks<\/a><\/strong> variados e estilosos para qualquer ocasi\u00e3o. A seguir, apresentamos cinco itens essenciais que podem transformar qualquer guarda-roupa.<\/p>\n\n\n\n<h2 class=\"wp-block-heading\">Quais s\u00e3o os itens essenciais para um guarda-roupa vers\u00e1til?<\/h2>\n\n\n\n<p>Para construir um guarda-roupa funcional, \u00e9 importante investir em pe\u00e7as que ofere\u00e7am versatilidade e estilo. Aqui est\u00e3o cinco itens que n\u00e3o podem faltar:<\/p>\n\n\n\n<ul class=\"wp-block-list\">\n<li><strong>Bon\u00e9:<\/strong> Al\u00e9m de proteger do sol, o bon\u00e9 \u00e9 um acess\u00f3rio que adiciona um toque casual e estiloso ao visual. Ele pode ser combinado tanto com roupas mais despojadas quanto com pe\u00e7as mais elaboradas, oferecendo um contraste interessante.<\/li>\n\n\n\n<li><strong>Bota:<\/strong> Seja de cano longo ou curto, a bota \u00e9 um cal\u00e7ado que nunca sai de moda. Ela pode ser usada com jeans, saias ou vestidos, proporcionando um ar sofisticado e moderno ao look.<\/li>\n\n\n\n<li><strong>Blazer:<\/strong> O blazer \u00e9 uma pe\u00e7a coringa que adiciona camadas e interesse ao visual. Atualmente, ele est\u00e1 dispon\u00edvel em diversos cortes, cores e estampas, permitindo combina\u00e7\u00f5es que v\u00e3o al\u00e9m do tradicional look de escrit\u00f3rio.<\/li>\n\n\n\n<li><strong>Brinco grande:<\/strong> Um brinco grande, como argolas ou pedrarias, pode transformar um look b\u00e1sico em algo especial. \u00c9 um detalhe que faz toda a diferen\u00e7a, trazendo personalidade e destaque.<\/li>\n\n\n\n<li><strong>Bolsa colorida:<\/strong> Uma bolsa de cor vibrante, como prateada ou vermelha, pode ser o ponto focal de um look. Ela permite que a imagina\u00e7\u00e3o flua, complementando e elevando o estilo pessoal.<\/li>\n<\/ul>\n\n\n\n<figure class=\"wp-block-image size-large\"><img loading=\"lazy\" decoding=\"async\" width=\"1024\" height=\"576\" src=\"https:\/\/www.em.com.br\/emfoco\/wp-content\/uploads\/2025\/03\/blazer_1742845588563-1024x576.jpg\" alt=\"5 pe\u00e7as essenciais para um guarda-roupa que viralizou entre as famosas\" class=\"wp-image-31812\" srcset=\"https:\/\/www.em.com.br\/emfoco\/wp-content\/uploads\/2025\/03\/blazer_1742845588563-1024x576.jpg 1024w, https:\/\/www.em.com.br\/emfoco\/wp-content\/uploads\/2025\/03\/blazer_1742845588563-300x169.jpg 300w, https:\/\/www.em.com.br\/emfoco\/wp-content\/uploads\/2025\/03\/blazer_1742845588563-768x432.jpg 768w, https:\/\/www.em.com.br\/emfoco\/wp-content\/uploads\/2025\/03\/blazer_1742845588563-750x422.jpg 750w, https:\/\/www.em.com.br\/emfoco\/wp-content\/uploads\/2025\/03\/blazer_1742845588563-1140x641.jpg 1140w, https:\/\/www.em.com.br\/emfoco\/wp-content\/uploads\/2025\/03\/blazer_1742845588563.jpg 1280w\" sizes=\"auto, (max-width: 1024px) 100vw, 1024px\" \/><figcaption class=\"wp-element-caption\">Blazer &#8211; Cr\u00e9ditos: depositphotos.com \/ VitalikRadko<\/figcaption><\/figure>\n\n\n\n<h2 class=\"wp-block-heading\">Como escolher pe\u00e7as que combinem com o estilo pessoal?<\/h2>\n\n\n\n<p>Escolher pe\u00e7as que reflitam o estilo pessoal \u00e9 fundamental para um guarda-roupa coeso. \u00c9 importante considerar o que faz voc\u00ea se sentir confort\u00e1vel e confiante. Ao investir em itens vers\u00e1teis, como os mencionados, \u00e9 poss\u00edvel experimentar diferentes combina\u00e7\u00f5es sem perder a ess\u00eancia do seu estilo.<\/p>\n\n\n\n<p>Al\u00e9m disso, a qualidade das pe\u00e7as deve ser priorizada em rela\u00e7\u00e3o \u00e0 quantidade. Optar por materiais dur\u00e1veis e acabamentos bem-feitos garante que as roupas e acess\u00f3rios tenham uma vida \u00fatil mais longa, contribuindo para um consumo mais consciente e sustent\u00e1vel.<\/p>\n\n\n\n<h2 class=\"wp-block-heading\">Por que um guarda-roupa inteligente \u00e9 uma escolha sustent\u00e1vel?<\/h2>\n\n\n\n<p>Um guarda-roupa inteligente n\u00e3o s\u00f3 facilita o dia a dia, mas tamb\u00e9m \u00e9 uma escolha sustent\u00e1vel. Ao investir em pe\u00e7as vers\u00e1teis e de qualidade, reduz-se a necessidade de compras frequentes, diminuindo o impacto ambiental associado \u00e0 produ\u00e7\u00e3o de roupas.<\/p>\n\n\n\n<p>Al\u00e9m disso, um guarda-roupa bem planejado promove um consumo mais consciente, incentivando a escolha de pe\u00e7as que realmente fazem sentido para o estilo de vida e as necessidades individuais. Assim, \u00e9 poss\u00edvel ter um estilo pessoal aut\u00eantico e sustent\u00e1vel, sem abrir m\u00e3o da criatividade e da diversidade de looks.<\/p>\n","protected":false},"excerpt":{"rendered":"<p>Na busca por um estilo pessoal aut\u00eantico, muitas pessoas caem na armadilha de acumular pe\u00e7as de roupa sem um prop\u00f3sito claro. A ideia de que mais roupas significam mais op\u00e7\u00f5es pode parecer l\u00f3gica, mas um guarda-roupa inteligente e diversificado pode ser muito mais eficaz. Ao inv\u00e9s de acumular, a chave est\u00e1 em escolher itens vers\u00e1teis [&hellip;]<\/p>\n","protected":false},"author":13,"featured_media":27227,"comment_status":"open","ping_status":"open","sticky":false,"template":"","format":"standard","meta":{"jnews-multi-image_gallery":[],"jnews_single_post":{"format":"standard"},"jnews_primary_category":[],"jnews_social_meta":[],"jnews_override_counter":[],"footnotes":""},"categories":[29,1],"tags":[5318,6118,4977,325],"class_list":["post-31800","post","type-post","status-publish","format-standard","has-post-thumbnail","hentry","category-entretenimento","category-noticias","tag-estilo","tag-guarda-roupa","tag-moda","tag-sustentabilidade"],"yoast_head":"<!-- This site is optimized with the Yoast SEO plugin v23.8 - https:\/\/yoast.com\/wordpress\/plugins\/seo\/ -->\n<title>5 pe\u00e7as essenciais para um guarda-roupa que viralizou entre as famosas - Estado de Minas - Em foco<\/title>\n<meta name=\"description\" content=\"Descubra 5 pe\u00e7as essenciais para um guarda-roupa vers\u00e1til, estiloso e sustent\u00e1vel, que facilitam combina\u00e7\u00f5es e valorizam seu estilo.\" \/>\n<meta name=\"robots\" content=\"index, follow, max-snippet:-1, max-image-preview:large, max-video-preview:-1\" \/>\n<link rel=\"canonical\" href=\"https:\/\/www.em.com.br\/emfoco\/2025\/04\/14\/5-pecas-essenciais-para-um-guarda-roupa-que-viralizou-entre-as-famosas\/\" \/>\n<meta property=\"og:locale\" content=\"pt_BR\" \/>\n<meta property=\"og:type\" content=\"article\" \/>\n<meta property=\"og:title\" content=\"5 pe\u00e7as essenciais para um guarda-roupa que viralizou entre as famosas - Estado de Minas - Em foco\" \/>\n<meta property=\"og:description\" content=\"Descubra 5 pe\u00e7as essenciais para um guarda-roupa vers\u00e1til, estiloso e sustent\u00e1vel, que facilitam combina\u00e7\u00f5es e valorizam seu estilo.\" \/>\n<meta property=\"og:url\" content=\"https:\/\/www.em.com.br\/emfoco\/2025\/04\/14\/5-pecas-essenciais-para-um-guarda-roupa-que-viralizou-entre-as-famosas\/\" \/>\n<meta property=\"og:site_name\" content=\"Estado de Minas - Em foco\" \/>\n<meta property=\"article:published_time\" content=\"2025-04-14T09:00:00+00:00\" \/>\n<meta property=\"article:modified_time\" content=\"2025-04-04T16:21:40+00:00\" \/>\n<meta property=\"og:image\" content=\"https:\/\/www.em.com.br\/emfoco\/wp-content\/uploads\/2025\/03\/guarda-roupa_1741640808308.jpg\" \/>\n\t<meta property=\"og:image:width\" content=\"1280\" \/>\n\t<meta property=\"og:image:height\" content=\"720\" \/>\n\t<meta property=\"og:image:type\" content=\"image\/jpeg\" \/>\n<meta name=\"author\" content=\"Gabriel Martins\" \/>\n<meta name=\"twitter:card\" content=\"summary_large_image\" \/>\n<meta name=\"twitter:label1\" content=\"Escrito por\" \/>\n\t<meta name=\"twitter:data1\" content=\"Gabriel Martins\" \/>\n\t<meta name=\"twitter:label2\" content=\"Est. tempo de leitura\" \/>\n\t<meta name=\"twitter:data2\" content=\"4 minutos\" \/>\n<!-- \/ Yoast SEO plugin. -->","yoast_head_json":{"title":"5 pe\u00e7as essenciais para um guarda-roupa que viralizou entre as famosas - Estado de Minas - Em foco","description":"Descubra 5 pe\u00e7as essenciais para um guarda-roupa vers\u00e1til, estiloso e sustent\u00e1vel, que facilitam combina\u00e7\u00f5es e valorizam seu estilo.","robots":{"index":"index","follow":"follow","max-snippet":"max-snippet:-1","max-image-preview":"max-image-preview:large","max-video-preview":"max-video-preview:-1"},"canonical":"https:\/\/www.em.com.br\/emfoco\/2025\/04\/14\/5-pecas-essenciais-para-um-guarda-roupa-que-viralizou-entre-as-famosas\/","og_locale":"pt_BR","og_type":"article","og_title":"5 pe\u00e7as essenciais para um guarda-roupa que viralizou entre as famosas - Estado de Minas - Em foco","og_description":"Descubra 5 pe\u00e7as essenciais para um guarda-roupa vers\u00e1til, estiloso e sustent\u00e1vel, que facilitam combina\u00e7\u00f5es e valorizam seu estilo.","og_url":"https:\/\/www.em.com.br\/emfoco\/2025\/04\/14\/5-pecas-essenciais-para-um-guarda-roupa-que-viralizou-entre-as-famosas\/","og_site_name":"Estado de Minas - Em foco","article_published_time":"2025-04-14T09:00:00+00:00","article_modified_time":"2025-04-04T16:21:40+00:00","og_image":[{"width":1280,"height":720,"url":"https:\/\/www.em.com.br\/emfoco\/wp-content\/uploads\/2025\/03\/guarda-roupa_1741640808308.jpg","type":"image\/jpeg"}],"author":"Gabriel Martins","twitter_card":"summary_large_image","twitter_misc":{"Escrito por":"Gabriel Martins","Est. tempo de leitura":"4 minutos"},"schema":{"@context":"https:\/\/schema.org","@graph":[{"@type":"WebPage","@id":"https:\/\/www.em.com.br\/emfoco\/2025\/04\/14\/5-pecas-essenciais-para-um-guarda-roupa-que-viralizou-entre-as-famosas\/","url":"https:\/\/www.em.com.br\/emfoco\/2025\/04\/14\/5-pecas-essenciais-para-um-guarda-roupa-que-viralizou-entre-as-famosas\/","name":"5 pe\u00e7as essenciais para um guarda-roupa que viralizou entre as famosas - Estado de Minas - Em foco","isPartOf":{"@id":"https:\/\/www.em.com.br\/emfoco\/#website"},"primaryImageOfPage":{"@id":"https:\/\/www.em.com.br\/emfoco\/2025\/04\/14\/5-pecas-essenciais-para-um-guarda-roupa-que-viralizou-entre-as-famosas\/#primaryimage"},"image":{"@id":"https:\/\/www.em.com.br\/emfoco\/2025\/04\/14\/5-pecas-essenciais-para-um-guarda-roupa-que-viralizou-entre-as-famosas\/#primaryimage"},"thumbnailUrl":"https:\/\/www.em.com.br\/emfoco\/wp-content\/uploads\/2025\/03\/guarda-roupa_1741640808308.jpg","datePublished":"2025-04-14T09:00:00+00:00","dateModified":"2025-04-04T16:21:40+00:00","author":{"@id":"https:\/\/www.em.com.br\/emfoco\/#\/schema\/person\/1c9ddeab18b98abeffef834667bcf08a"},"description":"Descubra 5 pe\u00e7as essenciais para um guarda-roupa vers\u00e1til, estiloso e sustent\u00e1vel, que facilitam combina\u00e7\u00f5es e valorizam seu estilo.","breadcrumb":{"@id":"https:\/\/www.em.com.br\/emfoco\/2025\/04\/14\/5-pecas-essenciais-para-um-guarda-roupa-que-viralizou-entre-as-famosas\/#breadcrumb"},"inLanguage":"pt-BR","potentialAction":[{"@type":"ReadAction","target":["https:\/\/www.em.com.br\/emfoco\/2025\/04\/14\/5-pecas-essenciais-para-um-guarda-roupa-que-viralizou-entre-as-famosas\/"]}]},{"@type":"ImageObject","inLanguage":"pt-BR","@id":"https:\/\/www.em.com.br\/emfoco\/2025\/04\/14\/5-pecas-essenciais-para-um-guarda-roupa-que-viralizou-entre-as-famosas\/#primaryimage","url":"https:\/\/www.em.com.br\/emfoco\/wp-content\/uploads\/2025\/03\/guarda-roupa_1741640808308.jpg","contentUrl":"https:\/\/www.em.com.br\/emfoco\/wp-content\/uploads\/2025\/03\/guarda-roupa_1741640808308.jpg","width":1280,"height":720,"caption":"Guarda-roupa - Cr\u00e9ditos: depositphotos.com \/ serezniy"},{"@type":"BreadcrumbList","@id":"https:\/\/www.em.com.br\/emfoco\/2025\/04\/14\/5-pecas-essenciais-para-um-guarda-roupa-que-viralizou-entre-as-famosas\/#breadcrumb","itemListElement":[{"@type":"ListItem","position":1,"name":"In\u00edcio","item":"https:\/\/www.em.com.br\/emfoco\/"},{"@type":"ListItem","position":2,"name":"5 pe\u00e7as essenciais para um guarda-roupa que viralizou entre as famosas"}]},{"@type":"WebSite","@id":"https:\/\/www.em.com.br\/emfoco\/#website","url":"https:\/\/www.em.com.br\/emfoco\/","name":"Estado de Minas - Em foco","description":"Acompanhe as \u00faltimas not\u00edcias e fique bem informado sobre tudo o que acontece em Minas Gerais, Brasil e no mundo.","potentialAction":[{"@type":"SearchAction","target":{"@type":"EntryPoint","urlTemplate":"https:\/\/www.em.com.br\/emfoco\/?s={search_term_string}"},"query-input":{"@type":"PropertyValueSpecification","valueRequired":true,"valueName":"search_term_string"}}],"inLanguage":"pt-BR"},{"@type":"Person","@id":"https:\/\/www.em.com.br\/emfoco\/#\/schema\/person\/1c9ddeab18b98abeffef834667bcf08a","name":"Gabriel Martins","image":{"@type":"ImageObject","inLanguage":"pt-BR","@id":"https:\/\/www.em.com.br\/emfoco\/#\/schema\/person\/image\/","url":"https:\/\/secure.gravatar.com\/avatar\/f0f1e2efdfd88f1ad2cb08c5c2731e50?s=96&d=mm&r=g","contentUrl":"https:\/\/secure.gravatar.com\/avatar\/f0f1e2efdfd88f1ad2cb08c5c2731e50?s=96&d=mm&r=g","caption":"Gabriel Martins"},"sameAs":["https:\/\/www.em.com.br\/emfoco\/"],"url":"https:\/\/www.em.com.br\/emfoco\/author\/gabrielmartinsmyth\/"}]}},"_links":{"self":[{"href":"https:\/\/www.em.com.br\/emfoco\/wp-json\/wp\/v2\/posts\/31800","targetHints":{"allow":["GET"]}}],"collection":[{"href":"https:\/\/www.em.com.br\/emfoco\/wp-json\/wp\/v2\/posts"}],"about":[{"href":"https:\/\/www.em.com.br\/emfoco\/wp-json\/wp\/v2\/types\/post"}],"author":[{"embeddable":true,"href":"https:\/\/www.em.com.br\/emfoco\/wp-json\/wp\/v2\/users\/13"}],"replies":[{"embeddable":true,"href":"https:\/\/www.em.com.br\/emfoco\/wp-json\/wp\/v2\/comments?post=31800"}],"version-history":[{"count":2,"href":"https:\/\/www.em.com.br\/emfoco\/wp-json\/wp\/v2\/posts\/31800\/revisions"}],"predecessor-version":[{"id":31826,"href":"https:\/\/www.em.com.br\/emfoco\/wp-json\/wp\/v2\/posts\/31800\/revisions\/31826"}],"wp:featuredmedia":[{"embeddable":true,"href":"https:\/\/www.em.com.br\/emfoco\/wp-json\/wp\/v2\/media\/27227"}],"wp:attachment":[{"href":"https:\/\/www.em.com.br\/emfoco\/wp-json\/wp\/v2\/media?parent=31800"}],"wp:term":[{"taxonomy":"category","embeddable":true,"href":"https:\/\/www.em.com.br\/emfoco\/wp-json\/wp\/v2\/categories?post=31800"},{"taxonomy":"post_tag","embeddable":true,"href":"https:\/\/www.em.com.br\/emfoco\/wp-json\/wp\/v2\/tags?post=31800"}],"curies":[{"name":"wp","href":"https:\/\/api.w.org\/{rel}","templated":true}]}}