{"id":31658,"date":"2025-03-25T21:00:21","date_gmt":"2025-03-26T00:00:21","guid":{"rendered":"https:\/\/www.em.com.br\/emfoco\/?p=31658"},"modified":"2025-03-24T12:31:34","modified_gmt":"2025-03-24T15:31:34","slug":"conheca-a-calca-que-nunca-sai-de-moda-e-por-que-ela-combinam-com-tudo","status":"publish","type":"post","link":"https:\/\/www.em.com.br\/emfoco\/2025\/03\/25\/conheca-a-calca-que-nunca-sai-de-moda-e-por-que-ela-combinam-com-tudo\/","title":{"rendered":"Conhe\u00e7a a cal\u00e7a que nunca sai de moda e por que ela combinam com tudo"},"content":{"rendered":"\n<p>As <strong>cal\u00e7as skinny<\/strong>, que j\u00e1 foram um marco de estilo no in\u00edcio dos<a href=\"https:\/\/www.em.com.br\/emfoco\/2025\/03\/23\/modas-que-eram-tendencia-nos-anos-2000-voltam-a-fazer-sucesso\/\" target=\"_blank\" rel=\"noreferrer noopener\"> anos 2000<\/a>, continuam a ter um papel significativo na moda em 2025. Mesmo com a evolu\u00e7\u00e3o constante das tend\u00eancias, elas mant\u00eam uma presen\u00e7a forte, refletindo a capacidade da moda de reciclar e reinventar estilos passados. Este tipo de cal\u00e7a, que ganhou popularidade h\u00e1 mais de uma d\u00e9cada, est\u00e1 sendo reinterpretado para se alinhar com as sensibilidades est\u00e9ticas atuais.<\/p>\n\n\n\n<p>Embora muitos tenham previsto que as <a href=\"https:\/\/www.tiktok.com\/@luizallea\/video\/7460934454375156998?embed_source=121374463%2C121468991%2C121439635%2C121433650%2C121404359%2C121497414%2C121477481%2C121351166%2C121487028%2C73347566%2C121331973%2C120811592%2C120810756%2C121503376%3Bnull%3Bembed_pause_share&amp;refer=embed&amp;referer_url=www.tupi.fm%2Fentretenimento%2Fcalca-skinny-de-volta-o-comeback-fashion-que-ta-dando-o-que-falar%2F&amp;referer_video_id=7460934454375156998\" target=\"_blank\" rel=\"noreferrer noopener\">cal\u00e7as skinny <\/a>sairiam de cena, a moda \u00e9 c\u00edclica e frequentemente revisita estilos do passado com novas perspectivas. Em 2025, as cal\u00e7as <strong>skinny<\/strong> est\u00e3o sendo adaptadas para atender \u00e0s prefer\u00eancias modernas, garantindo sua continuidade no vestu\u00e1rio cotidiano.<\/p>\n\n\n\n<h2 class=\"wp-block-heading\">Como est\u00e3o sendo modernizadas?<\/h2>\n\n\n\n<p>Os designers est\u00e3o constantemente buscando maneiras de atualizar as cal\u00e7as skinny, introduzindo varia\u00e7\u00f5es que se distanciam dos cortes tradicionais. As novas interpreta\u00e7\u00f5es s\u00e3o mais vers\u00e1teis e detalhadas, permitindo que se adaptem a uma ampla gama de estilos e ocasi\u00f5es. Algumas marcas est\u00e3o incorporando detalhes \u00fanicos, como z\u00edperes ou bot\u00f5es diferenciados, enquanto outras optam por tecidos inovadores que oferecem maior conforto e flexibilidade.<\/p>\n\n\n\n<p>Essas inova\u00e7\u00f5es n\u00e3o apenas preservam a ess\u00eancia das cal\u00e7as skinny, mas tamb\u00e9m as tornam mais adequadas para o ambiente contempor\u00e2neo, seja no trabalho ou em eventos sociais. A incorpora\u00e7\u00e3o de novos materiais e cortes facilita a integra\u00e7\u00e3o dessas cal\u00e7as em diversos guarda-roupas.<\/p>\n\n\n\n<h2 class=\"wp-block-heading\">Qual \u00e9 o papel das marcas de moda na popularidade das cal\u00e7as?<\/h2>\n\n\n\n<p>As grandes marcas de moda continuam a apostar nas cal\u00e7as skinny, atualizando seus designs com materiais e cortes modernos. Algumas grifes est\u00e3o revisitando pe\u00e7as cl\u00e1ssicas, trazendo elementos do passado para o presente de forma inovadora. Isso cria uma ponte entre a nostalgia e a modernidade, atraindo tanto os consumidores que viveram a era original das cal\u00e7as skinny quanto uma nova gera\u00e7\u00e3o de fashionistas.<\/p>\n\n\n\n<p>Al\u00e9m disso, a versatilidade das cal\u00e7as skinny permite que sejam incorporadas em uma variedade de estilos, desde o casual at\u00e9 o sofisticado. Essa capacidade de adapta\u00e7\u00e3o destaca a habilidade das cal\u00e7as skinny de complementar diferentes est\u00e9ticas, garantindo sua popularidade cont\u00ednua entre diversos p\u00fablicos.<\/p>\n\n\n<div class=\"wp-block-image\">\n<figure class=\"aligncenter size-large\"><img loading=\"lazy\" decoding=\"async\" width=\"1024\" height=\"576\" src=\"https:\/\/www.em.com.br\/emfoco\/wp-content\/uploads\/2025\/03\/Calcas-_1742829826696-1024x576.jpg\" alt=\"A tend\u00eancia duradoura dessa cal\u00e7a e como ela continua combinando com tudo\" class=\"wp-image-31687\" srcset=\"https:\/\/www.em.com.br\/emfoco\/wp-content\/uploads\/2025\/03\/Calcas-_1742829826696-1024x576.jpg 1024w, https:\/\/www.em.com.br\/emfoco\/wp-content\/uploads\/2025\/03\/Calcas-_1742829826696-300x169.jpg 300w, https:\/\/www.em.com.br\/emfoco\/wp-content\/uploads\/2025\/03\/Calcas-_1742829826696-768x432.jpg 768w, https:\/\/www.em.com.br\/emfoco\/wp-content\/uploads\/2025\/03\/Calcas-_1742829826696-750x422.jpg 750w, https:\/\/www.em.com.br\/emfoco\/wp-content\/uploads\/2025\/03\/Calcas-_1742829826696-1140x641.jpg 1140w, https:\/\/www.em.com.br\/emfoco\/wp-content\/uploads\/2025\/03\/Calcas-_1742829826696.jpg 1280w\" sizes=\"auto, (max-width: 1024px) 100vw, 1024px\" \/><figcaption class=\"wp-element-caption\">Look &#8211; Cr\u00e9ditos: depositphotos.com \/ AntonMatyukha<\/figcaption><\/figure><\/div>\n\n\n<h2 class=\"wp-block-heading\">Por que ainda s\u00e3o importantes?<\/h2>\n\n\n\n<p>A persist\u00eancia das cal\u00e7as skinny pode ser atribu\u00edda \u00e0 sua capacidade de adapta\u00e7\u00e3o e reinven\u00e7\u00e3o. Com a influ\u00eancia do <strong>street style<\/strong> e das redes sociais, as cal\u00e7as skinny continuam a ser uma escolha popular, oferecendo uma base cl\u00e1ssica para novas tend\u00eancias. A flexibilidade em sua interpreta\u00e7\u00e3o por diferentes marcas contribui para sua popularidade duradoura.<\/p>\n\n\n\n<p>Essa adaptabilidade atrai tanto novos consumidores quanto aqueles que t\u00eam uma liga\u00e7\u00e3o nost\u00e1lgica com a pe\u00e7a. A habilidade de se transformar e se adequar a diferentes contextos de moda assegura que as cal\u00e7as skinny permane\u00e7am uma escolha vi\u00e1vel no mundo da moda.<\/p>\n\n\n\n<h2 class=\"wp-block-heading\">O futuro na moda global<\/h2>\n\n\n\n<p>Embora as tend\u00eancias de moda sejam passageiras, as cal\u00e7as skinny demonstram uma not\u00e1vel resist\u00eancia, mantendo-se relevantes atrav\u00e9s de diversas mudan\u00e7as culturais e estil\u00edsticas. Desde sua associa\u00e7\u00e3o com a cultura popular at\u00e9 sua ado\u00e7\u00e3o por marcas de luxo, a trajet\u00f3ria das cal\u00e7as skinny \u00e9 um exemplo de resili\u00eancia e adapta\u00e7\u00e3o no mundo da moda.<\/p>\n\n\n\n<p>Espera-se que as pr\u00f3ximas d\u00e9cadas tragam ainda mais inova\u00e7\u00f5es e varia\u00e7\u00f5es para essa pe\u00e7a vers\u00e1til, garantindo sua presen\u00e7a cont\u00ednua nos guarda-roupas. As cal\u00e7as skinny permanecem um exemplo do ciclo intermin\u00e1vel de reinven\u00e7\u00e3o na moda, provando que algumas tend\u00eancias nunca desaparecem completamente.<\/p>\n","protected":false},"excerpt":{"rendered":"<p>As cal\u00e7as skinny, que j\u00e1 foram um marco de estilo no in\u00edcio dos anos 2000, continuam a ter um papel significativo na moda em 2025. Mesmo com a evolu\u00e7\u00e3o constante das tend\u00eancias, elas mant\u00eam uma presen\u00e7a forte, refletindo a capacidade da moda de reciclar e reinventar estilos passados. Este tipo de cal\u00e7a, que ganhou popularidade [&hellip;]<\/p>\n","protected":false},"author":9,"featured_media":31678,"comment_status":"open","ping_status":"open","sticky":false,"template":"","format":"standard","meta":{"jnews-multi-image_gallery":[],"jnews_single_post":{"format":"standard"},"jnews_primary_category":[],"jnews_social_meta":[],"jnews_override_counter":[],"footnotes":""},"categories":[29,1],"tags":[6680,5318,4977,3096],"class_list":["post-31658","post","type-post","status-publish","format-standard","has-post-thumbnail","hentry","category-entretenimento","category-noticias","tag-calcas-skinny","tag-estilo","tag-moda","tag-tendencias"],"yoast_head":"<!-- This site is optimized with the Yoast SEO plugin v23.8 - https:\/\/yoast.com\/wordpress\/plugins\/seo\/ -->\n<title>Conhe\u00e7a a cal\u00e7a que nunca sai de moda e por que ela combinam com tudo<\/title>\n<meta name=\"description\" content=\"As cal\u00e7as skinny se reinventaram para 2025. Veja o que mudou e por que elas continuam sendo uma aposta da moda.\" \/>\n<meta name=\"robots\" content=\"index, follow, max-snippet:-1, max-image-preview:large, max-video-preview:-1\" \/>\n<link rel=\"canonical\" href=\"https:\/\/www.em.com.br\/emfoco\/2025\/03\/25\/conheca-a-calca-que-nunca-sai-de-moda-e-por-que-ela-combinam-com-tudo\/\" \/>\n<meta property=\"og:locale\" content=\"pt_BR\" \/>\n<meta property=\"og:type\" content=\"article\" \/>\n<meta property=\"og:title\" content=\"Conhe\u00e7a a cal\u00e7a que nunca sai de moda e por que ela combinam com tudo\" \/>\n<meta property=\"og:description\" content=\"As cal\u00e7as skinny se reinventaram para 2025. Veja o que mudou e por que elas continuam sendo uma aposta da moda.\" \/>\n<meta property=\"og:url\" content=\"https:\/\/www.em.com.br\/emfoco\/2025\/03\/25\/conheca-a-calca-que-nunca-sai-de-moda-e-por-que-ela-combinam-com-tudo\/\" \/>\n<meta property=\"og:site_name\" content=\"Estado de Minas - Em foco\" \/>\n<meta property=\"article:published_time\" content=\"2025-03-26T00:00:21+00:00\" \/>\n<meta property=\"article:modified_time\" content=\"2025-03-24T15:31:34+00:00\" \/>\n<meta property=\"og:image\" content=\"https:\/\/www.em.com.br\/emfoco\/wp-content\/uploads\/2025\/03\/Calcas-_1742828855667.jpg\" \/>\n\t<meta property=\"og:image:width\" content=\"1280\" \/>\n\t<meta property=\"og:image:height\" content=\"720\" \/>\n\t<meta property=\"og:image:type\" content=\"image\/jpeg\" \/>\n<meta name=\"author\" content=\"Daniely Cardoso\" \/>\n<meta name=\"twitter:card\" content=\"summary_large_image\" \/>\n<meta name=\"twitter:label1\" content=\"Escrito por\" \/>\n\t<meta name=\"twitter:data1\" content=\"Daniely Cardoso\" \/>\n\t<meta name=\"twitter:label2\" content=\"Est. tempo de leitura\" \/>\n\t<meta name=\"twitter:data2\" content=\"4 minutos\" \/>\n<!-- \/ Yoast SEO plugin. -->","yoast_head_json":{"title":"Conhe\u00e7a a cal\u00e7a que nunca sai de moda e por que ela combinam com tudo","description":"As cal\u00e7as skinny se reinventaram para 2025. Veja o que mudou e por que elas continuam sendo uma aposta da moda.","robots":{"index":"index","follow":"follow","max-snippet":"max-snippet:-1","max-image-preview":"max-image-preview:large","max-video-preview":"max-video-preview:-1"},"canonical":"https:\/\/www.em.com.br\/emfoco\/2025\/03\/25\/conheca-a-calca-que-nunca-sai-de-moda-e-por-que-ela-combinam-com-tudo\/","og_locale":"pt_BR","og_type":"article","og_title":"Conhe\u00e7a a cal\u00e7a que nunca sai de moda e por que ela combinam com tudo","og_description":"As cal\u00e7as skinny se reinventaram para 2025. Veja o que mudou e por que elas continuam sendo uma aposta da moda.","og_url":"https:\/\/www.em.com.br\/emfoco\/2025\/03\/25\/conheca-a-calca-que-nunca-sai-de-moda-e-por-que-ela-combinam-com-tudo\/","og_site_name":"Estado de Minas - Em foco","article_published_time":"2025-03-26T00:00:21+00:00","article_modified_time":"2025-03-24T15:31:34+00:00","og_image":[{"width":1280,"height":720,"url":"https:\/\/www.em.com.br\/emfoco\/wp-content\/uploads\/2025\/03\/Calcas-_1742828855667.jpg","type":"image\/jpeg"}],"author":"Daniely Cardoso","twitter_card":"summary_large_image","twitter_misc":{"Escrito por":"Daniely Cardoso","Est. tempo de leitura":"4 minutos"},"schema":{"@context":"https:\/\/schema.org","@graph":[{"@type":"WebPage","@id":"https:\/\/www.em.com.br\/emfoco\/2025\/03\/25\/conheca-a-calca-que-nunca-sai-de-moda-e-por-que-ela-combinam-com-tudo\/","url":"https:\/\/www.em.com.br\/emfoco\/2025\/03\/25\/conheca-a-calca-que-nunca-sai-de-moda-e-por-que-ela-combinam-com-tudo\/","name":"Conhe\u00e7a a cal\u00e7a que nunca sai de moda e por que ela combinam com tudo","isPartOf":{"@id":"https:\/\/www.em.com.br\/emfoco\/#website"},"primaryImageOfPage":{"@id":"https:\/\/www.em.com.br\/emfoco\/2025\/03\/25\/conheca-a-calca-que-nunca-sai-de-moda-e-por-que-ela-combinam-com-tudo\/#primaryimage"},"image":{"@id":"https:\/\/www.em.com.br\/emfoco\/2025\/03\/25\/conheca-a-calca-que-nunca-sai-de-moda-e-por-que-ela-combinam-com-tudo\/#primaryimage"},"thumbnailUrl":"https:\/\/www.em.com.br\/emfoco\/wp-content\/uploads\/2025\/03\/Calcas-_1742828855667.jpg","datePublished":"2025-03-26T00:00:21+00:00","dateModified":"2025-03-24T15:31:34+00:00","author":{"@id":"https:\/\/www.em.com.br\/emfoco\/#\/schema\/person\/0a8186d72f2c3a5c6276d90b41f271a0"},"description":"As cal\u00e7as skinny se reinventaram para 2025. Veja o que mudou e por que elas continuam sendo uma aposta da moda.","breadcrumb":{"@id":"https:\/\/www.em.com.br\/emfoco\/2025\/03\/25\/conheca-a-calca-que-nunca-sai-de-moda-e-por-que-ela-combinam-com-tudo\/#breadcrumb"},"inLanguage":"pt-BR","potentialAction":[{"@type":"ReadAction","target":["https:\/\/www.em.com.br\/emfoco\/2025\/03\/25\/conheca-a-calca-que-nunca-sai-de-moda-e-por-que-ela-combinam-com-tudo\/"]}]},{"@type":"ImageObject","inLanguage":"pt-BR","@id":"https:\/\/www.em.com.br\/emfoco\/2025\/03\/25\/conheca-a-calca-que-nunca-sai-de-moda-e-por-que-ela-combinam-com-tudo\/#primaryimage","url":"https:\/\/www.em.com.br\/emfoco\/wp-content\/uploads\/2025\/03\/Calcas-_1742828855667.jpg","contentUrl":"https:\/\/www.em.com.br\/emfoco\/wp-content\/uploads\/2025\/03\/Calcas-_1742828855667.jpg","width":1280,"height":720,"caption":"Cal\u00e7as - Cr\u00e9ditos: depositphotos.com \/ AllaSerebrina"},{"@type":"BreadcrumbList","@id":"https:\/\/www.em.com.br\/emfoco\/2025\/03\/25\/conheca-a-calca-que-nunca-sai-de-moda-e-por-que-ela-combinam-com-tudo\/#breadcrumb","itemListElement":[{"@type":"ListItem","position":1,"name":"In\u00edcio","item":"https:\/\/www.em.com.br\/emfoco\/"},{"@type":"ListItem","position":2,"name":"Conhe\u00e7a a cal\u00e7a que nunca sai de moda e por que ela combinam com tudo"}]},{"@type":"WebSite","@id":"https:\/\/www.em.com.br\/emfoco\/#website","url":"https:\/\/www.em.com.br\/emfoco\/","name":"Estado de Minas - Em foco","description":"Acompanhe as \u00faltimas not\u00edcias e fique bem informado sobre tudo o que acontece em Minas Gerais, Brasil e no mundo.","potentialAction":[{"@type":"SearchAction","target":{"@type":"EntryPoint","urlTemplate":"https:\/\/www.em.com.br\/emfoco\/?s={search_term_string}"},"query-input":{"@type":"PropertyValueSpecification","valueRequired":true,"valueName":"search_term_string"}}],"inLanguage":"pt-BR"},{"@type":"Person","@id":"https:\/\/www.em.com.br\/emfoco\/#\/schema\/person\/0a8186d72f2c3a5c6276d90b41f271a0","name":"Daniely Cardoso","image":{"@type":"ImageObject","inLanguage":"pt-BR","@id":"https:\/\/www.em.com.br\/emfoco\/#\/schema\/person\/image\/","url":"https:\/\/secure.gravatar.com\/avatar\/4b80ddbd124d1f071b626d52d62e5dff?s=96&d=mm&r=g","contentUrl":"https:\/\/secure.gravatar.com\/avatar\/4b80ddbd124d1f071b626d52d62e5dff?s=96&d=mm&r=g","caption":"Daniely Cardoso"},"url":"https:\/\/www.em.com.br\/emfoco\/author\/danielymyth\/"}]}},"_links":{"self":[{"href":"https:\/\/www.em.com.br\/emfoco\/wp-json\/wp\/v2\/posts\/31658","targetHints":{"allow":["GET"]}}],"collection":[{"href":"https:\/\/www.em.com.br\/emfoco\/wp-json\/wp\/v2\/posts"}],"about":[{"href":"https:\/\/www.em.com.br\/emfoco\/wp-json\/wp\/v2\/types\/post"}],"author":[{"embeddable":true,"href":"https:\/\/www.em.com.br\/emfoco\/wp-json\/wp\/v2\/users\/9"}],"replies":[{"embeddable":true,"href":"https:\/\/www.em.com.br\/emfoco\/wp-json\/wp\/v2\/comments?post=31658"}],"version-history":[{"count":2,"href":"https:\/\/www.em.com.br\/emfoco\/wp-json\/wp\/v2\/posts\/31658\/revisions"}],"predecessor-version":[{"id":31692,"href":"https:\/\/www.em.com.br\/emfoco\/wp-json\/wp\/v2\/posts\/31658\/revisions\/31692"}],"wp:featuredmedia":[{"embeddable":true,"href":"https:\/\/www.em.com.br\/emfoco\/wp-json\/wp\/v2\/media\/31678"}],"wp:attachment":[{"href":"https:\/\/www.em.com.br\/emfoco\/wp-json\/wp\/v2\/media?parent=31658"}],"wp:term":[{"taxonomy":"category","embeddable":true,"href":"https:\/\/www.em.com.br\/emfoco\/wp-json\/wp\/v2\/categories?post=31658"},{"taxonomy":"post_tag","embeddable":true,"href":"https:\/\/www.em.com.br\/emfoco\/wp-json\/wp\/v2\/tags?post=31658"}],"curies":[{"name":"wp","href":"https:\/\/api.w.org\/{rel}","templated":true}]}}