{"id":31546,"date":"2025-03-29T10:20:00","date_gmt":"2025-03-29T13:20:00","guid":{"rendered":"https:\/\/www.em.com.br\/emfoco\/?p=31546"},"modified":"2025-03-23T14:25:06","modified_gmt":"2025-03-23T17:25:06","slug":"esta-cidade-esconde-um-dos-maiores-polos-economicos-do-brasil","status":"publish","type":"post","link":"https:\/\/www.em.com.br\/emfoco\/2025\/03\/29\/esta-cidade-esconde-um-dos-maiores-polos-economicos-do-brasil\/","title":{"rendered":"Esta cidade esconde um dos maiores polos econ\u00f4micos do Brasil"},"content":{"rendered":"\n<p><strong>Goi\u00e2nia<\/strong>, a capital do estado de <strong>Goi\u00e1s<\/strong>, \u00e9 uma cidade vibrante e moderna, conhecida por sua arquitetura art d\u00e9co e amplas \u00e1reas verdes. Fundada em 1933, a cidade foi planejada para ser a nova capital do estado, substituindo a antiga capital, <strong>Vila Boa<\/strong>. Com uma popula\u00e7\u00e3o que ultrapassa 1,5 milh\u00e3o de habitantes em 2025, Goi\u00e2nia \u00e9 um importante centro econ\u00f4mico e cultural do Brasil Central.<\/p>\n\n\n\n<p>Localizada estrategicamente no cora\u00e7\u00e3o do <strong>Brasil<\/strong>, Goi\u00e2nia desempenha um papel crucial no desenvolvimento econ\u00f4mico da regi\u00e3o. A cidade \u00e9 um polo de servi\u00e7os, com\u00e9rcio e ind\u00fastria, al\u00e9m de ser um importante centro de log\u00edstica devido \u00e0 sua localiza\u00e7\u00e3o privilegiada. A infraestrutura urbana bem planejada e a qualidade de vida s\u00e3o atrativos para novos moradores e investidores.<\/p>\n\n\n\n<h2 class=\"wp-block-heading\">Qualidade de vida em Goi\u00e2nia<\/h2>\n\n\n\n<p>Goi\u00e2nia \u00e9 frequentemente destacada por sua <strong>alta qualidade de vida<\/strong>. A cidade oferece uma combina\u00e7\u00e3o de infraestrutura moderna, \u00e1reas verdes e servi\u00e7os p\u00fablicos eficientes. Os parques urbanos, como o <strong>Parque Flamboyant<\/strong> e o <strong>Parque Vaca Brava<\/strong>, s\u00e3o locais populares para atividades ao ar livre e lazer.<\/p>\n\n\n\n<p>A cidade tamb\u00e9m se destaca por seu sistema de sa\u00fade, que inclui hospitais p\u00fablicos e privados de alta qualidade. A seguran\u00e7a p\u00fablica tem sido uma prioridade, com investimentos em tecnologia e treinamento para as for\u00e7as de seguran\u00e7a.<\/p>\n\n\n\n<figure class=\"wp-block-image size-large\"><img loading=\"lazy\" decoding=\"async\" width=\"1024\" height=\"576\" src=\"https:\/\/www.em.com.br\/emfoco\/wp-content\/uploads\/2024\/12\/goiania_1734522109902-1024x576.png\" alt=\"Conhe\u00e7a Agora: Internet Gratuita em Parques e Pra\u00e7as\" class=\"wp-image-5557\" srcset=\"https:\/\/www.em.com.br\/emfoco\/wp-content\/uploads\/2024\/12\/goiania_1734522109902-1024x576.png 1024w, https:\/\/www.em.com.br\/emfoco\/wp-content\/uploads\/2024\/12\/goiania_1734522109902-300x169.png 300w, https:\/\/www.em.com.br\/emfoco\/wp-content\/uploads\/2024\/12\/goiania_1734522109902-768x432.png 768w, https:\/\/www.em.com.br\/emfoco\/wp-content\/uploads\/2024\/12\/goiania_1734522109902-750x422.png 750w, https:\/\/www.em.com.br\/emfoco\/wp-content\/uploads\/2024\/12\/goiania_1734522109902-1140x641.png 1140w, https:\/\/www.em.com.br\/emfoco\/wp-content\/uploads\/2024\/12\/goiania_1734522109902.png 1280w\" sizes=\"auto, (max-width: 1024px) 100vw, 1024px\" \/><figcaption class=\"wp-element-caption\">Goi\u00e2nia &#8211; Cr\u00e9ditos: depositphotos.com \/ Cavalcante<\/figcaption><\/figure>\n\n\n\n<h2 class=\"wp-block-heading\">Educa\u00e7\u00e3o em Goi\u00e2nia: um pilar de desenvolvimento<\/h2>\n\n\n\n<p>A educa\u00e7\u00e3o em Goi\u00e2nia \u00e9 um dos pilares do desenvolvimento da cidade. Com uma rede de escolas p\u00fablicas e privadas bem estruturada, a cidade oferece educa\u00e7\u00e3o de qualidade desde o ensino fundamental at\u00e9 o superior. Institui\u00e7\u00f5es como a <strong>Universidade Federal de Goi\u00e1s<\/strong> (UFG) e a <strong><a href=\"https:\/\/www.pucgoias.edu.br\/\" target=\"_blank\" rel=\"noreferrer noopener\">Pontif\u00edcia Universidade Cat\u00f3lica de Goi\u00e1s<\/a><\/strong> (PUC Goi\u00e1s) s\u00e3o refer\u00eancias no ensino superior.<\/p>\n\n\n\n<p>Al\u00e9m disso, a cidade investe em programas de capacita\u00e7\u00e3o e forma\u00e7\u00e3o profissional, preparando os jovens para o mercado de trabalho em constante evolu\u00e7\u00e3o. A educa\u00e7\u00e3o \u00e9 vista como uma ferramenta essencial para o desenvolvimento econ\u00f4mico e social da regi\u00e3o.<\/p>\n\n\n\n<h2 class=\"wp-block-heading\">Turismo em Goi\u00e2nia: descobrindo a cidade<\/h2>\n\n\n\n<p>O turismo em Goi\u00e2nia \u00e9 uma experi\u00eancia rica e diversificada. A cidade \u00e9 conhecida por sua arquitetura art d\u00e9co, com edif\u00edcios hist\u00f3ricos que atraem visitantes de todo o pa\u00eds. O centro da cidade \u00e9 um local ideal para explorar essa heran\u00e7a arquitet\u00f4nica.<\/p>\n\n\n\n<p>Al\u00e9m disso, Goi\u00e2nia \u00e9 famosa por seus eventos culturais e gastron\u00f4micos. Festivais de m\u00fasica, exposi\u00e7\u00f5es de arte e feiras <strong><a href=\"https:\/\/www.em.com.br\/emfoco\/2025\/01\/03\/voce-precisa-conhecer-a-cidade-que-brilha-no-ranking-mundial-de-gastronomia\/\" target=\"_blank\" rel=\"noreferrer noopener\">gastron\u00f4micas<\/a><\/strong> s\u00e3o parte do calend\u00e1rio cultural da cidade. A culin\u00e1ria goiana, com pratos t\u00edpicos como o empad\u00e3o goiano e o arroz com pequi, \u00e9 um atrativo \u00e0 parte.<\/p>\n\n\n\n<h2 class=\"wp-block-heading\">Economia de Goi\u00e2nia: um polo de crescimento<\/h2>\n\n\n\n<p>A economia de Goi\u00e2nia \u00e9 diversificada e em constante crescimento. O setor de servi\u00e7os \u00e9 um dos mais fortes, com destaque para o com\u00e9rcio, a sa\u00fade e a educa\u00e7\u00e3o. A cidade tamb\u00e9m \u00e9 um importante centro de distribui\u00e7\u00e3o e log\u00edstica, gra\u00e7as \u00e0 sua localiza\u00e7\u00e3o estrat\u00e9gica no centro do Brasil.<\/p>\n\n\n\n<p>O agroneg\u00f3cio \u00e9 outro pilar econ\u00f4mico, com a produ\u00e7\u00e3o de gr\u00e3os e pecu\u00e1ria desempenhando um papel significativo na economia regional. Goi\u00e2nia tamb\u00e9m tem se destacado no setor de tecnologia, com o surgimento de startups e empresas de inova\u00e7\u00e3o.<\/p>\n\n\n\n<h2 class=\"wp-block-heading\">Infraestrutura urbana: planejamento e sustentabilidade<\/h2>\n\n\n\n<p>Goi\u00e2nia \u00e9 conhecida por seu planejamento urbano eficiente e sustent\u00e1vel. A cidade foi projetada para ser funcional e agrad\u00e1vel, com avenidas largas e bem arborizadas. A mobilidade urbana \u00e9 facilitada por um sistema de transporte p\u00fablico abrangente, que inclui \u00f4nibus e ciclovias.<\/p>\n\n\n\n<p>A sustentabilidade \u00e9 uma prioridade, com iniciativas para reduzir a emiss\u00e3o de poluentes e promover o uso de energias renov\u00e1veis. Goi\u00e2nia busca ser uma cidade cada vez mais verde e sustent\u00e1vel, alinhando-se \u00e0s tend\u00eancias globais de urbanismo.<\/p>\n\n\n\n<h2 class=\"wp-block-heading\">Goi\u00e2nia: um futuro promissor<\/h2>\n\n\n\n<p>Com uma combina\u00e7\u00e3o de qualidade de vida, educa\u00e7\u00e3o de excel\u00eancia e um ambiente econ\u00f4mico favor\u00e1vel, Goi\u00e2nia est\u00e1 bem posicionada para um futuro promissor. A cidade continua a atrair novos moradores e investidores, consolidando-se como um dos principais centros urbanos do Brasil Central.<\/p>\n\n\n\n<p>O compromisso com o desenvolvimento sustent\u00e1vel e a inova\u00e7\u00e3o s\u00e3o fatores que impulsionam Goi\u00e2nia rumo a um futuro de crescimento e prosperidade. A cidade \u00e9 um exemplo de como planejamento e vis\u00e3o podem transformar uma capital em um modelo de desenvolvimento urbano.<\/p>\n","protected":false},"excerpt":{"rendered":"<p>Goi\u00e2nia, a capital do estado de Goi\u00e1s, \u00e9 uma cidade vibrante e moderna, conhecida por sua arquitetura art d\u00e9co e amplas \u00e1reas verdes. Fundada em 1933, a cidade foi planejada para ser a nova capital do estado, substituindo a antiga capital, Vila Boa. Com uma popula\u00e7\u00e3o que ultrapassa 1,5 milh\u00e3o de habitantes em 2025, Goi\u00e2nia [&hellip;]<\/p>\n","protected":false},"author":5,"featured_media":21565,"comment_status":"open","ping_status":"open","sticky":false,"template":"","format":"standard","meta":{"jnews-multi-image_gallery":[],"jnews_single_post":{"format":"standard"},"jnews_primary_category":[],"jnews_social_meta":[],"jnews_override_counter":[],"footnotes":""},"categories":[26,1],"tags":[1194,2196,327],"class_list":["post-31546","post","type-post","status-publish","format-standard","has-post-thumbnail","hentry","category-cidades","category-noticias","tag-goiania","tag-goias","tag-qualidade-de-vida"],"yoast_head":"<!-- This site is optimized with the Yoast SEO plugin v23.8 - https:\/\/yoast.com\/wordpress\/plugins\/seo\/ -->\n<title>Esta cidade esconde um dos maiores polos econ\u00f4micos do Brasil - Estado de Minas - Em foco<\/title>\n<meta name=\"description\" content=\"Planejada para ser uma nova capital, essa cidade se tornou um polo de inova\u00e7\u00e3o, cultura e lazer. Saiba o que a torna \u00fanica!\" \/>\n<meta name=\"robots\" content=\"index, follow, max-snippet:-1, max-image-preview:large, max-video-preview:-1\" \/>\n<link rel=\"canonical\" href=\"https:\/\/www.em.com.br\/emfoco\/2025\/03\/29\/esta-cidade-esconde-um-dos-maiores-polos-economicos-do-brasil\/\" \/>\n<meta property=\"og:locale\" content=\"pt_BR\" \/>\n<meta property=\"og:type\" content=\"article\" \/>\n<meta property=\"og:title\" content=\"Esta cidade esconde um dos maiores polos econ\u00f4micos do Brasil - Estado de Minas - Em foco\" \/>\n<meta property=\"og:description\" content=\"Planejada para ser uma nova capital, essa cidade se tornou um polo de inova\u00e7\u00e3o, cultura e lazer. Saiba o que a torna \u00fanica!\" \/>\n<meta property=\"og:url\" content=\"https:\/\/www.em.com.br\/emfoco\/2025\/03\/29\/esta-cidade-esconde-um-dos-maiores-polos-economicos-do-brasil\/\" \/>\n<meta property=\"og:site_name\" content=\"Estado de Minas - Em foco\" \/>\n<meta property=\"article:published_time\" content=\"2025-03-29T13:20:00+00:00\" \/>\n<meta property=\"article:modified_time\" content=\"2025-03-23T17:25:06+00:00\" \/>\n<meta property=\"og:image\" content=\"https:\/\/www.em.com.br\/emfoco\/wp-content\/uploads\/2025\/02\/Goiania_1740086140291.jpg\" \/>\n\t<meta property=\"og:image:width\" content=\"1280\" \/>\n\t<meta property=\"og:image:height\" content=\"720\" \/>\n\t<meta property=\"og:image:type\" content=\"image\/jpeg\" \/>\n<meta name=\"author\" content=\"N\u00fabia Rangel\" \/>\n<meta name=\"twitter:card\" content=\"summary_large_image\" \/>\n<meta name=\"twitter:label1\" content=\"Escrito por\" \/>\n\t<meta name=\"twitter:data1\" content=\"N\u00fabia Rangel\" \/>\n\t<meta name=\"twitter:label2\" content=\"Est. tempo de leitura\" \/>\n\t<meta name=\"twitter:data2\" content=\"5 minutos\" \/>\n<!-- \/ Yoast SEO plugin. -->","yoast_head_json":{"title":"Esta cidade esconde um dos maiores polos econ\u00f4micos do Brasil - Estado de Minas - Em foco","description":"Planejada para ser uma nova capital, essa cidade se tornou um polo de inova\u00e7\u00e3o, cultura e lazer. Saiba o que a torna \u00fanica!","robots":{"index":"index","follow":"follow","max-snippet":"max-snippet:-1","max-image-preview":"max-image-preview:large","max-video-preview":"max-video-preview:-1"},"canonical":"https:\/\/www.em.com.br\/emfoco\/2025\/03\/29\/esta-cidade-esconde-um-dos-maiores-polos-economicos-do-brasil\/","og_locale":"pt_BR","og_type":"article","og_title":"Esta cidade esconde um dos maiores polos econ\u00f4micos do Brasil - Estado de Minas - Em foco","og_description":"Planejada para ser uma nova capital, essa cidade se tornou um polo de inova\u00e7\u00e3o, cultura e lazer. Saiba o que a torna \u00fanica!","og_url":"https:\/\/www.em.com.br\/emfoco\/2025\/03\/29\/esta-cidade-esconde-um-dos-maiores-polos-economicos-do-brasil\/","og_site_name":"Estado de Minas - Em foco","article_published_time":"2025-03-29T13:20:00+00:00","article_modified_time":"2025-03-23T17:25:06+00:00","og_image":[{"width":1280,"height":720,"url":"https:\/\/www.em.com.br\/emfoco\/wp-content\/uploads\/2025\/02\/Goiania_1740086140291.jpg","type":"image\/jpeg"}],"author":"N\u00fabia Rangel","twitter_card":"summary_large_image","twitter_misc":{"Escrito por":"N\u00fabia Rangel","Est. tempo de leitura":"5 minutos"},"schema":{"@context":"https:\/\/schema.org","@graph":[{"@type":"WebPage","@id":"https:\/\/www.em.com.br\/emfoco\/2025\/03\/29\/esta-cidade-esconde-um-dos-maiores-polos-economicos-do-brasil\/","url":"https:\/\/www.em.com.br\/emfoco\/2025\/03\/29\/esta-cidade-esconde-um-dos-maiores-polos-economicos-do-brasil\/","name":"Esta cidade esconde um dos maiores polos econ\u00f4micos do Brasil - Estado de Minas - Em foco","isPartOf":{"@id":"https:\/\/www.em.com.br\/emfoco\/#website"},"primaryImageOfPage":{"@id":"https:\/\/www.em.com.br\/emfoco\/2025\/03\/29\/esta-cidade-esconde-um-dos-maiores-polos-economicos-do-brasil\/#primaryimage"},"image":{"@id":"https:\/\/www.em.com.br\/emfoco\/2025\/03\/29\/esta-cidade-esconde-um-dos-maiores-polos-economicos-do-brasil\/#primaryimage"},"thumbnailUrl":"https:\/\/www.em.com.br\/emfoco\/wp-content\/uploads\/2025\/02\/Goiania_1740086140291.jpg","datePublished":"2025-03-29T13:20:00+00:00","dateModified":"2025-03-23T17:25:06+00:00","author":{"@id":"https:\/\/www.em.com.br\/emfoco\/#\/schema\/person\/524437ef54f8a5d32591b143307f2e20"},"description":"Planejada para ser uma nova capital, essa cidade se tornou um polo de inova\u00e7\u00e3o, cultura e lazer. Saiba o que a torna \u00fanica!","breadcrumb":{"@id":"https:\/\/www.em.com.br\/emfoco\/2025\/03\/29\/esta-cidade-esconde-um-dos-maiores-polos-economicos-do-brasil\/#breadcrumb"},"inLanguage":"pt-BR","potentialAction":[{"@type":"ReadAction","target":["https:\/\/www.em.com.br\/emfoco\/2025\/03\/29\/esta-cidade-esconde-um-dos-maiores-polos-economicos-do-brasil\/"]}]},{"@type":"ImageObject","inLanguage":"pt-BR","@id":"https:\/\/www.em.com.br\/emfoco\/2025\/03\/29\/esta-cidade-esconde-um-dos-maiores-polos-economicos-do-brasil\/#primaryimage","url":"https:\/\/www.em.com.br\/emfoco\/wp-content\/uploads\/2025\/02\/Goiania_1740086140291.jpg","contentUrl":"https:\/\/www.em.com.br\/emfoco\/wp-content\/uploads\/2025\/02\/Goiania_1740086140291.jpg","width":1280,"height":720,"caption":"Goi\u00e2nia - Cr\u00e9ditos: depositphotos.com \/ AngelaMacario"},{"@type":"BreadcrumbList","@id":"https:\/\/www.em.com.br\/emfoco\/2025\/03\/29\/esta-cidade-esconde-um-dos-maiores-polos-economicos-do-brasil\/#breadcrumb","itemListElement":[{"@type":"ListItem","position":1,"name":"In\u00edcio","item":"https:\/\/www.em.com.br\/emfoco\/"},{"@type":"ListItem","position":2,"name":"Esta cidade esconde um dos maiores polos econ\u00f4micos do Brasil"}]},{"@type":"WebSite","@id":"https:\/\/www.em.com.br\/emfoco\/#website","url":"https:\/\/www.em.com.br\/emfoco\/","name":"Estado de Minas - Em foco","description":"Acompanhe as \u00faltimas not\u00edcias e fique bem informado sobre tudo o que acontece em Minas Gerais, Brasil e no mundo.","potentialAction":[{"@type":"SearchAction","target":{"@type":"EntryPoint","urlTemplate":"https:\/\/www.em.com.br\/emfoco\/?s={search_term_string}"},"query-input":{"@type":"PropertyValueSpecification","valueRequired":true,"valueName":"search_term_string"}}],"inLanguage":"pt-BR"},{"@type":"Person","@id":"https:\/\/www.em.com.br\/emfoco\/#\/schema\/person\/524437ef54f8a5d32591b143307f2e20","name":"N\u00fabia Rangel","image":{"@type":"ImageObject","inLanguage":"pt-BR","@id":"https:\/\/www.em.com.br\/emfoco\/#\/schema\/person\/image\/","url":"https:\/\/secure.gravatar.com\/avatar\/47cff2827a5ba23c37e8068c86817ea4?s=96&d=mm&r=g","contentUrl":"https:\/\/secure.gravatar.com\/avatar\/47cff2827a5ba23c37e8068c86817ea4?s=96&d=mm&r=g","caption":"N\u00fabia Rangel"},"sameAs":["https:\/\/www.em.com.br\/emfoco\/"],"url":"https:\/\/www.em.com.br\/emfoco\/author\/nubiamyth\/"}]}},"_links":{"self":[{"href":"https:\/\/www.em.com.br\/emfoco\/wp-json\/wp\/v2\/posts\/31546","targetHints":{"allow":["GET"]}}],"collection":[{"href":"https:\/\/www.em.com.br\/emfoco\/wp-json\/wp\/v2\/posts"}],"about":[{"href":"https:\/\/www.em.com.br\/emfoco\/wp-json\/wp\/v2\/types\/post"}],"author":[{"embeddable":true,"href":"https:\/\/www.em.com.br\/emfoco\/wp-json\/wp\/v2\/users\/5"}],"replies":[{"embeddable":true,"href":"https:\/\/www.em.com.br\/emfoco\/wp-json\/wp\/v2\/comments?post=31546"}],"version-history":[{"count":2,"href":"https:\/\/www.em.com.br\/emfoco\/wp-json\/wp\/v2\/posts\/31546\/revisions"}],"predecessor-version":[{"id":31552,"href":"https:\/\/www.em.com.br\/emfoco\/wp-json\/wp\/v2\/posts\/31546\/revisions\/31552"}],"wp:featuredmedia":[{"embeddable":true,"href":"https:\/\/www.em.com.br\/emfoco\/wp-json\/wp\/v2\/media\/21565"}],"wp:attachment":[{"href":"https:\/\/www.em.com.br\/emfoco\/wp-json\/wp\/v2\/media?parent=31546"}],"wp:term":[{"taxonomy":"category","embeddable":true,"href":"https:\/\/www.em.com.br\/emfoco\/wp-json\/wp\/v2\/categories?post=31546"},{"taxonomy":"post_tag","embeddable":true,"href":"https:\/\/www.em.com.br\/emfoco\/wp-json\/wp\/v2\/tags?post=31546"}],"curies":[{"name":"wp","href":"https:\/\/api.w.org\/{rel}","templated":true}]}}