{"id":31529,"date":"2025-03-28T17:40:00","date_gmt":"2025-03-28T20:40:00","guid":{"rendered":"https:\/\/www.em.com.br\/emfoco\/?p=31529"},"modified":"2025-03-23T14:08:38","modified_gmt":"2025-03-23T17:08:38","slug":"conheca-o-encontro-das-aguas-e-outras-maravilhas-dessa-capital","status":"publish","type":"post","link":"https:\/\/www.em.com.br\/emfoco\/2025\/03\/28\/conheca-o-encontro-das-aguas-e-outras-maravilhas-dessa-capital\/","title":{"rendered":"Conhe\u00e7a o encontro das \u00e1guas e outras maravilhas dessa capital"},"content":{"rendered":"\n<p><strong>Manaus, a capital do estado do Amazonas<\/strong>, \u00e9 uma <strong><a href=\"https:\/\/www.em.com.br\/emfoco\/2025\/03\/23\/por-que-essas-cidades-brasileiras-estao-se-tornando-referencia-para-aposentados\/\" target=\"_blank\" rel=\"noreferrer noopener\">cidade<\/a><\/strong> vibrante localizada no cora\u00e7\u00e3o da <strong>Floresta Amaz\u00f4nica<\/strong>. Com uma popula\u00e7\u00e3o de mais de dois milh\u00f5es de habitantes, Manaus se destaca como um importante centro econ\u00f4mico e cultural da regi\u00e3o <strong>Norte do Brasil<\/strong>. A cidade \u00e9 conhecida por sua rica biodiversidade, hist\u00f3ria fascinante e papel crucial na preserva\u00e7\u00e3o ambiental.<\/p>\n\n\n\n<h2 class=\"wp-block-heading\">Hist\u00f3ria e desenvolvimento de Manaus<\/h2>\n\n\n\n<p>Fundada em 1669, <strong><a href=\"https:\/\/www.manaus.am.gov.br\/\" target=\"_blank\" rel=\"noreferrer noopener\">Manaus<\/a><\/strong> come\u00e7ou como um pequeno forte portugu\u00eas. Ao longo dos s\u00e9culos, a cidade cresceu e se transformou, especialmente durante o ciclo da borracha no final do s\u00e9culo XIX e in\u00edcio do s\u00e9culo XX. Esse per\u00edodo trouxe grande prosperidade, resultando em uma arquitetura imponente, como o famoso <strong>Teatro Amazonas<\/strong>.<\/p>\n\n\n\n<h2 class=\"wp-block-heading\">Qualidade de vida em Manaus<\/h2>\n\n\n\n<p>A qualidade de vida em Manaus \u00e9 influenciada por diversos fatores, incluindo o acesso \u00e0 natureza, cultura e infraestrutura urbana. A cidade oferece uma combina\u00e7\u00e3o \u00fanica de modernidade e tradi\u00e7\u00f5es ind\u00edgenas, proporcionando aos seus habitantes uma experi\u00eancia de vida rica e diversificada.<\/p>\n\n\n\n<h2 class=\"wp-block-heading\">Educa\u00e7\u00e3o em Manaus<\/h2>\n\n\n\n<p>O sistema educacional em Manaus enfrenta desafios t\u00edpicos de grandes cidades brasileiras, como a necessidade de mais investimentos em infraestrutura e qualifica\u00e7\u00e3o de professores. No entanto, iniciativas governamentais e privadas t\u00eam trabalhado para melhorar a qualidade do ensino, com foco em tecnologia e inova\u00e7\u00e3o.<\/p>\n\n\n\n<figure class=\"wp-block-image size-large\"><img loading=\"lazy\" decoding=\"async\" width=\"1024\" height=\"576\" src=\"https:\/\/www.em.com.br\/emfoco\/wp-content\/uploads\/2025\/02\/Manaus_1740074228207-1024x576.jpg\" alt=\"Cidade brasileira conquista o topo do ranking das melhores da Am\u00e9rica Latina\" class=\"wp-image-21499\" srcset=\"https:\/\/www.em.com.br\/emfoco\/wp-content\/uploads\/2025\/02\/Manaus_1740074228207-1024x576.jpg 1024w, https:\/\/www.em.com.br\/emfoco\/wp-content\/uploads\/2025\/02\/Manaus_1740074228207-300x169.jpg 300w, https:\/\/www.em.com.br\/emfoco\/wp-content\/uploads\/2025\/02\/Manaus_1740074228207-768x432.jpg 768w, https:\/\/www.em.com.br\/emfoco\/wp-content\/uploads\/2025\/02\/Manaus_1740074228207-750x422.jpg 750w, https:\/\/www.em.com.br\/emfoco\/wp-content\/uploads\/2025\/02\/Manaus_1740074228207-1140x641.jpg 1140w, https:\/\/www.em.com.br\/emfoco\/wp-content\/uploads\/2025\/02\/Manaus_1740074228207.jpg 1280w\" sizes=\"auto, (max-width: 1024px) 100vw, 1024px\" \/><figcaption class=\"wp-element-caption\">Manaus &#8211; Cr\u00e9ditos: depositphotos.com \/ Saaaaa<\/figcaption><\/figure>\n\n\n\n<h2 class=\"wp-block-heading\">Turismo em Manaus \u00e9 um convite \u00e0 aventura<\/h2>\n\n\n\n<p>Manaus \u00e9 um destino tur\u00edstico fascinante, oferecendo uma variedade de atra\u00e7\u00f5es para os visitantes. Desde o encontro das \u00e1guas dos rios <strong>Negro e Solim\u00f5es<\/strong> at\u00e9 passeios pela selva amaz\u00f4nica, a cidade \u00e9 um ponto de partida ideal para explorar a maior floresta tropical do mundo.<\/p>\n\n\n\n<h2 class=\"wp-block-heading\">O encontro das \u00e1guas \u00e9 um fen\u00f4meno natural \u00fanico<\/h2>\n\n\n\n<p>Um dos fen\u00f4menos naturais mais impressionantes de Manaus \u00e9 o Encontro das \u00c1guas, onde os rios Negro e Solim\u00f5es correm lado a lado sem se misturar por v\u00e1rios quil\u00f4metros. Este espet\u00e1culo natural atrai turistas de todo o mundo e \u00e9 um exemplo marcante da diversidade ecol\u00f3gica da regi\u00e3o.<\/p>\n\n\n\n<h2 class=\"wp-block-heading\">Teatro Amazonas \u00e9 um s\u00edmbolo de cultura e hist\u00f3ria<\/h2>\n\n\n\n<p>O <strong>Teatro Amazonas<\/strong> \u00e9 um dos marcos culturais mais importantes de Manaus. Inaugurado em 1896, o teatro \u00e9 um exemplo da opul\u00eancia do ciclo da borracha e continua a ser um centro vital para as artes na cidade, oferecendo uma programa\u00e7\u00e3o diversificada de \u00f3peras, concertos e pe\u00e7as teatrais.<\/p>\n\n\n\n<h2 class=\"wp-block-heading\">Gastronomia de Manaus: Sabores da Amaz\u00f4nia<\/h2>\n\n\n\n<p>A culin\u00e1ria de Manaus \u00e9 uma deliciosa fus\u00e3o de sabores ind\u00edgenas, africanos e europeus. Pratos como o tacac\u00e1, o tambaqui e o a\u00e7a\u00ed s\u00e3o apenas algumas das iguarias que refletem a rica heran\u00e7a cultural da regi\u00e3o. A cidade tamb\u00e9m \u00e9 conhecida por seus mercados vibrantes, onde os visitantes podem experimentar uma variedade de produtos locais.<\/p>\n\n\n\n<h2 class=\"wp-block-heading\">O futuro de Manaus com sustentabilidade e crescimento<\/h2>\n\n\n\n<p>Manaus enfrenta o desafio de equilibrar crescimento econ\u00f4mico com a preserva\u00e7\u00e3o ambiental. Iniciativas de sustentabilidade est\u00e3o sendo implementadas para garantir que a cidade continue a prosperar sem comprometer a rica biodiversidade da Amaz\u00f4nia. Projetos de energia renov\u00e1vel e conserva\u00e7\u00e3o florestal s\u00e3o algumas das estrat\u00e9gias adotadas para um futuro mais sustent\u00e1vel.<\/p>\n\n\n\n<h2 class=\"wp-block-heading\">Por que visitar Manaus?<\/h2>\n\n\n\n<p>Visitar Manaus \u00e9 uma oportunidade de explorar uma das regi\u00f5es mais biodiversas do planeta. A cidade oferece uma experi\u00eancia \u00fanica, combinando cultura, hist\u00f3ria e natureza em um s\u00f3 lugar. Seja para uma aventura na selva ou para apreciar a rica heran\u00e7a cultural, Manaus \u00e9 um destino que promete encantar a todos os visitantes.<\/p>\n","protected":false},"excerpt":{"rendered":"<p>Manaus, a capital do estado do Amazonas, \u00e9 uma cidade vibrante localizada no cora\u00e7\u00e3o da Floresta Amaz\u00f4nica. Com uma popula\u00e7\u00e3o de mais de dois milh\u00f5es de habitantes, Manaus se destaca como um importante centro econ\u00f4mico e cultural da regi\u00e3o Norte do Brasil. A cidade \u00e9 conhecida por sua rica biodiversidade, hist\u00f3ria fascinante e papel crucial [&hellip;]<\/p>\n","protected":false},"author":5,"featured_media":2909,"comment_status":"open","ping_status":"open","sticky":false,"template":"","format":"standard","meta":{"jnews-multi-image_gallery":[],"jnews_single_post":{"format":"standard"},"jnews_primary_category":[],"jnews_social_meta":[],"jnews_override_counter":[],"footnotes":""},"categories":[26,1],"tags":[3937,606,158,210],"class_list":["post-31529","post","type-post","status-publish","format-standard","has-post-thumbnail","hentry","category-cidades","category-noticias","tag-amazonas","tag-amazonia","tag-brasil","tag-manaus"],"yoast_head":"<!-- This site is optimized with the Yoast SEO plugin v23.8 - https:\/\/yoast.com\/wordpress\/plugins\/seo\/ -->\n<title>Conhe\u00e7a o encontro das \u00e1guas e outras maravilhas dessa capital - Estado de Minas - Em foco<\/title>\n<meta name=\"description\" content=\"Essa capital \u00e9 o destino perfeito para quem busca aventura na selva, cultura rica e gastronomia t\u00edpica da Amaz\u00f4nia.\" \/>\n<meta name=\"robots\" content=\"index, follow, max-snippet:-1, max-image-preview:large, max-video-preview:-1\" \/>\n<link rel=\"canonical\" href=\"https:\/\/www.em.com.br\/emfoco\/2025\/03\/28\/conheca-o-encontro-das-aguas-e-outras-maravilhas-dessa-capital\/\" \/>\n<meta property=\"og:locale\" content=\"pt_BR\" \/>\n<meta property=\"og:type\" content=\"article\" \/>\n<meta property=\"og:title\" content=\"Conhe\u00e7a o encontro das \u00e1guas e outras maravilhas dessa capital - Estado de Minas - Em foco\" \/>\n<meta property=\"og:description\" content=\"Essa capital \u00e9 o destino perfeito para quem busca aventura na selva, cultura rica e gastronomia t\u00edpica da Amaz\u00f4nia.\" \/>\n<meta property=\"og:url\" content=\"https:\/\/www.em.com.br\/emfoco\/2025\/03\/28\/conheca-o-encontro-das-aguas-e-outras-maravilhas-dessa-capital\/\" \/>\n<meta property=\"og:site_name\" content=\"Estado de Minas - Em foco\" \/>\n<meta property=\"article:published_time\" content=\"2025-03-28T20:40:00+00:00\" \/>\n<meta property=\"article:modified_time\" content=\"2025-03-23T17:08:38+00:00\" \/>\n<meta property=\"og:image\" content=\"https:\/\/www.em.com.br\/emfoco\/wp-content\/uploads\/2024\/12\/Manaus_1733223165555.jpg\" \/>\n\t<meta property=\"og:image:width\" content=\"1280\" \/>\n\t<meta property=\"og:image:height\" content=\"720\" \/>\n\t<meta property=\"og:image:type\" content=\"image\/jpeg\" \/>\n<meta name=\"author\" content=\"N\u00fabia Rangel\" \/>\n<meta name=\"twitter:card\" content=\"summary_large_image\" \/>\n<meta name=\"twitter:label1\" content=\"Escrito por\" \/>\n\t<meta name=\"twitter:data1\" content=\"N\u00fabia Rangel\" \/>\n\t<meta name=\"twitter:label2\" content=\"Est. tempo de leitura\" \/>\n\t<meta name=\"twitter:data2\" content=\"4 minutos\" \/>\n<!-- \/ Yoast SEO plugin. -->","yoast_head_json":{"title":"Conhe\u00e7a o encontro das \u00e1guas e outras maravilhas dessa capital - Estado de Minas - Em foco","description":"Essa capital \u00e9 o destino perfeito para quem busca aventura na selva, cultura rica e gastronomia t\u00edpica da Amaz\u00f4nia.","robots":{"index":"index","follow":"follow","max-snippet":"max-snippet:-1","max-image-preview":"max-image-preview:large","max-video-preview":"max-video-preview:-1"},"canonical":"https:\/\/www.em.com.br\/emfoco\/2025\/03\/28\/conheca-o-encontro-das-aguas-e-outras-maravilhas-dessa-capital\/","og_locale":"pt_BR","og_type":"article","og_title":"Conhe\u00e7a o encontro das \u00e1guas e outras maravilhas dessa capital - Estado de Minas - Em foco","og_description":"Essa capital \u00e9 o destino perfeito para quem busca aventura na selva, cultura rica e gastronomia t\u00edpica da Amaz\u00f4nia.","og_url":"https:\/\/www.em.com.br\/emfoco\/2025\/03\/28\/conheca-o-encontro-das-aguas-e-outras-maravilhas-dessa-capital\/","og_site_name":"Estado de Minas - Em foco","article_published_time":"2025-03-28T20:40:00+00:00","article_modified_time":"2025-03-23T17:08:38+00:00","og_image":[{"width":1280,"height":720,"url":"https:\/\/www.em.com.br\/emfoco\/wp-content\/uploads\/2024\/12\/Manaus_1733223165555.jpg","type":"image\/jpeg"}],"author":"N\u00fabia Rangel","twitter_card":"summary_large_image","twitter_misc":{"Escrito por":"N\u00fabia Rangel","Est. tempo de leitura":"4 minutos"},"schema":{"@context":"https:\/\/schema.org","@graph":[{"@type":"WebPage","@id":"https:\/\/www.em.com.br\/emfoco\/2025\/03\/28\/conheca-o-encontro-das-aguas-e-outras-maravilhas-dessa-capital\/","url":"https:\/\/www.em.com.br\/emfoco\/2025\/03\/28\/conheca-o-encontro-das-aguas-e-outras-maravilhas-dessa-capital\/","name":"Conhe\u00e7a o encontro das \u00e1guas e outras maravilhas dessa capital - Estado de Minas - Em foco","isPartOf":{"@id":"https:\/\/www.em.com.br\/emfoco\/#website"},"primaryImageOfPage":{"@id":"https:\/\/www.em.com.br\/emfoco\/2025\/03\/28\/conheca-o-encontro-das-aguas-e-outras-maravilhas-dessa-capital\/#primaryimage"},"image":{"@id":"https:\/\/www.em.com.br\/emfoco\/2025\/03\/28\/conheca-o-encontro-das-aguas-e-outras-maravilhas-dessa-capital\/#primaryimage"},"thumbnailUrl":"https:\/\/www.em.com.br\/emfoco\/wp-content\/uploads\/2024\/12\/Manaus_1733223165555.jpg","datePublished":"2025-03-28T20:40:00+00:00","dateModified":"2025-03-23T17:08:38+00:00","author":{"@id":"https:\/\/www.em.com.br\/emfoco\/#\/schema\/person\/524437ef54f8a5d32591b143307f2e20"},"description":"Essa capital \u00e9 o destino perfeito para quem busca aventura na selva, cultura rica e gastronomia t\u00edpica da Amaz\u00f4nia.","breadcrumb":{"@id":"https:\/\/www.em.com.br\/emfoco\/2025\/03\/28\/conheca-o-encontro-das-aguas-e-outras-maravilhas-dessa-capital\/#breadcrumb"},"inLanguage":"pt-BR","potentialAction":[{"@type":"ReadAction","target":["https:\/\/www.em.com.br\/emfoco\/2025\/03\/28\/conheca-o-encontro-das-aguas-e-outras-maravilhas-dessa-capital\/"]}]},{"@type":"ImageObject","inLanguage":"pt-BR","@id":"https:\/\/www.em.com.br\/emfoco\/2025\/03\/28\/conheca-o-encontro-das-aguas-e-outras-maravilhas-dessa-capital\/#primaryimage","url":"https:\/\/www.em.com.br\/emfoco\/wp-content\/uploads\/2024\/12\/Manaus_1733223165555.jpg","contentUrl":"https:\/\/www.em.com.br\/emfoco\/wp-content\/uploads\/2024\/12\/Manaus_1733223165555.jpg","width":1280,"height":720,"caption":"Manaus - Cr\u00e9ditos: depositphotos.com \/ A.Paes"},{"@type":"BreadcrumbList","@id":"https:\/\/www.em.com.br\/emfoco\/2025\/03\/28\/conheca-o-encontro-das-aguas-e-outras-maravilhas-dessa-capital\/#breadcrumb","itemListElement":[{"@type":"ListItem","position":1,"name":"In\u00edcio","item":"https:\/\/www.em.com.br\/emfoco\/"},{"@type":"ListItem","position":2,"name":"Conhe\u00e7a o encontro das \u00e1guas e outras maravilhas dessa capital"}]},{"@type":"WebSite","@id":"https:\/\/www.em.com.br\/emfoco\/#website","url":"https:\/\/www.em.com.br\/emfoco\/","name":"Estado de Minas - Em foco","description":"Acompanhe as \u00faltimas not\u00edcias e fique bem informado sobre tudo o que acontece em Minas Gerais, Brasil e no mundo.","potentialAction":[{"@type":"SearchAction","target":{"@type":"EntryPoint","urlTemplate":"https:\/\/www.em.com.br\/emfoco\/?s={search_term_string}"},"query-input":{"@type":"PropertyValueSpecification","valueRequired":true,"valueName":"search_term_string"}}],"inLanguage":"pt-BR"},{"@type":"Person","@id":"https:\/\/www.em.com.br\/emfoco\/#\/schema\/person\/524437ef54f8a5d32591b143307f2e20","name":"N\u00fabia Rangel","image":{"@type":"ImageObject","inLanguage":"pt-BR","@id":"https:\/\/www.em.com.br\/emfoco\/#\/schema\/person\/image\/","url":"https:\/\/secure.gravatar.com\/avatar\/47cff2827a5ba23c37e8068c86817ea4?s=96&d=mm&r=g","contentUrl":"https:\/\/secure.gravatar.com\/avatar\/47cff2827a5ba23c37e8068c86817ea4?s=96&d=mm&r=g","caption":"N\u00fabia Rangel"},"sameAs":["https:\/\/www.em.com.br\/emfoco\/"],"url":"https:\/\/www.em.com.br\/emfoco\/author\/nubiamyth\/"}]}},"_links":{"self":[{"href":"https:\/\/www.em.com.br\/emfoco\/wp-json\/wp\/v2\/posts\/31529","targetHints":{"allow":["GET"]}}],"collection":[{"href":"https:\/\/www.em.com.br\/emfoco\/wp-json\/wp\/v2\/posts"}],"about":[{"href":"https:\/\/www.em.com.br\/emfoco\/wp-json\/wp\/v2\/types\/post"}],"author":[{"embeddable":true,"href":"https:\/\/www.em.com.br\/emfoco\/wp-json\/wp\/v2\/users\/5"}],"replies":[{"embeddable":true,"href":"https:\/\/www.em.com.br\/emfoco\/wp-json\/wp\/v2\/comments?post=31529"}],"version-history":[{"count":2,"href":"https:\/\/www.em.com.br\/emfoco\/wp-json\/wp\/v2\/posts\/31529\/revisions"}],"predecessor-version":[{"id":31543,"href":"https:\/\/www.em.com.br\/emfoco\/wp-json\/wp\/v2\/posts\/31529\/revisions\/31543"}],"wp:featuredmedia":[{"embeddable":true,"href":"https:\/\/www.em.com.br\/emfoco\/wp-json\/wp\/v2\/media\/2909"}],"wp:attachment":[{"href":"https:\/\/www.em.com.br\/emfoco\/wp-json\/wp\/v2\/media?parent=31529"}],"wp:term":[{"taxonomy":"category","embeddable":true,"href":"https:\/\/www.em.com.br\/emfoco\/wp-json\/wp\/v2\/categories?post=31529"},{"taxonomy":"post_tag","embeddable":true,"href":"https:\/\/www.em.com.br\/emfoco\/wp-json\/wp\/v2\/tags?post=31529"}],"curies":[{"name":"wp","href":"https:\/\/api.w.org\/{rel}","templated":true}]}}