{"id":31521,"date":"2025-03-27T14:20:00","date_gmt":"2025-03-27T17:20:00","guid":{"rendered":"https:\/\/www.em.com.br\/emfoco\/?p=31521"},"modified":"2025-03-23T14:06:21","modified_gmt":"2025-03-23T17:06:21","slug":"voce-precisa-conhecer-a-veneza-brasileira-no-coracao-de-pernambuco","status":"publish","type":"post","link":"https:\/\/www.em.com.br\/emfoco\/2025\/03\/27\/voce-precisa-conhecer-a-veneza-brasileira-no-coracao-de-pernambuco\/","title":{"rendered":"Voc\u00ea precisa conhecer a Veneza brasileira no cora\u00e7\u00e3o de Pernambuco"},"content":{"rendered":"\n<p><strong><a href=\"https:\/\/www2.recife.pe.gov.br\/\" target=\"_blank\" rel=\"noreferrer noopener\">Recife<\/a>, capital do estado de Pernambuco<\/strong>, \u00e9 uma <strong><a href=\"https:\/\/www.em.com.br\/emfoco\/2025\/03\/23\/por-que-essas-cidades-brasileiras-estao-se-tornando-referencia-para-aposentados\/\" target=\"_blank\" rel=\"noreferrer noopener\">cidade<\/a><\/strong> que encanta por sua rica hist\u00f3ria, cultura vibrante e paisagens deslumbrantes. Conhecida como a &#8220;<strong>Veneza Brasileira<\/strong>&#8221; devido aos seus in\u00fameros rios e pontes, Recife \u00e9 um destino que oferece uma experi\u00eancia \u00fanica para seus visitantes. Com uma popula\u00e7\u00e3o diversificada e uma economia em crescimento, a cidade se destaca em v\u00e1rias \u00e1reas, incluindo qualidade de vida, educa\u00e7\u00e3o e turismo.<\/p>\n\n\n\n<h2 class=\"wp-block-heading\">Qualidade de vida em Recife<\/h2>\n\n\n\n<p>Recife tem investido significativamente em infraestrutura e servi\u00e7os p\u00fablicos para melhorar a qualidade de vida de seus habitantes. A cidade oferece uma ampla gama de servi\u00e7os de sa\u00fade, com hospitais e cl\u00ednicas que atendem tanto a popula\u00e7\u00e3o local quanto visitantes. Al\u00e9m disso, Recife possui parques e \u00e1reas verdes que proporcionam espa\u00e7os de lazer e bem-estar para todos.<\/p>\n\n\n\n<h2 class=\"wp-block-heading\">Educa\u00e7\u00e3o \u00e9 um pilar de desenvolvimento<\/h2>\n\n\n\n<p>A educa\u00e7\u00e3o em Recife \u00e9 um dos pilares do desenvolvimento da cidade. Com diversas institui\u00e7\u00f5es de ensino superior, incluindo a renomada <strong>Universidade Federal de Pernambuco (UFPE)<\/strong>, a cidade atrai estudantes de todo o <strong>Brasil<\/strong> e do mundo. As escolas p\u00fablicas e privadas de Recife tamb\u00e9m s\u00e3o conhecidas por sua qualidade, oferecendo uma educa\u00e7\u00e3o de excel\u00eancia desde o ensino b\u00e1sico at\u00e9 o superior.<\/p>\n\n\n\n<h2 class=\"wp-block-heading\">Descobrindo as belezas de Recife<\/h2>\n\n\n\n<p>O turismo \u00e9 uma das principais atividades econ\u00f4micas de Recife. A cidade \u00e9 famosa por suas praias paradis\u00edacas, como <strong>Boa Viagem<\/strong>, que atraem turistas em busca de sol e mar. Al\u00e9m disso, Recife \u00e9 um centro cultural, com museus, teatros e eventos que celebram a rica heran\u00e7a cultural da regi\u00e3o. O <strong>Carnaval de Recife<\/strong>, por exemplo, \u00e9 um dos mais animados do pa\u00eds, com blocos de rua e festas que duram dias.<\/p>\n\n\n\n<figure class=\"wp-block-image size-large\"><img loading=\"lazy\" decoding=\"async\" width=\"1024\" height=\"576\" src=\"https:\/\/www.em.com.br\/emfoco\/wp-content\/uploads\/2024\/12\/Recife_1733827612743-1024x576.jpg\" alt=\"A Veneza Brasileira que Vai Te Surpreender!\" class=\"wp-image-4145\" srcset=\"https:\/\/www.em.com.br\/emfoco\/wp-content\/uploads\/2024\/12\/Recife_1733827612743-1024x576.jpg 1024w, https:\/\/www.em.com.br\/emfoco\/wp-content\/uploads\/2024\/12\/Recife_1733827612743-300x169.jpg 300w, https:\/\/www.em.com.br\/emfoco\/wp-content\/uploads\/2024\/12\/Recife_1733827612743-768x432.jpg 768w, https:\/\/www.em.com.br\/emfoco\/wp-content\/uploads\/2024\/12\/Recife_1733827612743-750x422.jpg 750w, https:\/\/www.em.com.br\/emfoco\/wp-content\/uploads\/2024\/12\/Recife_1733827612743-1140x641.jpg 1140w, https:\/\/www.em.com.br\/emfoco\/wp-content\/uploads\/2024\/12\/Recife_1733827612743.jpg 1280w\" sizes=\"auto, (max-width: 1024px) 100vw, 1024px\" \/><figcaption class=\"wp-element-caption\">Recife em Pernambuco &#8211; Cr\u00e9ditos: depositphotos.com \/ diegograndi<\/figcaption><\/figure>\n\n\n\n<h2 class=\"wp-block-heading\">Gastronomia e os sabores de Pernambuco<\/h2>\n\n\n\n<p>A gastronomia de Recife \u00e9 um reflexo de sua diversidade cultural. A cidade oferece uma variedade de pratos t\u00edpicos que encantam os paladares mais exigentes. Entre as iguarias mais conhecidas est\u00e3o o bolo de rolo, a tapioca e o famoso prato de frutos-do-mar, o caldeirada. Os restaurantes de Recife oferecem desde a culin\u00e1ria regional at\u00e9 a internacional, garantindo uma experi\u00eancia gastron\u00f4mica completa.<\/p>\n\n\n\n<h2 class=\"wp-block-heading\">Um mergulho na hist\u00f3ria<\/h2>\n\n\n\n<p>O bairro do <strong>Recife Antigo<\/strong> \u00e9 um dos pontos tur\u00edsticos mais visitados da cidade. Com suas ruas de paralelep\u00edpedos e arquitetura colonial, o bairro \u00e9 um convite para um mergulho na hist\u00f3ria. Entre os destaques est\u00e3o o <strong>Marco Zero<\/strong>, ponto de partida para explorar a cidade, e o<strong> Pa\u00e7o do Frevo<\/strong>, um museu dedicado \u00e0 m\u00fasica e dan\u00e7a tradicionais de Pernambuco.<\/p>\n\n\n\n<h2 class=\"wp-block-heading\">Economia e inova\u00e7\u00e3o<\/h2>\n\n\n\n<p>Recife \u00e9 um polo de inova\u00e7\u00e3o e tecnologia no <strong>Brasil<\/strong>. O <strong>Porto Digital<\/strong>, localizado no cora\u00e7\u00e3o da cidade, \u00e9 um dos maiores parques tecnol\u00f3gicos do pa\u00eds, abrigando empresas de tecnologia e startups que impulsionam a economia local. A cidade tamb\u00e9m se destaca nos setores de com\u00e9rcio e servi\u00e7os, contribuindo para o desenvolvimento econ\u00f4mico da regi\u00e3o.<\/p>\n\n\n\n<h2 class=\"wp-block-heading\">Transportes e mobilidade urbana<\/h2>\n\n\n\n<p>A mobilidade urbana em Recife tem sido um desafio, mas a cidade tem investido em melhorias no transporte p\u00fablico e na infraestrutura vi\u00e1ria. O metr\u00f4 de Recife \u00e9 uma alternativa eficiente para se deslocar pela cidade, e os projetos de ciclovias t\u00eam incentivado o uso de bicicletas como meio de transporte sustent\u00e1vel.<\/p>\n\n\n\n<h2 class=\"wp-block-heading\">Eventos culturais e festividades<\/h2>\n\n\n\n<p>Recife \u00e9 uma cidade que celebra a cultura em todas as suas formas. Al\u00e9m do famoso Carnaval, a cidade sedia diversos eventos culturais ao longo do ano, como o <strong>Festival de Inverno de Garanhuns e o Festival de Circo do Brasil<\/strong>. Essas festividades atraem visitantes de todo o pa\u00eds e do exterior, consolidando Recife como um importante destino cultural.<\/p>\n\n\n\n<p>Recife \u00e9 uma cidade que oferece uma combina\u00e7\u00e3o \u00fanica de hist\u00f3ria, cultura, educa\u00e7\u00e3o e qualidade de vida. Com suas belezas naturais e rica heran\u00e7a cultural, a cidade continua a atrair visitantes e novos moradores, contribuindo para seu crescimento e desenvolvimento cont\u00ednuo. Seja para estudar, trabalhar ou visitar, Recife \u00e9 um destino que promete encantar a todos que a conhecem.<\/p>\n","protected":false},"excerpt":{"rendered":"<p>Recife, capital do estado de Pernambuco, \u00e9 uma cidade que encanta por sua rica hist\u00f3ria, cultura vibrante e paisagens deslumbrantes. Conhecida como a &#8220;Veneza Brasileira&#8221; devido aos seus in\u00fameros rios e pontes, Recife \u00e9 um destino que oferece uma experi\u00eancia \u00fanica para seus visitantes. Com uma popula\u00e7\u00e3o diversificada e uma economia em crescimento, a cidade [&hellip;]<\/p>\n","protected":false},"author":5,"featured_media":4146,"comment_status":"open","ping_status":"open","sticky":false,"template":"","format":"standard","meta":{"jnews-multi-image_gallery":[],"jnews_single_post":{"format":"standard"},"jnews_primary_category":[],"jnews_social_meta":[],"jnews_override_counter":[],"footnotes":""},"categories":[26,1],"tags":[159,500,327,157],"class_list":["post-31521","post","type-post","status-publish","format-standard","has-post-thumbnail","hentry","category-cidades","category-noticias","tag-cultura","tag-educacao","tag-qualidade-de-vida","tag-turismo"],"yoast_head":"<!-- This site is optimized with the Yoast SEO plugin v23.8 - https:\/\/yoast.com\/wordpress\/plugins\/seo\/ -->\n<title>Voc\u00ea precisa conhecer a Veneza brasileira no cora\u00e7\u00e3o de Pernambuco - Estado de Minas - Em foco<\/title>\n<meta name=\"description\" content=\"Descubra Recife, a &quot;Veneza brasileira&quot;, com suas praias paradis\u00edacas, hist\u00f3ria rica e a vibrante cultura do carnaval e festivais.\" \/>\n<meta name=\"robots\" content=\"index, follow, max-snippet:-1, max-image-preview:large, max-video-preview:-1\" \/>\n<link rel=\"canonical\" href=\"https:\/\/www.em.com.br\/emfoco\/2025\/03\/27\/voce-precisa-conhecer-a-veneza-brasileira-no-coracao-de-pernambuco\/\" \/>\n<meta property=\"og:locale\" content=\"pt_BR\" \/>\n<meta property=\"og:type\" content=\"article\" \/>\n<meta property=\"og:title\" content=\"Voc\u00ea precisa conhecer a Veneza brasileira no cora\u00e7\u00e3o de Pernambuco - Estado de Minas - Em foco\" \/>\n<meta property=\"og:description\" content=\"Descubra Recife, a &quot;Veneza brasileira&quot;, com suas praias paradis\u00edacas, hist\u00f3ria rica e a vibrante cultura do carnaval e festivais.\" \/>\n<meta property=\"og:url\" content=\"https:\/\/www.em.com.br\/emfoco\/2025\/03\/27\/voce-precisa-conhecer-a-veneza-brasileira-no-coracao-de-pernambuco\/\" \/>\n<meta property=\"og:site_name\" content=\"Estado de Minas - Em foco\" \/>\n<meta property=\"article:published_time\" content=\"2025-03-27T17:20:00+00:00\" \/>\n<meta property=\"article:modified_time\" content=\"2025-03-23T17:06:21+00:00\" \/>\n<meta property=\"og:image\" content=\"https:\/\/www.em.com.br\/emfoco\/wp-content\/uploads\/2024\/12\/Recife_1733827686816.jpg\" \/>\n\t<meta property=\"og:image:width\" content=\"1280\" \/>\n\t<meta property=\"og:image:height\" content=\"720\" \/>\n\t<meta property=\"og:image:type\" content=\"image\/jpeg\" \/>\n<meta name=\"author\" content=\"N\u00fabia Rangel\" \/>\n<meta name=\"twitter:card\" content=\"summary_large_image\" \/>\n<meta name=\"twitter:label1\" content=\"Escrito por\" \/>\n\t<meta name=\"twitter:data1\" content=\"N\u00fabia Rangel\" \/>\n\t<meta name=\"twitter:label2\" content=\"Est. tempo de leitura\" \/>\n\t<meta name=\"twitter:data2\" content=\"4 minutos\" \/>\n<!-- \/ Yoast SEO plugin. -->","yoast_head_json":{"title":"Voc\u00ea precisa conhecer a Veneza brasileira no cora\u00e7\u00e3o de Pernambuco - Estado de Minas - Em foco","description":"Descubra Recife, a \"Veneza brasileira\", com suas praias paradis\u00edacas, hist\u00f3ria rica e a vibrante cultura do carnaval e festivais.","robots":{"index":"index","follow":"follow","max-snippet":"max-snippet:-1","max-image-preview":"max-image-preview:large","max-video-preview":"max-video-preview:-1"},"canonical":"https:\/\/www.em.com.br\/emfoco\/2025\/03\/27\/voce-precisa-conhecer-a-veneza-brasileira-no-coracao-de-pernambuco\/","og_locale":"pt_BR","og_type":"article","og_title":"Voc\u00ea precisa conhecer a Veneza brasileira no cora\u00e7\u00e3o de Pernambuco - Estado de Minas - Em foco","og_description":"Descubra Recife, a \"Veneza brasileira\", com suas praias paradis\u00edacas, hist\u00f3ria rica e a vibrante cultura do carnaval e festivais.","og_url":"https:\/\/www.em.com.br\/emfoco\/2025\/03\/27\/voce-precisa-conhecer-a-veneza-brasileira-no-coracao-de-pernambuco\/","og_site_name":"Estado de Minas - Em foco","article_published_time":"2025-03-27T17:20:00+00:00","article_modified_time":"2025-03-23T17:06:21+00:00","og_image":[{"width":1280,"height":720,"url":"https:\/\/www.em.com.br\/emfoco\/wp-content\/uploads\/2024\/12\/Recife_1733827686816.jpg","type":"image\/jpeg"}],"author":"N\u00fabia Rangel","twitter_card":"summary_large_image","twitter_misc":{"Escrito por":"N\u00fabia Rangel","Est. tempo de leitura":"4 minutos"},"schema":{"@context":"https:\/\/schema.org","@graph":[{"@type":"WebPage","@id":"https:\/\/www.em.com.br\/emfoco\/2025\/03\/27\/voce-precisa-conhecer-a-veneza-brasileira-no-coracao-de-pernambuco\/","url":"https:\/\/www.em.com.br\/emfoco\/2025\/03\/27\/voce-precisa-conhecer-a-veneza-brasileira-no-coracao-de-pernambuco\/","name":"Voc\u00ea precisa conhecer a Veneza brasileira no cora\u00e7\u00e3o de Pernambuco - Estado de Minas - Em foco","isPartOf":{"@id":"https:\/\/www.em.com.br\/emfoco\/#website"},"primaryImageOfPage":{"@id":"https:\/\/www.em.com.br\/emfoco\/2025\/03\/27\/voce-precisa-conhecer-a-veneza-brasileira-no-coracao-de-pernambuco\/#primaryimage"},"image":{"@id":"https:\/\/www.em.com.br\/emfoco\/2025\/03\/27\/voce-precisa-conhecer-a-veneza-brasileira-no-coracao-de-pernambuco\/#primaryimage"},"thumbnailUrl":"https:\/\/www.em.com.br\/emfoco\/wp-content\/uploads\/2024\/12\/Recife_1733827686816.jpg","datePublished":"2025-03-27T17:20:00+00:00","dateModified":"2025-03-23T17:06:21+00:00","author":{"@id":"https:\/\/www.em.com.br\/emfoco\/#\/schema\/person\/524437ef54f8a5d32591b143307f2e20"},"description":"Descubra Recife, a \"Veneza brasileira\", com suas praias paradis\u00edacas, hist\u00f3ria rica e a vibrante cultura do carnaval e festivais.","breadcrumb":{"@id":"https:\/\/www.em.com.br\/emfoco\/2025\/03\/27\/voce-precisa-conhecer-a-veneza-brasileira-no-coracao-de-pernambuco\/#breadcrumb"},"inLanguage":"pt-BR","potentialAction":[{"@type":"ReadAction","target":["https:\/\/www.em.com.br\/emfoco\/2025\/03\/27\/voce-precisa-conhecer-a-veneza-brasileira-no-coracao-de-pernambuco\/"]}]},{"@type":"ImageObject","inLanguage":"pt-BR","@id":"https:\/\/www.em.com.br\/emfoco\/2025\/03\/27\/voce-precisa-conhecer-a-veneza-brasileira-no-coracao-de-pernambuco\/#primaryimage","url":"https:\/\/www.em.com.br\/emfoco\/wp-content\/uploads\/2024\/12\/Recife_1733827686816.jpg","contentUrl":"https:\/\/www.em.com.br\/emfoco\/wp-content\/uploads\/2024\/12\/Recife_1733827686816.jpg","width":1280,"height":720,"caption":"Recife em Pernambuco - Cr\u00e9ditos: depositphotos.com \/ gustavofrazao"},{"@type":"BreadcrumbList","@id":"https:\/\/www.em.com.br\/emfoco\/2025\/03\/27\/voce-precisa-conhecer-a-veneza-brasileira-no-coracao-de-pernambuco\/#breadcrumb","itemListElement":[{"@type":"ListItem","position":1,"name":"In\u00edcio","item":"https:\/\/www.em.com.br\/emfoco\/"},{"@type":"ListItem","position":2,"name":"Voc\u00ea precisa conhecer a Veneza brasileira no cora\u00e7\u00e3o de Pernambuco"}]},{"@type":"WebSite","@id":"https:\/\/www.em.com.br\/emfoco\/#website","url":"https:\/\/www.em.com.br\/emfoco\/","name":"Estado de Minas - Em foco","description":"Acompanhe as \u00faltimas not\u00edcias e fique bem informado sobre tudo o que acontece em Minas Gerais, Brasil e no mundo.","potentialAction":[{"@type":"SearchAction","target":{"@type":"EntryPoint","urlTemplate":"https:\/\/www.em.com.br\/emfoco\/?s={search_term_string}"},"query-input":{"@type":"PropertyValueSpecification","valueRequired":true,"valueName":"search_term_string"}}],"inLanguage":"pt-BR"},{"@type":"Person","@id":"https:\/\/www.em.com.br\/emfoco\/#\/schema\/person\/524437ef54f8a5d32591b143307f2e20","name":"N\u00fabia Rangel","image":{"@type":"ImageObject","inLanguage":"pt-BR","@id":"https:\/\/www.em.com.br\/emfoco\/#\/schema\/person\/image\/","url":"https:\/\/secure.gravatar.com\/avatar\/47cff2827a5ba23c37e8068c86817ea4?s=96&d=mm&r=g","contentUrl":"https:\/\/secure.gravatar.com\/avatar\/47cff2827a5ba23c37e8068c86817ea4?s=96&d=mm&r=g","caption":"N\u00fabia Rangel"},"sameAs":["https:\/\/www.em.com.br\/emfoco\/"],"url":"https:\/\/www.em.com.br\/emfoco\/author\/nubiamyth\/"}]}},"_links":{"self":[{"href":"https:\/\/www.em.com.br\/emfoco\/wp-json\/wp\/v2\/posts\/31521","targetHints":{"allow":["GET"]}}],"collection":[{"href":"https:\/\/www.em.com.br\/emfoco\/wp-json\/wp\/v2\/posts"}],"about":[{"href":"https:\/\/www.em.com.br\/emfoco\/wp-json\/wp\/v2\/types\/post"}],"author":[{"embeddable":true,"href":"https:\/\/www.em.com.br\/emfoco\/wp-json\/wp\/v2\/users\/5"}],"replies":[{"embeddable":true,"href":"https:\/\/www.em.com.br\/emfoco\/wp-json\/wp\/v2\/comments?post=31521"}],"version-history":[{"count":3,"href":"https:\/\/www.em.com.br\/emfoco\/wp-json\/wp\/v2\/posts\/31521\/revisions"}],"predecessor-version":[{"id":31539,"href":"https:\/\/www.em.com.br\/emfoco\/wp-json\/wp\/v2\/posts\/31521\/revisions\/31539"}],"wp:featuredmedia":[{"embeddable":true,"href":"https:\/\/www.em.com.br\/emfoco\/wp-json\/wp\/v2\/media\/4146"}],"wp:attachment":[{"href":"https:\/\/www.em.com.br\/emfoco\/wp-json\/wp\/v2\/media?parent=31521"}],"wp:term":[{"taxonomy":"category","embeddable":true,"href":"https:\/\/www.em.com.br\/emfoco\/wp-json\/wp\/v2\/categories?post=31521"},{"taxonomy":"post_tag","embeddable":true,"href":"https:\/\/www.em.com.br\/emfoco\/wp-json\/wp\/v2\/tags?post=31521"}],"curies":[{"name":"wp","href":"https:\/\/api.w.org\/{rel}","templated":true}]}}