{"id":3151,"date":"2024-12-10T13:40:00","date_gmt":"2024-12-10T16:40:00","guid":{"rendered":"https:\/\/www.em.com.br\/emfoco\/?p=3151"},"modified":"2024-12-05T12:33:25","modified_gmt":"2024-12-05T15:33:25","slug":"o-sanduiche-de-mortadela-mais-famoso-do-brasil-e-outras-delicias-paulistanas","status":"publish","type":"post","link":"https:\/\/www.em.com.br\/emfoco\/2024\/12\/10\/o-sanduiche-de-mortadela-mais-famoso-do-brasil-e-outras-delicias-paulistanas\/","title":{"rendered":"O sandu\u00edche de mortadela mais famoso do Brasil e outras del\u00edcias paulistanas."},"content":{"rendered":"\n<p>S\u00e3o Paulo \u00e9 amplamente reconhecida por seu papel como o motor econ\u00f4mico do Brasil, mas a cidade tamb\u00e9m brilha como um epicentro diversificado da gastronomia. A metr\u00f3pole \u00e9 um verdadeiro caldeir\u00e3o cultural, com influ\u00eancias de v\u00e1rias partes do mundo que enriquecem sua cena culin\u00e1ria. Desde pratos tradicionais at\u00e9 cria\u00e7\u00f5es inovadoras, a cidade oferece uma experi\u00eancia gastron\u00f4mica singular.<\/p>\n\n\n\n<p>Com sua mistura vibrante de culturas, S\u00e3o Paulo encanta os paladares com uma variedade de pratos que refletem essa riqueza cultural. A cidade \u00e9 famosa por sua capacidade de fundir tradi\u00e7\u00f5es culin\u00e1rias diversas em uma oferta gastron\u00f4mica que conquista tanto os moradores locais quanto os visitantes. Esse panorama gastron\u00f4mico torna S\u00e3o Paulo um destino irresist\u00edvel para os amantes da boa comida.<\/p>\n\n\n\n<h2 class=\"wp-block-heading\">Quais s\u00e3o as Comidas T\u00edpicas de S\u00e3o Paulo?<\/h2>\n\n\n\n<p>A cidade de <strong><a href=\"https:\/\/www.em.com.br\/emfoco\/2024\/12\/04\/veja-como-curtir-o-ano-novo-em-sao-paulo\/\" target=\"_blank\" rel=\"noreferrer noopener\">S\u00e3o Paulo<\/a><\/strong> \u00e9 conhecida por sua culin\u00e1ria que mescla o tradicional e o ex\u00f3tico. Esta diversidade \u00e9 resultado das influ\u00eancias de imigrantes italianos, japoneses, \u00e1rabes, portugueses e nordestinos. Entre os pratos mais ic\u00f4nicos est\u00e3o o <strong>virado \u00e0 paulista<\/strong>, a <strong>pizza estilo paulistano<\/strong>, o <strong>sandu\u00edche de mortadela<\/strong> e o <strong>pastel de feira<\/strong>. Cada um desses pratos tem sua pr\u00f3pria hist\u00f3ria e caracter\u00edsticas, refletindo a ess\u00eancia cultural da cidade.<\/p>\n\n\n\n<h2 class=\"wp-block-heading\">O que Torna o Virado \u00e0 Paulista Especial?<\/h2>\n\n\n\n<p>O virado \u00e0 paulista \u00e9 um prato robusto que figura como um dos maiores orgulhos paulistanos. Composto por arroz, feij\u00e3o engrossado, couve refogada, torresmo, lingui\u00e7a e um suculento bife, esse prato \u00e9 uma verdadeira explos\u00e3o de sabores. A origem do virado remonta aos tempos dos bandeirantes, que precisavam de refei\u00e7\u00f5es nutritivas para suas longas jornadas. Essa combina\u00e7\u00e3o de ingredientes t\u00edpicos brasileiros faz do virado um emblema da cozinha tradicional de S\u00e3o Paulo.<\/p>\n\n\n\n<figure class=\"wp-block-image size-full\"><img loading=\"lazy\" decoding=\"async\" width=\"560\" height=\"315\" src=\"https:\/\/www.em.com.br\/emfoco\/wp-content\/uploads\/2024\/12\/image-20-e1733321426463.png\" alt=\"O sandu\u00edche de mortadela mais famoso do Brasil e outras del\u00edcias paulistanas.\" class=\"wp-image-3156\" srcset=\"https:\/\/www.em.com.br\/emfoco\/wp-content\/uploads\/2024\/12\/image-20-e1733321426463.png 560w, https:\/\/www.em.com.br\/emfoco\/wp-content\/uploads\/2024\/12\/image-20-e1733321426463-300x169.png 300w\" sizes=\"auto, (max-width: 560px) 100vw, 560px\" \/><figcaption class=\"wp-element-caption\">Virado \u00e0 Paulista &#8211;  Cr\u00e9ditos: Wikimedia Commons<\/figcaption><\/figure>\n\n\n\n<h2 class=\"wp-block-heading\">Por que a Pizza de S\u00e3o Paulo \u00e9 \u00danica?<\/h2>\n\n\n\n<p>Para os paulistanos, comer pizza \u00e9 quase uma tradi\u00e7\u00e3o sagrada. A pizza paulistana \u00e9 famosa pela massa fina e pelas coberturas generosas, sendo um prato apreciado em todas as partes da cidade. As pizzarias de S\u00e3o Paulo oferecem uma diversidade de sabores, desde os cl\u00e1ssicos como Margherita at\u00e9 combina\u00e7\u00f5es mais arrojadas. Essa variedade, aliada \u00e0 qualidade reconhecida internacionalmente, faz da pizza de S\u00e3o Paulo um item imperd\u00edvel em qualquer roteiro gastron\u00f4mico.<\/p>\n\n\n\n<figure class=\"wp-block-image size-full\"><img decoding=\"async\" src=\"https:\/\/www.em.com.br\/emfoco\/wp-content\/uploads\/2024\/12\/image-21.png\" alt=\"O sandu\u00edche de mortadela mais famoso do Brasil e outras del\u00edcias paulistanas.\" class=\"wp-image-3159\"\/><figcaption class=\"wp-element-caption\">Pizza de S\u00e3o Paulo &#8211; Cr\u00e9ditos: InvestCerto<\/figcaption><\/figure>\n\n\n\n<h2 class=\"wp-block-heading\">Como o Sandu\u00edche de Mortadela se Tornou um \u00cdcone no Mercad\u00e3o?<\/h2>\n\n\n\n<p>Nenhuma visita ao <strong><a href=\"https:\/\/www.mercadomunicipalsp.com\/\" target=\"_blank\" rel=\"noreferrer noopener\">Mercado Municipal de S\u00e3o Paulo<\/a><\/strong> est\u00e1 completa sem provar o famoso sandu\u00edche de mortadela. Este lanche ic\u00f4nico destaca-se pela quantidade generosa de mortadela defumada, frequentemente complementada por queijo e p\u00e3o fresco. \u00c9 um s\u00edmbolo da culin\u00e1ria paulistana, conhecido pelo sabor intenso e simplicidade de seus ingredientes. O sandu\u00edche de mortadela \u00e9 um exemplo perfeito de como um prato simples pode se tornar um verdadeiro marco cultural.<\/p>\n\n\n\n<figure class=\"wp-block-image size-full\"><img loading=\"lazy\" decoding=\"async\" width=\"1024\" height=\"577\" src=\"https:\/\/www.em.com.br\/emfoco\/wp-content\/uploads\/2024\/12\/image-19-e1733321347652.png\" alt=\"O sandu\u00edche de mortadela mais famoso do Brasil e outras del\u00edcias paulistanas.\" class=\"wp-image-3155\" srcset=\"https:\/\/www.em.com.br\/emfoco\/wp-content\/uploads\/2024\/12\/image-19-e1733321347652.png 1024w, https:\/\/www.em.com.br\/emfoco\/wp-content\/uploads\/2024\/12\/image-19-e1733321347652-300x169.png 300w, https:\/\/www.em.com.br\/emfoco\/wp-content\/uploads\/2024\/12\/image-19-e1733321347652-768x433.png 768w, https:\/\/www.em.com.br\/emfoco\/wp-content\/uploads\/2024\/12\/image-19-e1733321347652-750x423.png 750w\" sizes=\"auto, (max-width: 1024px) 100vw, 1024px\" \/><figcaption class=\"wp-element-caption\">Sandu\u00edche de Mortadela do Mercado Municipal de S\u00e3o Paulo &#8211; Cr\u00e9ditos: Flickr<\/figcaption><\/figure>\n\n\n\n<h2 class=\"wp-block-heading\">Pastel de Feira: Uma Experi\u00eancia Paulista<\/h2>\n\n\n\n<p>O pastel de feira \u00e9 uma tradi\u00e7\u00e3o paulistana que atrai tanto moradores quanto visitantes. Vistosos e crocantes, esses past\u00e9is s\u00e3o vendidos em todas as feiras da cidade, oferecendo uma variedade de recheios que v\u00e3o do cl\u00e1ssico carne e queijo at\u00e9 op\u00e7\u00f5es mais inusitadas como camar\u00e3o e doce de leite. Normalmente acompanhado de um copo de caldo de cana, o pastel de feira \u00e9 conhecido pela combina\u00e7\u00e3o perfeita de simplicidade e sabor, sendo uma escolha ideal em qualquer momento do dia.<\/p>\n\n\n\n<figure class=\"wp-block-image size-full\"><img loading=\"lazy\" decoding=\"async\" width=\"902\" height=\"508\" src=\"https:\/\/www.em.com.br\/emfoco\/wp-content\/uploads\/2024\/12\/image-22-e1733321846182.png\" alt=\"O sandu\u00edche de mortadela mais famoso do Brasil e outras del\u00edcias paulistanas.\" class=\"wp-image-3160\" srcset=\"https:\/\/www.em.com.br\/emfoco\/wp-content\/uploads\/2024\/12\/image-22-e1733321846182.png 902w, https:\/\/www.em.com.br\/emfoco\/wp-content\/uploads\/2024\/12\/image-22-e1733321846182-300x169.png 300w, https:\/\/www.em.com.br\/emfoco\/wp-content\/uploads\/2024\/12\/image-22-e1733321846182-768x433.png 768w, https:\/\/www.em.com.br\/emfoco\/wp-content\/uploads\/2024\/12\/image-22-e1733321846182-750x422.png 750w\" sizes=\"auto, (max-width: 902px) 100vw, 902px\" \/><figcaption class=\"wp-element-caption\">Pastel &#8211; Cr\u00e9ditos: Wikimedia Commons<\/figcaption><\/figure>\n\n\n\n<h2 class=\"wp-block-heading\">Sabores de S\u00e3o Paulo<\/h2>\n\n\n\n<p>A cena culin\u00e1ria de S\u00e3o Paulo \u00e9 um reflexo de sua diversidade cultural e hist\u00f3ria rica. Cada prato representa uma fus\u00e3o de tradi\u00e7\u00f5es e sabores que contribuem para a identidade da cidade. Do virado \u00e0 paulista \u00e0 pizza, do sandu\u00edche de mortadela ao pastel de feira, a gastronomia paulistana oferece experi\u00eancias \u00fanicas que merecem ser exploradas e saboreadas. Assim, S\u00e3o Paulo n\u00e3o \u00e9 apenas um lugar para trabalhar e viver, mas tamb\u00e9m um destino irresist\u00edvel para aqueles que desejam embarcar em uma viagem gastron\u00f4mica inesquec\u00edvel.<\/p>\n","protected":false},"excerpt":{"rendered":"<p>S\u00e3o Paulo \u00e9 amplamente reconhecida por seu papel como o motor econ\u00f4mico do Brasil, mas a cidade tamb\u00e9m brilha como um epicentro diversificado da gastronomia. A metr\u00f3pole \u00e9 um verdadeiro caldeir\u00e3o cultural, com influ\u00eancias de v\u00e1rias partes do mundo que enriquecem sua cena culin\u00e1ria. Desde pratos tradicionais at\u00e9 cria\u00e7\u00f5es inovadoras, a cidade oferece uma experi\u00eancia [&hellip;]<\/p>\n","protected":false},"author":5,"featured_media":2214,"comment_status":"open","ping_status":"open","sticky":false,"template":"","format":"standard","meta":{"jnews-multi-image_gallery":[],"jnews_single_post":{"format":"standard"},"jnews_primary_category":[],"jnews_social_meta":[],"jnews_override_counter":[],"footnotes":""},"categories":[26,1],"tags":[158,248,553,1192],"class_list":["post-3151","post","type-post","status-publish","format-standard","has-post-thumbnail","hentry","category-cidades","category-noticias","tag-brasil","tag-culinaria","tag-sao-paulo","tag-sudeste"],"yoast_head":"<!-- This site is optimized with the Yoast SEO plugin v23.8 - https:\/\/yoast.com\/wordpress\/plugins\/seo\/ -->\n<title>O sandu\u00edche de mortadela mais famoso do Brasil e outras del\u00edcias paulistanas. - Estado de Minas - Em foco<\/title>\n<meta name=\"description\" content=\"Sabores de S\u00e3o Paulo: Descubra os melhores restaurantes e pratos t\u00edpicos da cidade. Planeje sua viagem gastron\u00f4mica agora mesmo!\" \/>\n<meta name=\"robots\" content=\"index, follow, max-snippet:-1, max-image-preview:large, max-video-preview:-1\" \/>\n<link rel=\"canonical\" href=\"https:\/\/www.em.com.br\/emfoco\/2024\/12\/10\/o-sanduiche-de-mortadela-mais-famoso-do-brasil-e-outras-delicias-paulistanas\/\" \/>\n<meta property=\"og:locale\" content=\"pt_BR\" \/>\n<meta property=\"og:type\" content=\"article\" \/>\n<meta property=\"og:title\" content=\"O sandu\u00edche de mortadela mais famoso do Brasil e outras del\u00edcias paulistanas. - Estado de Minas - Em foco\" \/>\n<meta property=\"og:description\" content=\"Sabores de S\u00e3o Paulo: Descubra os melhores restaurantes e pratos t\u00edpicos da cidade. Planeje sua viagem gastron\u00f4mica agora mesmo!\" \/>\n<meta property=\"og:url\" content=\"https:\/\/www.em.com.br\/emfoco\/2024\/12\/10\/o-sanduiche-de-mortadela-mais-famoso-do-brasil-e-outras-delicias-paulistanas\/\" \/>\n<meta property=\"og:site_name\" content=\"Estado de Minas - Em foco\" \/>\n<meta property=\"article:published_time\" content=\"2024-12-10T16:40:00+00:00\" \/>\n<meta property=\"article:modified_time\" content=\"2024-12-05T15:33:25+00:00\" \/>\n<meta property=\"og:image\" content=\"https:\/\/www.em.com.br\/emfoco\/wp-content\/uploads\/2024\/11\/Sao-Paulo_1732882130797.jpg\" \/>\n\t<meta property=\"og:image:width\" content=\"1280\" \/>\n\t<meta property=\"og:image:height\" content=\"720\" \/>\n\t<meta property=\"og:image:type\" content=\"image\/jpeg\" \/>\n<meta name=\"author\" content=\"N\u00fabia Rangel\" \/>\n<meta name=\"twitter:card\" content=\"summary_large_image\" \/>\n<meta name=\"twitter:label1\" content=\"Escrito por\" \/>\n\t<meta name=\"twitter:data1\" content=\"N\u00fabia Rangel\" \/>\n\t<meta name=\"twitter:label2\" content=\"Est. tempo de leitura\" \/>\n\t<meta name=\"twitter:data2\" content=\"5 minutos\" \/>\n<!-- \/ Yoast SEO plugin. -->","yoast_head_json":{"title":"O sandu\u00edche de mortadela mais famoso do Brasil e outras del\u00edcias paulistanas. - Estado de Minas - Em foco","description":"Sabores de S\u00e3o Paulo: Descubra os melhores restaurantes e pratos t\u00edpicos da cidade. Planeje sua viagem gastron\u00f4mica agora mesmo!","robots":{"index":"index","follow":"follow","max-snippet":"max-snippet:-1","max-image-preview":"max-image-preview:large","max-video-preview":"max-video-preview:-1"},"canonical":"https:\/\/www.em.com.br\/emfoco\/2024\/12\/10\/o-sanduiche-de-mortadela-mais-famoso-do-brasil-e-outras-delicias-paulistanas\/","og_locale":"pt_BR","og_type":"article","og_title":"O sandu\u00edche de mortadela mais famoso do Brasil e outras del\u00edcias paulistanas. - Estado de Minas - Em foco","og_description":"Sabores de S\u00e3o Paulo: Descubra os melhores restaurantes e pratos t\u00edpicos da cidade. Planeje sua viagem gastron\u00f4mica agora mesmo!","og_url":"https:\/\/www.em.com.br\/emfoco\/2024\/12\/10\/o-sanduiche-de-mortadela-mais-famoso-do-brasil-e-outras-delicias-paulistanas\/","og_site_name":"Estado de Minas - Em foco","article_published_time":"2024-12-10T16:40:00+00:00","article_modified_time":"2024-12-05T15:33:25+00:00","og_image":[{"width":1280,"height":720,"url":"https:\/\/www.em.com.br\/emfoco\/wp-content\/uploads\/2024\/11\/Sao-Paulo_1732882130797.jpg","type":"image\/jpeg"}],"author":"N\u00fabia Rangel","twitter_card":"summary_large_image","twitter_misc":{"Escrito por":"N\u00fabia Rangel","Est. tempo de leitura":"5 minutos"},"schema":{"@context":"https:\/\/schema.org","@graph":[{"@type":"WebPage","@id":"https:\/\/www.em.com.br\/emfoco\/2024\/12\/10\/o-sanduiche-de-mortadela-mais-famoso-do-brasil-e-outras-delicias-paulistanas\/","url":"https:\/\/www.em.com.br\/emfoco\/2024\/12\/10\/o-sanduiche-de-mortadela-mais-famoso-do-brasil-e-outras-delicias-paulistanas\/","name":"O sandu\u00edche de mortadela mais famoso do Brasil e outras del\u00edcias paulistanas. - Estado de Minas - Em foco","isPartOf":{"@id":"https:\/\/www.em.com.br\/emfoco\/#website"},"primaryImageOfPage":{"@id":"https:\/\/www.em.com.br\/emfoco\/2024\/12\/10\/o-sanduiche-de-mortadela-mais-famoso-do-brasil-e-outras-delicias-paulistanas\/#primaryimage"},"image":{"@id":"https:\/\/www.em.com.br\/emfoco\/2024\/12\/10\/o-sanduiche-de-mortadela-mais-famoso-do-brasil-e-outras-delicias-paulistanas\/#primaryimage"},"thumbnailUrl":"https:\/\/www.em.com.br\/emfoco\/wp-content\/uploads\/2024\/11\/Sao-Paulo_1732882130797.jpg","datePublished":"2024-12-10T16:40:00+00:00","dateModified":"2024-12-05T15:33:25+00:00","author":{"@id":"https:\/\/www.em.com.br\/emfoco\/#\/schema\/person\/524437ef54f8a5d32591b143307f2e20"},"description":"Sabores de S\u00e3o Paulo: Descubra os melhores restaurantes e pratos t\u00edpicos da cidade. Planeje sua viagem gastron\u00f4mica agora mesmo!","breadcrumb":{"@id":"https:\/\/www.em.com.br\/emfoco\/2024\/12\/10\/o-sanduiche-de-mortadela-mais-famoso-do-brasil-e-outras-delicias-paulistanas\/#breadcrumb"},"inLanguage":"pt-BR","potentialAction":[{"@type":"ReadAction","target":["https:\/\/www.em.com.br\/emfoco\/2024\/12\/10\/o-sanduiche-de-mortadela-mais-famoso-do-brasil-e-outras-delicias-paulistanas\/"]}]},{"@type":"ImageObject","inLanguage":"pt-BR","@id":"https:\/\/www.em.com.br\/emfoco\/2024\/12\/10\/o-sanduiche-de-mortadela-mais-famoso-do-brasil-e-outras-delicias-paulistanas\/#primaryimage","url":"https:\/\/www.em.com.br\/emfoco\/wp-content\/uploads\/2024\/11\/Sao-Paulo_1732882130797.jpg","contentUrl":"https:\/\/www.em.com.br\/emfoco\/wp-content\/uploads\/2024\/11\/Sao-Paulo_1732882130797.jpg","width":1280,"height":720,"caption":"S\u00e3o Paulo - Cr\u00e9ditos: depositphotos.com \/ julioricco"},{"@type":"BreadcrumbList","@id":"https:\/\/www.em.com.br\/emfoco\/2024\/12\/10\/o-sanduiche-de-mortadela-mais-famoso-do-brasil-e-outras-delicias-paulistanas\/#breadcrumb","itemListElement":[{"@type":"ListItem","position":1,"name":"In\u00edcio","item":"https:\/\/www.em.com.br\/emfoco\/"},{"@type":"ListItem","position":2,"name":"O sandu\u00edche de mortadela mais famoso do Brasil e outras del\u00edcias paulistanas."}]},{"@type":"WebSite","@id":"https:\/\/www.em.com.br\/emfoco\/#website","url":"https:\/\/www.em.com.br\/emfoco\/","name":"Estado de Minas - Em foco","description":"Acompanhe as \u00faltimas not\u00edcias e fique bem informado sobre tudo o que acontece em Minas Gerais, Brasil e no mundo.","potentialAction":[{"@type":"SearchAction","target":{"@type":"EntryPoint","urlTemplate":"https:\/\/www.em.com.br\/emfoco\/?s={search_term_string}"},"query-input":{"@type":"PropertyValueSpecification","valueRequired":true,"valueName":"search_term_string"}}],"inLanguage":"pt-BR"},{"@type":"Person","@id":"https:\/\/www.em.com.br\/emfoco\/#\/schema\/person\/524437ef54f8a5d32591b143307f2e20","name":"N\u00fabia Rangel","image":{"@type":"ImageObject","inLanguage":"pt-BR","@id":"https:\/\/www.em.com.br\/emfoco\/#\/schema\/person\/image\/","url":"https:\/\/secure.gravatar.com\/avatar\/47cff2827a5ba23c37e8068c86817ea4?s=96&d=mm&r=g","contentUrl":"https:\/\/secure.gravatar.com\/avatar\/47cff2827a5ba23c37e8068c86817ea4?s=96&d=mm&r=g","caption":"N\u00fabia Rangel"},"sameAs":["https:\/\/www.em.com.br\/emfoco\/"],"url":"https:\/\/www.em.com.br\/emfoco\/author\/nubiamyth\/"}]}},"_links":{"self":[{"href":"https:\/\/www.em.com.br\/emfoco\/wp-json\/wp\/v2\/posts\/3151","targetHints":{"allow":["GET"]}}],"collection":[{"href":"https:\/\/www.em.com.br\/emfoco\/wp-json\/wp\/v2\/posts"}],"about":[{"href":"https:\/\/www.em.com.br\/emfoco\/wp-json\/wp\/v2\/types\/post"}],"author":[{"embeddable":true,"href":"https:\/\/www.em.com.br\/emfoco\/wp-json\/wp\/v2\/users\/5"}],"replies":[{"embeddable":true,"href":"https:\/\/www.em.com.br\/emfoco\/wp-json\/wp\/v2\/comments?post=3151"}],"version-history":[{"count":2,"href":"https:\/\/www.em.com.br\/emfoco\/wp-json\/wp\/v2\/posts\/3151\/revisions"}],"predecessor-version":[{"id":3161,"href":"https:\/\/www.em.com.br\/emfoco\/wp-json\/wp\/v2\/posts\/3151\/revisions\/3161"}],"wp:featuredmedia":[{"embeddable":true,"href":"https:\/\/www.em.com.br\/emfoco\/wp-json\/wp\/v2\/media\/2214"}],"wp:attachment":[{"href":"https:\/\/www.em.com.br\/emfoco\/wp-json\/wp\/v2\/media?parent=3151"}],"wp:term":[{"taxonomy":"category","embeddable":true,"href":"https:\/\/www.em.com.br\/emfoco\/wp-json\/wp\/v2\/categories?post=3151"},{"taxonomy":"post_tag","embeddable":true,"href":"https:\/\/www.em.com.br\/emfoco\/wp-json\/wp\/v2\/tags?post=3151"}],"curies":[{"name":"wp","href":"https:\/\/api.w.org\/{rel}","templated":true}]}}