{"id":31429,"date":"2025-03-23T06:20:00","date_gmt":"2025-03-23T09:20:00","guid":{"rendered":"https:\/\/www.em.com.br\/emfoco\/?p=31429"},"modified":"2025-03-22T14:55:12","modified_gmt":"2025-03-22T17:55:12","slug":"sera-que-vai-chover-hoje-23-03-veja-como-fica-o-clima-para-minas-gerais","status":"publish","type":"post","link":"https:\/\/www.em.com.br\/emfoco\/2025\/03\/23\/sera-que-vai-chover-hoje-23-03-veja-como-fica-o-clima-para-minas-gerais\/","title":{"rendered":"Ser\u00e1 que vai chover hoje 23\/03? Veja como fica o clima para Minas Gerais"},"content":{"rendered":"\n<p>A previs\u00e3o do tempo \u00e9 uma ferramenta essencial para o planejamento di\u00e1rio, especialmente em cidades como <strong><a href=\"https:\/\/www.em.com.br\/emfoco\/2025\/03\/20\/conheca-a-nova-casa-do-cafe-mais-antigo-que-belo-horizonte-o-charme-em-cada-detalhe\/\" target=\"_blank\" rel=\"noreferrer noopener\">Belo Horizonte<\/a><\/strong>, onde o clima pode variar significativamente. Para o dia 23 de mar\u00e7o de 2023, as condi\u00e7\u00f5es clim\u00e1ticas na capital mineira s\u00e3o de interesse para muitos moradores e visitantes.<\/p>\n\n\n\n<p>Conforme os principais servi\u00e7os de meteorologia, as temperaturas para este dia s\u00e3o projetadas da seguinte forma:<\/p>\n\n\n\n<ul class=\"wp-block-list\">\n<li><strong>Temperatura M\u00e1xima: 28\u00b0C<\/strong><\/li>\n\n\n\n<li><strong>Temperatura M\u00ednima: 18\u00b0C<\/strong><\/li>\n<\/ul>\n\n\n\n<h2 class=\"wp-block-heading\">Quais as previs\u00f5es clim\u00e1ticas para outras cidades de Minas Gerais?<\/h2>\n\n\n\n<p>Al\u00e9m de Belo Horizonte, outras cidades de <strong>Minas Gerais<\/strong> tamb\u00e9m apresentam varia\u00e7\u00f5es clim\u00e1ticas que podem influenciar atividades locais. Aqui est\u00e3o as previs\u00f5es para algumas das principais cidades do estado:<\/p>\n\n\n\n<ul class=\"wp-block-list\">\n<li><strong>Uberl\u00e2ndia<\/strong>: M\u00e1xima de 30\u00b0C, M\u00ednima de 19\u00b0C<\/li>\n\n\n\n<li><strong>Juiz de Fora<\/strong>: M\u00e1xima de 26\u00b0C, M\u00ednima de 17\u00b0C<\/li>\n\n\n\n<li><strong>Montes Claros<\/strong>: M\u00e1xima de 32\u00b0C, M\u00ednima de 20\u00b0C<\/li>\n\n\n\n<li><strong>Divin\u00f3polis<\/strong>: M\u00e1xima de 29\u00b0C, M\u00ednima de 18\u00b0C<\/li>\n<\/ul>\n\n\n\n<h2 class=\"wp-block-heading\">Mudan\u00e7as clim\u00e1ticas afetam o tempo na regi\u00e3o Sudeste<\/h2>\n\n\n\n<p>As <a href=\"https:\/\/brasilescola.uol.com.br\/biologia\/mudancas-climaticas.htm\" target=\"_blank\" rel=\"noreferrer noopener\"><strong>mudan\u00e7as clim\u00e1ticas<\/strong> <\/a>t\u00eam sido um tema de crescente preocupa\u00e7\u00e3o, especialmente na regi\u00e3o <strong>Sudeste <\/strong>do Brasil. Este fen\u00f4meno global est\u00e1 afetando padr\u00f5es clim\u00e1ticos locais, resultando em eventos clim\u00e1ticos mais extremos e imprevis\u00edveis.<\/p>\n\n\n\n<p>Na regi\u00e3o Sudeste, as mudan\u00e7as clim\u00e1ticas podem levar a per\u00edodos de seca mais prolongados, seguidos por chuvas intensas. Isso n\u00e3o s\u00f3 afeta a agricultura e o abastecimento de \u00e1gua, mas tamb\u00e9m aumenta o risco de desastres naturais, como enchentes e deslizamentos de terra.<\/p>\n\n\n\n<figure class=\"wp-block-image\"><img decoding=\"async\" src=\"https:\/\/www.em.com.br\/emfoco\/wp-content\/uploads\/2025\/03\/clima-outono_1742572605222-1024x576.jpg\" alt=\"\"\/><figcaption class=\"wp-element-caption\">Clima &#8211; Cr\u00e9ditos: depositphotos.com \/ ifeelstock<\/figcaption><\/figure>\n\n\n\n<h2 class=\"wp-block-heading\">O que esperar para o tempo nos pr\u00f3ximos dias na regi\u00e3o Sudeste?<\/h2>\n\n\n\n<p>Para aqueles que planejam suas atividades nos pr\u00f3ximos dias, \u00e9 importante estar atento \u00e0s previs\u00f5es meteorol\u00f3gicas. Aqui est\u00e3o as temperaturas previstas para algumas cidades da regi\u00e3o Sudeste:<\/p>\n\n\n\n<ul class=\"wp-block-list\">\n<li><strong>S\u00e3o Paulo<\/strong>: M\u00e1xima de 27\u00b0C, M\u00ednima de 19\u00b0C<\/li>\n\n\n\n<li><strong>Rio de Janeiro<\/strong>: M\u00e1xima de 30\u00b0C, M\u00ednima de 21\u00b0C<\/li>\n\n\n\n<li><strong>Vit\u00f3ria<\/strong>: M\u00e1xima de 28\u00b0C, M\u00ednima de 20\u00b0C<\/li>\n\n\n\n<li><strong>Belo Horizonte<\/strong>: M\u00e1xima de 28\u00b0C, M\u00ednima de 18\u00b0C<\/li>\n<\/ul>\n\n\n\n<h2 class=\"wp-block-heading\">Como o Inmet e o Climatempo preveem o clima na regi\u00e3o Sudeste?<\/h2>\n\n\n\n<p>Os servi\u00e7os de meteorologia, como o<strong> Instituto Nacional de Meteorologia (Inmet)<\/strong> e o <strong>Climatempo<\/strong>, fornecem previs\u00f5es detalhadas e confi\u00e1veis. Ambos indicam que o clima na regi\u00e3o Sudeste continuar\u00e1 a ser influenciado por frentes frias e massas de ar quente, o que pode resultar em varia\u00e7\u00f5es significativas de temperatura e precipita\u00e7\u00e3o.<\/p>\n\n\n\n<p>\u00c9 recomend\u00e1vel acompanhar regularmente as atualiza\u00e7\u00f5es desses servi\u00e7os para obter informa\u00e7\u00f5es precisas e atualizadas.<\/p>\n\n\n\n<h2 class=\"wp-block-heading\">Dicas para entender melhor as previs\u00f5es do tempo<\/h2>\n\n\n\n<p>Entender a previs\u00e3o do tempo pode ser desafiador, mas algumas dicas podem ajudar a interpretar melhor as informa\u00e7\u00f5es:<\/p>\n\n\n\n<ul class=\"wp-block-list\">\n<li>Verifique a Fonte: Utilize fontes confi\u00e1veis, como o Inmet e o Climatempo.<\/li>\n\n\n\n<li>Observe as Tend\u00eancias: Preste aten\u00e7\u00e3o \u00e0s tend\u00eancias de temperatura e precipita\u00e7\u00e3o ao longo dos dias.<\/li>\n\n\n\n<li>Considere as Condi\u00e7\u00f5es Locais: Lembre-se de que fatores locais podem influenciar o clima, como a topografia e a urbaniza\u00e7\u00e3o.<\/li>\n\n\n\n<li>Atualize-se Regularmente: As previs\u00f5es podem mudar, ent\u00e3o \u00e9 importante verificar as atualiza\u00e7\u00f5es regularmente.<\/li>\n\n\n\n<li>Com essas dicas, fica mais f\u00e1cil planejar atividades e se preparar para as condi\u00e7\u00f5es clim\u00e1ticas futuras.<\/li>\n<\/ul>\n\n\n\n<p><\/p>\n","protected":false},"excerpt":{"rendered":"<p>A previs\u00e3o do tempo \u00e9 uma ferramenta essencial para o planejamento di\u00e1rio, especialmente em cidades como Belo Horizonte, onde o clima pode variar significativamente. Para o dia 23 de mar\u00e7o de 2023, as condi\u00e7\u00f5es clim\u00e1ticas na capital mineira s\u00e3o de interesse para muitos moradores e visitantes. Conforme os principais servi\u00e7os de meteorologia, as temperaturas para [&hellip;]<\/p>\n","protected":false},"author":11,"featured_media":25398,"comment_status":"open","ping_status":"open","sticky":false,"template":"","format":"standard","meta":{"jnews-multi-image_gallery":[],"jnews_single_post":{"format":"standard"},"jnews_primary_category":[],"jnews_social_meta":[],"jnews_override_counter":[],"footnotes":""},"categories":[30,1],"tags":[154,152,1192],"class_list":["post-31429","post","type-post","status-publish","format-standard","has-post-thumbnail","hentry","category-clima","category-noticias","tag-belo-horizonte","tag-clima","tag-sudeste"],"yoast_head":"<!-- This site is optimized with the Yoast SEO plugin v23.8 - https:\/\/yoast.com\/wordpress\/plugins\/seo\/ -->\n<title>Ser\u00e1 que vai chover hoje 23\/03? Veja como fica o clima para Minas Gerais - Estado de Minas - Em foco<\/title>\n<meta name=\"description\" content=\"Com temperaturas variando e um clima imprevis\u00edvel, a previs\u00e3o para 23 de mar\u00e7o em Minas Gerais promete desafios. Prepare-se!\" \/>\n<meta name=\"robots\" content=\"index, follow, max-snippet:-1, max-image-preview:large, max-video-preview:-1\" \/>\n<link rel=\"canonical\" href=\"https:\/\/www.em.com.br\/emfoco\/2025\/03\/23\/sera-que-vai-chover-hoje-23-03-veja-como-fica-o-clima-para-minas-gerais\/\" \/>\n<meta property=\"og:locale\" content=\"pt_BR\" \/>\n<meta property=\"og:type\" content=\"article\" \/>\n<meta property=\"og:title\" content=\"Ser\u00e1 que vai chover hoje 23\/03? Veja como fica o clima para Minas Gerais - Estado de Minas - Em foco\" \/>\n<meta property=\"og:description\" content=\"Com temperaturas variando e um clima imprevis\u00edvel, a previs\u00e3o para 23 de mar\u00e7o em Minas Gerais promete desafios. Prepare-se!\" \/>\n<meta property=\"og:url\" content=\"https:\/\/www.em.com.br\/emfoco\/2025\/03\/23\/sera-que-vai-chover-hoje-23-03-veja-como-fica-o-clima-para-minas-gerais\/\" \/>\n<meta property=\"og:site_name\" content=\"Estado de Minas - Em foco\" \/>\n<meta property=\"article:published_time\" content=\"2025-03-23T09:20:00+00:00\" \/>\n<meta property=\"article:modified_time\" content=\"2025-03-22T17:55:12+00:00\" \/>\n<meta property=\"og:image\" content=\"https:\/\/www.em.com.br\/emfoco\/wp-content\/uploads\/2025\/03\/clima_1741150231628.jpg\" \/>\n\t<meta property=\"og:image:width\" content=\"1280\" \/>\n\t<meta property=\"og:image:height\" content=\"720\" \/>\n\t<meta property=\"og:image:type\" content=\"image\/jpeg\" \/>\n<meta name=\"author\" content=\"Andre\u0301 Rangel\u00a0\" \/>\n<meta name=\"twitter:card\" content=\"summary_large_image\" \/>\n<meta name=\"twitter:label1\" content=\"Escrito por\" \/>\n\t<meta name=\"twitter:data1\" content=\"Andre\u0301 Rangel\u00a0\" \/>\n\t<meta name=\"twitter:label2\" content=\"Est. tempo de leitura\" \/>\n\t<meta name=\"twitter:data2\" content=\"4 minutos\" \/>\n<!-- \/ Yoast SEO plugin. -->","yoast_head_json":{"title":"Ser\u00e1 que vai chover hoje 23\/03? Veja como fica o clima para Minas Gerais - Estado de Minas - Em foco","description":"Com temperaturas variando e um clima imprevis\u00edvel, a previs\u00e3o para 23 de mar\u00e7o em Minas Gerais promete desafios. Prepare-se!","robots":{"index":"index","follow":"follow","max-snippet":"max-snippet:-1","max-image-preview":"max-image-preview:large","max-video-preview":"max-video-preview:-1"},"canonical":"https:\/\/www.em.com.br\/emfoco\/2025\/03\/23\/sera-que-vai-chover-hoje-23-03-veja-como-fica-o-clima-para-minas-gerais\/","og_locale":"pt_BR","og_type":"article","og_title":"Ser\u00e1 que vai chover hoje 23\/03? Veja como fica o clima para Minas Gerais - Estado de Minas - Em foco","og_description":"Com temperaturas variando e um clima imprevis\u00edvel, a previs\u00e3o para 23 de mar\u00e7o em Minas Gerais promete desafios. Prepare-se!","og_url":"https:\/\/www.em.com.br\/emfoco\/2025\/03\/23\/sera-que-vai-chover-hoje-23-03-veja-como-fica-o-clima-para-minas-gerais\/","og_site_name":"Estado de Minas - Em foco","article_published_time":"2025-03-23T09:20:00+00:00","article_modified_time":"2025-03-22T17:55:12+00:00","og_image":[{"width":1280,"height":720,"url":"https:\/\/www.em.com.br\/emfoco\/wp-content\/uploads\/2025\/03\/clima_1741150231628.jpg","type":"image\/jpeg"}],"author":"Andre\u0301 Rangel\u00a0","twitter_card":"summary_large_image","twitter_misc":{"Escrito por":"Andre\u0301 Rangel\u00a0","Est. tempo de leitura":"4 minutos"},"schema":{"@context":"https:\/\/schema.org","@graph":[{"@type":"WebPage","@id":"https:\/\/www.em.com.br\/emfoco\/2025\/03\/23\/sera-que-vai-chover-hoje-23-03-veja-como-fica-o-clima-para-minas-gerais\/","url":"https:\/\/www.em.com.br\/emfoco\/2025\/03\/23\/sera-que-vai-chover-hoje-23-03-veja-como-fica-o-clima-para-minas-gerais\/","name":"Ser\u00e1 que vai chover hoje 23\/03? Veja como fica o clima para Minas Gerais - Estado de Minas - Em foco","isPartOf":{"@id":"https:\/\/www.em.com.br\/emfoco\/#website"},"primaryImageOfPage":{"@id":"https:\/\/www.em.com.br\/emfoco\/2025\/03\/23\/sera-que-vai-chover-hoje-23-03-veja-como-fica-o-clima-para-minas-gerais\/#primaryimage"},"image":{"@id":"https:\/\/www.em.com.br\/emfoco\/2025\/03\/23\/sera-que-vai-chover-hoje-23-03-veja-como-fica-o-clima-para-minas-gerais\/#primaryimage"},"thumbnailUrl":"https:\/\/www.em.com.br\/emfoco\/wp-content\/uploads\/2025\/03\/clima_1741150231628.jpg","datePublished":"2025-03-23T09:20:00+00:00","dateModified":"2025-03-22T17:55:12+00:00","author":{"@id":"https:\/\/www.em.com.br\/emfoco\/#\/schema\/person\/60eda09c1fedf0d6891f4cef4b60b8b8"},"description":"Com temperaturas variando e um clima imprevis\u00edvel, a previs\u00e3o para 23 de mar\u00e7o em Minas Gerais promete desafios. Prepare-se!","breadcrumb":{"@id":"https:\/\/www.em.com.br\/emfoco\/2025\/03\/23\/sera-que-vai-chover-hoje-23-03-veja-como-fica-o-clima-para-minas-gerais\/#breadcrumb"},"inLanguage":"pt-BR","potentialAction":[{"@type":"ReadAction","target":["https:\/\/www.em.com.br\/emfoco\/2025\/03\/23\/sera-que-vai-chover-hoje-23-03-veja-como-fica-o-clima-para-minas-gerais\/"]}]},{"@type":"ImageObject","inLanguage":"pt-BR","@id":"https:\/\/www.em.com.br\/emfoco\/2025\/03\/23\/sera-que-vai-chover-hoje-23-03-veja-como-fica-o-clima-para-minas-gerais\/#primaryimage","url":"https:\/\/www.em.com.br\/emfoco\/wp-content\/uploads\/2025\/03\/clima_1741150231628.jpg","contentUrl":"https:\/\/www.em.com.br\/emfoco\/wp-content\/uploads\/2025\/03\/clima_1741150231628.jpg","width":1280,"height":720,"caption":"Previs\u00e3o do tempo - Cr\u00e9ditos: depositphotos.com \/ Variant"},{"@type":"BreadcrumbList","@id":"https:\/\/www.em.com.br\/emfoco\/2025\/03\/23\/sera-que-vai-chover-hoje-23-03-veja-como-fica-o-clima-para-minas-gerais\/#breadcrumb","itemListElement":[{"@type":"ListItem","position":1,"name":"In\u00edcio","item":"https:\/\/www.em.com.br\/emfoco\/"},{"@type":"ListItem","position":2,"name":"Ser\u00e1 que vai chover hoje 23\/03? Veja como fica o clima para Minas Gerais"}]},{"@type":"WebSite","@id":"https:\/\/www.em.com.br\/emfoco\/#website","url":"https:\/\/www.em.com.br\/emfoco\/","name":"Estado de Minas - Em foco","description":"Acompanhe as \u00faltimas not\u00edcias e fique bem informado sobre tudo o que acontece em Minas Gerais, Brasil e no mundo.","potentialAction":[{"@type":"SearchAction","target":{"@type":"EntryPoint","urlTemplate":"https:\/\/www.em.com.br\/emfoco\/?s={search_term_string}"},"query-input":{"@type":"PropertyValueSpecification","valueRequired":true,"valueName":"search_term_string"}}],"inLanguage":"pt-BR"},{"@type":"Person","@id":"https:\/\/www.em.com.br\/emfoco\/#\/schema\/person\/60eda09c1fedf0d6891f4cef4b60b8b8","name":"Andre\u0301 Rangel\u00a0","image":{"@type":"ImageObject","inLanguage":"pt-BR","@id":"https:\/\/www.em.com.br\/emfoco\/#\/schema\/person\/image\/","url":"https:\/\/secure.gravatar.com\/avatar\/6234dc814c77c8ef6d8bba622c787efc?s=96&d=mm&r=g","contentUrl":"https:\/\/secure.gravatar.com\/avatar\/6234dc814c77c8ef6d8bba622c787efc?s=96&d=mm&r=g","caption":"Andre\u0301 Rangel\u00a0"},"url":"https:\/\/www.em.com.br\/emfoco\/author\/luizmyth\/"}]}},"_links":{"self":[{"href":"https:\/\/www.em.com.br\/emfoco\/wp-json\/wp\/v2\/posts\/31429","targetHints":{"allow":["GET"]}}],"collection":[{"href":"https:\/\/www.em.com.br\/emfoco\/wp-json\/wp\/v2\/posts"}],"about":[{"href":"https:\/\/www.em.com.br\/emfoco\/wp-json\/wp\/v2\/types\/post"}],"author":[{"embeddable":true,"href":"https:\/\/www.em.com.br\/emfoco\/wp-json\/wp\/v2\/users\/11"}],"replies":[{"embeddable":true,"href":"https:\/\/www.em.com.br\/emfoco\/wp-json\/wp\/v2\/comments?post=31429"}],"version-history":[{"count":4,"href":"https:\/\/www.em.com.br\/emfoco\/wp-json\/wp\/v2\/posts\/31429\/revisions"}],"predecessor-version":[{"id":31433,"href":"https:\/\/www.em.com.br\/emfoco\/wp-json\/wp\/v2\/posts\/31429\/revisions\/31433"}],"wp:featuredmedia":[{"embeddable":true,"href":"https:\/\/www.em.com.br\/emfoco\/wp-json\/wp\/v2\/media\/25398"}],"wp:attachment":[{"href":"https:\/\/www.em.com.br\/emfoco\/wp-json\/wp\/v2\/media?parent=31429"}],"wp:term":[{"taxonomy":"category","embeddable":true,"href":"https:\/\/www.em.com.br\/emfoco\/wp-json\/wp\/v2\/categories?post=31429"},{"taxonomy":"post_tag","embeddable":true,"href":"https:\/\/www.em.com.br\/emfoco\/wp-json\/wp\/v2\/tags?post=31429"}],"curies":[{"name":"wp","href":"https:\/\/api.w.org\/{rel}","templated":true}]}}