{"id":31398,"date":"2025-03-23T21:40:00","date_gmt":"2025-03-24T00:40:00","guid":{"rendered":"https:\/\/www.em.com.br\/emfoco\/?p=31398"},"modified":"2025-03-22T15:22:29","modified_gmt":"2025-03-22T18:22:29","slug":"voce-sabe-qual-e-o-pais-mais-feliz-do-mundo-nos-contamos-para-voce","status":"publish","type":"post","link":"https:\/\/www.em.com.br\/emfoco\/2025\/03\/23\/voce-sabe-qual-e-o-pais-mais-feliz-do-mundo-nos-contamos-para-voce\/","title":{"rendered":"Voc\u00ea sabe qual \u00e9 o pa\u00eds mais feliz do mundo? N\u00f3s contamos para voc\u00ea"},"content":{"rendered":"\n<p>A <strong>Finl\u00e2ndia <\/strong>\u00e9 novamente eleita o pa\u00eds mais feliz do mundo, marcando sua oitava vit\u00f3ria consecutiva no <strong><a href=\"https:\/\/worldhappiness.report\/ed\/2025\/\" target=\"_blank\" rel=\"noreferrer noopener\">World Happiness Report<\/a><\/strong>. O estudo, divulgado em 20 de mar\u00e7o de 2025, analisa a <strong><a href=\"https:\/\/www.em.com.br\/emfoco\/2025\/03\/08\/o-que-os-estudiosos-dizem-sobre-cultivar-a-felicidade-em-pequenas-doses-diarias\/\" target=\"_blank\" rel=\"noreferrer noopener\">felicidade <\/a><\/strong>dos cidad\u00e3os de 147 pa\u00edses com base em tr\u00eas indicadores principais: bem-estar, emo\u00e7\u00f5es positivas e negativas, avaliados diretamente pelos moradores de cada na\u00e7\u00e3o.<\/p>\n\n\n\n<h2 class=\"wp-block-heading\">O que faz a Finl\u00e2ndia ser a l\u00edder em felicidade mundial?<\/h2>\n\n\n\n<p>A lideran\u00e7a da Finl\u00e2ndia no ranking se deve a uma combina\u00e7\u00e3o de fatores, entre eles, a confian\u00e7a m\u00fatua, a boa qualidade de vida e uma forte rede de apoio social. Os finlandeses t\u00eam altos \u00edndices de satisfa\u00e7\u00e3o com a vida, al\u00e9m de expressarem poucas emo\u00e7\u00f5es negativas. Esse contexto reflete um modelo de sociedade bem estruturado e solid\u00e1rio, que resulta em uma das taxas de felicidade mais altas globalmente.<\/p>\n\n\n\n<h2 class=\"wp-block-heading\">Pa\u00edses n\u00f3rdicos dominam o ranking de felicidade<\/h2>\n\n\n\n<p>Os <strong>pa\u00edses n\u00f3rdicos<\/strong> continuam dominando as primeiras posi\u00e7\u00f5es. Dinamarca ocupa o segundo lugar, seguida de perto pela <strong>Isl\u00e2ndia <\/strong>no terceiro. Esses pa\u00edses compartilham caracter\u00edsticas como seguran\u00e7a, boa sa\u00fade p\u00fablica e sistemas educacionais de alta qualidade, fatores que impactam diretamente o bem-estar de seus cidad\u00e3os. Al\u00e9m disso, a conex\u00e3o social, como a pr\u00e1tica de refei\u00e7\u00f5es em grupo, tem mostrado grande relev\u00e2ncia na percep\u00e7\u00e3o de felicidade.<\/p>\n\n\n\n<figure class=\"wp-block-image size-large\"><img loading=\"lazy\" decoding=\"async\" width=\"1024\" height=\"576\" src=\"https:\/\/www.em.com.br\/emfoco\/wp-content\/uploads\/2025\/03\/felicidade_1742668279191-1024x576.jpg\" alt=\"\" class=\"wp-image-31419\" srcset=\"https:\/\/www.em.com.br\/emfoco\/wp-content\/uploads\/2025\/03\/felicidade_1742668279191-1024x576.jpg 1024w, https:\/\/www.em.com.br\/emfoco\/wp-content\/uploads\/2025\/03\/felicidade_1742668279191-300x169.jpg 300w, https:\/\/www.em.com.br\/emfoco\/wp-content\/uploads\/2025\/03\/felicidade_1742668279191-768x432.jpg 768w, https:\/\/www.em.com.br\/emfoco\/wp-content\/uploads\/2025\/03\/felicidade_1742668279191-750x422.jpg 750w, https:\/\/www.em.com.br\/emfoco\/wp-content\/uploads\/2025\/03\/felicidade_1742668279191-1140x641.jpg 1140w, https:\/\/www.em.com.br\/emfoco\/wp-content\/uploads\/2025\/03\/felicidade_1742668279191.jpg 1280w\" sizes=\"auto, (max-width: 1024px) 100vw, 1024px\" \/><figcaption class=\"wp-element-caption\">Felicidade &#8211; Cr\u00e9ditos: depositphotos.com \/ ArturVerkhovetskiy<\/figcaption><\/figure>\n\n\n\n<h2 class=\"wp-block-heading\">O Brasil sobe no ranking de felicidade<\/h2>\n\n\n\n<p>Em 2025, o <strong>Brasil <\/strong>teve um desempenho positivo, subindo oito posi\u00e7\u00f5es no ranking global e alcan\u00e7ando a 36\u00aa coloca\u00e7\u00e3o. Isso o coloca como a segunda na\u00e7\u00e3o mais feliz da Am\u00e9rica do Sul, atr\u00e1s apenas do Uruguai, que ocupa o 29\u00ba lugar. O aumento de posi\u00e7\u00f5es no ranking reflete uma melhoria na percep\u00e7\u00e3o de bem-estar dos brasileiros, com maior \u00eanfase em quest\u00f5es como confian\u00e7a social e qualidade de vida.<\/p>\n\n\n\n<h2 class=\"wp-block-heading\">O que determina a felicidade global al\u00e9m da riqueza e sa\u00fade?<\/h2>\n\n\n\n<p><strong>Jeffrey Sachs<\/strong>, editor do relat\u00f3rio, destaca que a felicidade vai al\u00e9m dos tradicionais indicadores de sa\u00fade e riqueza. A conviv\u00eancia social, como o compartilhamento de refei\u00e7\u00f5es e a confian\u00e7a entre os indiv\u00edduos, s\u00e3o mais impactantes do que se pensava. Em um mundo cada vez mais polarizado, \u00e9 crucial encontrar maneiras de unir as pessoas novamente, especialmente em tempos de isolamento social e crise.<\/p>\n","protected":false},"excerpt":{"rendered":"<p>A Finl\u00e2ndia \u00e9 novamente eleita o pa\u00eds mais feliz do mundo, marcando sua oitava vit\u00f3ria consecutiva no World Happiness Report. O estudo, divulgado em 20 de mar\u00e7o de 2025, analisa a felicidade dos cidad\u00e3os de 147 pa\u00edses com base em tr\u00eas indicadores principais: bem-estar, emo\u00e7\u00f5es positivas e negativas, avaliados diretamente pelos moradores de cada na\u00e7\u00e3o. [&hellip;]<\/p>\n","protected":false},"author":11,"featured_media":31420,"comment_status":"open","ping_status":"open","sticky":false,"template":"","format":"standard","meta":{"jnews-multi-image_gallery":[],"jnews_single_post":{"format":"standard"},"jnews_primary_category":[],"jnews_social_meta":[],"jnews_override_counter":[],"footnotes":""},"categories":[138,1],"tags":[1243,1441,5058],"class_list":["post-31398","post","type-post","status-publish","format-standard","has-post-thumbnail","hentry","category-mundo","category-noticias","tag-curiosidade","tag-curiosidades","tag-felicidade"],"yoast_head":"<!-- This site is optimized with the Yoast SEO plugin v23.8 - https:\/\/yoast.com\/wordpress\/plugins\/seo\/ -->\n<title>Voc\u00ea sabe qual \u00e9 o pa\u00eds mais feliz do mundo? N\u00f3s contamos para voc\u00ea - Estado de Minas - Em foco<\/title>\n<meta name=\"description\" content=\"A conviv\u00eancia social \u00e9 mais importante do que imagin\u00e1vamos para ser feliz. Veja qual os pa\u00edses mais felizes!\" \/>\n<meta name=\"robots\" content=\"index, follow, max-snippet:-1, max-image-preview:large, max-video-preview:-1\" \/>\n<link rel=\"canonical\" href=\"https:\/\/www.em.com.br\/emfoco\/2025\/03\/23\/voce-sabe-qual-e-o-pais-mais-feliz-do-mundo-nos-contamos-para-voce\/\" \/>\n<meta property=\"og:locale\" content=\"pt_BR\" \/>\n<meta property=\"og:type\" content=\"article\" \/>\n<meta property=\"og:title\" content=\"Voc\u00ea sabe qual \u00e9 o pa\u00eds mais feliz do mundo? N\u00f3s contamos para voc\u00ea - Estado de Minas - Em foco\" \/>\n<meta property=\"og:description\" content=\"A conviv\u00eancia social \u00e9 mais importante do que imagin\u00e1vamos para ser feliz. Veja qual os pa\u00edses mais felizes!\" \/>\n<meta property=\"og:url\" content=\"https:\/\/www.em.com.br\/emfoco\/2025\/03\/23\/voce-sabe-qual-e-o-pais-mais-feliz-do-mundo-nos-contamos-para-voce\/\" \/>\n<meta property=\"og:site_name\" content=\"Estado de Minas - Em foco\" \/>\n<meta property=\"article:published_time\" content=\"2025-03-24T00:40:00+00:00\" \/>\n<meta property=\"article:modified_time\" content=\"2025-03-22T18:22:29+00:00\" \/>\n<meta property=\"og:image\" content=\"https:\/\/www.em.com.br\/emfoco\/wp-content\/uploads\/2025\/03\/felicidade_1742668329421.jpg\" \/>\n\t<meta property=\"og:image:width\" content=\"1280\" \/>\n\t<meta property=\"og:image:height\" content=\"720\" \/>\n\t<meta property=\"og:image:type\" content=\"image\/jpeg\" \/>\n<meta name=\"author\" content=\"Andre\u0301 Rangel\u00a0\" \/>\n<meta name=\"twitter:card\" content=\"summary_large_image\" \/>\n<meta name=\"twitter:label1\" content=\"Escrito por\" \/>\n\t<meta name=\"twitter:data1\" content=\"Andre\u0301 Rangel\u00a0\" \/>\n\t<meta name=\"twitter:label2\" content=\"Est. tempo de leitura\" \/>\n\t<meta name=\"twitter:data2\" content=\"3 minutos\" \/>\n<!-- \/ Yoast SEO plugin. -->","yoast_head_json":{"title":"Voc\u00ea sabe qual \u00e9 o pa\u00eds mais feliz do mundo? N\u00f3s contamos para voc\u00ea - Estado de Minas - Em foco","description":"A conviv\u00eancia social \u00e9 mais importante do que imagin\u00e1vamos para ser feliz. Veja qual os pa\u00edses mais felizes!","robots":{"index":"index","follow":"follow","max-snippet":"max-snippet:-1","max-image-preview":"max-image-preview:large","max-video-preview":"max-video-preview:-1"},"canonical":"https:\/\/www.em.com.br\/emfoco\/2025\/03\/23\/voce-sabe-qual-e-o-pais-mais-feliz-do-mundo-nos-contamos-para-voce\/","og_locale":"pt_BR","og_type":"article","og_title":"Voc\u00ea sabe qual \u00e9 o pa\u00eds mais feliz do mundo? N\u00f3s contamos para voc\u00ea - Estado de Minas - Em foco","og_description":"A conviv\u00eancia social \u00e9 mais importante do que imagin\u00e1vamos para ser feliz. Veja qual os pa\u00edses mais felizes!","og_url":"https:\/\/www.em.com.br\/emfoco\/2025\/03\/23\/voce-sabe-qual-e-o-pais-mais-feliz-do-mundo-nos-contamos-para-voce\/","og_site_name":"Estado de Minas - Em foco","article_published_time":"2025-03-24T00:40:00+00:00","article_modified_time":"2025-03-22T18:22:29+00:00","og_image":[{"width":1280,"height":720,"url":"https:\/\/www.em.com.br\/emfoco\/wp-content\/uploads\/2025\/03\/felicidade_1742668329421.jpg","type":"image\/jpeg"}],"author":"Andre\u0301 Rangel\u00a0","twitter_card":"summary_large_image","twitter_misc":{"Escrito por":"Andre\u0301 Rangel\u00a0","Est. tempo de leitura":"3 minutos"},"schema":{"@context":"https:\/\/schema.org","@graph":[{"@type":"WebPage","@id":"https:\/\/www.em.com.br\/emfoco\/2025\/03\/23\/voce-sabe-qual-e-o-pais-mais-feliz-do-mundo-nos-contamos-para-voce\/","url":"https:\/\/www.em.com.br\/emfoco\/2025\/03\/23\/voce-sabe-qual-e-o-pais-mais-feliz-do-mundo-nos-contamos-para-voce\/","name":"Voc\u00ea sabe qual \u00e9 o pa\u00eds mais feliz do mundo? N\u00f3s contamos para voc\u00ea - Estado de Minas - Em foco","isPartOf":{"@id":"https:\/\/www.em.com.br\/emfoco\/#website"},"primaryImageOfPage":{"@id":"https:\/\/www.em.com.br\/emfoco\/2025\/03\/23\/voce-sabe-qual-e-o-pais-mais-feliz-do-mundo-nos-contamos-para-voce\/#primaryimage"},"image":{"@id":"https:\/\/www.em.com.br\/emfoco\/2025\/03\/23\/voce-sabe-qual-e-o-pais-mais-feliz-do-mundo-nos-contamos-para-voce\/#primaryimage"},"thumbnailUrl":"https:\/\/www.em.com.br\/emfoco\/wp-content\/uploads\/2025\/03\/felicidade_1742668329421.jpg","datePublished":"2025-03-24T00:40:00+00:00","dateModified":"2025-03-22T18:22:29+00:00","author":{"@id":"https:\/\/www.em.com.br\/emfoco\/#\/schema\/person\/60eda09c1fedf0d6891f4cef4b60b8b8"},"description":"A conviv\u00eancia social \u00e9 mais importante do que imagin\u00e1vamos para ser feliz. Veja qual os pa\u00edses mais felizes!","breadcrumb":{"@id":"https:\/\/www.em.com.br\/emfoco\/2025\/03\/23\/voce-sabe-qual-e-o-pais-mais-feliz-do-mundo-nos-contamos-para-voce\/#breadcrumb"},"inLanguage":"pt-BR","potentialAction":[{"@type":"ReadAction","target":["https:\/\/www.em.com.br\/emfoco\/2025\/03\/23\/voce-sabe-qual-e-o-pais-mais-feliz-do-mundo-nos-contamos-para-voce\/"]}]},{"@type":"ImageObject","inLanguage":"pt-BR","@id":"https:\/\/www.em.com.br\/emfoco\/2025\/03\/23\/voce-sabe-qual-e-o-pais-mais-feliz-do-mundo-nos-contamos-para-voce\/#primaryimage","url":"https:\/\/www.em.com.br\/emfoco\/wp-content\/uploads\/2025\/03\/felicidade_1742668329421.jpg","contentUrl":"https:\/\/www.em.com.br\/emfoco\/wp-content\/uploads\/2025\/03\/felicidade_1742668329421.jpg","width":1280,"height":720,"caption":"Esses h\u00e1bitos simples podem realmente fazer voc\u00ea mais feliz no dia-a-dia - Cr\u00e9ditos: depositphotos.com \/ TarasMalyarevich"},{"@type":"BreadcrumbList","@id":"https:\/\/www.em.com.br\/emfoco\/2025\/03\/23\/voce-sabe-qual-e-o-pais-mais-feliz-do-mundo-nos-contamos-para-voce\/#breadcrumb","itemListElement":[{"@type":"ListItem","position":1,"name":"In\u00edcio","item":"https:\/\/www.em.com.br\/emfoco\/"},{"@type":"ListItem","position":2,"name":"Voc\u00ea sabe qual \u00e9 o pa\u00eds mais feliz do mundo? N\u00f3s contamos para voc\u00ea"}]},{"@type":"WebSite","@id":"https:\/\/www.em.com.br\/emfoco\/#website","url":"https:\/\/www.em.com.br\/emfoco\/","name":"Estado de Minas - Em foco","description":"Acompanhe as \u00faltimas not\u00edcias e fique bem informado sobre tudo o que acontece em Minas Gerais, Brasil e no mundo.","potentialAction":[{"@type":"SearchAction","target":{"@type":"EntryPoint","urlTemplate":"https:\/\/www.em.com.br\/emfoco\/?s={search_term_string}"},"query-input":{"@type":"PropertyValueSpecification","valueRequired":true,"valueName":"search_term_string"}}],"inLanguage":"pt-BR"},{"@type":"Person","@id":"https:\/\/www.em.com.br\/emfoco\/#\/schema\/person\/60eda09c1fedf0d6891f4cef4b60b8b8","name":"Andre\u0301 Rangel\u00a0","image":{"@type":"ImageObject","inLanguage":"pt-BR","@id":"https:\/\/www.em.com.br\/emfoco\/#\/schema\/person\/image\/","url":"https:\/\/secure.gravatar.com\/avatar\/6234dc814c77c8ef6d8bba622c787efc?s=96&d=mm&r=g","contentUrl":"https:\/\/secure.gravatar.com\/avatar\/6234dc814c77c8ef6d8bba622c787efc?s=96&d=mm&r=g","caption":"Andre\u0301 Rangel\u00a0"},"url":"https:\/\/www.em.com.br\/emfoco\/author\/luizmyth\/"}]}},"_links":{"self":[{"href":"https:\/\/www.em.com.br\/emfoco\/wp-json\/wp\/v2\/posts\/31398","targetHints":{"allow":["GET"]}}],"collection":[{"href":"https:\/\/www.em.com.br\/emfoco\/wp-json\/wp\/v2\/posts"}],"about":[{"href":"https:\/\/www.em.com.br\/emfoco\/wp-json\/wp\/v2\/types\/post"}],"author":[{"embeddable":true,"href":"https:\/\/www.em.com.br\/emfoco\/wp-json\/wp\/v2\/users\/11"}],"replies":[{"embeddable":true,"href":"https:\/\/www.em.com.br\/emfoco\/wp-json\/wp\/v2\/comments?post=31398"}],"version-history":[{"count":3,"href":"https:\/\/www.em.com.br\/emfoco\/wp-json\/wp\/v2\/posts\/31398\/revisions"}],"predecessor-version":[{"id":31421,"href":"https:\/\/www.em.com.br\/emfoco\/wp-json\/wp\/v2\/posts\/31398\/revisions\/31421"}],"wp:featuredmedia":[{"embeddable":true,"href":"https:\/\/www.em.com.br\/emfoco\/wp-json\/wp\/v2\/media\/31420"}],"wp:attachment":[{"href":"https:\/\/www.em.com.br\/emfoco\/wp-json\/wp\/v2\/media?parent=31398"}],"wp:term":[{"taxonomy":"category","embeddable":true,"href":"https:\/\/www.em.com.br\/emfoco\/wp-json\/wp\/v2\/categories?post=31398"},{"taxonomy":"post_tag","embeddable":true,"href":"https:\/\/www.em.com.br\/emfoco\/wp-json\/wp\/v2\/tags?post=31398"}],"curies":[{"name":"wp","href":"https:\/\/api.w.org\/{rel}","templated":true}]}}