{"id":31204,"date":"2025-03-22T21:00:14","date_gmt":"2025-03-23T00:00:14","guid":{"rendered":"https:\/\/www.em.com.br\/emfoco\/?p=31204"},"modified":"2025-03-21T14:32:43","modified_gmt":"2025-03-21T17:32:43","slug":"a-peca-coringa-que-vai-deixar-seu-estilo-mais-moderno-e-elegante-em-2025","status":"publish","type":"post","link":"https:\/\/www.em.com.br\/emfoco\/2025\/03\/22\/a-peca-coringa-que-vai-deixar-seu-estilo-mais-moderno-e-elegante-em-2025\/","title":{"rendered":"O segredo para transformar seu visual com uma pe\u00e7a simples e cheia de estilo"},"content":{"rendered":"\n<p>Na moda, algumas <strong>pe\u00e7as <\/strong>se destacam por sua capacidade de se reinventar e permanecer relevantes ao longo do tempo. A <a href=\"https:\/\/br.pinterest.com\/search\/pins\/?q=look%20com%20bota%20branca&amp;rs=typed\" target=\"_blank\" rel=\"noreferrer noopener\">bota branca <\/a>\u00e9 um exemplo claro dessa versatilidade, continuando a ser uma escolha popular em 2025. Sua habilidade de complementar diversos estilos a torna indispens\u00e1vel para quem busca um visual moderno e elegante.<\/p>\n\n\n\n<p>Este artigo explora diferentes maneiras de incorporar a bota branca em <a href=\"https:\/\/www.em.com.br\/emfoco\/2025\/03\/21\/como-ter-um-guarda-roupa-inteligente-com-pecas-que-combinam-com-tudo\/\" target=\"_blank\" rel=\"noreferrer noopener\">looks <\/a>do dia a dia, destacando sua capacidade de transformar combina\u00e7\u00f5es simples em produ\u00e7\u00f5es sofisticadas e cheias de estilo.<\/p>\n\n\n\n<h2 class=\"wp-block-heading\">Como criar looks elegantes com bota branca?<\/h2>\n\n\n\n<p>Para um <strong>visual sofisticado<\/strong>, a bota branca pode ser combinada com pe\u00e7as de alfaiataria, como cal\u00e7as de corte reto e blusas de tecidos nobres. Essa combina\u00e7\u00e3o \u00e9 ideal para eventos que exigem um toque de formalidade, sem abrir m\u00e3o do conforto. A adi\u00e7\u00e3o de <strong>acess\u00f3rios <\/strong>discretos, como uma bolsa estruturada, completa o look com eleg\u00e2ncia.<\/p>\n\n\n\n<h2 class=\"wp-block-heading\">Por que a bota branca \u00e9 perfeita para tons terrosos?<\/h2>\n\n\n\n<p>Os tons terrosos continuam a ser uma tend\u00eancia forte, e a bota branca se destaca ao ser combinada com essas <strong>cores<\/strong>. Um casaco em <strong>tom marrom ou bege<\/strong>, junto com uma bota branca, cria um contraste visual interessante e sofisticado. Essa combina\u00e7\u00e3o \u00e9 perfeita para o outono, trazendo um ar de modernidade e aconchego.<\/p>\n\n\n<div class=\"wp-block-image\">\n<figure class=\"aligncenter size-large\"><img loading=\"lazy\" decoding=\"async\" width=\"1024\" height=\"576\" src=\"https:\/\/www.em.com.br\/emfoco\/wp-content\/uploads\/2025\/03\/tons-terrosos-moda_1742230196132-1024x576.jpg\" alt=\"Como adaptar as tend\u00eancias de outono de 2025 ao seu estilo pessoal\" class=\"wp-image-29403\" srcset=\"https:\/\/www.em.com.br\/emfoco\/wp-content\/uploads\/2025\/03\/tons-terrosos-moda_1742230196132-1024x576.jpg 1024w, https:\/\/www.em.com.br\/emfoco\/wp-content\/uploads\/2025\/03\/tons-terrosos-moda_1742230196132-300x169.jpg 300w, https:\/\/www.em.com.br\/emfoco\/wp-content\/uploads\/2025\/03\/tons-terrosos-moda_1742230196132-768x432.jpg 768w, https:\/\/www.em.com.br\/emfoco\/wp-content\/uploads\/2025\/03\/tons-terrosos-moda_1742230196132-750x422.jpg 750w, https:\/\/www.em.com.br\/emfoco\/wp-content\/uploads\/2025\/03\/tons-terrosos-moda_1742230196132-1140x641.jpg 1140w, https:\/\/www.em.com.br\/emfoco\/wp-content\/uploads\/2025\/03\/tons-terrosos-moda_1742230196132.jpg 1280w\" sizes=\"auto, (max-width: 1024px) 100vw, 1024px\" \/><figcaption class=\"wp-element-caption\">Tons terrosos &#8211; Cr\u00e9ditos: depositphotos.com \/ IgorVetushko<\/figcaption><\/figure><\/div>\n\n\n<h2 class=\"wp-block-heading\">Como integrar botas brancas em looks casuais?<\/h2>\n\n\n\n<p>Para um visual casual, a <strong>bota branca <\/strong>pode ser usada com jeans e camisetas b\u00e1sicas. Essa combina\u00e7\u00e3o \u00e9 pr\u00e1tica e confort\u00e1vel, ideal para o dia a dia. Para adicionar um toque de estilo, uma jaqueta colorida ou um su\u00e9ter estampado pode ser inclu\u00eddo, criando um look descontra\u00eddo e moderno.<\/p>\n\n\n\n<h2 class=\"wp-block-heading\">Vestidos e botas brancas: uma combina\u00e7\u00e3o delicada<\/h2>\n\n\n\n<p>Vestidos fluidos e botas brancas formam uma dupla perfeita para quem busca um visual leve e rom\u00e2ntico. Essa combina\u00e7\u00e3o \u00e9 ideal para dias ensolarados e eventos ao ar livre. A escolha de acess\u00f3rios neutros, como bolsas em tons claros, complementa o look sem sobrecarreg\u00e1-lo.<\/p>\n\n\n\n<h2 class=\"wp-block-heading\">O impacto do look monocrom\u00e1tico com bota branca<\/h2>\n\n\n\n<p><strong>Looks monocrom\u00e1ticos<\/strong>, especialmente em tons claros, s\u00e3o uma tend\u00eancia que transmite eleg\u00e2ncia e sofistica\u00e7\u00e3o. Ao combinar pe\u00e7as brancas com a bota da mesma cor, cria-se um visual coeso e moderno. Essa escolha \u00e9 vers\u00e1til, adequada tanto para ambientes de trabalho quanto para ocasi\u00f5es sociais.<\/p>\n","protected":false},"excerpt":{"rendered":"<p>Na moda, algumas pe\u00e7as se destacam por sua capacidade de se reinventar e permanecer relevantes ao longo do tempo. A bota branca \u00e9 um exemplo claro dessa versatilidade, continuando a ser uma escolha popular em 2025. Sua habilidade de complementar diversos estilos a torna indispens\u00e1vel para quem busca um visual moderno e elegante. Este artigo [&hellip;]<\/p>\n","protected":false},"author":9,"featured_media":31215,"comment_status":"open","ping_status":"open","sticky":false,"template":"","format":"standard","meta":{"jnews-multi-image_gallery":[],"jnews_single_post":{"format":"standard"},"jnews_primary_category":[],"jnews_social_meta":[],"jnews_override_counter":[],"footnotes":""},"categories":[29,1],"tags":[6624,3644,5318,4977],"class_list":["post-31204","post","type-post","status-publish","format-standard","has-post-thumbnail","hentry","category-entretenimento","category-noticias","tag-botas-brancas","tag-calcados","tag-estilo","tag-moda"],"yoast_head":"<!-- This site is optimized with the Yoast SEO plugin v23.8 - https:\/\/yoast.com\/wordpress\/plugins\/seo\/ -->\n<title>O segredo para transformar seu visual com uma pe\u00e7a simples e cheia de estilo<\/title>\n<meta name=\"description\" content=\"Saiba como a bota branca est\u00e1 se reinventando na moda e criando looks modernos e elegantes para diferentes estilos e ocasi\u00f5es.\" \/>\n<meta name=\"robots\" content=\"index, follow, max-snippet:-1, max-image-preview:large, max-video-preview:-1\" \/>\n<link rel=\"canonical\" href=\"https:\/\/www.em.com.br\/emfoco\/2025\/03\/22\/a-peca-coringa-que-vai-deixar-seu-estilo-mais-moderno-e-elegante-em-2025\/\" \/>\n<meta property=\"og:locale\" content=\"pt_BR\" \/>\n<meta property=\"og:type\" content=\"article\" \/>\n<meta property=\"og:title\" content=\"O segredo para transformar seu visual com uma pe\u00e7a simples e cheia de estilo\" \/>\n<meta property=\"og:description\" content=\"Saiba como a bota branca est\u00e1 se reinventando na moda e criando looks modernos e elegantes para diferentes estilos e ocasi\u00f5es.\" \/>\n<meta property=\"og:url\" content=\"https:\/\/www.em.com.br\/emfoco\/2025\/03\/22\/a-peca-coringa-que-vai-deixar-seu-estilo-mais-moderno-e-elegante-em-2025\/\" \/>\n<meta property=\"og:site_name\" content=\"Estado de Minas - Em foco\" \/>\n<meta property=\"article:published_time\" content=\"2025-03-23T00:00:14+00:00\" \/>\n<meta property=\"article:modified_time\" content=\"2025-03-21T17:32:43+00:00\" \/>\n<meta property=\"og:image\" content=\"https:\/\/www.em.com.br\/emfoco\/wp-content\/uploads\/2025\/03\/moda-bota-branca_1742576885964.jpg\" \/>\n\t<meta property=\"og:image:width\" content=\"1280\" \/>\n\t<meta property=\"og:image:height\" content=\"720\" \/>\n\t<meta property=\"og:image:type\" content=\"image\/jpeg\" \/>\n<meta name=\"author\" content=\"Daniely Cardoso\" \/>\n<meta name=\"twitter:card\" content=\"summary_large_image\" \/>\n<meta name=\"twitter:label1\" content=\"Escrito por\" \/>\n\t<meta name=\"twitter:data1\" content=\"Daniely Cardoso\" \/>\n\t<meta name=\"twitter:label2\" content=\"Est. tempo de leitura\" \/>\n\t<meta name=\"twitter:data2\" content=\"3 minutos\" \/>\n<!-- \/ Yoast SEO plugin. -->","yoast_head_json":{"title":"O segredo para transformar seu visual com uma pe\u00e7a simples e cheia de estilo","description":"Saiba como a bota branca est\u00e1 se reinventando na moda e criando looks modernos e elegantes para diferentes estilos e ocasi\u00f5es.","robots":{"index":"index","follow":"follow","max-snippet":"max-snippet:-1","max-image-preview":"max-image-preview:large","max-video-preview":"max-video-preview:-1"},"canonical":"https:\/\/www.em.com.br\/emfoco\/2025\/03\/22\/a-peca-coringa-que-vai-deixar-seu-estilo-mais-moderno-e-elegante-em-2025\/","og_locale":"pt_BR","og_type":"article","og_title":"O segredo para transformar seu visual com uma pe\u00e7a simples e cheia de estilo","og_description":"Saiba como a bota branca est\u00e1 se reinventando na moda e criando looks modernos e elegantes para diferentes estilos e ocasi\u00f5es.","og_url":"https:\/\/www.em.com.br\/emfoco\/2025\/03\/22\/a-peca-coringa-que-vai-deixar-seu-estilo-mais-moderno-e-elegante-em-2025\/","og_site_name":"Estado de Minas - Em foco","article_published_time":"2025-03-23T00:00:14+00:00","article_modified_time":"2025-03-21T17:32:43+00:00","og_image":[{"width":1280,"height":720,"url":"https:\/\/www.em.com.br\/emfoco\/wp-content\/uploads\/2025\/03\/moda-bota-branca_1742576885964.jpg","type":"image\/jpeg"}],"author":"Daniely Cardoso","twitter_card":"summary_large_image","twitter_misc":{"Escrito por":"Daniely Cardoso","Est. tempo de leitura":"3 minutos"},"schema":{"@context":"https:\/\/schema.org","@graph":[{"@type":"WebPage","@id":"https:\/\/www.em.com.br\/emfoco\/2025\/03\/22\/a-peca-coringa-que-vai-deixar-seu-estilo-mais-moderno-e-elegante-em-2025\/","url":"https:\/\/www.em.com.br\/emfoco\/2025\/03\/22\/a-peca-coringa-que-vai-deixar-seu-estilo-mais-moderno-e-elegante-em-2025\/","name":"O segredo para transformar seu visual com uma pe\u00e7a simples e cheia de estilo","isPartOf":{"@id":"https:\/\/www.em.com.br\/emfoco\/#website"},"primaryImageOfPage":{"@id":"https:\/\/www.em.com.br\/emfoco\/2025\/03\/22\/a-peca-coringa-que-vai-deixar-seu-estilo-mais-moderno-e-elegante-em-2025\/#primaryimage"},"image":{"@id":"https:\/\/www.em.com.br\/emfoco\/2025\/03\/22\/a-peca-coringa-que-vai-deixar-seu-estilo-mais-moderno-e-elegante-em-2025\/#primaryimage"},"thumbnailUrl":"https:\/\/www.em.com.br\/emfoco\/wp-content\/uploads\/2025\/03\/moda-bota-branca_1742576885964.jpg","datePublished":"2025-03-23T00:00:14+00:00","dateModified":"2025-03-21T17:32:43+00:00","author":{"@id":"https:\/\/www.em.com.br\/emfoco\/#\/schema\/person\/0a8186d72f2c3a5c6276d90b41f271a0"},"description":"Saiba como a bota branca est\u00e1 se reinventando na moda e criando looks modernos e elegantes para diferentes estilos e ocasi\u00f5es.","breadcrumb":{"@id":"https:\/\/www.em.com.br\/emfoco\/2025\/03\/22\/a-peca-coringa-que-vai-deixar-seu-estilo-mais-moderno-e-elegante-em-2025\/#breadcrumb"},"inLanguage":"pt-BR","potentialAction":[{"@type":"ReadAction","target":["https:\/\/www.em.com.br\/emfoco\/2025\/03\/22\/a-peca-coringa-que-vai-deixar-seu-estilo-mais-moderno-e-elegante-em-2025\/"]}]},{"@type":"ImageObject","inLanguage":"pt-BR","@id":"https:\/\/www.em.com.br\/emfoco\/2025\/03\/22\/a-peca-coringa-que-vai-deixar-seu-estilo-mais-moderno-e-elegante-em-2025\/#primaryimage","url":"https:\/\/www.em.com.br\/emfoco\/wp-content\/uploads\/2025\/03\/moda-bota-branca_1742576885964.jpg","contentUrl":"https:\/\/www.em.com.br\/emfoco\/wp-content\/uploads\/2025\/03\/moda-bota-branca_1742576885964.jpg","width":1280,"height":720,"caption":"Bota branca - Cr\u00e9ditos: depositphotos.com \/ ruseyskiy"},{"@type":"BreadcrumbList","@id":"https:\/\/www.em.com.br\/emfoco\/2025\/03\/22\/a-peca-coringa-que-vai-deixar-seu-estilo-mais-moderno-e-elegante-em-2025\/#breadcrumb","itemListElement":[{"@type":"ListItem","position":1,"name":"In\u00edcio","item":"https:\/\/www.em.com.br\/emfoco\/"},{"@type":"ListItem","position":2,"name":"O segredo para transformar seu visual com uma pe\u00e7a simples e cheia de estilo"}]},{"@type":"WebSite","@id":"https:\/\/www.em.com.br\/emfoco\/#website","url":"https:\/\/www.em.com.br\/emfoco\/","name":"Estado de Minas - Em foco","description":"Acompanhe as \u00faltimas not\u00edcias e fique bem informado sobre tudo o que acontece em Minas Gerais, Brasil e no mundo.","potentialAction":[{"@type":"SearchAction","target":{"@type":"EntryPoint","urlTemplate":"https:\/\/www.em.com.br\/emfoco\/?s={search_term_string}"},"query-input":{"@type":"PropertyValueSpecification","valueRequired":true,"valueName":"search_term_string"}}],"inLanguage":"pt-BR"},{"@type":"Person","@id":"https:\/\/www.em.com.br\/emfoco\/#\/schema\/person\/0a8186d72f2c3a5c6276d90b41f271a0","name":"Daniely Cardoso","image":{"@type":"ImageObject","inLanguage":"pt-BR","@id":"https:\/\/www.em.com.br\/emfoco\/#\/schema\/person\/image\/","url":"https:\/\/secure.gravatar.com\/avatar\/4b80ddbd124d1f071b626d52d62e5dff?s=96&d=mm&r=g","contentUrl":"https:\/\/secure.gravatar.com\/avatar\/4b80ddbd124d1f071b626d52d62e5dff?s=96&d=mm&r=g","caption":"Daniely Cardoso"},"url":"https:\/\/www.em.com.br\/emfoco\/author\/danielymyth\/"}]}},"_links":{"self":[{"href":"https:\/\/www.em.com.br\/emfoco\/wp-json\/wp\/v2\/posts\/31204","targetHints":{"allow":["GET"]}}],"collection":[{"href":"https:\/\/www.em.com.br\/emfoco\/wp-json\/wp\/v2\/posts"}],"about":[{"href":"https:\/\/www.em.com.br\/emfoco\/wp-json\/wp\/v2\/types\/post"}],"author":[{"embeddable":true,"href":"https:\/\/www.em.com.br\/emfoco\/wp-json\/wp\/v2\/users\/9"}],"replies":[{"embeddable":true,"href":"https:\/\/www.em.com.br\/emfoco\/wp-json\/wp\/v2\/comments?post=31204"}],"version-history":[{"count":3,"href":"https:\/\/www.em.com.br\/emfoco\/wp-json\/wp\/v2\/posts\/31204\/revisions"}],"predecessor-version":[{"id":31217,"href":"https:\/\/www.em.com.br\/emfoco\/wp-json\/wp\/v2\/posts\/31204\/revisions\/31217"}],"wp:featuredmedia":[{"embeddable":true,"href":"https:\/\/www.em.com.br\/emfoco\/wp-json\/wp\/v2\/media\/31215"}],"wp:attachment":[{"href":"https:\/\/www.em.com.br\/emfoco\/wp-json\/wp\/v2\/media?parent=31204"}],"wp:term":[{"taxonomy":"category","embeddable":true,"href":"https:\/\/www.em.com.br\/emfoco\/wp-json\/wp\/v2\/categories?post=31204"},{"taxonomy":"post_tag","embeddable":true,"href":"https:\/\/www.em.com.br\/emfoco\/wp-json\/wp\/v2\/tags?post=31204"}],"curies":[{"name":"wp","href":"https:\/\/api.w.org\/{rel}","templated":true}]}}