{"id":31140,"date":"2025-03-22T06:20:00","date_gmt":"2025-03-22T09:20:00","guid":{"rendered":"https:\/\/www.em.com.br\/emfoco\/?p=31140"},"modified":"2025-03-21T15:30:06","modified_gmt":"2025-03-21T18:30:06","slug":"o-clima-no-fim-de-semana-22-e-23-03-em-minas-gerais-tera-temperaturas-surpreendentes","status":"publish","type":"post","link":"https:\/\/www.em.com.br\/emfoco\/2025\/03\/22\/o-clima-no-fim-de-semana-22-e-23-03-em-minas-gerais-tera-temperaturas-surpreendentes\/","title":{"rendered":"O clima no fim de semana (22 e 23\/03) em Minas Gerais ter\u00e1 temperaturas surpreendentes"},"content":{"rendered":"\n<p>Com a chegada do outono, <strong><a href=\"https:\/\/www.em.com.br\/emfoco\/2025\/03\/20\/conheca-a-nova-casa-do-cafe-mais-antigo-que-belo-horizonte-o-charme-em-cada-detalhe\/\" target=\"_blank\" rel=\"noreferrer noopener\">Belo Horizonte<\/a> <\/strong>experimenta mudan\u00e7as significativas no clima, com dias mais amenos e noites frescas. Nos dias 22 e 23 de mar\u00e7o de 2025, as previs\u00f5es indicam oscila\u00e7\u00f5es entre o calor do dia e o frescor da noite, exigindo aten\u00e7\u00e3o para quem deseja planejar atividades ao ar livre.<\/p>\n\n\n\n<h2 class=\"wp-block-heading\">Como ficar\u00e1 a temperatura em Belo Horizonte nos pr\u00f3ximos dias<\/h2>\n\n\n\n<p>As previs\u00f5es meteorol\u00f3gicas apontam temperaturas vari\u00e1veis na capital mineira, refletindo o clima t\u00edpico da esta\u00e7\u00e3o. Confira as m\u00e1ximas e m\u00ednimas esperadas:<\/p>\n\n\n\n<ul class=\"wp-block-list\">\n<li><strong>22 de mar\u00e7o de 2025<\/strong>: m\u00e1xima de 28\u00b0C e m\u00ednima de 17\u00b0C<\/li>\n\n\n\n<li><strong>23 de mar\u00e7o de 2025<\/strong>: m\u00e1xima de 27\u00b0C e m\u00ednima de 16\u00b0C<\/li>\n<\/ul>\n\n\n\n<p>Essa oscila\u00e7\u00e3o entre o dia e a noite pode impactar a rotina dos moradores, exigindo roupas adequadas e planejamento para evitar desconfortos clim\u00e1ticos.<\/p>\n\n\n\n<h2 class=\"wp-block-heading\">Como estar\u00e1 o clima em outras cidades de Minas Gerais<\/h2>\n\n\n\n<p>Al\u00e9m de Belo Horizonte, outras cidades de <strong>Minas Gerais<\/strong> tamb\u00e9m enfrentar\u00e3o varia\u00e7\u00f5es clim\u00e1ticas nos dias 22 e 23 de mar\u00e7o. Veja as previs\u00f5es para algumas regi\u00f5es do estado:<\/p>\n\n\n\n<ul class=\"wp-block-list\">\n<li><strong>Uberl\u00e2ndia<\/strong>: m\u00e1xima de 30\u00b0C e m\u00ednima de 18\u00b0C<\/li>\n\n\n\n<li><strong>Juiz de Fora<\/strong>: m\u00e1xima de 26\u00b0C e m\u00ednima de 15\u00b0C no dia 22, e m\u00e1xima de 25\u00b0C e m\u00ednima de 14\u00b0C no dia 23<\/li>\n\n\n\n<li><strong>Montes Claros<\/strong>: m\u00e1xima de 32\u00b0C e m\u00ednima de 20\u00b0C<\/li>\n\n\n\n<li><strong>Governador Valadares<\/strong>: m\u00e1xima de 31\u00b0C e m\u00ednima de 19\u00b0C no dia 22, e m\u00e1xima de 30\u00b0C e m\u00ednima de 18\u00b0C no dia 23<\/li>\n<\/ul>\n\n\n\n<figure class=\"wp-block-image\"><img decoding=\"async\" src=\"https:\/\/www.em.com.br\/emfoco\/wp-content\/uploads\/2025\/03\/previsao-do-tempo_1742235943722-1024x576.jpg\" alt=\"\"\/><figcaption class=\"wp-element-caption\">Previs\u00e3o do tempo &#8211; Cr\u00e9ditos: depositphotos.com \/ ClassyCatStudio<\/figcaption><\/figure>\n\n\n\n<p>As diferen\u00e7as de temperatura entre as cidades refor\u00e7am a diversidade clim\u00e1tica de Minas Gerais e a import\u00e2ncia de acompanhar as previs\u00f5es regionais.<\/p>\n\n\n\n<h2 class=\"wp-block-heading\">Mudan\u00e7as clim\u00e1ticas e seus efeitos na regi\u00e3o Sudeste<\/h2>\n\n\n\n<p>Eventos extremos, como chuvas intensas e ondas de calor, tornaram-se mais frequentes na regi\u00e3o <strong>Sudeste <\/strong>do Brasil. Especialistas apontam que essas altera\u00e7\u00f5es s\u00e3o reflexo das <strong><a href=\"https:\/\/www.wwf.org.br\/natureza_brasileira\/reducao_de_impactos2\/clima\/mudancas_climaticas2\/\" target=\"_blank\" rel=\"noreferrer noopener\">mudan\u00e7as clim\u00e1ticas<\/a><\/strong> globais, impactando desde o meio ambiente at\u00e9 o dia a dia da popula\u00e7\u00e3o.<\/p>\n\n\n\n<p>A tend\u00eancia \u00e9 que essas mudan\u00e7as se intensifiquem nos pr\u00f3ximos anos, exigindo adapta\u00e7\u00f5es na infraestrutura urbana e no setor agr\u00edcola. A conscientiza\u00e7\u00e3o sobre o tema \u00e9 essencial para minimizar impactos e se preparar para cen\u00e1rios clim\u00e1ticos cada vez mais imprevis\u00edveis.<\/p>\n\n\n\n<h2 class=\"wp-block-heading\">Como interpretar a previs\u00e3o do tempo e evitar surpresas<\/h2>\n\n\n\n<p>Muitas pessoas ainda t\u00eam d\u00favidas sobre como interpretar corretamente a previs\u00e3o do tempo. Para evitar surpresas, siga estas dicas:<\/p>\n\n\n\n<ul class=\"wp-block-list\">\n<li>Observe a varia\u00e7\u00e3o entre temperatura m\u00e1xima e m\u00ednima<\/li>\n\n\n\n<li>Verifique a probabilidade de chuva e a intensidade dos ventos<\/li>\n\n\n\n<li>Fique atento a atualiza\u00e7\u00f5es, pois as previs\u00f5es podem mudar ao longo do dia<\/li>\n\n\n\n<li>Utilize aplicativos confi\u00e1veis, como Inmet e Climatempo, para informa\u00e7\u00f5es precisas<\/li>\n<\/ul>\n\n\n\n<p>Com essas orienta\u00e7\u00f5es, \u00e9 poss\u00edvel planejar melhor as atividades di\u00e1rias e se preparar para qualquer mudan\u00e7a no clima.<\/p>\n","protected":false},"excerpt":{"rendered":"<p>Com a chegada do outono, Belo Horizonte experimenta mudan\u00e7as significativas no clima, com dias mais amenos e noites frescas. Nos dias 22 e 23 de mar\u00e7o de 2025, as previs\u00f5es indicam oscila\u00e7\u00f5es entre o calor do dia e o frescor da noite, exigindo aten\u00e7\u00e3o para quem deseja planejar atividades ao ar livre. Como ficar\u00e1 a [&hellip;]<\/p>\n","protected":false},"author":11,"featured_media":31160,"comment_status":"open","ping_status":"open","sticky":false,"template":"","format":"standard","meta":{"jnews-multi-image_gallery":[],"jnews_single_post":{"format":"standard"},"jnews_primary_category":[],"jnews_social_meta":[],"jnews_override_counter":[],"footnotes":""},"categories":[30,1],"tags":[207,251,1192],"class_list":["post-31140","post","type-post","status-publish","format-standard","has-post-thumbnail","hentry","category-clima","category-noticias","tag-minas-gerais","tag-previsao-do-tempo","tag-sudeste"],"yoast_head":"<!-- This site is optimized with the Yoast SEO plugin v23.8 - https:\/\/yoast.com\/wordpress\/plugins\/seo\/ -->\n<title>O clima no fim de semana (22 e 23\/03) em Minas Gerais ter\u00e1 temperaturas surpreendentes - Estado de Minas - Em foco<\/title>\n<meta name=\"description\" content=\"O clima em Minas Gerais ter\u00e1 varia\u00e7\u00f5es significativas neste fim de semana. Confira as temperaturas previstas para Minas Gerais e Sudeste.\" \/>\n<meta name=\"robots\" content=\"index, follow, max-snippet:-1, max-image-preview:large, max-video-preview:-1\" \/>\n<link rel=\"canonical\" href=\"https:\/\/www.em.com.br\/emfoco\/2025\/03\/22\/o-clima-no-fim-de-semana-22-e-23-03-em-minas-gerais-tera-temperaturas-surpreendentes\/\" \/>\n<meta property=\"og:locale\" content=\"pt_BR\" \/>\n<meta property=\"og:type\" content=\"article\" \/>\n<meta property=\"og:title\" content=\"O clima no fim de semana (22 e 23\/03) em Minas Gerais ter\u00e1 temperaturas surpreendentes - Estado de Minas - Em foco\" \/>\n<meta property=\"og:description\" content=\"O clima em Minas Gerais ter\u00e1 varia\u00e7\u00f5es significativas neste fim de semana. Confira as temperaturas previstas para Minas Gerais e Sudeste.\" \/>\n<meta property=\"og:url\" content=\"https:\/\/www.em.com.br\/emfoco\/2025\/03\/22\/o-clima-no-fim-de-semana-22-e-23-03-em-minas-gerais-tera-temperaturas-surpreendentes\/\" \/>\n<meta property=\"og:site_name\" content=\"Estado de Minas - Em foco\" \/>\n<meta property=\"article:published_time\" content=\"2025-03-22T09:20:00+00:00\" \/>\n<meta property=\"article:modified_time\" content=\"2025-03-21T18:30:06+00:00\" \/>\n<meta property=\"og:image\" content=\"https:\/\/www.em.com.br\/emfoco\/wp-content\/uploads\/2025\/03\/clima-outono_1742572605222.jpg\" \/>\n\t<meta property=\"og:image:width\" content=\"1280\" \/>\n\t<meta property=\"og:image:height\" content=\"720\" \/>\n\t<meta property=\"og:image:type\" content=\"image\/jpeg\" \/>\n<meta name=\"author\" content=\"Andre\u0301 Rangel\u00a0\" \/>\n<meta name=\"twitter:card\" content=\"summary_large_image\" \/>\n<meta name=\"twitter:label1\" content=\"Escrito por\" \/>\n\t<meta name=\"twitter:data1\" content=\"Andre\u0301 Rangel\u00a0\" \/>\n\t<meta name=\"twitter:label2\" content=\"Est. tempo de leitura\" \/>\n\t<meta name=\"twitter:data2\" content=\"3 minutos\" \/>\n<!-- \/ Yoast SEO plugin. -->","yoast_head_json":{"title":"O clima no fim de semana (22 e 23\/03) em Minas Gerais ter\u00e1 temperaturas surpreendentes - Estado de Minas - Em foco","description":"O clima em Minas Gerais ter\u00e1 varia\u00e7\u00f5es significativas neste fim de semana. Confira as temperaturas previstas para Minas Gerais e Sudeste.","robots":{"index":"index","follow":"follow","max-snippet":"max-snippet:-1","max-image-preview":"max-image-preview:large","max-video-preview":"max-video-preview:-1"},"canonical":"https:\/\/www.em.com.br\/emfoco\/2025\/03\/22\/o-clima-no-fim-de-semana-22-e-23-03-em-minas-gerais-tera-temperaturas-surpreendentes\/","og_locale":"pt_BR","og_type":"article","og_title":"O clima no fim de semana (22 e 23\/03) em Minas Gerais ter\u00e1 temperaturas surpreendentes - Estado de Minas - Em foco","og_description":"O clima em Minas Gerais ter\u00e1 varia\u00e7\u00f5es significativas neste fim de semana. Confira as temperaturas previstas para Minas Gerais e Sudeste.","og_url":"https:\/\/www.em.com.br\/emfoco\/2025\/03\/22\/o-clima-no-fim-de-semana-22-e-23-03-em-minas-gerais-tera-temperaturas-surpreendentes\/","og_site_name":"Estado de Minas - Em foco","article_published_time":"2025-03-22T09:20:00+00:00","article_modified_time":"2025-03-21T18:30:06+00:00","og_image":[{"width":1280,"height":720,"url":"https:\/\/www.em.com.br\/emfoco\/wp-content\/uploads\/2025\/03\/clima-outono_1742572605222.jpg","type":"image\/jpeg"}],"author":"Andre\u0301 Rangel\u00a0","twitter_card":"summary_large_image","twitter_misc":{"Escrito por":"Andre\u0301 Rangel\u00a0","Est. tempo de leitura":"3 minutos"},"schema":{"@context":"https:\/\/schema.org","@graph":[{"@type":"WebPage","@id":"https:\/\/www.em.com.br\/emfoco\/2025\/03\/22\/o-clima-no-fim-de-semana-22-e-23-03-em-minas-gerais-tera-temperaturas-surpreendentes\/","url":"https:\/\/www.em.com.br\/emfoco\/2025\/03\/22\/o-clima-no-fim-de-semana-22-e-23-03-em-minas-gerais-tera-temperaturas-surpreendentes\/","name":"O clima no fim de semana (22 e 23\/03) em Minas Gerais ter\u00e1 temperaturas surpreendentes - Estado de Minas - Em foco","isPartOf":{"@id":"https:\/\/www.em.com.br\/emfoco\/#website"},"primaryImageOfPage":{"@id":"https:\/\/www.em.com.br\/emfoco\/2025\/03\/22\/o-clima-no-fim-de-semana-22-e-23-03-em-minas-gerais-tera-temperaturas-surpreendentes\/#primaryimage"},"image":{"@id":"https:\/\/www.em.com.br\/emfoco\/2025\/03\/22\/o-clima-no-fim-de-semana-22-e-23-03-em-minas-gerais-tera-temperaturas-surpreendentes\/#primaryimage"},"thumbnailUrl":"https:\/\/www.em.com.br\/emfoco\/wp-content\/uploads\/2025\/03\/clima-outono_1742572605222.jpg","datePublished":"2025-03-22T09:20:00+00:00","dateModified":"2025-03-21T18:30:06+00:00","author":{"@id":"https:\/\/www.em.com.br\/emfoco\/#\/schema\/person\/60eda09c1fedf0d6891f4cef4b60b8b8"},"description":"O clima em Minas Gerais ter\u00e1 varia\u00e7\u00f5es significativas neste fim de semana. Confira as temperaturas previstas para Minas Gerais e Sudeste.","breadcrumb":{"@id":"https:\/\/www.em.com.br\/emfoco\/2025\/03\/22\/o-clima-no-fim-de-semana-22-e-23-03-em-minas-gerais-tera-temperaturas-surpreendentes\/#breadcrumb"},"inLanguage":"pt-BR","potentialAction":[{"@type":"ReadAction","target":["https:\/\/www.em.com.br\/emfoco\/2025\/03\/22\/o-clima-no-fim-de-semana-22-e-23-03-em-minas-gerais-tera-temperaturas-surpreendentes\/"]}]},{"@type":"ImageObject","inLanguage":"pt-BR","@id":"https:\/\/www.em.com.br\/emfoco\/2025\/03\/22\/o-clima-no-fim-de-semana-22-e-23-03-em-minas-gerais-tera-temperaturas-surpreendentes\/#primaryimage","url":"https:\/\/www.em.com.br\/emfoco\/wp-content\/uploads\/2025\/03\/clima-outono_1742572605222.jpg","contentUrl":"https:\/\/www.em.com.br\/emfoco\/wp-content\/uploads\/2025\/03\/clima-outono_1742572605222.jpg","width":1280,"height":720,"caption":"Clima - Cr\u00e9ditos: depositphotos.com \/ ifeelstock"},{"@type":"BreadcrumbList","@id":"https:\/\/www.em.com.br\/emfoco\/2025\/03\/22\/o-clima-no-fim-de-semana-22-e-23-03-em-minas-gerais-tera-temperaturas-surpreendentes\/#breadcrumb","itemListElement":[{"@type":"ListItem","position":1,"name":"In\u00edcio","item":"https:\/\/www.em.com.br\/emfoco\/"},{"@type":"ListItem","position":2,"name":"O clima no fim de semana (22 e 23\/03) em Minas Gerais ter\u00e1 temperaturas surpreendentes"}]},{"@type":"WebSite","@id":"https:\/\/www.em.com.br\/emfoco\/#website","url":"https:\/\/www.em.com.br\/emfoco\/","name":"Estado de Minas - Em foco","description":"Acompanhe as \u00faltimas not\u00edcias e fique bem informado sobre tudo o que acontece em Minas Gerais, Brasil e no mundo.","potentialAction":[{"@type":"SearchAction","target":{"@type":"EntryPoint","urlTemplate":"https:\/\/www.em.com.br\/emfoco\/?s={search_term_string}"},"query-input":{"@type":"PropertyValueSpecification","valueRequired":true,"valueName":"search_term_string"}}],"inLanguage":"pt-BR"},{"@type":"Person","@id":"https:\/\/www.em.com.br\/emfoco\/#\/schema\/person\/60eda09c1fedf0d6891f4cef4b60b8b8","name":"Andre\u0301 Rangel\u00a0","image":{"@type":"ImageObject","inLanguage":"pt-BR","@id":"https:\/\/www.em.com.br\/emfoco\/#\/schema\/person\/image\/","url":"https:\/\/secure.gravatar.com\/avatar\/6234dc814c77c8ef6d8bba622c787efc?s=96&d=mm&r=g","contentUrl":"https:\/\/secure.gravatar.com\/avatar\/6234dc814c77c8ef6d8bba622c787efc?s=96&d=mm&r=g","caption":"Andre\u0301 Rangel\u00a0"},"url":"https:\/\/www.em.com.br\/emfoco\/author\/luizmyth\/"}]}},"_links":{"self":[{"href":"https:\/\/www.em.com.br\/emfoco\/wp-json\/wp\/v2\/posts\/31140","targetHints":{"allow":["GET"]}}],"collection":[{"href":"https:\/\/www.em.com.br\/emfoco\/wp-json\/wp\/v2\/posts"}],"about":[{"href":"https:\/\/www.em.com.br\/emfoco\/wp-json\/wp\/v2\/types\/post"}],"author":[{"embeddable":true,"href":"https:\/\/www.em.com.br\/emfoco\/wp-json\/wp\/v2\/users\/11"}],"replies":[{"embeddable":true,"href":"https:\/\/www.em.com.br\/emfoco\/wp-json\/wp\/v2\/comments?post=31140"}],"version-history":[{"count":6,"href":"https:\/\/www.em.com.br\/emfoco\/wp-json\/wp\/v2\/posts\/31140\/revisions"}],"predecessor-version":[{"id":31162,"href":"https:\/\/www.em.com.br\/emfoco\/wp-json\/wp\/v2\/posts\/31140\/revisions\/31162"}],"wp:featuredmedia":[{"embeddable":true,"href":"https:\/\/www.em.com.br\/emfoco\/wp-json\/wp\/v2\/media\/31160"}],"wp:attachment":[{"href":"https:\/\/www.em.com.br\/emfoco\/wp-json\/wp\/v2\/media?parent=31140"}],"wp:term":[{"taxonomy":"category","embeddable":true,"href":"https:\/\/www.em.com.br\/emfoco\/wp-json\/wp\/v2\/categories?post=31140"},{"taxonomy":"post_tag","embeddable":true,"href":"https:\/\/www.em.com.br\/emfoco\/wp-json\/wp\/v2\/tags?post=31140"}],"curies":[{"name":"wp","href":"https:\/\/api.w.org\/{rel}","templated":true}]}}