{"id":31063,"date":"2025-03-25T10:00:11","date_gmt":"2025-03-25T13:00:11","guid":{"rendered":"https:\/\/www.em.com.br\/emfoco\/?p=31063"},"modified":"2025-03-25T10:00:12","modified_gmt":"2025-03-25T13:00:12","slug":"nova-regra-do-imposto-de-renda-surpreende-e-isenta-milhoes-de-brasileiros","status":"publish","type":"post","link":"https:\/\/www.em.com.br\/emfoco\/2025\/03\/25\/nova-regra-do-imposto-de-renda-surpreende-e-isenta-milhoes-de-brasileiros\/","title":{"rendered":"Nova regra do Imposto de Renda surpreende e isenta milh\u00f5es de brasileiros!"},"content":{"rendered":"\n<p>Em mar\u00e7o de 2025, o presidente <strong>Luiz In\u00e1cio Lula da Silva<\/strong> assinou um projeto de lei que promete transformar a estrutura tribut\u00e1ria do <strong>Brasil<\/strong>. A proposta prev\u00ea a isen\u00e7\u00e3o do <strong>Imposto de Renda<\/strong> para indiv\u00edduos que recebem at\u00e9 R$ 5 mil mensais a partir de 2026. Esta mudan\u00e7a representa a maior altera\u00e7\u00e3o na tabela do IR em anos recentes e visa beneficiar cerca de 90% dos contribuintes, proporcionando um aumento significativo na renda dispon\u00edvel.<\/p>\n\n\n\n<p>O ministro da <strong>Fazenda, Fernando Haddad<\/strong>, destacou que est\u00e1 medida n\u00e3o busca aumentar a arrecada\u00e7\u00e3o, mas sim promover justi\u00e7a social e fiscal. A \u00faltima atualiza\u00e7\u00e3o significativa na tabela do IR havia ocorrido em 2015, e desde ent\u00e3o, muitos trabalhadores passaram a pagar impostos devido \u00e0 defasagem da tabela em rela\u00e7\u00e3o \u00e0 infla\u00e7\u00e3o.<\/p>\n\n\n\n<h2 class=\"wp-block-heading\">Quais s\u00e3o os benef\u00edcios da nova faixa de isen\u00e7\u00e3o?<\/h2>\n\n\n\n<p>A amplia\u00e7\u00e3o da faixa de isen\u00e7\u00e3o do Imposto de Renda traz uma s\u00e9rie de benef\u00edcios diretos para os trabalhadores brasileiros. Com a nova regra, 10 milh\u00f5es de brasileiros deixar\u00e3o de pagar o imposto, somando-se aos 10 milh\u00f5es que j\u00e1 foram beneficiados pelas mudan\u00e7as anteriores em 2023 e 2024. No total, 20 milh\u00f5es de trabalhadores estar\u00e3o isentos.<\/p>\n\n\n\n<ul class=\"wp-block-list\">\n<li><strong>Mais dinheiro no bolso:<\/strong> A redu\u00e7\u00e3o do imposto retido na fonte aumenta a renda l\u00edquida dos trabalhadores, permitindo mais gastos em necessidades b\u00e1sicas, lazer e investimentos.<\/li>\n\n\n\n<li><strong>Justi\u00e7a tribut\u00e1ria:<\/strong> A medida corrige a defasagem hist\u00f3rica da tabela do IR, beneficiando principalmente a classe trabalhadora.<\/li>\n\n\n\n<li><strong>Est\u00edmulo econ\u00f4mico:<\/strong> Com mais dinheiro em circula\u00e7\u00e3o, o consumo aumenta, impulsionando o crescimento econ\u00f4mico e a gera\u00e7\u00e3o de empregos.<\/li>\n<\/ul>\n\n\n\n<figure class=\"wp-block-image size-large\"><img loading=\"lazy\" decoding=\"async\" width=\"1024\" height=\"576\" src=\"https:\/\/www.em.com.br\/emfoco\/wp-content\/uploads\/2025\/02\/esse-1-77-1024x576.jpg\" alt=\"Receita Federal faz alerta sobre o Imposto de Renda 2025 e surpreende contribuintes\" class=\"wp-image-21297\" srcset=\"https:\/\/www.em.com.br\/emfoco\/wp-content\/uploads\/2025\/02\/esse-1-77-1024x576.jpg 1024w, https:\/\/www.em.com.br\/emfoco\/wp-content\/uploads\/2025\/02\/esse-1-77-300x169.jpg 300w, https:\/\/www.em.com.br\/emfoco\/wp-content\/uploads\/2025\/02\/esse-1-77-768x432.jpg 768w, https:\/\/www.em.com.br\/emfoco\/wp-content\/uploads\/2025\/02\/esse-1-77-750x422.jpg 750w, https:\/\/www.em.com.br\/emfoco\/wp-content\/uploads\/2025\/02\/esse-1-77-1140x641.jpg 1140w, https:\/\/www.em.com.br\/emfoco\/wp-content\/uploads\/2025\/02\/esse-1-77.jpg 1280w\" sizes=\"auto, (max-width: 1024px) 100vw, 1024px\" \/><figcaption class=\"wp-element-caption\">Receita Federal (Cr\u00e9ditos: depositphotos.com \/ rmcarvalhobsb)<\/figcaption><\/figure>\n\n\n\n<h2 class=\"wp-block-heading\">Como funciona a compensa\u00e7\u00e3o da receita perdida?<\/h2>\n\n\n\n<p>Para compensar a redu\u00e7\u00e3o na arrecada\u00e7\u00e3o, estimada em R$ 25,84 bilh\u00f5es em 2026, o governo prop\u00f5e a tributa\u00e7\u00e3o m\u00ednima para altas rendas e dividendos do exterior. A expectativa \u00e9 que essa medida gere uma receita adicional de R$ 25,22 bilh\u00f5es, al\u00e9m de R$ 8,9 bilh\u00f5es provenientes da tributa\u00e7\u00e3o de 10% sobre remessas de dividendos para o exterior.<\/p>\n\n\n\n<ol class=\"wp-block-list\">\n<li>A tributa\u00e7\u00e3o m\u00ednima ser\u00e1 progressiva, afetando apenas aqueles que ganham mais de R$ 600 mil por ano.<\/li>\n\n\n\n<li>Rendimentos como poupan\u00e7a, heran\u00e7a e venda de bens ser\u00e3o exclu\u00eddos do c\u00e1lculo do imposto devido.<\/li>\n\n\n\n<li>A medida impactar\u00e1 apenas 0,13% dos contribuintes, ou seja, cerca de 141 mil pessoas.<\/li>\n<\/ol>\n\n\n\n<h2 class=\"wp-block-heading\">O impacto econ\u00f4mico e social da reforma<\/h2>\n\n\n\n<p>A nova pol\u00edtica tribut\u00e1ria n\u00e3o apenas alivia a carga sobre os trabalhadores, mas tamb\u00e9m promete um impacto positivo na economia como um todo. Com mais dinheiro dispon\u00edvel, espera-se um aumento no consumo de bens e servi\u00e7os, o que, por sua vez, aumentar\u00e1 a arrecada\u00e7\u00e3o de impostos estaduais e municipais, como <strong>ICMS e ISS<\/strong>.<\/p>\n\n\n\n<p>Al\u00e9m disso, a reforma tribut\u00e1ria aprovada em 2023, que altera a cobran\u00e7a de impostos para o local de consumo, favorece estados e munic\u00edpios menos desenvolvidos, ajudando a reduzir desigualdades regionais. O <strong>Fundo Nacional de Desenvolvimento Regional<\/strong>, com um aporte anual de R$ 60 bilh\u00f5es, tamb\u00e9m contribuir\u00e1 para o crescimento das regi\u00f5es menos favorecidas.<\/p>\n\n\n\n<p>Em suma, a amplia\u00e7\u00e3o da isen\u00e7\u00e3o do Imposto de Renda representa um passo significativo em dire\u00e7\u00e3o a uma maior equidade fiscal no Brasil, beneficiando milh\u00f5es de trabalhadores e estimulando o crescimento econ\u00f4mico de forma sustent\u00e1vel.<\/p>\n","protected":false},"excerpt":{"rendered":"<p>Em mar\u00e7o de 2025, o presidente Luiz In\u00e1cio Lula da Silva assinou um projeto de lei que promete transformar a estrutura tribut\u00e1ria do Brasil. A proposta prev\u00ea a isen\u00e7\u00e3o do Imposto de Renda para indiv\u00edduos que recebem at\u00e9 R$ 5 mil mensais a partir de 2026. Esta mudan\u00e7a representa a maior altera\u00e7\u00e3o na tabela do [&hellip;]<\/p>\n","protected":false},"author":5,"featured_media":16180,"comment_status":"open","ping_status":"open","sticky":false,"template":"","format":"standard","meta":{"jnews-multi-image_gallery":[],"jnews_single_post":{"format":"standard"},"jnews_primary_category":[],"jnews_social_meta":[],"jnews_override_counter":[],"footnotes":""},"categories":[28,1],"tags":[158,5315,713],"class_list":["post-31063","post","type-post","status-publish","format-standard","has-post-thumbnail","hentry","category-economia","category-noticias","tag-brasil","tag-declaracao-de-imposto","tag-imposto-de-renda"],"yoast_head":"<!-- This site is optimized with the Yoast SEO plugin v23.8 - https:\/\/yoast.com\/wordpress\/plugins\/seo\/ -->\n<title>Nova regra do Imposto de Renda surpreende e isenta milh\u00f5es de brasileiros! - Estado de Minas - Em foco<\/title>\n<meta name=\"description\" content=\"O imposto de renda ter\u00e1 nova faixa de isen\u00e7\u00e3o e beneficiar\u00e1 milh\u00f5es de contribuintes; Saiba mais e se prepare!\" \/>\n<meta name=\"robots\" content=\"index, follow, max-snippet:-1, max-image-preview:large, max-video-preview:-1\" \/>\n<link rel=\"canonical\" href=\"https:\/\/www.em.com.br\/emfoco\/2025\/03\/25\/nova-regra-do-imposto-de-renda-surpreende-e-isenta-milhoes-de-brasileiros\/\" \/>\n<meta property=\"og:locale\" content=\"pt_BR\" \/>\n<meta property=\"og:type\" content=\"article\" \/>\n<meta property=\"og:title\" content=\"Nova regra do Imposto de Renda surpreende e isenta milh\u00f5es de brasileiros! - Estado de Minas - Em foco\" \/>\n<meta property=\"og:description\" content=\"O imposto de renda ter\u00e1 nova faixa de isen\u00e7\u00e3o e beneficiar\u00e1 milh\u00f5es de contribuintes; Saiba mais e se prepare!\" \/>\n<meta property=\"og:url\" content=\"https:\/\/www.em.com.br\/emfoco\/2025\/03\/25\/nova-regra-do-imposto-de-renda-surpreende-e-isenta-milhoes-de-brasileiros\/\" \/>\n<meta property=\"og:site_name\" content=\"Estado de Minas - Em foco\" \/>\n<meta property=\"article:published_time\" content=\"2025-03-25T13:00:11+00:00\" \/>\n<meta property=\"article:modified_time\" content=\"2025-03-25T13:00:12+00:00\" \/>\n<meta property=\"og:image\" content=\"https:\/\/www.em.com.br\/emfoco\/wp-content\/uploads\/2025\/02\/esse-42.jpg\" \/>\n\t<meta property=\"og:image:width\" content=\"1280\" \/>\n\t<meta property=\"og:image:height\" content=\"720\" \/>\n\t<meta property=\"og:image:type\" content=\"image\/jpeg\" \/>\n<meta name=\"author\" content=\"N\u00fabia Rangel\" \/>\n<meta name=\"twitter:card\" content=\"summary_large_image\" \/>\n<meta name=\"twitter:label1\" content=\"Escrito por\" \/>\n\t<meta name=\"twitter:data1\" content=\"N\u00fabia Rangel\" \/>\n\t<meta name=\"twitter:label2\" content=\"Est. tempo de leitura\" \/>\n\t<meta name=\"twitter:data2\" content=\"4 minutos\" \/>\n<!-- \/ Yoast SEO plugin. -->","yoast_head_json":{"title":"Nova regra do Imposto de Renda surpreende e isenta milh\u00f5es de brasileiros! - Estado de Minas - Em foco","description":"O imposto de renda ter\u00e1 nova faixa de isen\u00e7\u00e3o e beneficiar\u00e1 milh\u00f5es de contribuintes; Saiba mais e se prepare!","robots":{"index":"index","follow":"follow","max-snippet":"max-snippet:-1","max-image-preview":"max-image-preview:large","max-video-preview":"max-video-preview:-1"},"canonical":"https:\/\/www.em.com.br\/emfoco\/2025\/03\/25\/nova-regra-do-imposto-de-renda-surpreende-e-isenta-milhoes-de-brasileiros\/","og_locale":"pt_BR","og_type":"article","og_title":"Nova regra do Imposto de Renda surpreende e isenta milh\u00f5es de brasileiros! - Estado de Minas - Em foco","og_description":"O imposto de renda ter\u00e1 nova faixa de isen\u00e7\u00e3o e beneficiar\u00e1 milh\u00f5es de contribuintes; Saiba mais e se prepare!","og_url":"https:\/\/www.em.com.br\/emfoco\/2025\/03\/25\/nova-regra-do-imposto-de-renda-surpreende-e-isenta-milhoes-de-brasileiros\/","og_site_name":"Estado de Minas - Em foco","article_published_time":"2025-03-25T13:00:11+00:00","article_modified_time":"2025-03-25T13:00:12+00:00","og_image":[{"width":1280,"height":720,"url":"https:\/\/www.em.com.br\/emfoco\/wp-content\/uploads\/2025\/02\/esse-42.jpg","type":"image\/jpeg"}],"author":"N\u00fabia Rangel","twitter_card":"summary_large_image","twitter_misc":{"Escrito por":"N\u00fabia Rangel","Est. tempo de leitura":"4 minutos"},"schema":{"@context":"https:\/\/schema.org","@graph":[{"@type":"WebPage","@id":"https:\/\/www.em.com.br\/emfoco\/2025\/03\/25\/nova-regra-do-imposto-de-renda-surpreende-e-isenta-milhoes-de-brasileiros\/","url":"https:\/\/www.em.com.br\/emfoco\/2025\/03\/25\/nova-regra-do-imposto-de-renda-surpreende-e-isenta-milhoes-de-brasileiros\/","name":"Nova regra do Imposto de Renda surpreende e isenta milh\u00f5es de brasileiros! - Estado de Minas - Em foco","isPartOf":{"@id":"https:\/\/www.em.com.br\/emfoco\/#website"},"primaryImageOfPage":{"@id":"https:\/\/www.em.com.br\/emfoco\/2025\/03\/25\/nova-regra-do-imposto-de-renda-surpreende-e-isenta-milhoes-de-brasileiros\/#primaryimage"},"image":{"@id":"https:\/\/www.em.com.br\/emfoco\/2025\/03\/25\/nova-regra-do-imposto-de-renda-surpreende-e-isenta-milhoes-de-brasileiros\/#primaryimage"},"thumbnailUrl":"https:\/\/www.em.com.br\/emfoco\/wp-content\/uploads\/2025\/02\/esse-42.jpg","datePublished":"2025-03-25T13:00:11+00:00","dateModified":"2025-03-25T13:00:12+00:00","author":{"@id":"https:\/\/www.em.com.br\/emfoco\/#\/schema\/person\/524437ef54f8a5d32591b143307f2e20"},"description":"O imposto de renda ter\u00e1 nova faixa de isen\u00e7\u00e3o e beneficiar\u00e1 milh\u00f5es de contribuintes; Saiba mais e se prepare!","breadcrumb":{"@id":"https:\/\/www.em.com.br\/emfoco\/2025\/03\/25\/nova-regra-do-imposto-de-renda-surpreende-e-isenta-milhoes-de-brasileiros\/#breadcrumb"},"inLanguage":"pt-BR","potentialAction":[{"@type":"ReadAction","target":["https:\/\/www.em.com.br\/emfoco\/2025\/03\/25\/nova-regra-do-imposto-de-renda-surpreende-e-isenta-milhoes-de-brasileiros\/"]}]},{"@type":"ImageObject","inLanguage":"pt-BR","@id":"https:\/\/www.em.com.br\/emfoco\/2025\/03\/25\/nova-regra-do-imposto-de-renda-surpreende-e-isenta-milhoes-de-brasileiros\/#primaryimage","url":"https:\/\/www.em.com.br\/emfoco\/wp-content\/uploads\/2025\/02\/esse-42.jpg","contentUrl":"https:\/\/www.em.com.br\/emfoco\/wp-content\/uploads\/2025\/02\/esse-42.jpg","width":1280,"height":720,"caption":"Presidente Lula - Cr\u00e9ditos: Wikimedia Commons"},{"@type":"BreadcrumbList","@id":"https:\/\/www.em.com.br\/emfoco\/2025\/03\/25\/nova-regra-do-imposto-de-renda-surpreende-e-isenta-milhoes-de-brasileiros\/#breadcrumb","itemListElement":[{"@type":"ListItem","position":1,"name":"In\u00edcio","item":"https:\/\/www.em.com.br\/emfoco\/"},{"@type":"ListItem","position":2,"name":"Nova regra do Imposto de Renda surpreende e isenta milh\u00f5es de brasileiros!"}]},{"@type":"WebSite","@id":"https:\/\/www.em.com.br\/emfoco\/#website","url":"https:\/\/www.em.com.br\/emfoco\/","name":"Estado de Minas - Em foco","description":"Acompanhe as \u00faltimas not\u00edcias e fique bem informado sobre tudo o que acontece em Minas Gerais, Brasil e no mundo.","potentialAction":[{"@type":"SearchAction","target":{"@type":"EntryPoint","urlTemplate":"https:\/\/www.em.com.br\/emfoco\/?s={search_term_string}"},"query-input":{"@type":"PropertyValueSpecification","valueRequired":true,"valueName":"search_term_string"}}],"inLanguage":"pt-BR"},{"@type":"Person","@id":"https:\/\/www.em.com.br\/emfoco\/#\/schema\/person\/524437ef54f8a5d32591b143307f2e20","name":"N\u00fabia Rangel","image":{"@type":"ImageObject","inLanguage":"pt-BR","@id":"https:\/\/www.em.com.br\/emfoco\/#\/schema\/person\/image\/","url":"https:\/\/secure.gravatar.com\/avatar\/47cff2827a5ba23c37e8068c86817ea4?s=96&d=mm&r=g","contentUrl":"https:\/\/secure.gravatar.com\/avatar\/47cff2827a5ba23c37e8068c86817ea4?s=96&d=mm&r=g","caption":"N\u00fabia Rangel"},"sameAs":["https:\/\/www.em.com.br\/emfoco\/"],"url":"https:\/\/www.em.com.br\/emfoco\/author\/nubiamyth\/"}]}},"_links":{"self":[{"href":"https:\/\/www.em.com.br\/emfoco\/wp-json\/wp\/v2\/posts\/31063","targetHints":{"allow":["GET"]}}],"collection":[{"href":"https:\/\/www.em.com.br\/emfoco\/wp-json\/wp\/v2\/posts"}],"about":[{"href":"https:\/\/www.em.com.br\/emfoco\/wp-json\/wp\/v2\/types\/post"}],"author":[{"embeddable":true,"href":"https:\/\/www.em.com.br\/emfoco\/wp-json\/wp\/v2\/users\/5"}],"replies":[{"embeddable":true,"href":"https:\/\/www.em.com.br\/emfoco\/wp-json\/wp\/v2\/comments?post=31063"}],"version-history":[{"count":4,"href":"https:\/\/www.em.com.br\/emfoco\/wp-json\/wp\/v2\/posts\/31063\/revisions"}],"predecessor-version":[{"id":31955,"href":"https:\/\/www.em.com.br\/emfoco\/wp-json\/wp\/v2\/posts\/31063\/revisions\/31955"}],"wp:featuredmedia":[{"embeddable":true,"href":"https:\/\/www.em.com.br\/emfoco\/wp-json\/wp\/v2\/media\/16180"}],"wp:attachment":[{"href":"https:\/\/www.em.com.br\/emfoco\/wp-json\/wp\/v2\/media?parent=31063"}],"wp:term":[{"taxonomy":"category","embeddable":true,"href":"https:\/\/www.em.com.br\/emfoco\/wp-json\/wp\/v2\/categories?post=31063"},{"taxonomy":"post_tag","embeddable":true,"href":"https:\/\/www.em.com.br\/emfoco\/wp-json\/wp\/v2\/tags?post=31063"}],"curies":[{"name":"wp","href":"https:\/\/api.w.org\/{rel}","templated":true}]}}