{"id":30838,"date":"2025-03-23T10:20:00","date_gmt":"2025-03-23T13:20:00","guid":{"rendered":"https:\/\/www.em.com.br\/emfoco\/?p=30838"},"modified":"2025-03-21T16:00:26","modified_gmt":"2025-03-21T19:00:26","slug":"a-cidade-que-parece-ter-saido-de-um-conto-de-fadas","status":"publish","type":"post","link":"https:\/\/www.em.com.br\/emfoco\/2025\/03\/23\/a-cidade-que-parece-ter-saido-de-um-conto-de-fadas\/","title":{"rendered":"A cidade que parece ter sa\u00eddo de um conto de fadas"},"content":{"rendered":"\n<p><strong>Kyoto<\/strong>, localizada no cora\u00e7\u00e3o do <strong>Jap\u00e3o<\/strong>, \u00e9 uma cidade que combina de forma \u00fanica a tradi\u00e7\u00e3o e a modernidade. Conhecida por ser um dos principais centros culturais do pa\u00eds, Kyoto oferece aos visitantes uma experi\u00eancia rica em hist\u00f3ria e beleza natural. A cidade \u00e9 um destino ideal para aqueles que desejam explorar as tradi\u00e7\u00f5es japonesas em um cen\u00e1rio contempor\u00e2neo.<\/p>\n\n\n\n<p>Com uma hist\u00f3ria que se estende por mais de mil anos, Kyoto j\u00e1 foi a capital do Jap\u00e3o e ainda hoje preserva seu legado atrav\u00e9s de uma arquitetura impressionante e uma variedade de eventos culturais. A cidade abriga centenas de templos e santu\u00e1rios, cada um com sua pr\u00f3pria hist\u00f3ria e significado.<\/p>\n\n\n\n<h2 class=\"wp-block-heading\">Quais s\u00e3o os principais pontos tur\u00edsticos de Kyoto?<\/h2>\n\n\n\n<p>Entre os muitos marcos hist\u00f3ricos de Kyoto, o <strong>Templo Kinkaku-ji<\/strong>, tamb\u00e9m conhecido como <strong>Pavilh\u00e3o Dourado<\/strong>, \u00e9 um dos mais famosos. Este templo \u00e9 conhecido por seu revestimento em folhas de ouro, que brilha intensamente sob a luz do sol. Outro local ic\u00f4nico \u00e9 o <strong>Santu\u00e1rio Fushimi Inari<\/strong>, famoso por seus milhares de portais torii vermelhos que formam caminhos sinuosos atrav\u00e9s das colinas.<\/p>\n\n\n\n<p>O <strong>Pal\u00e1cio Imperial de Kyoto<\/strong> \u00e9 outro ponto de interesse, oferecendo um vislumbre da antiga gl\u00f3ria imperial do Jap\u00e3o. O <strong><a href=\"https:\/\/www.japan.travel\/pt\/spot\/2199\/\" target=\"_blank\" rel=\"noreferrer noopener\">Templo Kiyomizu-dera<\/a><\/strong>, com sua varanda que proporciona vistas deslumbrantes da cidade, \u00e9 um local de contempla\u00e7\u00e3o e beleza natural que atrai visitantes de todo o mundo.<\/p>\n\n\n\n<figure class=\"wp-block-image size-large\"><img loading=\"lazy\" decoding=\"async\" width=\"1024\" height=\"576\" src=\"https:\/\/www.em.com.br\/emfoco\/wp-content\/uploads\/2025\/02\/Kyoto-japan_1740159252901-1024x576.jpg\" alt=\"Cidade milenar no Jap\u00e3o encanta turistas com sua hist\u00f3ria preservada\" class=\"wp-image-21844\" srcset=\"https:\/\/www.em.com.br\/emfoco\/wp-content\/uploads\/2025\/02\/Kyoto-japan_1740159252901-1024x576.jpg 1024w, https:\/\/www.em.com.br\/emfoco\/wp-content\/uploads\/2025\/02\/Kyoto-japan_1740159252901-300x169.jpg 300w, https:\/\/www.em.com.br\/emfoco\/wp-content\/uploads\/2025\/02\/Kyoto-japan_1740159252901-768x432.jpg 768w, https:\/\/www.em.com.br\/emfoco\/wp-content\/uploads\/2025\/02\/Kyoto-japan_1740159252901-750x422.jpg 750w, https:\/\/www.em.com.br\/emfoco\/wp-content\/uploads\/2025\/02\/Kyoto-japan_1740159252901-1140x641.jpg 1140w, https:\/\/www.em.com.br\/emfoco\/wp-content\/uploads\/2025\/02\/Kyoto-japan_1740159252901.jpg 1280w\" sizes=\"auto, (max-width: 1024px) 100vw, 1024px\" \/><figcaption class=\"wp-element-caption\">Templo em Kyoto, Jap\u00e3o &#8211; Cr\u00e9ditos: depositphotos.com \/ sepavone<\/figcaption><\/figure>\n\n\n\n<h2 class=\"wp-block-heading\">Como as esta\u00e7\u00f5es do ano afetam Kyoto?<\/h2>\n\n\n\n<p>Kyoto \u00e9 uma cidade que se transforma com as esta\u00e7\u00f5es, cada uma trazendo sua pr\u00f3pria beleza e charme. Na primavera, as cerejeiras em flor criam um espet\u00e1culo visual, especialmente ao longo do <strong>Caminho do Fil\u00f3sofo<\/strong>. No outono, as folhas das \u00e1rvores se tingem de vermelho e dourado, oferecendo um cen\u00e1rio pitoresco nos jardins dos templos.<\/p>\n\n\n\n<p>O inverno em Kyoto \u00e9 caracterizado por uma serenidade \u00fanica, com a neve cobrindo suavemente os telhados dos templos. O ver\u00e3o, por outro lado, \u00e9 animado por festivais como o <strong>Gion Matsuri<\/strong>, que celebra a cultura local com desfiles vibrantes e eventos culturais.<\/p>\n\n\n\n<h2 class=\"wp-block-heading\">Quais s\u00e3o as experi\u00eancias culturais e gastron\u00f4micas em Kyoto?<\/h2>\n\n\n\n<p>Kyoto \u00e9 um centro de artes tradicionais japonesas. Os visitantes podem participar de cerim\u00f4nias do ch\u00e1, assistir a apresenta\u00e7\u00f5es de teatro <strong>Noh <\/strong>e <strong>Kabuki<\/strong>, e explorar o bairro de <strong>Gion<\/strong>, famoso por suas gueixas. As ruas estreitas de Gion oferecem um vislumbre do Jap\u00e3o antigo, onde as gueixas ainda desfilam em trajes tradicionais.<\/p>\n\n\n\n<p>Na <strong><a href=\"https:\/\/www.em.com.br\/emfoco\/2025\/01\/03\/voce-precisa-conhecer-a-cidade-que-brilha-no-ranking-mundial-de-gastronomia\/\" target=\"_blank\" rel=\"noreferrer noopener\">gastronomia<\/a><\/strong>, Kyoto \u00e9 famosa por sua culin\u00e1ria kaiseki, uma refei\u00e7\u00e3o sofisticada composta por v\u00e1rios pratos pequenos e artisticamente preparados. Pratos como o yudofu, um tofu cozido, s\u00e3o populares, e os doces wagashi s\u00e3o um deleite perfeito para acompanhar o ch\u00e1 verde matcha.<\/p>\n\n\n\n<h2 class=\"wp-block-heading\">Quais s\u00e3o as belezas naturais ao redor de Kyoto?<\/h2>\n\n\n\n<p>Al\u00e9m de sua riqueza cultural, Kyoto \u00e9 cercada por paisagens naturais deslumbrantes. A <strong>Floresta de Bambu de Arashiyama<\/strong> \u00e9 um local de serenidade, com trilhas que serpenteiam por entre altos bambus, criando uma atmosfera quase et\u00e9rea. O rio <strong>Kamo<\/strong>, que atravessa a cidade, oferece um local tranquilo para passeios relaxantes.<\/p>\n\n\n\n<p>Kyoto \u00e9 facilmente acess\u00edvel a partir de T\u00f3quio via shinkansen, o trem-bala, e oferece uma variedade de acomoda\u00e7\u00f5es, desde ryokans tradicionais at\u00e9 hot\u00e9is modernos. Para explorar tudo o que Kyoto tem a oferecer, recomenda-se uma estadia de pelo menos tr\u00eas dias, garantindo uma experi\u00eancia completa desta cidade que \u00e9 um verdadeiro tesouro cultural do Jap\u00e3o.<\/p>\n","protected":false},"excerpt":{"rendered":"<p>Kyoto, localizada no cora\u00e7\u00e3o do Jap\u00e3o, \u00e9 uma cidade que combina de forma \u00fanica a tradi\u00e7\u00e3o e a modernidade. Conhecida por ser um dos principais centros culturais do pa\u00eds, Kyoto oferece aos visitantes uma experi\u00eancia rica em hist\u00f3ria e beleza natural. A cidade \u00e9 um destino ideal para aqueles que desejam explorar as tradi\u00e7\u00f5es japonesas [&hellip;]<\/p>\n","protected":false},"author":5,"featured_media":5191,"comment_status":"open","ping_status":"open","sticky":false,"template":"","format":"standard","meta":{"jnews-multi-image_gallery":[],"jnews_single_post":{"format":"standard"},"jnews_primary_category":[],"jnews_social_meta":[],"jnews_override_counter":[],"footnotes":""},"categories":[26,1],"tags":[159,2088,3042,157],"class_list":["post-30838","post","type-post","status-publish","format-standard","has-post-thumbnail","hentry","category-cidades","category-noticias","tag-cultura","tag-japao","tag-kyoto","tag-turismo"],"yoast_head":"<!-- This site is optimized with the Yoast SEO plugin v23.8 - https:\/\/yoast.com\/wordpress\/plugins\/seo\/ -->\n<title>A cidade que parece ter sa\u00eddo de um conto de fadas - Estado de Minas - Em foco<\/title>\n<meta name=\"description\" content=\"Caminhe entre portais torii, descubra templos impressionantes e viva a cultura japonesa neste destino inesquec\u00edvel.\" \/>\n<meta name=\"robots\" content=\"index, follow, max-snippet:-1, max-image-preview:large, max-video-preview:-1\" \/>\n<link rel=\"canonical\" href=\"https:\/\/www.em.com.br\/emfoco\/2025\/03\/23\/a-cidade-que-parece-ter-saido-de-um-conto-de-fadas\/\" \/>\n<meta property=\"og:locale\" content=\"pt_BR\" \/>\n<meta property=\"og:type\" content=\"article\" \/>\n<meta property=\"og:title\" content=\"A cidade que parece ter sa\u00eddo de um conto de fadas - Estado de Minas - Em foco\" \/>\n<meta property=\"og:description\" content=\"Caminhe entre portais torii, descubra templos impressionantes e viva a cultura japonesa neste destino inesquec\u00edvel.\" \/>\n<meta property=\"og:url\" content=\"https:\/\/www.em.com.br\/emfoco\/2025\/03\/23\/a-cidade-que-parece-ter-saido-de-um-conto-de-fadas\/\" \/>\n<meta property=\"og:site_name\" content=\"Estado de Minas - Em foco\" \/>\n<meta property=\"article:published_time\" content=\"2025-03-23T13:20:00+00:00\" \/>\n<meta property=\"article:modified_time\" content=\"2025-03-21T19:00:26+00:00\" \/>\n<meta property=\"og:image\" content=\"https:\/\/www.em.com.br\/emfoco\/wp-content\/uploads\/2024\/12\/Sapporo_1734350748326.jpg\" \/>\n\t<meta property=\"og:image:width\" content=\"1280\" \/>\n\t<meta property=\"og:image:height\" content=\"720\" \/>\n\t<meta property=\"og:image:type\" content=\"image\/jpeg\" \/>\n<meta name=\"author\" content=\"N\u00fabia Rangel\" \/>\n<meta name=\"twitter:card\" content=\"summary_large_image\" \/>\n<meta name=\"twitter:label1\" content=\"Escrito por\" \/>\n\t<meta name=\"twitter:data1\" content=\"N\u00fabia Rangel\" \/>\n\t<meta name=\"twitter:label2\" content=\"Est. tempo de leitura\" \/>\n\t<meta name=\"twitter:data2\" content=\"4 minutos\" \/>\n<!-- \/ Yoast SEO plugin. -->","yoast_head_json":{"title":"A cidade que parece ter sa\u00eddo de um conto de fadas - Estado de Minas - Em foco","description":"Caminhe entre portais torii, descubra templos impressionantes e viva a cultura japonesa neste destino inesquec\u00edvel.","robots":{"index":"index","follow":"follow","max-snippet":"max-snippet:-1","max-image-preview":"max-image-preview:large","max-video-preview":"max-video-preview:-1"},"canonical":"https:\/\/www.em.com.br\/emfoco\/2025\/03\/23\/a-cidade-que-parece-ter-saido-de-um-conto-de-fadas\/","og_locale":"pt_BR","og_type":"article","og_title":"A cidade que parece ter sa\u00eddo de um conto de fadas - Estado de Minas - Em foco","og_description":"Caminhe entre portais torii, descubra templos impressionantes e viva a cultura japonesa neste destino inesquec\u00edvel.","og_url":"https:\/\/www.em.com.br\/emfoco\/2025\/03\/23\/a-cidade-que-parece-ter-saido-de-um-conto-de-fadas\/","og_site_name":"Estado de Minas - Em foco","article_published_time":"2025-03-23T13:20:00+00:00","article_modified_time":"2025-03-21T19:00:26+00:00","og_image":[{"width":1280,"height":720,"url":"https:\/\/www.em.com.br\/emfoco\/wp-content\/uploads\/2024\/12\/Sapporo_1734350748326.jpg","type":"image\/jpeg"}],"author":"N\u00fabia Rangel","twitter_card":"summary_large_image","twitter_misc":{"Escrito por":"N\u00fabia Rangel","Est. tempo de leitura":"4 minutos"},"schema":{"@context":"https:\/\/schema.org","@graph":[{"@type":"WebPage","@id":"https:\/\/www.em.com.br\/emfoco\/2025\/03\/23\/a-cidade-que-parece-ter-saido-de-um-conto-de-fadas\/","url":"https:\/\/www.em.com.br\/emfoco\/2025\/03\/23\/a-cidade-que-parece-ter-saido-de-um-conto-de-fadas\/","name":"A cidade que parece ter sa\u00eddo de um conto de fadas - Estado de Minas - Em foco","isPartOf":{"@id":"https:\/\/www.em.com.br\/emfoco\/#website"},"primaryImageOfPage":{"@id":"https:\/\/www.em.com.br\/emfoco\/2025\/03\/23\/a-cidade-que-parece-ter-saido-de-um-conto-de-fadas\/#primaryimage"},"image":{"@id":"https:\/\/www.em.com.br\/emfoco\/2025\/03\/23\/a-cidade-que-parece-ter-saido-de-um-conto-de-fadas\/#primaryimage"},"thumbnailUrl":"https:\/\/www.em.com.br\/emfoco\/wp-content\/uploads\/2024\/12\/Sapporo_1734350748326.jpg","datePublished":"2025-03-23T13:20:00+00:00","dateModified":"2025-03-21T19:00:26+00:00","author":{"@id":"https:\/\/www.em.com.br\/emfoco\/#\/schema\/person\/524437ef54f8a5d32591b143307f2e20"},"description":"Caminhe entre portais torii, descubra templos impressionantes e viva a cultura japonesa neste destino inesquec\u00edvel.","breadcrumb":{"@id":"https:\/\/www.em.com.br\/emfoco\/2025\/03\/23\/a-cidade-que-parece-ter-saido-de-um-conto-de-fadas\/#breadcrumb"},"inLanguage":"pt-BR","potentialAction":[{"@type":"ReadAction","target":["https:\/\/www.em.com.br\/emfoco\/2025\/03\/23\/a-cidade-que-parece-ter-saido-de-um-conto-de-fadas\/"]}]},{"@type":"ImageObject","inLanguage":"pt-BR","@id":"https:\/\/www.em.com.br\/emfoco\/2025\/03\/23\/a-cidade-que-parece-ter-saido-de-um-conto-de-fadas\/#primaryimage","url":"https:\/\/www.em.com.br\/emfoco\/wp-content\/uploads\/2024\/12\/Sapporo_1734350748326.jpg","contentUrl":"https:\/\/www.em.com.br\/emfoco\/wp-content\/uploads\/2024\/12\/Sapporo_1734350748326.jpg","width":1280,"height":720,"caption":"Sapporo - Cr\u00e9ditos: depositphotos.com \/ sepavone"},{"@type":"BreadcrumbList","@id":"https:\/\/www.em.com.br\/emfoco\/2025\/03\/23\/a-cidade-que-parece-ter-saido-de-um-conto-de-fadas\/#breadcrumb","itemListElement":[{"@type":"ListItem","position":1,"name":"In\u00edcio","item":"https:\/\/www.em.com.br\/emfoco\/"},{"@type":"ListItem","position":2,"name":"A cidade que parece ter sa\u00eddo de um conto de fadas"}]},{"@type":"WebSite","@id":"https:\/\/www.em.com.br\/emfoco\/#website","url":"https:\/\/www.em.com.br\/emfoco\/","name":"Estado de Minas - Em foco","description":"Acompanhe as \u00faltimas not\u00edcias e fique bem informado sobre tudo o que acontece em Minas Gerais, Brasil e no mundo.","potentialAction":[{"@type":"SearchAction","target":{"@type":"EntryPoint","urlTemplate":"https:\/\/www.em.com.br\/emfoco\/?s={search_term_string}"},"query-input":{"@type":"PropertyValueSpecification","valueRequired":true,"valueName":"search_term_string"}}],"inLanguage":"pt-BR"},{"@type":"Person","@id":"https:\/\/www.em.com.br\/emfoco\/#\/schema\/person\/524437ef54f8a5d32591b143307f2e20","name":"N\u00fabia Rangel","image":{"@type":"ImageObject","inLanguage":"pt-BR","@id":"https:\/\/www.em.com.br\/emfoco\/#\/schema\/person\/image\/","url":"https:\/\/secure.gravatar.com\/avatar\/47cff2827a5ba23c37e8068c86817ea4?s=96&d=mm&r=g","contentUrl":"https:\/\/secure.gravatar.com\/avatar\/47cff2827a5ba23c37e8068c86817ea4?s=96&d=mm&r=g","caption":"N\u00fabia Rangel"},"sameAs":["https:\/\/www.em.com.br\/emfoco\/"],"url":"https:\/\/www.em.com.br\/emfoco\/author\/nubiamyth\/"}]}},"_links":{"self":[{"href":"https:\/\/www.em.com.br\/emfoco\/wp-json\/wp\/v2\/posts\/30838","targetHints":{"allow":["GET"]}}],"collection":[{"href":"https:\/\/www.em.com.br\/emfoco\/wp-json\/wp\/v2\/posts"}],"about":[{"href":"https:\/\/www.em.com.br\/emfoco\/wp-json\/wp\/v2\/types\/post"}],"author":[{"embeddable":true,"href":"https:\/\/www.em.com.br\/emfoco\/wp-json\/wp\/v2\/users\/5"}],"replies":[{"embeddable":true,"href":"https:\/\/www.em.com.br\/emfoco\/wp-json\/wp\/v2\/comments?post=30838"}],"version-history":[{"count":2,"href":"https:\/\/www.em.com.br\/emfoco\/wp-json\/wp\/v2\/posts\/30838\/revisions"}],"predecessor-version":[{"id":30842,"href":"https:\/\/www.em.com.br\/emfoco\/wp-json\/wp\/v2\/posts\/30838\/revisions\/30842"}],"wp:featuredmedia":[{"embeddable":true,"href":"https:\/\/www.em.com.br\/emfoco\/wp-json\/wp\/v2\/media\/5191"}],"wp:attachment":[{"href":"https:\/\/www.em.com.br\/emfoco\/wp-json\/wp\/v2\/media?parent=30838"}],"wp:term":[{"taxonomy":"category","embeddable":true,"href":"https:\/\/www.em.com.br\/emfoco\/wp-json\/wp\/v2\/categories?post=30838"},{"taxonomy":"post_tag","embeddable":true,"href":"https:\/\/www.em.com.br\/emfoco\/wp-json\/wp\/v2\/tags?post=30838"}],"curies":[{"name":"wp","href":"https:\/\/api.w.org\/{rel}","templated":true}]}}