{"id":30771,"date":"2025-03-21T17:20:31","date_gmt":"2025-03-21T20:20:31","guid":{"rendered":"https:\/\/www.em.com.br\/emfoco\/?p=30771"},"modified":"2025-03-20T02:13:26","modified_gmt":"2025-03-20T05:13:26","slug":"conheca-as-plantas-que-ajudam-a-reduzir-o-consumo-de-energia-nas-cidades","status":"publish","type":"post","link":"https:\/\/www.em.com.br\/emfoco\/2025\/03\/21\/conheca-as-plantas-que-ajudam-a-reduzir-o-consumo-de-energia-nas-cidades\/","title":{"rendered":"Conhe\u00e7a as plantas que ajudam a reduzir o consumo de energia nas cidades"},"content":{"rendered":"\n<p>O conceito de <strong>plantas transparentes<\/strong> tem ganhado destaque na comunidade cient\u00edfica, principalmente devido aos avan\u00e7os na <em><strong>engenharia gen\u00e9tica<\/strong><\/em>. A ideia \u00e9 tornar folhas e <strong>caules transl\u00facidos<\/strong>, abrindo novas possibilidades para a <a href=\"https:\/\/www.projetou.com.br\/posts\/bioarquitetura\/\" target=\"_blank\" rel=\"noopener\">bioarquitetura<\/a> e a ci\u00eancia. Este artigo explora como a manipula\u00e7\u00e3o gen\u00e9tica pode alterar a opacidade dos tecidos vegetais, al\u00e9m de discutir as implica\u00e7\u00f5es ecol\u00f3gicas e funcionais dessa inova\u00e7\u00e3o.<\/p>\n\n\n\n<p>Pesquisadores est\u00e3o investigando muta\u00e7\u00f5es gen\u00e9ticas que possam reduzir a opacidade das plantas. Atrav\u00e9s da biotecnologia, \u00e9 poss\u00edvel modificar genes respons\u00e1veis pela produ\u00e7\u00e3o de celulose, tornando os tecidos vegetais mais transl\u00facidos. Este avan\u00e7o n\u00e3o s\u00f3 representa um marco na <strong>biotecnologia vegetal<\/strong>, mas tamb\u00e9m oferece novas perspectivas para a <a href=\"https:\/\/www.em.com.br\/emfoco\/2025\/03\/16\/cidades-ganham-edificios-com-jardins-nas-fachadas-e-mudam-a-paisagem-das-cidades\/\" target=\"_blank\" rel=\"noreferrer noopener\">arquitetura sustent\u00e1vel<\/a> e a produ\u00e7\u00e3o de energia biol\u00f3gica.<\/p>\n\n\n\n<h2 class=\"wp-block-heading\">O que s\u00e3o plantas transparentes e como a gen\u00e9tica pode torn\u00e1-las poss\u00edveis?<\/h2>\n\n\n\n<p>Plantas transparentes s\u00e3o aquelas cujos tecidos, como <strong>folhas<\/strong> e <strong>caules<\/strong>, s\u00e3o modificados para permitir a passagem de luz. Atrav\u00e9s de t\u00e9cnicas de <strong>engenharia gen\u00e9tica<\/strong>, cientistas est\u00e3o trabalhando para alterar a estrutura celular das plantas, visando reduzir a opacidade. Essa transforma\u00e7\u00e3o pode ser alcan\u00e7ada manipulando genes espec\u00edficos que controlam a produ\u00e7\u00e3o de componentes celulares opacos.<\/p>\n\n\n\n<p>O processo envolve a identifica\u00e7\u00e3o de genes que influenciam a opacidade e a aplica\u00e7\u00e3o de t\u00e9cnicas de edi\u00e7\u00e3o gen\u00e9tica, como o <strong>CRISPR<\/strong>, para modificar essas sequ\u00eancias. O objetivo \u00e9 criar plantas que mantenham suas fun\u00e7\u00f5es biol\u00f3gicas, como a <strong>fotoss\u00edntese<\/strong>, enquanto se tornam parcialmente transl\u00facidas.<\/p>\n\n\n\n<h2 class=\"wp-block-heading\">Os desafios cient\u00edficos na cria\u00e7\u00e3o de plantas com tecidos transl\u00facidos<\/h2>\n\n\n\n<p>A cria\u00e7\u00e3o de plantas transl\u00facidas apresenta diversos desafios cient\u00edficos. Um dos principais \u00e9 garantir que a <strong>fotoss\u00edntese<\/strong> n\u00e3o seja comprometida. A fotoss\u00edntese \u00e9 essencial para a sobreviv\u00eancia das plantas, e qualquer altera\u00e7\u00e3o gen\u00e9tica deve preservar essa fun\u00e7\u00e3o vital. Al\u00e9m disso, a manipula\u00e7\u00e3o gen\u00e9tica deve ser precisa para evitar efeitos colaterais indesejados.<\/p>\n\n\n\n<p>Outro desafio \u00e9 a estabilidade gen\u00e9tica das<strong> plantas modificadas<\/strong>. As altera\u00e7\u00f5es devem ser sustent\u00e1veis ao longo de v\u00e1rias gera\u00e7\u00f5es, o que requer um entendimento profundo dos mecanismos gen\u00e9ticos envolvidos. Pesquisadores tamb\u00e9m enfrentam quest\u00f5es \u00e9ticas e de seguran\u00e7a, j\u00e1 que a manipula\u00e7\u00e3o gen\u00e9tica pode ter impactos ambientais imprevis\u00edveis.<\/p>\n\n\n\n<h2 class=\"wp-block-heading\">O impacto da transpar\u00eancia vegetal na fotoss\u00edntese e na efici\u00eancia energ\u00e9tica<\/h2>\n\n\n\n<p>A transpar\u00eancia vegetal pode influenciar diretamente a efici\u00eancia da fotoss\u00edntese. A luz que atravessa as folhas transl\u00facidas pode ser utilizada de maneira mais eficaz, potencialmente aumentando a produ\u00e7\u00e3o de energia. No entanto, \u00e9 crucial que as plantas mantenham sua capacidade de absorver luz suficiente para realizar a fotoss\u00edntese de forma eficiente.<\/p>\n\n\n\n<p>Al\u00e9m disso, plantas transl\u00facidas podem ser integradas em sistemas de <strong>arquitetura sustent\u00e1vel<\/strong>, contribuindo para a efici\u00eancia energ\u00e9tica de edif\u00edcios. Ao permitir a passagem de luz natural, essas plantas podem reduzir a necessidade de ilumina\u00e7\u00e3o artificial, promovendo ambientes mais sustent\u00e1veis e energeticamente eficientes.<\/p>\n\n\n<div class=\"wp-block-image\">\n<figure class=\"aligncenter size-large\"><img loading=\"lazy\" decoding=\"async\" width=\"1024\" height=\"576\" src=\"https:\/\/www.em.com.br\/emfoco\/wp-content\/uploads\/2025\/03\/arquitetura-sustentavel_1742447162063-1024x576.jpg\" alt=\"Conhe\u00e7a as plantas que ajudam a reduzir o consumo de energia nas cidades\" class=\"wp-image-30783\" srcset=\"https:\/\/www.em.com.br\/emfoco\/wp-content\/uploads\/2025\/03\/arquitetura-sustentavel_1742447162063-1024x576.jpg 1024w, https:\/\/www.em.com.br\/emfoco\/wp-content\/uploads\/2025\/03\/arquitetura-sustentavel_1742447162063-300x169.jpg 300w, https:\/\/www.em.com.br\/emfoco\/wp-content\/uploads\/2025\/03\/arquitetura-sustentavel_1742447162063-768x432.jpg 768w, https:\/\/www.em.com.br\/emfoco\/wp-content\/uploads\/2025\/03\/arquitetura-sustentavel_1742447162063-750x422.jpg 750w, https:\/\/www.em.com.br\/emfoco\/wp-content\/uploads\/2025\/03\/arquitetura-sustentavel_1742447162063-1140x641.jpg 1140w, https:\/\/www.em.com.br\/emfoco\/wp-content\/uploads\/2025\/03\/arquitetura-sustentavel_1742447162063.jpg 1280w\" sizes=\"auto, (max-width: 1024px) 100vw, 1024px\" \/><figcaption class=\"wp-element-caption\">Edif\u00edcio com plantas &#8211; Cr\u00e9ditos: depositphotos.com \/ jovannig<\/figcaption><\/figure><\/div>\n\n\n<h2 class=\"wp-block-heading\">As aplica\u00e7\u00f5es das plantas transl\u00facidas na arquitetura sustent\u00e1vel e no design urbano<\/h2>\n\n\n\n<p>As plantas transl\u00facidas oferecem in\u00fameras aplica\u00e7\u00f5es na <strong>arquitetura sustent\u00e1vel<\/strong> e no design urbano. Elas podem ser utilizadas em fachadas de edif\u00edcios, permitindo a entrada de luz natural e reduzindo a depend\u00eancia de ilumina\u00e7\u00e3o artificial. Al\u00e9m disso, essas plantas podem ser incorporadas em jardins verticais, criando espa\u00e7os urbanos mais verdes e esteticamente agrad\u00e1veis.<\/p>\n\n\n\n<p>No <strong>design urbano<\/strong>, as plantas transl\u00facidas podem ser usadas para criar estruturas <strong>bioinspiradas<\/strong> que promovem a integra\u00e7\u00e3o entre natureza e arquitetura. Essa abordagem n\u00e3o s\u00f3 melhora a qualidade de vida nas cidades, mas tamb\u00e9m contribui para a sustentabilidade ambiental.<\/p>\n\n\n\n<h2 class=\"wp-block-heading\">Os riscos e quest\u00f5es \u00e9ticas da manipula\u00e7\u00e3o gen\u00e9tica para modificar plantas<\/h2>\n\n\n\n<p>A manipula\u00e7\u00e3o gen\u00e9tica de plantas levanta quest\u00f5es \u00e9ticas e de seguran\u00e7a. \u00c9 importante considerar os poss\u00edveis impactos ambientais e sociais dessas modifica\u00e7\u00f5es. A introdu\u00e7\u00e3o de plantas geneticamente modificadas no ambiente pode afetar ecossistemas locais e a biodiversidade.<\/p>\n\n\n\n<p>Al\u00e9m disso, h\u00e1 preocupa\u00e7\u00f5es sobre a propriedade intelectual e o acesso a essas tecnologias. \u00c9 essencial que a pesquisa e o desenvolvimento de plantas transl\u00facidas sejam conduzidos de maneira respons\u00e1vel, com regulamenta\u00e7\u00f5es adequadas para garantir a seguran\u00e7a e a sustentabilidade.<\/p>\n\n\n\n<h2 class=\"wp-block-heading\">Como plantas transparentes podem revolucionar o paisagismo e a tecnologia verde?<\/h2>\n\n\n\n<p>O futuro da <strong>bioengenharia<\/strong> promete inova\u00e7\u00f5es significativas com o desenvolvimento de plantas transparentes. Essas plantas t\u00eam o potencial de revolucionar o paisagismo, permitindo a <strong>cria\u00e7\u00e3o de espa\u00e7os verdes <\/strong>mais integrados e eficientes. Al\u00e9m disso, podem contribuir para a <strong>tecnologia verde<\/strong>, promovendo solu\u00e7\u00f5es sustent\u00e1veis para os desafios ambientais.<\/p>\n\n\n\n<p>Com o avan\u00e7o das pesquisas, espera-se que as plantas transl\u00facidas se tornem uma ferramenta valiosa na constru\u00e7\u00e3o de cidades mais sustent\u00e1veis e na promo\u00e7\u00e3o de um equil\u00edbrio entre tecnologia e natureza. A bioengenharia continua a abrir novas fronteiras, oferecendo solu\u00e7\u00f5es inovadoras para um futuro mais verde e sustent\u00e1vel.<\/p>\n","protected":false},"excerpt":{"rendered":"<p>O conceito de plantas transparentes tem ganhado destaque na comunidade cient\u00edfica, principalmente devido aos avan\u00e7os na engenharia gen\u00e9tica. A ideia \u00e9 tornar folhas e caules transl\u00facidos, abrindo novas possibilidades para a bioarquitetura e a ci\u00eancia. Este artigo explora como a manipula\u00e7\u00e3o gen\u00e9tica pode alterar a opacidade dos tecidos vegetais, al\u00e9m de discutir as implica\u00e7\u00f5es ecol\u00f3gicas [&hellip;]<\/p>\n","protected":false},"author":9,"featured_media":30385,"comment_status":"open","ping_status":"open","sticky":false,"template":"","format":"standard","meta":{"jnews-multi-image_gallery":[],"jnews_single_post":{"format":"standard"},"jnews_primary_category":[],"jnews_social_meta":[],"jnews_override_counter":[],"footnotes":""},"categories":[29,1],"tags":[6285,6469,6046,6580],"class_list":["post-30771","post","type-post","status-publish","format-standard","has-post-thumbnail","hentry","category-entretenimento","category-noticias","tag-bioarquitetura","tag-crispr","tag-genetica","tag-plantas-transparentes"],"yoast_head":"<!-- This site is optimized with the Yoast SEO plugin v23.8 - https:\/\/yoast.com\/wordpress\/plugins\/seo\/ -->\n<title>Conhe\u00e7a as plantas que ajudam a reduzir o consumo de energia nas cidades<\/title>\n<meta name=\"description\" content=\"Pesquisadores est\u00e3o criando plantas transl\u00facidas que podem transformar a arquitetura e a sustentabilidade nas cidades do futuro.\" \/>\n<meta name=\"robots\" content=\"index, follow, max-snippet:-1, max-image-preview:large, max-video-preview:-1\" \/>\n<link rel=\"canonical\" href=\"https:\/\/www.em.com.br\/emfoco\/2025\/03\/21\/conheca-as-plantas-que-ajudam-a-reduzir-o-consumo-de-energia-nas-cidades\/\" \/>\n<meta property=\"og:locale\" content=\"pt_BR\" \/>\n<meta property=\"og:type\" content=\"article\" \/>\n<meta property=\"og:title\" content=\"Conhe\u00e7a as plantas que ajudam a reduzir o consumo de energia nas cidades\" \/>\n<meta property=\"og:description\" content=\"Pesquisadores est\u00e3o criando plantas transl\u00facidas que podem transformar a arquitetura e a sustentabilidade nas cidades do futuro.\" \/>\n<meta property=\"og:url\" content=\"https:\/\/www.em.com.br\/emfoco\/2025\/03\/21\/conheca-as-plantas-que-ajudam-a-reduzir-o-consumo-de-energia-nas-cidades\/\" \/>\n<meta property=\"og:site_name\" content=\"Estado de Minas - Em foco\" \/>\n<meta property=\"article:published_time\" content=\"2025-03-21T20:20:31+00:00\" \/>\n<meta property=\"article:modified_time\" content=\"2025-03-20T05:13:26+00:00\" \/>\n<meta property=\"og:image\" content=\"https:\/\/www.em.com.br\/emfoco\/wp-content\/uploads\/2025\/03\/jardim-suspenso_1742401863633.jpg\" \/>\n\t<meta property=\"og:image:width\" content=\"1280\" \/>\n\t<meta property=\"og:image:height\" content=\"720\" \/>\n\t<meta property=\"og:image:type\" content=\"image\/jpeg\" \/>\n<meta name=\"author\" content=\"Daniely Cardoso\" \/>\n<meta name=\"twitter:card\" content=\"summary_large_image\" \/>\n<meta name=\"twitter:label1\" content=\"Escrito por\" \/>\n\t<meta name=\"twitter:data1\" content=\"Daniely Cardoso\" \/>\n\t<meta name=\"twitter:label2\" content=\"Est. tempo de leitura\" \/>\n\t<meta name=\"twitter:data2\" content=\"5 minutos\" \/>\n<!-- \/ Yoast SEO plugin. -->","yoast_head_json":{"title":"Conhe\u00e7a as plantas que ajudam a reduzir o consumo de energia nas cidades","description":"Pesquisadores est\u00e3o criando plantas transl\u00facidas que podem transformar a arquitetura e a sustentabilidade nas cidades do futuro.","robots":{"index":"index","follow":"follow","max-snippet":"max-snippet:-1","max-image-preview":"max-image-preview:large","max-video-preview":"max-video-preview:-1"},"canonical":"https:\/\/www.em.com.br\/emfoco\/2025\/03\/21\/conheca-as-plantas-que-ajudam-a-reduzir-o-consumo-de-energia-nas-cidades\/","og_locale":"pt_BR","og_type":"article","og_title":"Conhe\u00e7a as plantas que ajudam a reduzir o consumo de energia nas cidades","og_description":"Pesquisadores est\u00e3o criando plantas transl\u00facidas que podem transformar a arquitetura e a sustentabilidade nas cidades do futuro.","og_url":"https:\/\/www.em.com.br\/emfoco\/2025\/03\/21\/conheca-as-plantas-que-ajudam-a-reduzir-o-consumo-de-energia-nas-cidades\/","og_site_name":"Estado de Minas - Em foco","article_published_time":"2025-03-21T20:20:31+00:00","article_modified_time":"2025-03-20T05:13:26+00:00","og_image":[{"width":1280,"height":720,"url":"https:\/\/www.em.com.br\/emfoco\/wp-content\/uploads\/2025\/03\/jardim-suspenso_1742401863633.jpg","type":"image\/jpeg"}],"author":"Daniely Cardoso","twitter_card":"summary_large_image","twitter_misc":{"Escrito por":"Daniely Cardoso","Est. tempo de leitura":"5 minutos"},"schema":{"@context":"https:\/\/schema.org","@graph":[{"@type":"WebPage","@id":"https:\/\/www.em.com.br\/emfoco\/2025\/03\/21\/conheca-as-plantas-que-ajudam-a-reduzir-o-consumo-de-energia-nas-cidades\/","url":"https:\/\/www.em.com.br\/emfoco\/2025\/03\/21\/conheca-as-plantas-que-ajudam-a-reduzir-o-consumo-de-energia-nas-cidades\/","name":"Conhe\u00e7a as plantas que ajudam a reduzir o consumo de energia nas cidades","isPartOf":{"@id":"https:\/\/www.em.com.br\/emfoco\/#website"},"primaryImageOfPage":{"@id":"https:\/\/www.em.com.br\/emfoco\/2025\/03\/21\/conheca-as-plantas-que-ajudam-a-reduzir-o-consumo-de-energia-nas-cidades\/#primaryimage"},"image":{"@id":"https:\/\/www.em.com.br\/emfoco\/2025\/03\/21\/conheca-as-plantas-que-ajudam-a-reduzir-o-consumo-de-energia-nas-cidades\/#primaryimage"},"thumbnailUrl":"https:\/\/www.em.com.br\/emfoco\/wp-content\/uploads\/2025\/03\/jardim-suspenso_1742401863633.jpg","datePublished":"2025-03-21T20:20:31+00:00","dateModified":"2025-03-20T05:13:26+00:00","author":{"@id":"https:\/\/www.em.com.br\/emfoco\/#\/schema\/person\/0a8186d72f2c3a5c6276d90b41f271a0"},"description":"Pesquisadores est\u00e3o criando plantas transl\u00facidas que podem transformar a arquitetura e a sustentabilidade nas cidades do futuro.","breadcrumb":{"@id":"https:\/\/www.em.com.br\/emfoco\/2025\/03\/21\/conheca-as-plantas-que-ajudam-a-reduzir-o-consumo-de-energia-nas-cidades\/#breadcrumb"},"inLanguage":"pt-BR","potentialAction":[{"@type":"ReadAction","target":["https:\/\/www.em.com.br\/emfoco\/2025\/03\/21\/conheca-as-plantas-que-ajudam-a-reduzir-o-consumo-de-energia-nas-cidades\/"]}]},{"@type":"ImageObject","inLanguage":"pt-BR","@id":"https:\/\/www.em.com.br\/emfoco\/2025\/03\/21\/conheca-as-plantas-que-ajudam-a-reduzir-o-consumo-de-energia-nas-cidades\/#primaryimage","url":"https:\/\/www.em.com.br\/emfoco\/wp-content\/uploads\/2025\/03\/jardim-suspenso_1742401863633.jpg","contentUrl":"https:\/\/www.em.com.br\/emfoco\/wp-content\/uploads\/2025\/03\/jardim-suspenso_1742401863633.jpg","width":1280,"height":720,"caption":"Jardim - Cr\u00e9ditos: depositphotos.com \/ elxeneize"},{"@type":"BreadcrumbList","@id":"https:\/\/www.em.com.br\/emfoco\/2025\/03\/21\/conheca-as-plantas-que-ajudam-a-reduzir-o-consumo-de-energia-nas-cidades\/#breadcrumb","itemListElement":[{"@type":"ListItem","position":1,"name":"In\u00edcio","item":"https:\/\/www.em.com.br\/emfoco\/"},{"@type":"ListItem","position":2,"name":"Conhe\u00e7a as plantas que ajudam a reduzir o consumo de energia nas cidades"}]},{"@type":"WebSite","@id":"https:\/\/www.em.com.br\/emfoco\/#website","url":"https:\/\/www.em.com.br\/emfoco\/","name":"Estado de Minas - Em foco","description":"Acompanhe as \u00faltimas not\u00edcias e fique bem informado sobre tudo o que acontece em Minas Gerais, Brasil e no mundo.","potentialAction":[{"@type":"SearchAction","target":{"@type":"EntryPoint","urlTemplate":"https:\/\/www.em.com.br\/emfoco\/?s={search_term_string}"},"query-input":{"@type":"PropertyValueSpecification","valueRequired":true,"valueName":"search_term_string"}}],"inLanguage":"pt-BR"},{"@type":"Person","@id":"https:\/\/www.em.com.br\/emfoco\/#\/schema\/person\/0a8186d72f2c3a5c6276d90b41f271a0","name":"Daniely Cardoso","image":{"@type":"ImageObject","inLanguage":"pt-BR","@id":"https:\/\/www.em.com.br\/emfoco\/#\/schema\/person\/image\/","url":"https:\/\/secure.gravatar.com\/avatar\/4b80ddbd124d1f071b626d52d62e5dff?s=96&d=mm&r=g","contentUrl":"https:\/\/secure.gravatar.com\/avatar\/4b80ddbd124d1f071b626d52d62e5dff?s=96&d=mm&r=g","caption":"Daniely Cardoso"},"url":"https:\/\/www.em.com.br\/emfoco\/author\/danielymyth\/"}]}},"_links":{"self":[{"href":"https:\/\/www.em.com.br\/emfoco\/wp-json\/wp\/v2\/posts\/30771","targetHints":{"allow":["GET"]}}],"collection":[{"href":"https:\/\/www.em.com.br\/emfoco\/wp-json\/wp\/v2\/posts"}],"about":[{"href":"https:\/\/www.em.com.br\/emfoco\/wp-json\/wp\/v2\/types\/post"}],"author":[{"embeddable":true,"href":"https:\/\/www.em.com.br\/emfoco\/wp-json\/wp\/v2\/users\/9"}],"replies":[{"embeddable":true,"href":"https:\/\/www.em.com.br\/emfoco\/wp-json\/wp\/v2\/comments?post=30771"}],"version-history":[{"count":2,"href":"https:\/\/www.em.com.br\/emfoco\/wp-json\/wp\/v2\/posts\/30771\/revisions"}],"predecessor-version":[{"id":30784,"href":"https:\/\/www.em.com.br\/emfoco\/wp-json\/wp\/v2\/posts\/30771\/revisions\/30784"}],"wp:featuredmedia":[{"embeddable":true,"href":"https:\/\/www.em.com.br\/emfoco\/wp-json\/wp\/v2\/media\/30385"}],"wp:attachment":[{"href":"https:\/\/www.em.com.br\/emfoco\/wp-json\/wp\/v2\/media?parent=30771"}],"wp:term":[{"taxonomy":"category","embeddable":true,"href":"https:\/\/www.em.com.br\/emfoco\/wp-json\/wp\/v2\/categories?post=30771"},{"taxonomy":"post_tag","embeddable":true,"href":"https:\/\/www.em.com.br\/emfoco\/wp-json\/wp\/v2\/tags?post=30771"}],"curies":[{"name":"wp","href":"https:\/\/api.w.org\/{rel}","templated":true}]}}