{"id":30664,"date":"2025-03-21T18:20:00","date_gmt":"2025-03-21T21:20:00","guid":{"rendered":"https:\/\/www.em.com.br\/emfoco\/?p=30664"},"modified":"2025-03-19T22:18:37","modified_gmt":"2025-03-20T01:18:37","slug":"a-cidade-paranaense-que-nasceu-antes-de-curitiba-e-guarda-segredos-surpreendentes","status":"publish","type":"post","link":"https:\/\/www.em.com.br\/emfoco\/2025\/03\/21\/a-cidade-paranaense-que-nasceu-antes-de-curitiba-e-guarda-segredos-surpreendentes\/","title":{"rendered":"A cidade paranaense que nasceu antes de Curitiba e guarda segredos surpreendentes"},"content":{"rendered":"\n<p><strong><a href=\"https:\/\/www.sjp.pr.gov.br\/\" target=\"_blank\" rel=\"noreferrer noopener\">S\u00e3o Jos\u00e9 dos Pinhais<\/a><\/strong>, no estado do <strong>Paran\u00e1<\/strong>, tem uma hist\u00f3ria rica e fascinante. Fundada em 1690, a cidade surgiu antes mesmo da capital, <strong><a href=\"https:\/\/www.em.com.br\/emfoco\/2025\/03\/17\/conheca-os-parques-mais-famosos-de-curitiba-e-as-curiosidades-que-os-tornam-unicos\/\" target=\"_blank\" rel=\"noreferrer noopener\">Curitiba<\/a><\/strong>, tornando-se oficialmente independente em 1853. A constru\u00e7\u00e3o de sua capela foi um marco inicial, impulsionando o crescimento da regi\u00e3o. Desde ent\u00e3o, S\u00e3o Jos\u00e9 dos Pinhais se desenvolveu em diversas \u00e1reas, incluindo a agricultura, a ind\u00fastria e o turismo, tornando-se um dos munic\u00edpios mais importantes do estado.<\/p>\n\n\n\n<h2 class=\"wp-block-heading\">Um museu que guarda segredos do passado<\/h2>\n\n\n\n<p>Para quem deseja conhecer melhor a hist\u00f3ria local, o <strong>Museu Municipal At\u00edlio Rocco<\/strong> \u00e9 uma parada obrigat\u00f3ria. Fundado por imigrantes italianos, ele abriga itens hist\u00f3ricos de fam\u00edlias pioneiras e objetos que datam de mais de 200 anos. Entre os destaques do acervo, \u00e9 poss\u00edvel encontrar documentos antigos, fotografias e utens\u00edlios que contam a trajet\u00f3ria do munic\u00edpio. A visita ao museu proporciona uma verdadeira viagem no tempo e ajuda a entender a evolu\u00e7\u00e3o cultural da cidade.<\/p>\n\n\n\n<h2 class=\"wp-block-heading\">Curiosidades que poucos conhecem sobre a cidade<\/h2>\n\n\n\n<p>S\u00e3o Jos\u00e9 dos Pinhais guarda hist\u00f3rias inusitadas, como o curioso imposto sobre cachorros. Durante um curto per\u00edodo, os donos de c\u00e3es precisavam registrar seus animais e pagar uma taxa semelhante \u00e0 dos ve\u00edculos. Al\u00e9m disso, outro fato interessante envolve as latas decoradas, que eram itens de luxo no passado. Essas latas eram usadas para armazenar alimentos e, at\u00e9 hoje, algumas fam\u00edlias mant\u00eam essas pe\u00e7as como rel\u00edquias, preservando uma parte da hist\u00f3ria local.<\/p>\n\n\n\n<figure class=\"wp-block-image size-large\"><img loading=\"lazy\" decoding=\"async\" width=\"1024\" height=\"576\" src=\"https:\/\/www.em.com.br\/emfoco\/wp-content\/uploads\/2025\/03\/Sao_Jose_do_Pinhais_-Parana_-_panoramio-1024x576.jpg\" alt=\"\" class=\"wp-image-30718\" srcset=\"https:\/\/www.em.com.br\/emfoco\/wp-content\/uploads\/2025\/03\/Sao_Jose_do_Pinhais_-Parana_-_panoramio-1024x576.jpg 1024w, https:\/\/www.em.com.br\/emfoco\/wp-content\/uploads\/2025\/03\/Sao_Jose_do_Pinhais_-Parana_-_panoramio-300x169.jpg 300w, https:\/\/www.em.com.br\/emfoco\/wp-content\/uploads\/2025\/03\/Sao_Jose_do_Pinhais_-Parana_-_panoramio-768x432.jpg 768w, https:\/\/www.em.com.br\/emfoco\/wp-content\/uploads\/2025\/03\/Sao_Jose_do_Pinhais_-Parana_-_panoramio-750x422.jpg 750w, https:\/\/www.em.com.br\/emfoco\/wp-content\/uploads\/2025\/03\/Sao_Jose_do_Pinhais_-Parana_-_panoramio-1140x641.jpg 1140w, https:\/\/www.em.com.br\/emfoco\/wp-content\/uploads\/2025\/03\/Sao_Jose_do_Pinhais_-Parana_-_panoramio.jpg 1280w\" sizes=\"auto, (max-width: 1024px) 100vw, 1024px\" \/><figcaption class=\"wp-element-caption\">S\u00e3o Jos\u00e9 dos Pinhais &#8211; Cr\u00e9ditos: Divulga\u00e7\u00e3o\/ Wikimedia Commons<\/figcaption><\/figure>\n\n\n\n<h2 class=\"wp-block-heading\">Constru\u00e7\u00f5es hist\u00f3ricas e uma gastronomia tradicional<\/h2>\n\n\n\n<p>O patrim\u00f4nio arquitet\u00f4nico de S\u00e3o Jos\u00e9 dos Pinhais tamb\u00e9m chama aten\u00e7\u00e3o, como a casa centen\u00e1ria de uma fam\u00edlia polonesa. Bem preservada, essa constru\u00e7\u00e3o reflete o estilo das antigas moradias europeias. No campo da gastronomia, as tradicionais bolachas de origem austr\u00edaca fazem sucesso h\u00e1 gera\u00e7\u00f5es. Com receitas transmitidas ao longo do tempo, elas se tornaram um s\u00edmbolo da culin\u00e1ria local e seguem encantando moradores e visitantes.<\/p>\n\n\n\n<h2 class=\"wp-block-heading\">Qual a import\u00e2ncia de S\u00e3o Jos\u00e9 dos Pinhais para o Paran\u00e1<\/h2>\n\n\n\n<p>Al\u00e9m de sua relev\u00e2ncia hist\u00f3rica, S\u00e3o Jos\u00e9 dos Pinhais tem um papel fundamental na economia do Paran\u00e1. A cidade abriga um dos maiores polos industriais do estado, impulsionando o com\u00e9rcio e gerando empregos. Sua localiza\u00e7\u00e3o estrat\u00e9gica e sua diversidade econ\u00f4mica fazem dela um dos munic\u00edpios mais influentes da regi\u00e3o.<\/p>\n\n\n\n<p>Com um equil\u00edbrio entre tradi\u00e7\u00e3o e modernidade, S\u00e3o Jos\u00e9 dos Pinhais se destaca como um lugar que preserva sua hist\u00f3ria enquanto avan\u00e7a rumo ao futuro.<\/p>\n","protected":false},"excerpt":{"rendered":"<p>S\u00e3o Jos\u00e9 dos Pinhais, no estado do Paran\u00e1, tem uma hist\u00f3ria rica e fascinante. Fundada em 1690, a cidade surgiu antes mesmo da capital, Curitiba, tornando-se oficialmente independente em 1853. A constru\u00e7\u00e3o de sua capela foi um marco inicial, impulsionando o crescimento da regi\u00e3o. Desde ent\u00e3o, S\u00e3o Jos\u00e9 dos Pinhais se desenvolveu em diversas \u00e1reas, [&hellip;]<\/p>\n","protected":false},"author":11,"featured_media":30719,"comment_status":"open","ping_status":"open","sticky":false,"template":"","format":"standard","meta":{"jnews-multi-image_gallery":[],"jnews_single_post":{"format":"standard"},"jnews_primary_category":[],"jnews_social_meta":[],"jnews_override_counter":[],"footnotes":""},"categories":[138,1],"tags":[183,1243,1441],"class_list":["post-30664","post","type-post","status-publish","format-standard","has-post-thumbnail","hentry","category-mundo","category-noticias","tag-cidades","tag-curiosidade","tag-curiosidades"],"yoast_head":"<!-- This site is optimized with the Yoast SEO plugin v23.8 - https:\/\/yoast.com\/wordpress\/plugins\/seo\/ -->\n<title>A cidade paranaense que nasceu antes de Curitiba e guarda segredos surpreendentes - Estado de Minas - Em foco<\/title>\n<meta name=\"description\" content=\"Voc\u00ea acredita que essa cidade j\u00e1 cobrou imposto sobre cachorros? Conhe\u00e7a essa e outras hist\u00f3rias curiosas que marcaram a cidade.\" \/>\n<meta name=\"robots\" content=\"index, follow, max-snippet:-1, max-image-preview:large, max-video-preview:-1\" \/>\n<link rel=\"canonical\" href=\"https:\/\/www.em.com.br\/emfoco\/2025\/03\/21\/a-cidade-paranaense-que-nasceu-antes-de-curitiba-e-guarda-segredos-surpreendentes\/\" \/>\n<meta property=\"og:locale\" content=\"pt_BR\" \/>\n<meta property=\"og:type\" content=\"article\" \/>\n<meta property=\"og:title\" content=\"A cidade paranaense que nasceu antes de Curitiba e guarda segredos surpreendentes - Estado de Minas - Em foco\" \/>\n<meta property=\"og:description\" content=\"Voc\u00ea acredita que essa cidade j\u00e1 cobrou imposto sobre cachorros? Conhe\u00e7a essa e outras hist\u00f3rias curiosas que marcaram a cidade.\" \/>\n<meta property=\"og:url\" content=\"https:\/\/www.em.com.br\/emfoco\/2025\/03\/21\/a-cidade-paranaense-que-nasceu-antes-de-curitiba-e-guarda-segredos-surpreendentes\/\" \/>\n<meta property=\"og:site_name\" content=\"Estado de Minas - Em foco\" \/>\n<meta property=\"article:published_time\" content=\"2025-03-21T21:20:00+00:00\" \/>\n<meta property=\"article:modified_time\" content=\"2025-03-20T01:18:37+00:00\" \/>\n<meta property=\"og:image\" content=\"https:\/\/www.em.com.br\/emfoco\/wp-content\/uploads\/2025\/03\/Centro_Sao_Jose_dos_Pinhais_-_PR_Brazil_-_panoramio.jpg\" \/>\n\t<meta property=\"og:image:width\" content=\"1280\" \/>\n\t<meta property=\"og:image:height\" content=\"720\" \/>\n\t<meta property=\"og:image:type\" content=\"image\/jpeg\" \/>\n<meta name=\"author\" content=\"Andre\u0301 Rangel\u00a0\" \/>\n<meta name=\"twitter:card\" content=\"summary_large_image\" \/>\n<meta name=\"twitter:label1\" content=\"Escrito por\" \/>\n\t<meta name=\"twitter:data1\" content=\"Andre\u0301 Rangel\u00a0\" \/>\n\t<meta name=\"twitter:label2\" content=\"Est. tempo de leitura\" \/>\n\t<meta name=\"twitter:data2\" content=\"3 minutos\" \/>\n<!-- \/ Yoast SEO plugin. -->","yoast_head_json":{"title":"A cidade paranaense que nasceu antes de Curitiba e guarda segredos surpreendentes - Estado de Minas - Em foco","description":"Voc\u00ea acredita que essa cidade j\u00e1 cobrou imposto sobre cachorros? Conhe\u00e7a essa e outras hist\u00f3rias curiosas que marcaram a cidade.","robots":{"index":"index","follow":"follow","max-snippet":"max-snippet:-1","max-image-preview":"max-image-preview:large","max-video-preview":"max-video-preview:-1"},"canonical":"https:\/\/www.em.com.br\/emfoco\/2025\/03\/21\/a-cidade-paranaense-que-nasceu-antes-de-curitiba-e-guarda-segredos-surpreendentes\/","og_locale":"pt_BR","og_type":"article","og_title":"A cidade paranaense que nasceu antes de Curitiba e guarda segredos surpreendentes - Estado de Minas - Em foco","og_description":"Voc\u00ea acredita que essa cidade j\u00e1 cobrou imposto sobre cachorros? Conhe\u00e7a essa e outras hist\u00f3rias curiosas que marcaram a cidade.","og_url":"https:\/\/www.em.com.br\/emfoco\/2025\/03\/21\/a-cidade-paranaense-que-nasceu-antes-de-curitiba-e-guarda-segredos-surpreendentes\/","og_site_name":"Estado de Minas - Em foco","article_published_time":"2025-03-21T21:20:00+00:00","article_modified_time":"2025-03-20T01:18:37+00:00","og_image":[{"width":1280,"height":720,"url":"https:\/\/www.em.com.br\/emfoco\/wp-content\/uploads\/2025\/03\/Centro_Sao_Jose_dos_Pinhais_-_PR_Brazil_-_panoramio.jpg","type":"image\/jpeg"}],"author":"Andre\u0301 Rangel\u00a0","twitter_card":"summary_large_image","twitter_misc":{"Escrito por":"Andre\u0301 Rangel\u00a0","Est. tempo de leitura":"3 minutos"},"schema":{"@context":"https:\/\/schema.org","@graph":[{"@type":"WebPage","@id":"https:\/\/www.em.com.br\/emfoco\/2025\/03\/21\/a-cidade-paranaense-que-nasceu-antes-de-curitiba-e-guarda-segredos-surpreendentes\/","url":"https:\/\/www.em.com.br\/emfoco\/2025\/03\/21\/a-cidade-paranaense-que-nasceu-antes-de-curitiba-e-guarda-segredos-surpreendentes\/","name":"A cidade paranaense que nasceu antes de Curitiba e guarda segredos surpreendentes - Estado de Minas - Em foco","isPartOf":{"@id":"https:\/\/www.em.com.br\/emfoco\/#website"},"primaryImageOfPage":{"@id":"https:\/\/www.em.com.br\/emfoco\/2025\/03\/21\/a-cidade-paranaense-que-nasceu-antes-de-curitiba-e-guarda-segredos-surpreendentes\/#primaryimage"},"image":{"@id":"https:\/\/www.em.com.br\/emfoco\/2025\/03\/21\/a-cidade-paranaense-que-nasceu-antes-de-curitiba-e-guarda-segredos-surpreendentes\/#primaryimage"},"thumbnailUrl":"https:\/\/www.em.com.br\/emfoco\/wp-content\/uploads\/2025\/03\/Centro_Sao_Jose_dos_Pinhais_-_PR_Brazil_-_panoramio.jpg","datePublished":"2025-03-21T21:20:00+00:00","dateModified":"2025-03-20T01:18:37+00:00","author":{"@id":"https:\/\/www.em.com.br\/emfoco\/#\/schema\/person\/60eda09c1fedf0d6891f4cef4b60b8b8"},"description":"Voc\u00ea acredita que essa cidade j\u00e1 cobrou imposto sobre cachorros? Conhe\u00e7a essa e outras hist\u00f3rias curiosas que marcaram a cidade.","breadcrumb":{"@id":"https:\/\/www.em.com.br\/emfoco\/2025\/03\/21\/a-cidade-paranaense-que-nasceu-antes-de-curitiba-e-guarda-segredos-surpreendentes\/#breadcrumb"},"inLanguage":"pt-BR","potentialAction":[{"@type":"ReadAction","target":["https:\/\/www.em.com.br\/emfoco\/2025\/03\/21\/a-cidade-paranaense-que-nasceu-antes-de-curitiba-e-guarda-segredos-surpreendentes\/"]}]},{"@type":"ImageObject","inLanguage":"pt-BR","@id":"https:\/\/www.em.com.br\/emfoco\/2025\/03\/21\/a-cidade-paranaense-que-nasceu-antes-de-curitiba-e-guarda-segredos-surpreendentes\/#primaryimage","url":"https:\/\/www.em.com.br\/emfoco\/wp-content\/uploads\/2025\/03\/Centro_Sao_Jose_dos_Pinhais_-_PR_Brazil_-_panoramio.jpg","contentUrl":"https:\/\/www.em.com.br\/emfoco\/wp-content\/uploads\/2025\/03\/Centro_Sao_Jose_dos_Pinhais_-_PR_Brazil_-_panoramio.jpg","width":1280,"height":720,"caption":"S\u00e3o Jos\u00e9 dos Pinhais - Cr\u00e9ditos: Divulga\u00e7\u00e3o\/ Wikimedia Commons"},{"@type":"BreadcrumbList","@id":"https:\/\/www.em.com.br\/emfoco\/2025\/03\/21\/a-cidade-paranaense-que-nasceu-antes-de-curitiba-e-guarda-segredos-surpreendentes\/#breadcrumb","itemListElement":[{"@type":"ListItem","position":1,"name":"In\u00edcio","item":"https:\/\/www.em.com.br\/emfoco\/"},{"@type":"ListItem","position":2,"name":"A cidade paranaense que nasceu antes de Curitiba e guarda segredos surpreendentes"}]},{"@type":"WebSite","@id":"https:\/\/www.em.com.br\/emfoco\/#website","url":"https:\/\/www.em.com.br\/emfoco\/","name":"Estado de Minas - Em foco","description":"Acompanhe as \u00faltimas not\u00edcias e fique bem informado sobre tudo o que acontece em Minas Gerais, Brasil e no mundo.","potentialAction":[{"@type":"SearchAction","target":{"@type":"EntryPoint","urlTemplate":"https:\/\/www.em.com.br\/emfoco\/?s={search_term_string}"},"query-input":{"@type":"PropertyValueSpecification","valueRequired":true,"valueName":"search_term_string"}}],"inLanguage":"pt-BR"},{"@type":"Person","@id":"https:\/\/www.em.com.br\/emfoco\/#\/schema\/person\/60eda09c1fedf0d6891f4cef4b60b8b8","name":"Andre\u0301 Rangel\u00a0","image":{"@type":"ImageObject","inLanguage":"pt-BR","@id":"https:\/\/www.em.com.br\/emfoco\/#\/schema\/person\/image\/","url":"https:\/\/secure.gravatar.com\/avatar\/6234dc814c77c8ef6d8bba622c787efc?s=96&d=mm&r=g","contentUrl":"https:\/\/secure.gravatar.com\/avatar\/6234dc814c77c8ef6d8bba622c787efc?s=96&d=mm&r=g","caption":"Andre\u0301 Rangel\u00a0"},"url":"https:\/\/www.em.com.br\/emfoco\/author\/luizmyth\/"}]}},"_links":{"self":[{"href":"https:\/\/www.em.com.br\/emfoco\/wp-json\/wp\/v2\/posts\/30664","targetHints":{"allow":["GET"]}}],"collection":[{"href":"https:\/\/www.em.com.br\/emfoco\/wp-json\/wp\/v2\/posts"}],"about":[{"href":"https:\/\/www.em.com.br\/emfoco\/wp-json\/wp\/v2\/types\/post"}],"author":[{"embeddable":true,"href":"https:\/\/www.em.com.br\/emfoco\/wp-json\/wp\/v2\/users\/11"}],"replies":[{"embeddable":true,"href":"https:\/\/www.em.com.br\/emfoco\/wp-json\/wp\/v2\/comments?post=30664"}],"version-history":[{"count":4,"href":"https:\/\/www.em.com.br\/emfoco\/wp-json\/wp\/v2\/posts\/30664\/revisions"}],"predecessor-version":[{"id":30720,"href":"https:\/\/www.em.com.br\/emfoco\/wp-json\/wp\/v2\/posts\/30664\/revisions\/30720"}],"wp:featuredmedia":[{"embeddable":true,"href":"https:\/\/www.em.com.br\/emfoco\/wp-json\/wp\/v2\/media\/30719"}],"wp:attachment":[{"href":"https:\/\/www.em.com.br\/emfoco\/wp-json\/wp\/v2\/media?parent=30664"}],"wp:term":[{"taxonomy":"category","embeddable":true,"href":"https:\/\/www.em.com.br\/emfoco\/wp-json\/wp\/v2\/categories?post=30664"},{"taxonomy":"post_tag","embeddable":true,"href":"https:\/\/www.em.com.br\/emfoco\/wp-json\/wp\/v2\/tags?post=30664"}],"curies":[{"name":"wp","href":"https:\/\/api.w.org\/{rel}","templated":true}]}}