{"id":30556,"date":"2025-03-31T18:20:00","date_gmt":"2025-03-31T21:20:00","guid":{"rendered":"https:\/\/www.em.com.br\/emfoco\/?p=30556"},"modified":"2025-03-19T16:58:46","modified_gmt":"2025-03-19T19:58:46","slug":"conheca-o-maior-museu-de-arte-da-america-latina","status":"publish","type":"post","link":"https:\/\/www.em.com.br\/emfoco\/2025\/03\/31\/conheca-o-maior-museu-de-arte-da-america-latina\/","title":{"rendered":"Conhe\u00e7a o maior museu de arte da Am\u00e9rica Latina!"},"content":{"rendered":"\n<p>O <strong>Museu Oscar Niemeyer (MON)<\/strong>, localizado em <strong><a href=\"https:\/\/www.curitiba.pr.gov.br\/\" target=\"_blank\" rel=\"noreferrer noopener\">Curitiba<\/a><\/strong>, destaca-se por sua arquitetura \u00fanica e pelo vasto acervo de obras de arte. Projetado pelo renomado arquiteto Oscar Niemeyer, o museu \u00e9 um ponto de<strong><a href=\"https:\/\/www.em.com.br\/emfoco\/2025\/02\/14\/boom-imobiliario-no-oeste-de-sao-paulo-desperta-interesse-de-investidores\/\" target=\"_blank\" rel=\"noreferrer noopener\"> interesse<\/a><\/strong> tanto para moradores locais quanto para turistas. Com mais de 35 mil metros quadrados de \u00e1rea constru\u00edda, o MON abriga cerca de 14 mil obras, tornando-se um dos maiores museus de arte da <strong>Am\u00e9rica Latina<\/strong>.<\/p>\n\n\n\n<p>Inaugurado em 22 de novembro de 2002, o MON rapidamente se tornou um destino popular para os amantes das artes. O museu opera de ter\u00e7a a domingo, oferecendo entrada gratuita \u00e0s quartas-feiras. Originalmente chamado de <strong>NovoMuseu<\/strong>, o espa\u00e7o foi projetado em 1967 para ser a sede do <strong>Instituto de Educa\u00e7\u00e3o do Paran\u00e1<\/strong>, mas foi transformado em museu em 2001, com a adi\u00e7\u00e3o do famoso anexo conhecido como &#8220;Olho&#8221;.<\/p>\n\n\n\n<h2 class=\"wp-block-heading\">Quais s\u00e3o as obras mais not\u00e1veis do acervo do MON?<\/h2>\n\n\n\n<p>O acervo do Museu Oscar Niemeyer \u00e9 diversificado, incluindo obras de arte nacionais e internacionais, al\u00e9m de cole\u00e7\u00f5es asi\u00e1ticas e africanas. A obra mais antiga do acervo \u00e9 parte da cole\u00e7\u00e3o asi\u00e1tica, datada de at\u00e9 3 mil anos antes de <strong>Cristo<\/strong>. No setor pict\u00f3rico, destaca-se o grafite sobre papel &#8220;<strong>Floresta do Litoral Paranaense<\/strong>&#8221; (1901) de <strong>Guilherme William Michaud<\/strong>.<\/p>\n\n\n\n<p>Entre as obras mais raras, est\u00e3o o \u00f3leo sobre tela <strong>&#8220;Cena de Mar&#8221; de Miguel Bakun e o grafite &#8220;Autorretrato Sentada&#8221; (1923) de Tarsila do Amaral. A serigrafia &#8220;The Shadow&#8221; (1981) de Andy Warhol <\/strong>tamb\u00e9m \u00e9 um destaque, representando o movimento<strong> Pop Art <\/strong>dos anos 1960.<\/p>\n\n\n\n<figure class=\"wp-block-image size-large\"><img loading=\"lazy\" decoding=\"async\" width=\"1024\" height=\"576\" src=\"https:\/\/www.em.com.br\/emfoco\/wp-content\/uploads\/2025\/03\/Museu-Oscar-Niemeyer_1742412869890-1024x576.jpg\" alt=\"Conhe\u00e7a o maior museu de arte da Am\u00e9rica Latina!\" class=\"wp-image-30567\" srcset=\"https:\/\/www.em.com.br\/emfoco\/wp-content\/uploads\/2025\/03\/Museu-Oscar-Niemeyer_1742412869890-1024x576.jpg 1024w, https:\/\/www.em.com.br\/emfoco\/wp-content\/uploads\/2025\/03\/Museu-Oscar-Niemeyer_1742412869890-300x169.jpg 300w, https:\/\/www.em.com.br\/emfoco\/wp-content\/uploads\/2025\/03\/Museu-Oscar-Niemeyer_1742412869890-768x432.jpg 768w, https:\/\/www.em.com.br\/emfoco\/wp-content\/uploads\/2025\/03\/Museu-Oscar-Niemeyer_1742412869890-750x422.jpg 750w, https:\/\/www.em.com.br\/emfoco\/wp-content\/uploads\/2025\/03\/Museu-Oscar-Niemeyer_1742412869890-1140x641.jpg 1140w, https:\/\/www.em.com.br\/emfoco\/wp-content\/uploads\/2025\/03\/Museu-Oscar-Niemeyer_1742412869890.jpg 1280w\" sizes=\"auto, (max-width: 1024px) 100vw, 1024px\" \/><figcaption class=\"wp-element-caption\">Museu Oscar Niemeyer &#8211; Cr\u00e9ditos: depositphotos.com \/ dabldy<\/figcaption><\/figure>\n\n\n\n<h2 class=\"wp-block-heading\">Como a arquitetura do MON reflete o estilo de Oscar Niemeyer?<\/h2>\n\n\n\n<p>A arquitetura do <strong>Museu Oscar Niemeyer<\/strong> \u00e9 um exemplo da genialidade de Oscar Niemeyer, que seguiu influ\u00eancias do<strong> International Style<\/strong>, apesar de algumas caracter\u00edsticas do <strong>Brutalismo<\/strong> serem vis\u00edveis em suas obras. O edif\u00edcio do MON apresenta elementos como ilumina\u00e7\u00e3o zenital e um amplo v\u00e3o livre, que refletem a busca de Niemeyer por integrar o espa\u00e7o interno com o ambiente externo.<\/p>\n\n\n\n<p>O famoso v\u00e3o livre do museu, inicialmente projetado para ter 100 metros, foi constru\u00eddo com 65 metros, tornando-se um dos maiores do Brasil na \u00e9poca de sua inaugura\u00e7\u00e3o. Este elemento arquitet\u00f4nico foi poss\u00edvel gra\u00e7as a uma viga protendida, destacando a inova\u00e7\u00e3o estrutural de Niemeyer.<\/p>\n\n\n\n<h2 class=\"wp-block-heading\">Qual \u00e9 o impacto do MON na cultura e turismo de Curitiba?<\/h2>\n\n\n\n<p>O Museu Oscar Niemeyer tem um impacto significativo na cultura e no turismo de Curitiba. Em 2024, o museu registrou seu maior p\u00fablico, com 712.196 visitantes, um aumento de 41% em rela\u00e7\u00e3o ao ano anterior. Este crescimento cont\u00ednuo reflete a import\u00e2ncia do MON como um centro cultural e tur\u00edstico na regi\u00e3o.<\/p>\n\n\n\n<p>O MON n\u00e3o apenas exibe obras de arte, mas tamb\u00e9m promove eventos e exposi\u00e7\u00f5es que atraem visitantes de todo o mundo. A diversidade de seu acervo e a singularidade de sua arquitetura fazem do museu um ponto de refer\u00eancia na cena cultural brasileira.<\/p>\n\n\n\n<h2 class=\"wp-block-heading\">Por que o MON \u00e9 um destino imperd\u00edvel para os amantes da arte?<\/h2>\n\n\n\n<p>O Museu Oscar Niemeyer \u00e9 um destino imperd\u00edvel para qualquer amante da arte devido \u00e0 sua vasta cole\u00e7\u00e3o e \u00e0 arquitetura ic\u00f4nica. Com exposi\u00e7\u00f5es que abrangem desde a arte moderna at\u00e9 cole\u00e7\u00f5es hist\u00f3ricas, o MON oferece uma experi\u00eancia enriquecedora para todos os visitantes.<\/p>\n\n\n\n<p>Al\u00e9m disso, a localiza\u00e7\u00e3o do museu em Curitiba, uma cidade conhecida por sua qualidade de vida e inova\u00e7\u00e3o urbana, torna a visita ainda mais atraente. O MON continua a ser um s\u00edmbolo da criatividade e do legado de Oscar Niemeyer, atraindo pessoas de todas as partes do mundo para explorar suas maravilhas art\u00edsticas.<\/p>\n","protected":false},"excerpt":{"rendered":"<p>O Museu Oscar Niemeyer (MON), localizado em Curitiba, destaca-se por sua arquitetura \u00fanica e pelo vasto acervo de obras de arte. Projetado pelo renomado arquiteto Oscar Niemeyer, o museu \u00e9 um ponto de interesse tanto para moradores locais quanto para turistas. Com mais de 35 mil metros quadrados de \u00e1rea constru\u00edda, o MON abriga cerca [&hellip;]<\/p>\n","protected":false},"author":5,"featured_media":30566,"comment_status":"open","ping_status":"open","sticky":false,"template":"","format":"standard","meta":{"jnews-multi-image_gallery":[],"jnews_single_post":{"format":"standard"},"jnews_primary_category":[],"jnews_social_meta":[],"jnews_override_counter":[],"footnotes":""},"categories":[26,1],"tags":[1487,242,6547,2323],"class_list":["post-30556","post","type-post","status-publish","format-standard","has-post-thumbnail","hentry","category-cidades","category-noticias","tag-arte","tag-curitiba","tag-museu-oscar-niemeyer","tag-oscar-niemeyer"],"yoast_head":"<!-- This site is optimized with the Yoast SEO plugin v23.8 - https:\/\/yoast.com\/wordpress\/plugins\/seo\/ -->\n<title>Conhe\u00e7a o maior museu de arte da Am\u00e9rica Latina! - Estado de Minas - Em foco<\/title>\n<meta name=\"description\" content=\"Com sua arquitetura ic\u00f4nica e acervo diversificado, \u00e9 um dos destinos mais visitados e relevantes da cena cultural brasileira.\" \/>\n<meta name=\"robots\" content=\"index, follow, max-snippet:-1, max-image-preview:large, max-video-preview:-1\" \/>\n<link rel=\"canonical\" href=\"https:\/\/www.em.com.br\/emfoco\/2025\/03\/31\/conheca-o-maior-museu-de-arte-da-america-latina\/\" \/>\n<meta property=\"og:locale\" content=\"pt_BR\" \/>\n<meta property=\"og:type\" content=\"article\" \/>\n<meta property=\"og:title\" content=\"Conhe\u00e7a o maior museu de arte da Am\u00e9rica Latina! - Estado de Minas - Em foco\" \/>\n<meta property=\"og:description\" content=\"Com sua arquitetura ic\u00f4nica e acervo diversificado, \u00e9 um dos destinos mais visitados e relevantes da cena cultural brasileira.\" \/>\n<meta property=\"og:url\" content=\"https:\/\/www.em.com.br\/emfoco\/2025\/03\/31\/conheca-o-maior-museu-de-arte-da-america-latina\/\" \/>\n<meta property=\"og:site_name\" content=\"Estado de Minas - Em foco\" \/>\n<meta property=\"article:published_time\" content=\"2025-03-31T21:20:00+00:00\" \/>\n<meta property=\"article:modified_time\" content=\"2025-03-19T19:58:46+00:00\" \/>\n<meta property=\"og:image\" content=\"https:\/\/www.em.com.br\/emfoco\/wp-content\/uploads\/2025\/03\/Museu-Oscar-Niemeyer_1742412812754.jpg\" \/>\n\t<meta property=\"og:image:width\" content=\"1280\" \/>\n\t<meta property=\"og:image:height\" content=\"720\" \/>\n\t<meta property=\"og:image:type\" content=\"image\/jpeg\" \/>\n<meta name=\"author\" content=\"N\u00fabia Rangel\" \/>\n<meta name=\"twitter:card\" content=\"summary_large_image\" \/>\n<meta name=\"twitter:label1\" content=\"Escrito por\" \/>\n\t<meta name=\"twitter:data1\" content=\"N\u00fabia Rangel\" \/>\n\t<meta name=\"twitter:label2\" content=\"Est. tempo de leitura\" \/>\n\t<meta name=\"twitter:data2\" content=\"4 minutos\" \/>\n<!-- \/ Yoast SEO plugin. -->","yoast_head_json":{"title":"Conhe\u00e7a o maior museu de arte da Am\u00e9rica Latina! - Estado de Minas - Em foco","description":"Com sua arquitetura ic\u00f4nica e acervo diversificado, \u00e9 um dos destinos mais visitados e relevantes da cena cultural brasileira.","robots":{"index":"index","follow":"follow","max-snippet":"max-snippet:-1","max-image-preview":"max-image-preview:large","max-video-preview":"max-video-preview:-1"},"canonical":"https:\/\/www.em.com.br\/emfoco\/2025\/03\/31\/conheca-o-maior-museu-de-arte-da-america-latina\/","og_locale":"pt_BR","og_type":"article","og_title":"Conhe\u00e7a o maior museu de arte da Am\u00e9rica Latina! - Estado de Minas - Em foco","og_description":"Com sua arquitetura ic\u00f4nica e acervo diversificado, \u00e9 um dos destinos mais visitados e relevantes da cena cultural brasileira.","og_url":"https:\/\/www.em.com.br\/emfoco\/2025\/03\/31\/conheca-o-maior-museu-de-arte-da-america-latina\/","og_site_name":"Estado de Minas - Em foco","article_published_time":"2025-03-31T21:20:00+00:00","article_modified_time":"2025-03-19T19:58:46+00:00","og_image":[{"width":1280,"height":720,"url":"https:\/\/www.em.com.br\/emfoco\/wp-content\/uploads\/2025\/03\/Museu-Oscar-Niemeyer_1742412812754.jpg","type":"image\/jpeg"}],"author":"N\u00fabia Rangel","twitter_card":"summary_large_image","twitter_misc":{"Escrito por":"N\u00fabia Rangel","Est. tempo de leitura":"4 minutos"},"schema":{"@context":"https:\/\/schema.org","@graph":[{"@type":"WebPage","@id":"https:\/\/www.em.com.br\/emfoco\/2025\/03\/31\/conheca-o-maior-museu-de-arte-da-america-latina\/","url":"https:\/\/www.em.com.br\/emfoco\/2025\/03\/31\/conheca-o-maior-museu-de-arte-da-america-latina\/","name":"Conhe\u00e7a o maior museu de arte da Am\u00e9rica Latina! - Estado de Minas - Em foco","isPartOf":{"@id":"https:\/\/www.em.com.br\/emfoco\/#website"},"primaryImageOfPage":{"@id":"https:\/\/www.em.com.br\/emfoco\/2025\/03\/31\/conheca-o-maior-museu-de-arte-da-america-latina\/#primaryimage"},"image":{"@id":"https:\/\/www.em.com.br\/emfoco\/2025\/03\/31\/conheca-o-maior-museu-de-arte-da-america-latina\/#primaryimage"},"thumbnailUrl":"https:\/\/www.em.com.br\/emfoco\/wp-content\/uploads\/2025\/03\/Museu-Oscar-Niemeyer_1742412812754.jpg","datePublished":"2025-03-31T21:20:00+00:00","dateModified":"2025-03-19T19:58:46+00:00","author":{"@id":"https:\/\/www.em.com.br\/emfoco\/#\/schema\/person\/524437ef54f8a5d32591b143307f2e20"},"description":"Com sua arquitetura ic\u00f4nica e acervo diversificado, \u00e9 um dos destinos mais visitados e relevantes da cena cultural brasileira.","breadcrumb":{"@id":"https:\/\/www.em.com.br\/emfoco\/2025\/03\/31\/conheca-o-maior-museu-de-arte-da-america-latina\/#breadcrumb"},"inLanguage":"pt-BR","potentialAction":[{"@type":"ReadAction","target":["https:\/\/www.em.com.br\/emfoco\/2025\/03\/31\/conheca-o-maior-museu-de-arte-da-america-latina\/"]}]},{"@type":"ImageObject","inLanguage":"pt-BR","@id":"https:\/\/www.em.com.br\/emfoco\/2025\/03\/31\/conheca-o-maior-museu-de-arte-da-america-latina\/#primaryimage","url":"https:\/\/www.em.com.br\/emfoco\/wp-content\/uploads\/2025\/03\/Museu-Oscar-Niemeyer_1742412812754.jpg","contentUrl":"https:\/\/www.em.com.br\/emfoco\/wp-content\/uploads\/2025\/03\/Museu-Oscar-Niemeyer_1742412812754.jpg","width":1280,"height":720,"caption":"Museu Oscar Niemeyer - Cr\u00e9ditos: depositphotos.com \/ Sehenswerk"},{"@type":"BreadcrumbList","@id":"https:\/\/www.em.com.br\/emfoco\/2025\/03\/31\/conheca-o-maior-museu-de-arte-da-america-latina\/#breadcrumb","itemListElement":[{"@type":"ListItem","position":1,"name":"In\u00edcio","item":"https:\/\/www.em.com.br\/emfoco\/"},{"@type":"ListItem","position":2,"name":"Conhe\u00e7a o maior museu de arte da Am\u00e9rica Latina!"}]},{"@type":"WebSite","@id":"https:\/\/www.em.com.br\/emfoco\/#website","url":"https:\/\/www.em.com.br\/emfoco\/","name":"Estado de Minas - Em foco","description":"Acompanhe as \u00faltimas not\u00edcias e fique bem informado sobre tudo o que acontece em Minas Gerais, Brasil e no mundo.","potentialAction":[{"@type":"SearchAction","target":{"@type":"EntryPoint","urlTemplate":"https:\/\/www.em.com.br\/emfoco\/?s={search_term_string}"},"query-input":{"@type":"PropertyValueSpecification","valueRequired":true,"valueName":"search_term_string"}}],"inLanguage":"pt-BR"},{"@type":"Person","@id":"https:\/\/www.em.com.br\/emfoco\/#\/schema\/person\/524437ef54f8a5d32591b143307f2e20","name":"N\u00fabia Rangel","image":{"@type":"ImageObject","inLanguage":"pt-BR","@id":"https:\/\/www.em.com.br\/emfoco\/#\/schema\/person\/image\/","url":"https:\/\/secure.gravatar.com\/avatar\/47cff2827a5ba23c37e8068c86817ea4?s=96&d=mm&r=g","contentUrl":"https:\/\/secure.gravatar.com\/avatar\/47cff2827a5ba23c37e8068c86817ea4?s=96&d=mm&r=g","caption":"N\u00fabia Rangel"},"sameAs":["https:\/\/www.em.com.br\/emfoco\/"],"url":"https:\/\/www.em.com.br\/emfoco\/author\/nubiamyth\/"}]}},"_links":{"self":[{"href":"https:\/\/www.em.com.br\/emfoco\/wp-json\/wp\/v2\/posts\/30556","targetHints":{"allow":["GET"]}}],"collection":[{"href":"https:\/\/www.em.com.br\/emfoco\/wp-json\/wp\/v2\/posts"}],"about":[{"href":"https:\/\/www.em.com.br\/emfoco\/wp-json\/wp\/v2\/types\/post"}],"author":[{"embeddable":true,"href":"https:\/\/www.em.com.br\/emfoco\/wp-json\/wp\/v2\/users\/5"}],"replies":[{"embeddable":true,"href":"https:\/\/www.em.com.br\/emfoco\/wp-json\/wp\/v2\/comments?post=30556"}],"version-history":[{"count":3,"href":"https:\/\/www.em.com.br\/emfoco\/wp-json\/wp\/v2\/posts\/30556\/revisions"}],"predecessor-version":[{"id":30571,"href":"https:\/\/www.em.com.br\/emfoco\/wp-json\/wp\/v2\/posts\/30556\/revisions\/30571"}],"wp:featuredmedia":[{"embeddable":true,"href":"https:\/\/www.em.com.br\/emfoco\/wp-json\/wp\/v2\/media\/30566"}],"wp:attachment":[{"href":"https:\/\/www.em.com.br\/emfoco\/wp-json\/wp\/v2\/media?parent=30556"}],"wp:term":[{"taxonomy":"category","embeddable":true,"href":"https:\/\/www.em.com.br\/emfoco\/wp-json\/wp\/v2\/categories?post=30556"},{"taxonomy":"post_tag","embeddable":true,"href":"https:\/\/www.em.com.br\/emfoco\/wp-json\/wp\/v2\/tags?post=30556"}],"curies":[{"name":"wp","href":"https:\/\/api.w.org\/{rel}","templated":true}]}}