{"id":30478,"date":"2025-03-31T15:00:00","date_gmt":"2025-03-31T18:00:00","guid":{"rendered":"https:\/\/www.em.com.br\/emfoco\/?p=30478"},"modified":"2025-03-19T15:09:17","modified_gmt":"2025-03-19T18:09:17","slug":"unhas-naturais-sao-a-nova-tendencia-para-um-visual-sofisticado","status":"publish","type":"post","link":"https:\/\/www.em.com.br\/emfoco\/2025\/03\/31\/unhas-naturais-sao-a-nova-tendencia-para-um-visual-sofisticado\/","title":{"rendered":"Unhas naturais s\u00e3o a nova tend\u00eancia para um visual sofisticado"},"content":{"rendered":"\n<p>Nos \u00faltimos anos, as unhas naturais t\u00eam se tornado uma escolha <strong><a href=\"https:\/\/www.em.com.br\/emfoco\/2025\/03\/19\/essa-cidade-continua-se-destacando-em-varias-areas-e-atrai-turistas\/\" target=\"_blank\" rel=\"noreferrer noopener\">popular<\/a><\/strong> entre aqueles que buscam simplicidade e autenticidade no cuidado pessoal. Essa tend\u00eancia reflete um movimento em dire\u00e7\u00e3o a uma est\u00e9tica mais limpa e saud\u00e1vel, deixando de lado o uso excessivo de esmaltes e extens\u00f5es artificiais.<\/p>\n\n\n\n<p>O <strong><a href=\"https:\/\/g1.globo.com\/pop-arte\/noticia\/2025\/01\/05\/globo-de-ouro-2025-veja-vencedores.ghtml\" target=\"_blank\" rel=\"noreferrer noopener\">Globo de Ouro 2025<\/a><\/strong> destacou essa prefer\u00eancia, com v\u00e1rias celebridades optando por exibir unhas naturais e bem cuidadas. Este estilo n\u00e3o s\u00f3 simboliza eleg\u00e2ncia, mas tamb\u00e9m uma preocupa\u00e7\u00e3o crescente com o bem-estar e a praticidade no dia a dia.<\/p>\n\n\n\n<h2 class=\"wp-block-heading\">Quais s\u00e3o as raz\u00f5es para escolher unhas naturais?<\/h2>\n\n\n\n<p>Existem diversas raz\u00f5es para a crescente popularidade das unhas naturais. Em primeiro lugar, evitar esmaltes escuros e produtos qu\u00edmicos agressivos pode ajudar a preservar a sa\u00fade das unhas. Al\u00e9m disso, tons suaves e tratamentos protetores contribuem para a manuten\u00e7\u00e3o de unhas fortes e bonitas.<\/p>\n\n\n\n<p>Especialistas em beleza, como <strong>Marina Groke<\/strong>, destacam a import\u00e2ncia de uma rotina de cuidados que inclua produtos nutritivos e fortalecedores. Essa abordagem n\u00e3o s\u00f3 melhora a apar\u00eancia das unhas, mas tamb\u00e9m promove sua sa\u00fade a longo prazo.<\/p>\n\n\n\n<figure class=\"wp-block-image size-large\"><img loading=\"lazy\" decoding=\"async\" width=\"1024\" height=\"576\" src=\"https:\/\/www.em.com.br\/emfoco\/wp-content\/uploads\/2025\/03\/unha_1742407153315-1024x576.jpg\" alt=\"Unhas naturais s\u00e3o a nova tend\u00eancia para um visual sofisticado\" class=\"wp-image-30490\" srcset=\"https:\/\/www.em.com.br\/emfoco\/wp-content\/uploads\/2025\/03\/unha_1742407153315-1024x576.jpg 1024w, https:\/\/www.em.com.br\/emfoco\/wp-content\/uploads\/2025\/03\/unha_1742407153315-300x169.jpg 300w, https:\/\/www.em.com.br\/emfoco\/wp-content\/uploads\/2025\/03\/unha_1742407153315-768x432.jpg 768w, https:\/\/www.em.com.br\/emfoco\/wp-content\/uploads\/2025\/03\/unha_1742407153315-750x422.jpg 750w, https:\/\/www.em.com.br\/emfoco\/wp-content\/uploads\/2025\/03\/unha_1742407153315-1140x641.jpg 1140w, https:\/\/www.em.com.br\/emfoco\/wp-content\/uploads\/2025\/03\/unha_1742407153315.jpg 1280w\" sizes=\"auto, (max-width: 1024px) 100vw, 1024px\" \/><figcaption class=\"wp-element-caption\">Unhas &#8211; Cr\u00e9ditos: depositphotos.com \/ EdZbarzhyvetsky<\/figcaption><\/figure>\n\n\n\n<h2 class=\"wp-block-heading\">Como manter unhas naturais saud\u00e1veis?<\/h2>\n\n\n\n<p>Cuidar das unhas naturais exige aten\u00e7\u00e3o a alguns detalhes importantes. Aqui est\u00e3o algumas pr\u00e1ticas recomendadas para manter suas unhas em \u00f3timo estado:<\/p>\n\n\n\n<ul class=\"wp-block-list\">\n<li><strong>Uso de Bases Fortalecedoras:<\/strong> Essenciais para prevenir quebras e promover o crescimento saud\u00e1vel das unhas.<\/li>\n\n\n\n<li><strong>Hidrata\u00e7\u00e3o das Cut\u00edculas:<\/strong> Aplicar \u00f3leos nutritivos regularmente ajuda a manter as cut\u00edculas macias e saud\u00e1veis.<\/li>\n\n\n\n<li><strong>Propriedades do \u00d3leo de Melaleuca:<\/strong> Este \u00f3leo \u00e9 conhecido por suas qualidades antiss\u00e9pticas, que ajudam a proteger as unhas de infec\u00e7\u00f5es.<\/li>\n\n\n\n<li><strong>Esfolia\u00e7\u00e3o Regular:<\/strong> Remover c\u00e9lulas mortas das m\u00e3os e unhas melhora sua apar\u00eancia e sensa\u00e7\u00e3o.<\/li>\n\n\n\n<li><strong>Nutri\u00e7\u00e3o Adequada:<\/strong> Uma dieta rica em vitaminas e minerais, como biotina e zinco, \u00e9 fundamental para unhas fortes.<\/li>\n<\/ul>\n\n\n\n<h2 class=\"wp-block-heading\">Benef\u00edcios de optar por unhas naturais<\/h2>\n\n\n\n<p>Escolher unhas naturais traz uma s\u00e9rie de vantagens pr\u00e1ticas e est\u00e9ticas. Al\u00e9m de serem mais f\u00e1ceis de manter, elas eliminam a necessidade de visitas frequentes ao sal\u00e3o, economizando tempo e dinheiro. A versatilidade das unhas naturais tamb\u00e9m permite que elas complementem qualquer estilo ou ocasi\u00e3o.<\/p>\n\n\n\n<p>Adotar unhas naturais \u00e9 uma forma de autocuidado que promove uma abordagem mais sustent\u00e1vel e consciente da beleza. Com o uso de produtos adequados e uma alimenta\u00e7\u00e3o balanceada, \u00e9 poss\u00edvel manter unhas saud\u00e1veis e atraentes, refletindo um estilo de vida harmonioso e equilibrado.<\/p>\n","protected":false},"excerpt":{"rendered":"<p>Nos \u00faltimos anos, as unhas naturais t\u00eam se tornado uma escolha popular entre aqueles que buscam simplicidade e autenticidade no cuidado pessoal. Essa tend\u00eancia reflete um movimento em dire\u00e7\u00e3o a uma est\u00e9tica mais limpa e saud\u00e1vel, deixando de lado o uso excessivo de esmaltes e extens\u00f5es artificiais. O Globo de Ouro 2025 destacou essa prefer\u00eancia, [&hellip;]<\/p>\n","protected":false},"author":5,"featured_media":30489,"comment_status":"open","ping_status":"open","sticky":false,"template":"","format":"standard","meta":{"jnews-multi-image_gallery":[],"jnews_single_post":{"format":"standard"},"jnews_primary_category":[],"jnews_social_meta":[],"jnews_override_counter":[],"footnotes":""},"categories":[29,1],"tags":[2616,6534,6535,5019],"class_list":["post-30478","post","type-post","status-publish","format-standard","has-post-thumbnail","hentry","category-entretenimento","category-noticias","tag-beleza","tag-cuidados-com-as-unhas","tag-estilo-natural","tag-unhas-naturais"],"yoast_head":"<!-- This site is optimized with the Yoast SEO plugin v23.8 - https:\/\/yoast.com\/wordpress\/plugins\/seo\/ -->\n<title>Unhas naturais s\u00e3o a nova tend\u00eancia para um visual sofisticado - Estado de Minas - Em foco<\/title>\n<meta name=\"description\" content=\"Unhas naturais s\u00e3o a aposta das celebridades! Descubra os benef\u00edcios e como manter as suas sempre fortes e bonitas.\" \/>\n<meta name=\"robots\" content=\"index, follow, max-snippet:-1, max-image-preview:large, max-video-preview:-1\" \/>\n<link rel=\"canonical\" href=\"https:\/\/www.em.com.br\/emfoco\/2025\/03\/31\/unhas-naturais-sao-a-nova-tendencia-para-um-visual-sofisticado\/\" \/>\n<meta property=\"og:locale\" content=\"pt_BR\" \/>\n<meta property=\"og:type\" content=\"article\" \/>\n<meta property=\"og:title\" content=\"Unhas naturais s\u00e3o a nova tend\u00eancia para um visual sofisticado - Estado de Minas - Em foco\" \/>\n<meta property=\"og:description\" content=\"Unhas naturais s\u00e3o a aposta das celebridades! Descubra os benef\u00edcios e como manter as suas sempre fortes e bonitas.\" \/>\n<meta property=\"og:url\" content=\"https:\/\/www.em.com.br\/emfoco\/2025\/03\/31\/unhas-naturais-sao-a-nova-tendencia-para-um-visual-sofisticado\/\" \/>\n<meta property=\"og:site_name\" content=\"Estado de Minas - Em foco\" \/>\n<meta property=\"article:published_time\" content=\"2025-03-31T18:00:00+00:00\" \/>\n<meta property=\"article:modified_time\" content=\"2025-03-19T18:09:17+00:00\" \/>\n<meta property=\"og:image\" content=\"https:\/\/www.em.com.br\/emfoco\/wp-content\/uploads\/2025\/03\/unha_1742407089491.jpg\" \/>\n\t<meta property=\"og:image:width\" content=\"1280\" \/>\n\t<meta property=\"og:image:height\" content=\"720\" \/>\n\t<meta property=\"og:image:type\" content=\"image\/jpeg\" \/>\n<meta name=\"author\" content=\"N\u00fabia Rangel\" \/>\n<meta name=\"twitter:card\" content=\"summary_large_image\" \/>\n<meta name=\"twitter:label1\" content=\"Escrito por\" \/>\n\t<meta name=\"twitter:data1\" content=\"N\u00fabia Rangel\" \/>\n\t<meta name=\"twitter:label2\" content=\"Est. tempo de leitura\" \/>\n\t<meta name=\"twitter:data2\" content=\"3 minutos\" \/>\n<!-- \/ Yoast SEO plugin. -->","yoast_head_json":{"title":"Unhas naturais s\u00e3o a nova tend\u00eancia para um visual sofisticado - Estado de Minas - Em foco","description":"Unhas naturais s\u00e3o a aposta das celebridades! Descubra os benef\u00edcios e como manter as suas sempre fortes e bonitas.","robots":{"index":"index","follow":"follow","max-snippet":"max-snippet:-1","max-image-preview":"max-image-preview:large","max-video-preview":"max-video-preview:-1"},"canonical":"https:\/\/www.em.com.br\/emfoco\/2025\/03\/31\/unhas-naturais-sao-a-nova-tendencia-para-um-visual-sofisticado\/","og_locale":"pt_BR","og_type":"article","og_title":"Unhas naturais s\u00e3o a nova tend\u00eancia para um visual sofisticado - Estado de Minas - Em foco","og_description":"Unhas naturais s\u00e3o a aposta das celebridades! Descubra os benef\u00edcios e como manter as suas sempre fortes e bonitas.","og_url":"https:\/\/www.em.com.br\/emfoco\/2025\/03\/31\/unhas-naturais-sao-a-nova-tendencia-para-um-visual-sofisticado\/","og_site_name":"Estado de Minas - Em foco","article_published_time":"2025-03-31T18:00:00+00:00","article_modified_time":"2025-03-19T18:09:17+00:00","og_image":[{"width":1280,"height":720,"url":"https:\/\/www.em.com.br\/emfoco\/wp-content\/uploads\/2025\/03\/unha_1742407089491.jpg","type":"image\/jpeg"}],"author":"N\u00fabia Rangel","twitter_card":"summary_large_image","twitter_misc":{"Escrito por":"N\u00fabia Rangel","Est. tempo de leitura":"3 minutos"},"schema":{"@context":"https:\/\/schema.org","@graph":[{"@type":"WebPage","@id":"https:\/\/www.em.com.br\/emfoco\/2025\/03\/31\/unhas-naturais-sao-a-nova-tendencia-para-um-visual-sofisticado\/","url":"https:\/\/www.em.com.br\/emfoco\/2025\/03\/31\/unhas-naturais-sao-a-nova-tendencia-para-um-visual-sofisticado\/","name":"Unhas naturais s\u00e3o a nova tend\u00eancia para um visual sofisticado - Estado de Minas - Em foco","isPartOf":{"@id":"https:\/\/www.em.com.br\/emfoco\/#website"},"primaryImageOfPage":{"@id":"https:\/\/www.em.com.br\/emfoco\/2025\/03\/31\/unhas-naturais-sao-a-nova-tendencia-para-um-visual-sofisticado\/#primaryimage"},"image":{"@id":"https:\/\/www.em.com.br\/emfoco\/2025\/03\/31\/unhas-naturais-sao-a-nova-tendencia-para-um-visual-sofisticado\/#primaryimage"},"thumbnailUrl":"https:\/\/www.em.com.br\/emfoco\/wp-content\/uploads\/2025\/03\/unha_1742407089491.jpg","datePublished":"2025-03-31T18:00:00+00:00","dateModified":"2025-03-19T18:09:17+00:00","author":{"@id":"https:\/\/www.em.com.br\/emfoco\/#\/schema\/person\/524437ef54f8a5d32591b143307f2e20"},"description":"Unhas naturais s\u00e3o a aposta das celebridades! Descubra os benef\u00edcios e como manter as suas sempre fortes e bonitas.","breadcrumb":{"@id":"https:\/\/www.em.com.br\/emfoco\/2025\/03\/31\/unhas-naturais-sao-a-nova-tendencia-para-um-visual-sofisticado\/#breadcrumb"},"inLanguage":"pt-BR","potentialAction":[{"@type":"ReadAction","target":["https:\/\/www.em.com.br\/emfoco\/2025\/03\/31\/unhas-naturais-sao-a-nova-tendencia-para-um-visual-sofisticado\/"]}]},{"@type":"ImageObject","inLanguage":"pt-BR","@id":"https:\/\/www.em.com.br\/emfoco\/2025\/03\/31\/unhas-naturais-sao-a-nova-tendencia-para-um-visual-sofisticado\/#primaryimage","url":"https:\/\/www.em.com.br\/emfoco\/wp-content\/uploads\/2025\/03\/unha_1742407089491.jpg","contentUrl":"https:\/\/www.em.com.br\/emfoco\/wp-content\/uploads\/2025\/03\/unha_1742407089491.jpg","width":1280,"height":720,"caption":"Unhas - Cr\u00e9ditos: depositphotos.com \/ AllaSerebrina"},{"@type":"BreadcrumbList","@id":"https:\/\/www.em.com.br\/emfoco\/2025\/03\/31\/unhas-naturais-sao-a-nova-tendencia-para-um-visual-sofisticado\/#breadcrumb","itemListElement":[{"@type":"ListItem","position":1,"name":"In\u00edcio","item":"https:\/\/www.em.com.br\/emfoco\/"},{"@type":"ListItem","position":2,"name":"Unhas naturais s\u00e3o a nova tend\u00eancia para um visual sofisticado"}]},{"@type":"WebSite","@id":"https:\/\/www.em.com.br\/emfoco\/#website","url":"https:\/\/www.em.com.br\/emfoco\/","name":"Estado de Minas - Em foco","description":"Acompanhe as \u00faltimas not\u00edcias e fique bem informado sobre tudo o que acontece em Minas Gerais, Brasil e no mundo.","potentialAction":[{"@type":"SearchAction","target":{"@type":"EntryPoint","urlTemplate":"https:\/\/www.em.com.br\/emfoco\/?s={search_term_string}"},"query-input":{"@type":"PropertyValueSpecification","valueRequired":true,"valueName":"search_term_string"}}],"inLanguage":"pt-BR"},{"@type":"Person","@id":"https:\/\/www.em.com.br\/emfoco\/#\/schema\/person\/524437ef54f8a5d32591b143307f2e20","name":"N\u00fabia Rangel","image":{"@type":"ImageObject","inLanguage":"pt-BR","@id":"https:\/\/www.em.com.br\/emfoco\/#\/schema\/person\/image\/","url":"https:\/\/secure.gravatar.com\/avatar\/47cff2827a5ba23c37e8068c86817ea4?s=96&d=mm&r=g","contentUrl":"https:\/\/secure.gravatar.com\/avatar\/47cff2827a5ba23c37e8068c86817ea4?s=96&d=mm&r=g","caption":"N\u00fabia Rangel"},"sameAs":["https:\/\/www.em.com.br\/emfoco\/"],"url":"https:\/\/www.em.com.br\/emfoco\/author\/nubiamyth\/"}]}},"_links":{"self":[{"href":"https:\/\/www.em.com.br\/emfoco\/wp-json\/wp\/v2\/posts\/30478","targetHints":{"allow":["GET"]}}],"collection":[{"href":"https:\/\/www.em.com.br\/emfoco\/wp-json\/wp\/v2\/posts"}],"about":[{"href":"https:\/\/www.em.com.br\/emfoco\/wp-json\/wp\/v2\/types\/post"}],"author":[{"embeddable":true,"href":"https:\/\/www.em.com.br\/emfoco\/wp-json\/wp\/v2\/users\/5"}],"replies":[{"embeddable":true,"href":"https:\/\/www.em.com.br\/emfoco\/wp-json\/wp\/v2\/comments?post=30478"}],"version-history":[{"count":2,"href":"https:\/\/www.em.com.br\/emfoco\/wp-json\/wp\/v2\/posts\/30478\/revisions"}],"predecessor-version":[{"id":30504,"href":"https:\/\/www.em.com.br\/emfoco\/wp-json\/wp\/v2\/posts\/30478\/revisions\/30504"}],"wp:featuredmedia":[{"embeddable":true,"href":"https:\/\/www.em.com.br\/emfoco\/wp-json\/wp\/v2\/media\/30489"}],"wp:attachment":[{"href":"https:\/\/www.em.com.br\/emfoco\/wp-json\/wp\/v2\/media?parent=30478"}],"wp:term":[{"taxonomy":"category","embeddable":true,"href":"https:\/\/www.em.com.br\/emfoco\/wp-json\/wp\/v2\/categories?post=30478"},{"taxonomy":"post_tag","embeddable":true,"href":"https:\/\/www.em.com.br\/emfoco\/wp-json\/wp\/v2\/tags?post=30478"}],"curies":[{"name":"wp","href":"https:\/\/api.w.org\/{rel}","templated":true}]}}