{"id":30445,"date":"2025-03-20T06:20:00","date_gmt":"2025-03-20T09:20:00","guid":{"rendered":"https:\/\/www.em.com.br\/emfoco\/?p=30445"},"modified":"2025-03-19T15:10:51","modified_gmt":"2025-03-19T18:10:51","slug":"o-clima-vai-ser-imprevisivel-em-20-03-na-regiao-sudeste-confira","status":"publish","type":"post","link":"https:\/\/www.em.com.br\/emfoco\/2025\/03\/20\/o-clima-vai-ser-imprevisivel-em-20-03-na-regiao-sudeste-confira\/","title":{"rendered":"O clima vai ser imprevis\u00edvel em 20\/03 na regi\u00e3o Sudeste! Confira"},"content":{"rendered":"\n<p>As previs\u00f5es meteorol\u00f3gicas desempenham um papel importante no planejamento di\u00e1rio, especialmente em<strong> <a href=\"https:\/\/www.em.com.br\/emfoco\/2025\/03\/17\/curiosidades-que-fazem-de-belo-horizonte-uma-cidade-unica-e-cheia-de-historia\/\" target=\"_blank\" rel=\"noreferrer noopener\">Belo Horizonte<\/a><\/strong>, onde o clima pode variar de forma significativa. No dia 20 de mar\u00e7o de 2025, a capital mineira ter\u00e1 temperaturas t\u00edpicas para a \u00e9poca do ano, com m\u00e1ximas e m\u00ednimas projetadas como segue:<\/p>\n\n\n\n<p><strong>Temperatura M\u00e1xima:<\/strong> 28\u00b0C<br><strong>Temperatura M\u00ednima:<\/strong> 18\u00b0C<\/p>\n\n\n\n<h2 class=\"wp-block-heading\">Como o clima das principais cidades de Minas Gerais vai variar?<\/h2>\n\n\n\n<p><strong>Minas Gerais<\/strong> \u00e9 um estado com uma grande diversidade geogr\u00e1fica, o que resulta em condi\u00e7\u00f5es clim\u00e1ticas variadas. A seguir, confira as temperaturas m\u00e1ximas e m\u00ednimas previstas para algumas das principais cidades mineiras:<\/p>\n\n\n\n<ul class=\"wp-block-list\">\n<li><strong>Belo Horizonte<\/strong>: M\u00e1xima de 28\u00b0C, M\u00ednima de 18\u00b0C<\/li>\n\n\n\n<li><strong>Uberl\u00e2ndia<\/strong>: M\u00e1xima de 30\u00b0C, M\u00ednima de 19\u00b0C<\/li>\n\n\n\n<li><strong>Juiz de Fora<\/strong>: M\u00e1xima de 26\u00b0C, M\u00ednima de 17\u00b0C<\/li>\n\n\n\n<li><strong>Montes Claros<\/strong>: M\u00e1xima de 32\u00b0C, M\u00ednima de 21\u00b0C<\/li>\n\n\n\n<li><strong>Divin\u00f3polis<\/strong>: M\u00e1xima de 29\u00b0C, M\u00ednima de 18\u00b0C<\/li>\n<\/ul>\n\n\n\n<h2 class=\"wp-block-heading\">Como as mudan\u00e7as clim\u00e1ticas impactam o Sudeste do Brasil?<\/h2>\n\n\n\n<p>As <strong><a href=\"https:\/\/brasilescola.uol.com.br\/biologia\/mudancas-climaticas.htm\" target=\"_blank\" rel=\"noreferrer noopener\">mudan\u00e7as clim\u00e1ticas<\/a><\/strong> est\u00e3o causando altera\u00e7\u00f5es significativas nas condi\u00e7\u00f5es clim\u00e1ticas do Sudeste. A regi\u00e3o, que j\u00e1 lida com desafios como a urbaniza\u00e7\u00e3o, agora enfrenta temperaturas mais extremas, padr\u00f5es de chuva alterados e eventos clim\u00e1ticos imprevis\u00edveis. Essas mudan\u00e7as impactam diversos setores, como a agricultura e a gera\u00e7\u00e3o de energia, que dependem de um clima est\u00e1vel.<\/p>\n\n\n\n<figure class=\"wp-block-image\"><img decoding=\"async\" src=\"https:\/\/www.em.com.br\/emfoco\/wp-content\/uploads\/2025\/03\/previsao-do-tempo_1741719092129-1024x576.jpg\" alt=\"\"\/><figcaption class=\"wp-element-caption\">Clima &#8211; Cr\u00e9ditos: depositphotos.com \/ kaedeezign<\/figcaption><\/figure>\n\n\n\n<h2 class=\"wp-block-heading\">Quais s\u00e3o as previs\u00f5es para os pr\u00f3ximos dias no Sudeste?<\/h2>\n\n\n\n<p>As pr\u00f3ximas semanas no Sudeste do Brasil continuar\u00e3o a apresentar varia\u00e7\u00f5es clim\u00e1ticas. Veja as previs\u00f5es de temperatura para as principais cidades da regi\u00e3o:<\/p>\n\n\n\n<ul class=\"wp-block-list\">\n<li><strong>S\u00e3o Paulo<\/strong>: M\u00e1xima de 27\u00b0C, M\u00ednima de 17\u00b0C<\/li>\n\n\n\n<li><strong>Rio de Janeiro<\/strong>: M\u00e1xima de 31\u00b0C, M\u00ednima de 22\u00b0C<\/li>\n\n\n\n<li><strong>Vit\u00f3ria<\/strong>: M\u00e1xima de 30\u00b0C, M\u00ednima de 21\u00b0C<\/li>\n<\/ul>\n\n\n\n<h2 class=\"wp-block-heading\">Como entender e interpretar as previs\u00f5es meteorol\u00f3gicas corretamente?<\/h2>\n\n\n\n<p>Para uma melhor compreens\u00e3o das previs\u00f5es do tempo, \u00e9 importante seguir algumas dicas essenciais:<\/p>\n\n\n\n<ol class=\"wp-block-list\">\n<li><strong>Verifique sempre fontes confi\u00e1veis<\/strong>, como o Inmet e o Climatempo.<\/li>\n\n\n\n<li><strong>Considere a margem de erro<\/strong>, pois as previs\u00f5es podem variar com o tempo.<\/li>\n\n\n\n<li><strong>Observe as tend\u00eancias clim\u00e1ticas<\/strong> em vez de se concentrar apenas em um dia espec\u00edfico.<\/li>\n\n\n\n<li><strong>Fique atento aos termos t\u00e9cnicos<\/strong>, como &#8220;frente fria&#8221; ou &#8220;onda de calor&#8221;, para entender melhor os fen\u00f4menos clim\u00e1ticos.<\/li>\n<\/ol>\n\n\n\n<p>Com essas orienta\u00e7\u00f5es, fica mais f\u00e1cil se planejar para as mudan\u00e7as clim\u00e1ticas e tomar decis\u00f5es com mais seguran\u00e7a.s esperadas.<\/p>\n","protected":false},"excerpt":{"rendered":"<p>As previs\u00f5es meteorol\u00f3gicas desempenham um papel importante no planejamento di\u00e1rio, especialmente em Belo Horizonte, onde o clima pode variar de forma significativa. No dia 20 de mar\u00e7o de 2025, a capital mineira ter\u00e1 temperaturas t\u00edpicas para a \u00e9poca do ano, com m\u00e1ximas e m\u00ednimas projetadas como segue: Temperatura M\u00e1xima: 28\u00b0CTemperatura M\u00ednima: 18\u00b0C Como o clima [&hellip;]<\/p>\n","protected":false},"author":11,"featured_media":25398,"comment_status":"open","ping_status":"open","sticky":false,"template":"","format":"standard","meta":{"jnews-multi-image_gallery":[],"jnews_single_post":{"format":"standard"},"jnews_primary_category":[],"jnews_social_meta":[],"jnews_override_counter":[],"footnotes":""},"categories":[30,1],"tags":[154,152,1192],"class_list":["post-30445","post","type-post","status-publish","format-standard","has-post-thumbnail","hentry","category-clima","category-noticias","tag-belo-horizonte","tag-clima","tag-sudeste"],"yoast_head":"<!-- This site is optimized with the Yoast SEO plugin v23.8 - https:\/\/yoast.com\/wordpress\/plugins\/seo\/ -->\n<title>O clima vai ser imprevis\u00edvel em 20\/03 na regi\u00e3o Sudeste! Confira - Estado de Minas - Em foco<\/title>\n<meta name=\"description\" content=\"Previs\u00e3o do tempo \u00e9 previs\u00edvel. Veja como as mudan\u00e7as clim\u00e1ticas est\u00e3o transformando o clima em Belo Horizonte e no Sudeste.\" \/>\n<meta name=\"robots\" content=\"index, follow, max-snippet:-1, max-image-preview:large, max-video-preview:-1\" \/>\n<link rel=\"canonical\" href=\"https:\/\/www.em.com.br\/emfoco\/2025\/03\/20\/o-clima-vai-ser-imprevisivel-em-20-03-na-regiao-sudeste-confira\/\" \/>\n<meta property=\"og:locale\" content=\"pt_BR\" \/>\n<meta property=\"og:type\" content=\"article\" \/>\n<meta property=\"og:title\" content=\"O clima vai ser imprevis\u00edvel em 20\/03 na regi\u00e3o Sudeste! Confira - Estado de Minas - Em foco\" \/>\n<meta property=\"og:description\" content=\"Previs\u00e3o do tempo \u00e9 previs\u00edvel. Veja como as mudan\u00e7as clim\u00e1ticas est\u00e3o transformando o clima em Belo Horizonte e no Sudeste.\" \/>\n<meta property=\"og:url\" content=\"https:\/\/www.em.com.br\/emfoco\/2025\/03\/20\/o-clima-vai-ser-imprevisivel-em-20-03-na-regiao-sudeste-confira\/\" \/>\n<meta property=\"og:site_name\" content=\"Estado de Minas - Em foco\" \/>\n<meta property=\"article:published_time\" content=\"2025-03-20T09:20:00+00:00\" \/>\n<meta property=\"article:modified_time\" content=\"2025-03-19T18:10:51+00:00\" \/>\n<meta property=\"og:image\" content=\"https:\/\/www.em.com.br\/emfoco\/wp-content\/uploads\/2025\/03\/clima_1741150231628.jpg\" \/>\n\t<meta property=\"og:image:width\" content=\"1280\" \/>\n\t<meta property=\"og:image:height\" content=\"720\" \/>\n\t<meta property=\"og:image:type\" content=\"image\/jpeg\" \/>\n<meta name=\"author\" content=\"Andre\u0301 Rangel\u00a0\" \/>\n<meta name=\"twitter:card\" content=\"summary_large_image\" \/>\n<meta name=\"twitter:label1\" content=\"Escrito por\" \/>\n\t<meta name=\"twitter:data1\" content=\"Andre\u0301 Rangel\u00a0\" \/>\n\t<meta name=\"twitter:label2\" content=\"Est. tempo de leitura\" \/>\n\t<meta name=\"twitter:data2\" content=\"3 minutos\" \/>\n<!-- \/ Yoast SEO plugin. -->","yoast_head_json":{"title":"O clima vai ser imprevis\u00edvel em 20\/03 na regi\u00e3o Sudeste! Confira - Estado de Minas - Em foco","description":"Previs\u00e3o do tempo \u00e9 previs\u00edvel. Veja como as mudan\u00e7as clim\u00e1ticas est\u00e3o transformando o clima em Belo Horizonte e no Sudeste.","robots":{"index":"index","follow":"follow","max-snippet":"max-snippet:-1","max-image-preview":"max-image-preview:large","max-video-preview":"max-video-preview:-1"},"canonical":"https:\/\/www.em.com.br\/emfoco\/2025\/03\/20\/o-clima-vai-ser-imprevisivel-em-20-03-na-regiao-sudeste-confira\/","og_locale":"pt_BR","og_type":"article","og_title":"O clima vai ser imprevis\u00edvel em 20\/03 na regi\u00e3o Sudeste! Confira - Estado de Minas - Em foco","og_description":"Previs\u00e3o do tempo \u00e9 previs\u00edvel. Veja como as mudan\u00e7as clim\u00e1ticas est\u00e3o transformando o clima em Belo Horizonte e no Sudeste.","og_url":"https:\/\/www.em.com.br\/emfoco\/2025\/03\/20\/o-clima-vai-ser-imprevisivel-em-20-03-na-regiao-sudeste-confira\/","og_site_name":"Estado de Minas - Em foco","article_published_time":"2025-03-20T09:20:00+00:00","article_modified_time":"2025-03-19T18:10:51+00:00","og_image":[{"width":1280,"height":720,"url":"https:\/\/www.em.com.br\/emfoco\/wp-content\/uploads\/2025\/03\/clima_1741150231628.jpg","type":"image\/jpeg"}],"author":"Andre\u0301 Rangel\u00a0","twitter_card":"summary_large_image","twitter_misc":{"Escrito por":"Andre\u0301 Rangel\u00a0","Est. tempo de leitura":"3 minutos"},"schema":{"@context":"https:\/\/schema.org","@graph":[{"@type":"WebPage","@id":"https:\/\/www.em.com.br\/emfoco\/2025\/03\/20\/o-clima-vai-ser-imprevisivel-em-20-03-na-regiao-sudeste-confira\/","url":"https:\/\/www.em.com.br\/emfoco\/2025\/03\/20\/o-clima-vai-ser-imprevisivel-em-20-03-na-regiao-sudeste-confira\/","name":"O clima vai ser imprevis\u00edvel em 20\/03 na regi\u00e3o Sudeste! Confira - Estado de Minas - Em foco","isPartOf":{"@id":"https:\/\/www.em.com.br\/emfoco\/#website"},"primaryImageOfPage":{"@id":"https:\/\/www.em.com.br\/emfoco\/2025\/03\/20\/o-clima-vai-ser-imprevisivel-em-20-03-na-regiao-sudeste-confira\/#primaryimage"},"image":{"@id":"https:\/\/www.em.com.br\/emfoco\/2025\/03\/20\/o-clima-vai-ser-imprevisivel-em-20-03-na-regiao-sudeste-confira\/#primaryimage"},"thumbnailUrl":"https:\/\/www.em.com.br\/emfoco\/wp-content\/uploads\/2025\/03\/clima_1741150231628.jpg","datePublished":"2025-03-20T09:20:00+00:00","dateModified":"2025-03-19T18:10:51+00:00","author":{"@id":"https:\/\/www.em.com.br\/emfoco\/#\/schema\/person\/60eda09c1fedf0d6891f4cef4b60b8b8"},"description":"Previs\u00e3o do tempo \u00e9 previs\u00edvel. Veja como as mudan\u00e7as clim\u00e1ticas est\u00e3o transformando o clima em Belo Horizonte e no Sudeste.","breadcrumb":{"@id":"https:\/\/www.em.com.br\/emfoco\/2025\/03\/20\/o-clima-vai-ser-imprevisivel-em-20-03-na-regiao-sudeste-confira\/#breadcrumb"},"inLanguage":"pt-BR","potentialAction":[{"@type":"ReadAction","target":["https:\/\/www.em.com.br\/emfoco\/2025\/03\/20\/o-clima-vai-ser-imprevisivel-em-20-03-na-regiao-sudeste-confira\/"]}]},{"@type":"ImageObject","inLanguage":"pt-BR","@id":"https:\/\/www.em.com.br\/emfoco\/2025\/03\/20\/o-clima-vai-ser-imprevisivel-em-20-03-na-regiao-sudeste-confira\/#primaryimage","url":"https:\/\/www.em.com.br\/emfoco\/wp-content\/uploads\/2025\/03\/clima_1741150231628.jpg","contentUrl":"https:\/\/www.em.com.br\/emfoco\/wp-content\/uploads\/2025\/03\/clima_1741150231628.jpg","width":1280,"height":720,"caption":"Previs\u00e3o do tempo - Cr\u00e9ditos: depositphotos.com \/ Variant"},{"@type":"BreadcrumbList","@id":"https:\/\/www.em.com.br\/emfoco\/2025\/03\/20\/o-clima-vai-ser-imprevisivel-em-20-03-na-regiao-sudeste-confira\/#breadcrumb","itemListElement":[{"@type":"ListItem","position":1,"name":"In\u00edcio","item":"https:\/\/www.em.com.br\/emfoco\/"},{"@type":"ListItem","position":2,"name":"O clima vai ser imprevis\u00edvel em 20\/03 na regi\u00e3o Sudeste! Confira"}]},{"@type":"WebSite","@id":"https:\/\/www.em.com.br\/emfoco\/#website","url":"https:\/\/www.em.com.br\/emfoco\/","name":"Estado de Minas - Em foco","description":"Acompanhe as \u00faltimas not\u00edcias e fique bem informado sobre tudo o que acontece em Minas Gerais, Brasil e no mundo.","potentialAction":[{"@type":"SearchAction","target":{"@type":"EntryPoint","urlTemplate":"https:\/\/www.em.com.br\/emfoco\/?s={search_term_string}"},"query-input":{"@type":"PropertyValueSpecification","valueRequired":true,"valueName":"search_term_string"}}],"inLanguage":"pt-BR"},{"@type":"Person","@id":"https:\/\/www.em.com.br\/emfoco\/#\/schema\/person\/60eda09c1fedf0d6891f4cef4b60b8b8","name":"Andre\u0301 Rangel\u00a0","image":{"@type":"ImageObject","inLanguage":"pt-BR","@id":"https:\/\/www.em.com.br\/emfoco\/#\/schema\/person\/image\/","url":"https:\/\/secure.gravatar.com\/avatar\/6234dc814c77c8ef6d8bba622c787efc?s=96&d=mm&r=g","contentUrl":"https:\/\/secure.gravatar.com\/avatar\/6234dc814c77c8ef6d8bba622c787efc?s=96&d=mm&r=g","caption":"Andre\u0301 Rangel\u00a0"},"url":"https:\/\/www.em.com.br\/emfoco\/author\/luizmyth\/"}]}},"_links":{"self":[{"href":"https:\/\/www.em.com.br\/emfoco\/wp-json\/wp\/v2\/posts\/30445","targetHints":{"allow":["GET"]}}],"collection":[{"href":"https:\/\/www.em.com.br\/emfoco\/wp-json\/wp\/v2\/posts"}],"about":[{"href":"https:\/\/www.em.com.br\/emfoco\/wp-json\/wp\/v2\/types\/post"}],"author":[{"embeddable":true,"href":"https:\/\/www.em.com.br\/emfoco\/wp-json\/wp\/v2\/users\/11"}],"replies":[{"embeddable":true,"href":"https:\/\/www.em.com.br\/emfoco\/wp-json\/wp\/v2\/comments?post=30445"}],"version-history":[{"count":5,"href":"https:\/\/www.em.com.br\/emfoco\/wp-json\/wp\/v2\/posts\/30445\/revisions"}],"predecessor-version":[{"id":30491,"href":"https:\/\/www.em.com.br\/emfoco\/wp-json\/wp\/v2\/posts\/30445\/revisions\/30491"}],"wp:featuredmedia":[{"embeddable":true,"href":"https:\/\/www.em.com.br\/emfoco\/wp-json\/wp\/v2\/media\/25398"}],"wp:attachment":[{"href":"https:\/\/www.em.com.br\/emfoco\/wp-json\/wp\/v2\/media?parent=30445"}],"wp:term":[{"taxonomy":"category","embeddable":true,"href":"https:\/\/www.em.com.br\/emfoco\/wp-json\/wp\/v2\/categories?post=30445"},{"taxonomy":"post_tag","embeddable":true,"href":"https:\/\/www.em.com.br\/emfoco\/wp-json\/wp\/v2\/tags?post=30445"}],"curies":[{"name":"wp","href":"https:\/\/api.w.org\/{rel}","templated":true}]}}