{"id":30401,"date":"2025-03-31T13:20:00","date_gmt":"2025-03-31T16:20:00","guid":{"rendered":"https:\/\/www.em.com.br\/emfoco\/?p=30401"},"modified":"2025-06-14T18:53:04","modified_gmt":"2025-06-14T21:53:04","slug":"surpresa-no-mundo-dos-supercarros-audi-r8-2027-chega-com-novidades-chocantes","status":"publish","type":"post","link":"https:\/\/www.em.com.br\/emfoco\/2025\/03\/31\/surpresa-no-mundo-dos-supercarros-audi-r8-2027-chega-com-novidades-chocantes\/","title":{"rendered":"Surpresa no mundo dos supercarros! Audi R8 2027 chega com novidades chocantes!"},"content":{"rendered":"\n<p>O <a href=\"https:\/\/pt.wikipedia.org\/wiki\/Audi_R8\" target=\"_blank\" rel=\"noreferrer noopener\"><strong>Audi R8<\/strong> <\/a>est\u00e1 de volta. E dessa vez promete chegar causando. A <a href=\"https:\/\/www.em.com.br\/emfoco\/2025\/05\/16\/novo-audi-a6-e-tron-chega-ao-brasil-para-revolucionar-o-mercado-de-sedans-eletricos\/\" target=\"_blank\" rel=\"noreferrer noopener\"><strong>Audi<\/strong> <\/a>confirmou que est\u00e1 desenvolvendo uma nova gera\u00e7\u00e3o do seu supercarro mais famoso, com previs\u00e3o de chegada em 2027. Mas a pergunta que n\u00e3o quer calar \u00e9: ser\u00e1 que vale esperar tanto tempo?<\/p>\n\n\n\n<p>O projeto est\u00e1 rolando na <strong>Alemanha<\/strong> e promete mudan\u00e7as radicais. Estamos falando de um carro h\u00edbrido plug-in, com mais tecnologia e design completamente novo. A marca quer provar que ainda sabe fazer supercarro de verdade.<\/p>\n\n\n\n<p>Depois de anos sem novidades importantes, o <strong>R8<\/strong> precisa mesmo de uma revolu\u00e7\u00e3o. O mercado mudou, a concorr\u00eancia ficou mais pesada e os clientes est\u00e3o mais exigentes. Ser\u00e1 que a <strong>Audi<\/strong> conseguiu entender o recado?<\/p>\n\n\n\n<h2 class=\"wp-block-heading\">Que motor esse novo <strong>R8<\/strong> vai ter?<\/h2>\n\n\n\n<p>Aqui a coisa fica interessante. A <strong>Audi<\/strong> n\u00e3o est\u00e1 brincando em servi\u00e7o. O novo <strong>R8<\/strong> vai ter um motor 4.0 V8 biturbo trabalhando junto com tr\u00eas motores el\u00e9tricos. O resultado? 920 cavalos de pot\u00eancia.<\/p>\n\n\n\n<p>Para voc\u00ea ter uma ideia do que isso significa: o carro vai de 0 a 100 km\/h em apenas 2,7 segundos. A velocidade m\u00e1xima promete chegar aos 343 km\/h. E ainda tem vers\u00f5es mais apimentadas que podem passar dos 1.000 cavalos.<\/p>\n\n\n\n<p>Mas n\u00e3o \u00e9 s\u00f3 sobre for\u00e7a bruta. O sistema h\u00edbrido vai tornar o carro mais econ\u00f4mico tamb\u00e9m. Parece contradit\u00f3rio, mas \u00e9 a realidade dos supercarros modernos. Pot\u00eancia m\u00e1xima com consci\u00eancia ambiental.<\/p>\n\n\n\n<p>O interior promete acompanhar a evolu\u00e7\u00e3o. Sistema de som <strong>Bang &amp; Olufsen<\/strong>, bancos em couro <strong>Nappa<\/strong> e toda a tecnologia que voc\u00ea espera de um carro desse n\u00edvel. Assistentes de condu\u00e7\u00e3o, controle de cruzeiro adaptativo, essas coisas que fazem diferen\u00e7a no dia a dia.<\/p>\n\n\n\n<figure class=\"wp-block-image size-large\"><img loading=\"lazy\" decoding=\"async\" width=\"1024\" height=\"576\" src=\"https:\/\/www.em.com.br\/emfoco\/wp-content\/uploads\/2025\/03\/esse-41-1024x576.jpg\" alt=\"Surpresa no mundo dos supercarros! Audi R8 2027 chega com novidades chocantes!\" class=\"wp-image-30433\" srcset=\"https:\/\/www.em.com.br\/emfoco\/wp-content\/uploads\/2025\/03\/esse-41-1024x576.jpg 1024w, https:\/\/www.em.com.br\/emfoco\/wp-content\/uploads\/2025\/03\/esse-41-300x169.jpg 300w, https:\/\/www.em.com.br\/emfoco\/wp-content\/uploads\/2025\/03\/esse-41-768x432.jpg 768w, https:\/\/www.em.com.br\/emfoco\/wp-content\/uploads\/2025\/03\/esse-41-750x422.jpg 750w, https:\/\/www.em.com.br\/emfoco\/wp-content\/uploads\/2025\/03\/esse-41-1140x641.jpg 1140w, https:\/\/www.em.com.br\/emfoco\/wp-content\/uploads\/2025\/03\/esse-41.jpg 1280w\" sizes=\"auto, (max-width: 1024px) 100vw, 1024px\" \/><figcaption class=\"wp-element-caption\">Audi R8 &#8211; Cr\u00e9ditos: Imagem DIvulga\u00e7\u00e3o Audi<\/figcaption><\/figure>\n\n\n\n<h2 class=\"wp-block-heading\">Como vai ser o visual do novo carro?<\/h2>\n\n\n\n<p>O designer-chefe <strong>Massimo Frascella<\/strong> est\u00e1 comandando o projeto visual. E pelo que sabemos, vai ser uma mudan\u00e7a radical. Nada de design conservador ou medo de ousar.<\/p>\n\n\n\n<p>O <strong>R8<\/strong> vai ficar mais agressivo e aerodin\u00e2mico. Linhas esculpidas, detalhes em fibra de carbono e rodas de 21 polegadas. Os far\u00f3is v\u00e3o ser de LED Matrix HD, que al\u00e9m de bonitos, iluminam melhor que os convencionais.<\/p>\n\n\n\n<p>Vai ter vers\u00e3o cup\u00ea e convers\u00edvel, fabricadas na f\u00e1brica de <strong>B\u00f6llinger H\u00f6fe<\/strong>, na <strong>Alemanha<\/strong>. O mesmo lugar onde nasceram as gera\u00e7\u00f5es anteriores do <strong>R8<\/strong>.<\/p>\n\n\n\n<p>O legal \u00e9 que o novo design n\u00e3o \u00e9 s\u00f3 para impressionar. Toda mudan\u00e7a tem fun\u00e7\u00e3o aerodin\u00e2mica, o que melhora o desempenho nas pistas.<\/p>\n\n\n\n<h2 class=\"wp-block-heading\">Vai conseguir competir com os rivais?<\/h2>\n\n\n\n<p>Essa \u00e9 a pergunta mais importante. O <strong>R8<\/strong> vai usar a plataforma do <strong>Lamborghini Temerario<\/strong> e chassi de alum\u00ednio. \u00c9 tecnologia de ponta, mas ser\u00e1 que chega no n\u00edvel da concorr\u00eancia?<\/p>\n\n\n\n<p>O mercado de supercarros est\u00e1 cada vez mais competitivo. <strong>Ferrari<\/strong>, <strong>McLaren<\/strong>, <strong>Lamborghini<\/strong> &#8211; todo mundo est\u00e1 lan\u00e7ando novidades. O <strong>R8<\/strong> precisa mostrar que ainda tem lugar nessa briga.<\/p>\n\n\n\n<p>A vantagem da <strong>Audi<\/strong> \u00e9 a tradi\u00e7\u00e3o. O <strong>R8<\/strong> sempre foi reconhecido pela qualidade e confiabilidade. Agora precisa somar isso com inova\u00e7\u00e3o e desempenho de ponta.<\/p>\n\n\n\n<h2 class=\"wp-block-heading\">Por que demorou tanto para chegar?<\/h2>\n\n\n\n<p>A <strong>Audi<\/strong> ficou um tempo meio perdida no mercado de supercarros. Enquanto outras marcas inovavam, o <strong>R8<\/strong> foi ficando para tr\u00e1s. A decis\u00e3o de apostar no h\u00edbrido plug-in veio tarde, mas veio.<\/p>\n\n\n\n<p>O desenvolvimento de um supercarro leva tempo. Ainda mais quando voc\u00ea quer revolucionar tudo. Testes, homologa\u00e7\u00f5es, ajustes &#8211; cada detalhe precisa estar perfeito.<\/p>\n\n\n\n<p>E tem a quest\u00e3o estrat\u00e9gica tamb\u00e9m. A <strong>Audi<\/strong> precisava decidir o futuro dos seus carros esportivos. Agora que definiu a dire\u00e7\u00e3o, pode focar no que importa.<\/p>\n\n\n\n<h2 class=\"wp-block-heading\">Vale a pena esperar at\u00e9 2027?<\/h2>\n\n\n\n<p>Depende do que voc\u00ea procura. Se quer um supercarro agora, tem v\u00e1rias op\u00e7\u00f5es no mercado. Mas se pode esperar e quer algo realmente diferente, o novo <strong>R8<\/strong> promete valer a pena.<\/p>\n\n\n\n<p>Os n\u00fameros impressionam: 920 cavalos, 2,7 segundos de 0 a 100 km\/h, design revolucion\u00e1rio. No papel, parece que a <strong>Audi<\/strong> acertou a receita.<\/p>\n\n\n\n<p>O pre\u00e7o ainda n\u00e3o foi divulgado, mas prepare o bolso. Supercarro com essa tecnologia n\u00e3o vai ser barato. Mas quem tem dinheiro para um <strong>R8<\/strong> provavelmente n\u00e3o liga muito para isso.<\/p>\n\n\n\n<h2 class=\"wp-block-heading\"><strong>Audi<\/strong> est\u00e1 mesmo voltando ao jogo dos supercarros?<\/h2>\n\n\n\n<p>O novo <strong>R8<\/strong> pode ser mais que um carro. \u00c9 a chance da <strong>Audi<\/strong> provar que ainda sabe fazer supercarros de verdade. Depois de anos meio apagada nesse mercado, a marca precisa mostrar servi\u00e7o.<\/p>\n\n\n\n<p>A concorr\u00eancia est\u00e1 forte. <strong>Ferrari<\/strong> com modelos h\u00edbridos incr\u00edveis, <strong>McLaren<\/strong> inovando sempre, <strong>Lamborghini<\/strong> causando impacto. A <strong>Audi<\/strong> n\u00e3o pode mais ficar para tr\u00e1s.<\/p>\n\n\n\n<p>Se o novo <strong>R8<\/strong> der certo, pode ser o in\u00edcio de uma nova era para a marca. Se decepcionar, vai ser mais um projeto que prometeu muito e entregou pouco. A resposta definitiva s\u00f3 vamos ter em 2027.<\/p>\n","protected":false},"excerpt":{"rendered":"<p>O Audi R8 est\u00e1 de volta. E dessa vez promete chegar causando. A Audi confirmou que est\u00e1 desenvolvendo uma nova gera\u00e7\u00e3o do seu supercarro mais famoso, com previs\u00e3o de chegada em 2027. Mas a pergunta que n\u00e3o quer calar \u00e9: ser\u00e1 que vale esperar tanto tempo? O projeto est\u00e1 rolando na Alemanha e promete mudan\u00e7as [&hellip;]<\/p>\n","protected":false},"author":5,"featured_media":30426,"comment_status":"open","ping_status":"open","sticky":false,"template":"","format":"standard","meta":{"jnews-multi-image_gallery":[],"jnews_single_post":{"format":"standard"},"jnews_primary_category":[],"jnews_social_meta":[],"jnews_override_counter":[],"footnotes":""},"categories":[27,1],"tags":[3165,6530,6529,5944],"class_list":["post-30401","post","type-post","status-publish","format-standard","has-post-thumbnail","hentry","category-carros","category-noticias","tag-audi","tag-hibrido-plug-in","tag-r8","tag-supercarro"],"yoast_head":"<!-- This site is optimized with the Yoast SEO plugin v23.8 - https:\/\/yoast.com\/wordpress\/plugins\/seo\/ -->\n<title>Surpresa no mundo dos supercarros! Audi R8 2027 chega com novidades chocantes! - Estado de Minas - Em foco<\/title>\n<meta name=\"description\" content=\"Nova gera\u00e7\u00e3o do Audi R8 vem a\u00ed! O supercarro chega em 2027 com at\u00e9 1.000 cv e visual agressivo. Confira todos os detalhes.\" \/>\n<meta name=\"robots\" content=\"index, follow, max-snippet:-1, max-image-preview:large, max-video-preview:-1\" \/>\n<link rel=\"canonical\" href=\"https:\/\/www.em.com.br\/emfoco\/2025\/03\/31\/surpresa-no-mundo-dos-supercarros-audi-r8-2027-chega-com-novidades-chocantes\/\" \/>\n<meta property=\"og:locale\" content=\"pt_BR\" \/>\n<meta property=\"og:type\" content=\"article\" \/>\n<meta property=\"og:title\" content=\"Surpresa no mundo dos supercarros! Audi R8 2027 chega com novidades chocantes! - Estado de Minas - Em foco\" \/>\n<meta property=\"og:description\" content=\"Nova gera\u00e7\u00e3o do Audi R8 vem a\u00ed! O supercarro chega em 2027 com at\u00e9 1.000 cv e visual agressivo. Confira todos os detalhes.\" \/>\n<meta property=\"og:url\" content=\"https:\/\/www.em.com.br\/emfoco\/2025\/03\/31\/surpresa-no-mundo-dos-supercarros-audi-r8-2027-chega-com-novidades-chocantes\/\" \/>\n<meta property=\"og:site_name\" content=\"Estado de Minas - Em foco\" \/>\n<meta property=\"article:published_time\" content=\"2025-03-31T16:20:00+00:00\" \/>\n<meta property=\"article:modified_time\" content=\"2025-06-14T21:53:04+00:00\" \/>\n<meta property=\"og:image\" content=\"https:\/\/www.em.com.br\/emfoco\/wp-content\/uploads\/2025\/03\/esse-1-27.jpg\" \/>\n\t<meta property=\"og:image:width\" content=\"1280\" \/>\n\t<meta property=\"og:image:height\" content=\"720\" \/>\n\t<meta property=\"og:image:type\" content=\"image\/jpeg\" \/>\n<meta name=\"author\" content=\"N\u00fabia Rangel\" \/>\n<meta name=\"twitter:card\" content=\"summary_large_image\" \/>\n<meta name=\"twitter:label1\" content=\"Escrito por\" \/>\n\t<meta name=\"twitter:data1\" content=\"N\u00fabia Rangel\" \/>\n\t<meta name=\"twitter:label2\" content=\"Est. tempo de leitura\" \/>\n\t<meta name=\"twitter:data2\" content=\"5 minutos\" \/>\n<!-- \/ Yoast SEO plugin. -->","yoast_head_json":{"title":"Surpresa no mundo dos supercarros! Audi R8 2027 chega com novidades chocantes! - Estado de Minas - Em foco","description":"Nova gera\u00e7\u00e3o do Audi R8 vem a\u00ed! O supercarro chega em 2027 com at\u00e9 1.000 cv e visual agressivo. Confira todos os detalhes.","robots":{"index":"index","follow":"follow","max-snippet":"max-snippet:-1","max-image-preview":"max-image-preview:large","max-video-preview":"max-video-preview:-1"},"canonical":"https:\/\/www.em.com.br\/emfoco\/2025\/03\/31\/surpresa-no-mundo-dos-supercarros-audi-r8-2027-chega-com-novidades-chocantes\/","og_locale":"pt_BR","og_type":"article","og_title":"Surpresa no mundo dos supercarros! Audi R8 2027 chega com novidades chocantes! - Estado de Minas - Em foco","og_description":"Nova gera\u00e7\u00e3o do Audi R8 vem a\u00ed! O supercarro chega em 2027 com at\u00e9 1.000 cv e visual agressivo. Confira todos os detalhes.","og_url":"https:\/\/www.em.com.br\/emfoco\/2025\/03\/31\/surpresa-no-mundo-dos-supercarros-audi-r8-2027-chega-com-novidades-chocantes\/","og_site_name":"Estado de Minas - Em foco","article_published_time":"2025-03-31T16:20:00+00:00","article_modified_time":"2025-06-14T21:53:04+00:00","og_image":[{"width":1280,"height":720,"url":"https:\/\/www.em.com.br\/emfoco\/wp-content\/uploads\/2025\/03\/esse-1-27.jpg","type":"image\/jpeg"}],"author":"N\u00fabia Rangel","twitter_card":"summary_large_image","twitter_misc":{"Escrito por":"N\u00fabia Rangel","Est. tempo de leitura":"5 minutos"},"schema":{"@context":"https:\/\/schema.org","@graph":[{"@type":"WebPage","@id":"https:\/\/www.em.com.br\/emfoco\/2025\/03\/31\/surpresa-no-mundo-dos-supercarros-audi-r8-2027-chega-com-novidades-chocantes\/","url":"https:\/\/www.em.com.br\/emfoco\/2025\/03\/31\/surpresa-no-mundo-dos-supercarros-audi-r8-2027-chega-com-novidades-chocantes\/","name":"Surpresa no mundo dos supercarros! Audi R8 2027 chega com novidades chocantes! - Estado de Minas - Em foco","isPartOf":{"@id":"https:\/\/www.em.com.br\/emfoco\/#website"},"primaryImageOfPage":{"@id":"https:\/\/www.em.com.br\/emfoco\/2025\/03\/31\/surpresa-no-mundo-dos-supercarros-audi-r8-2027-chega-com-novidades-chocantes\/#primaryimage"},"image":{"@id":"https:\/\/www.em.com.br\/emfoco\/2025\/03\/31\/surpresa-no-mundo-dos-supercarros-audi-r8-2027-chega-com-novidades-chocantes\/#primaryimage"},"thumbnailUrl":"https:\/\/www.em.com.br\/emfoco\/wp-content\/uploads\/2025\/03\/esse-1-27.jpg","datePublished":"2025-03-31T16:20:00+00:00","dateModified":"2025-06-14T21:53:04+00:00","author":{"@id":"https:\/\/www.em.com.br\/emfoco\/#\/schema\/person\/524437ef54f8a5d32591b143307f2e20"},"description":"Nova gera\u00e7\u00e3o do Audi R8 vem a\u00ed! O supercarro chega em 2027 com at\u00e9 1.000 cv e visual agressivo. Confira todos os detalhes.","breadcrumb":{"@id":"https:\/\/www.em.com.br\/emfoco\/2025\/03\/31\/surpresa-no-mundo-dos-supercarros-audi-r8-2027-chega-com-novidades-chocantes\/#breadcrumb"},"inLanguage":"pt-BR","potentialAction":[{"@type":"ReadAction","target":["https:\/\/www.em.com.br\/emfoco\/2025\/03\/31\/surpresa-no-mundo-dos-supercarros-audi-r8-2027-chega-com-novidades-chocantes\/"]}]},{"@type":"ImageObject","inLanguage":"pt-BR","@id":"https:\/\/www.em.com.br\/emfoco\/2025\/03\/31\/surpresa-no-mundo-dos-supercarros-audi-r8-2027-chega-com-novidades-chocantes\/#primaryimage","url":"https:\/\/www.em.com.br\/emfoco\/wp-content\/uploads\/2025\/03\/esse-1-27.jpg","contentUrl":"https:\/\/www.em.com.br\/emfoco\/wp-content\/uploads\/2025\/03\/esse-1-27.jpg","width":1280,"height":720,"caption":"Audi R8 - Cr\u00e9ditos: Imagem DIvulga\u00e7\u00e3o Audi"},{"@type":"BreadcrumbList","@id":"https:\/\/www.em.com.br\/emfoco\/2025\/03\/31\/surpresa-no-mundo-dos-supercarros-audi-r8-2027-chega-com-novidades-chocantes\/#breadcrumb","itemListElement":[{"@type":"ListItem","position":1,"name":"In\u00edcio","item":"https:\/\/www.em.com.br\/emfoco\/"},{"@type":"ListItem","position":2,"name":"Surpresa no mundo dos supercarros! Audi R8 2027 chega com novidades chocantes!"}]},{"@type":"WebSite","@id":"https:\/\/www.em.com.br\/emfoco\/#website","url":"https:\/\/www.em.com.br\/emfoco\/","name":"Estado de Minas - Em foco","description":"Acompanhe as \u00faltimas not\u00edcias e fique bem informado sobre tudo o que acontece em Minas Gerais, Brasil e no mundo.","potentialAction":[{"@type":"SearchAction","target":{"@type":"EntryPoint","urlTemplate":"https:\/\/www.em.com.br\/emfoco\/?s={search_term_string}"},"query-input":{"@type":"PropertyValueSpecification","valueRequired":true,"valueName":"search_term_string"}}],"inLanguage":"pt-BR"},{"@type":"Person","@id":"https:\/\/www.em.com.br\/emfoco\/#\/schema\/person\/524437ef54f8a5d32591b143307f2e20","name":"N\u00fabia Rangel","image":{"@type":"ImageObject","inLanguage":"pt-BR","@id":"https:\/\/www.em.com.br\/emfoco\/#\/schema\/person\/image\/","url":"https:\/\/secure.gravatar.com\/avatar\/47cff2827a5ba23c37e8068c86817ea4?s=96&d=mm&r=g","contentUrl":"https:\/\/secure.gravatar.com\/avatar\/47cff2827a5ba23c37e8068c86817ea4?s=96&d=mm&r=g","caption":"N\u00fabia Rangel"},"sameAs":["https:\/\/www.em.com.br\/emfoco\/"],"url":"https:\/\/www.em.com.br\/emfoco\/author\/nubiamyth\/"}]}},"_links":{"self":[{"href":"https:\/\/www.em.com.br\/emfoco\/wp-json\/wp\/v2\/posts\/30401","targetHints":{"allow":["GET"]}}],"collection":[{"href":"https:\/\/www.em.com.br\/emfoco\/wp-json\/wp\/v2\/posts"}],"about":[{"href":"https:\/\/www.em.com.br\/emfoco\/wp-json\/wp\/v2\/types\/post"}],"author":[{"embeddable":true,"href":"https:\/\/www.em.com.br\/emfoco\/wp-json\/wp\/v2\/users\/5"}],"replies":[{"embeddable":true,"href":"https:\/\/www.em.com.br\/emfoco\/wp-json\/wp\/v2\/comments?post=30401"}],"version-history":[{"count":4,"href":"https:\/\/www.em.com.br\/emfoco\/wp-json\/wp\/v2\/posts\/30401\/revisions"}],"predecessor-version":[{"id":60867,"href":"https:\/\/www.em.com.br\/emfoco\/wp-json\/wp\/v2\/posts\/30401\/revisions\/60867"}],"wp:featuredmedia":[{"embeddable":true,"href":"https:\/\/www.em.com.br\/emfoco\/wp-json\/wp\/v2\/media\/30426"}],"wp:attachment":[{"href":"https:\/\/www.em.com.br\/emfoco\/wp-json\/wp\/v2\/media?parent=30401"}],"wp:term":[{"taxonomy":"category","embeddable":true,"href":"https:\/\/www.em.com.br\/emfoco\/wp-json\/wp\/v2\/categories?post=30401"},{"taxonomy":"post_tag","embeddable":true,"href":"https:\/\/www.em.com.br\/emfoco\/wp-json\/wp\/v2\/tags?post=30401"}],"curies":[{"name":"wp","href":"https:\/\/api.w.org\/{rel}","templated":true}]}}