{"id":3040,"date":"2024-12-09T14:20:00","date_gmt":"2024-12-09T17:20:00","guid":{"rendered":"https:\/\/www.em.com.br\/emfoco\/?p=3040"},"modified":"2024-12-05T12:28:45","modified_gmt":"2024-12-05T15:28:45","slug":"melhores-cidades-de-minas-gerais-para-criancas","status":"publish","type":"post","link":"https:\/\/www.em.com.br\/emfoco\/2024\/12\/09\/melhores-cidades-de-minas-gerais-para-criancas\/","title":{"rendered":"Melhores Cidades de Minas Gerais para Crian\u00e7as!"},"content":{"rendered":"\n<p>A startup Mapfry, com colabora\u00e7\u00e3o do <strong><a href=\"https:\/\/www.ibge.gov.br\/\" target=\"_blank\" rel=\"noreferrer noopener\">Instituto Brasileiro de Geografia e Estat\u00edstica<\/a><\/strong> (IBGE), realizou uma pesquisa para determinar as melhores cidades em Minas Gerais onde criar filhos. Utilizando extensos crit\u00e9rios de avalia\u00e7\u00e3o, o estudo focou no desenvolvimento urbano, popula\u00e7\u00e3o infantil e infraestrutura. Este levantamento identificou Nova Lima, Capit\u00f3lio, Belo Horizonte, Extrema e Santana do Para\u00edso como as cinco cidades que mais se destacam para fam\u00edlias.<\/p>\n\n\n\n<p>No topo da lista est\u00e1 Nova Lima, seguida por Capit\u00f3lio e Belo Horizonte. Estas cidades foram aclamadas por suas condi\u00e7\u00f5es de desenvolvimento infantil e infraestrutura voltada para fam\u00edlias. Extrema e Santana do Para\u00edso completam as cinco principais, cada uma com caracter\u00edsticas pr\u00f3prias que as tornam \u00f3timas op\u00e7\u00f5es para a educa\u00e7\u00e3o e o crescimento infantil.<\/p>\n\n\n\n<h2 class=\"wp-block-heading\">O Que Faz de Nova Lima a Melhor Op\u00e7\u00e3o?<\/h2>\n\n\n\n<p>Nova Lima, localizada na Regi\u00e3o Metropolitana de <strong><a href=\"https:\/\/www.em.com.br\/emfoco\/2024\/12\/07\/o-destino-mineiro-que-combina-historia-sabores-e-modernidade\/\" target=\"_blank\" rel=\"noreferrer noopener\">Belo Horizonte<\/a><\/strong>, \u00e9 l\u00edder no ranking por oferecer uma economia robusta e infraestrutura altamente desenvolvida. Com uma popula\u00e7\u00e3o de aproximadamente 111.697 habitantes, a cidade se destaca por seu elevado n\u00edvel de desenvolvimento e riqueza. Em 2023, foi referenciada pela Funda\u00e7\u00e3o Get\u00falio Vargas como a cidade mais rica da regi\u00e3o, evidenciando uma oferta econ\u00f4mica significativa e um sistema de servi\u00e7os p\u00fablicos de alta qualidade.<\/p>\n\n\n\n<p>A infraestrutura de <strong><a href=\"https:\/\/www.em.com.br\/emfoco\/2024\/11\/28\/nova-lima-o-refugio-ideal-para-crescer-e-educar-seus-filhos\/\" target=\"_blank\" rel=\"noreferrer noopener\">Nova Lima<\/a><\/strong> \u00e9 um atrativo crucial para as fam\u00edlias, oferecendo excelentes institui\u00e7\u00f5es educacionais e servi\u00e7os de sa\u00fade. Esses fatores s\u00e3o determinantes para fam\u00edlias que buscam um ambiente que promova o bem-estar e o crescimento de seus filhos, fazendo da cidade uma escolha privilegiada para se viver.<\/p>\n\n\n\n<figure class=\"wp-block-image size-full\"><img loading=\"lazy\" decoding=\"async\" width=\"1024\" height=\"577\" src=\"https:\/\/www.em.com.br\/emfoco\/wp-content\/uploads\/2024\/11\/image-16-e1732654711179.png\" alt=\"Nova Lima, o Ref\u00fagio Ideal para Crescer e Educar Seus Filhos!\" class=\"wp-image-1612\" srcset=\"https:\/\/www.em.com.br\/emfoco\/wp-content\/uploads\/2024\/11\/image-16-e1732654711179.png 1024w, https:\/\/www.em.com.br\/emfoco\/wp-content\/uploads\/2024\/11\/image-16-e1732654711179-300x169.png 300w, https:\/\/www.em.com.br\/emfoco\/wp-content\/uploads\/2024\/11\/image-16-e1732654711179-768x433.png 768w, https:\/\/www.em.com.br\/emfoco\/wp-content\/uploads\/2024\/11\/image-16-e1732654711179-750x423.png 750w\" sizes=\"auto, (max-width: 1024px) 100vw, 1024px\" \/><figcaption class=\"wp-element-caption\">Nova Lima &#8211; Cr\u00e9ditos: Flickr<\/figcaption><\/figure>\n\n\n\n<h2 class=\"wp-block-heading\">Por que Capit\u00f3lio Atra\u00ed Fam\u00edlias?<\/h2>\n\n\n\n<p><strong><a href=\"https:\/\/www.em.com.br\/emfoco\/2024\/11\/29\/como-capitolio-se-tornou-o-paraiso-do-lago-de-furnas-e-da-historia-mineira\/\" target=\"_blank\" rel=\"noreferrer noopener\">Capit\u00f3lio<\/a><\/strong>, com seus 10.380 habitantes, destaca-se por proporcionar qualidade de vida mesclada \u00e0 tranquilidade. Apesar de seu tamanho reduzido, oferece infraestrutura suficiente para atender \u00e0s necessidades familiares. O ambiente natural encantador n\u00e3o somente contribui para o bem-estar f\u00edsico e mental, mas tamb\u00e9m para um equil\u00edbrio desej\u00e1vel entre estilo de vida calmo e acesso a servi\u00e7os essenciais.<\/p>\n\n\n\n<p>A cidade obteve uma pontua\u00e7\u00e3o de 4,5 no estudo, equilibrando suas caracter\u00edsticas urbanas com os atrativos naturais. Esta combina\u00e7\u00e3o \u00e9 perfeita para aqueles que desejam criar filhos em um local que ofere\u00e7a tranquilidade sem perder a funcionalidade de uma cidade maior.<\/p>\n\n\n\n<figure class=\"wp-block-image size-large\"><img loading=\"lazy\" decoding=\"async\" width=\"1024\" height=\"540\" src=\"https:\/\/www.em.com.br\/emfoco\/wp-content\/uploads\/2024\/11\/image-42-1024x540.png\" alt=\"Como Capit\u00f3lio Se Tornou o Para\u00edso do Lago de Furnas e da Hist\u00f3ria Mineira!\" class=\"wp-image-1783\"\/><figcaption class=\"wp-element-caption\">Lago de Furnas &#8211; Capit\u00f3lio &#8211; Cr\u00e9ditos: Wikimedia Commons<\/figcaption><\/figure>\n\n\n\n<h2 class=\"wp-block-heading\">Como Belo Horizonte Contribui para a Vida Familiar?<\/h2>\n\n\n\n<p>Belo Horizonte, como capital mineira e terceira no ranking, oferece um ambiente urbano din\u00e2mico para fam\u00edlias. Com uma vasta popula\u00e7\u00e3o de 2.315.560 habitantes, a cidade consegue equilibrar infraestrutura urbana eficiente com acessibilidade. Essas caracter\u00edsticas s\u00e3o fundamentais para atender as diversas necessidades das fam\u00edlias modernas.<\/p>\n\n\n\n<p>A cidade apresenta um forte dinamismo econ\u00f4mico, complementado por uma infraestrutura cultural e educacional rica, essencial para o desenvolvimento infantil. A pontua\u00e7\u00e3o de 4,36 reflete sua capacidade de proporcionar um ambiente vers\u00e1til para as fam\u00edlias que desejam o melhor em educa\u00e7\u00e3o e lazer para seus filhos.<\/p>\n\n\n\n<figure class=\"wp-block-image size-large\"><img loading=\"lazy\" decoding=\"async\" width=\"1024\" height=\"576\" src=\"https:\/\/www.em.com.br\/emfoco\/wp-content\/uploads\/2024\/11\/Belo-Horizonte_1732650063206-1024x576.jpg\" alt=\"Veja as Vantagens de Morar na Regi\u00e3o Metropolitana de Belo Horizonte!\" class=\"wp-image-1593\" srcset=\"https:\/\/www.em.com.br\/emfoco\/wp-content\/uploads\/2024\/11\/Belo-Horizonte_1732650063206-1024x576.jpg 1024w, https:\/\/www.em.com.br\/emfoco\/wp-content\/uploads\/2024\/11\/Belo-Horizonte_1732650063206-300x169.jpg 300w, https:\/\/www.em.com.br\/emfoco\/wp-content\/uploads\/2024\/11\/Belo-Horizonte_1732650063206-768x432.jpg 768w, https:\/\/www.em.com.br\/emfoco\/wp-content\/uploads\/2024\/11\/Belo-Horizonte_1732650063206-750x422.jpg 750w, https:\/\/www.em.com.br\/emfoco\/wp-content\/uploads\/2024\/11\/Belo-Horizonte_1732650063206-1140x641.jpg 1140w, https:\/\/www.em.com.br\/emfoco\/wp-content\/uploads\/2024\/11\/Belo-Horizonte_1732650063206.jpg 1280w\" sizes=\"auto, (max-width: 1024px) 100vw, 1024px\" \/><figcaption class=\"wp-element-caption\">Belo Horizonte &#8211; Cr\u00e9ditos: depositphotos.com <\/figcaption><\/figure>\n\n\n\n<h2 class=\"wp-block-heading\">Extrema e Santana do Para\u00edso: Benef\u00edcios e Infraestrutura<\/h2>\n\n\n\n<p>Extrema e Santana do Para\u00edso fecham as cinco primeiras posi\u00e7\u00f5es, com infraestrutura e qualidade de vida como seus principais atrativos. Estas cidades s\u00e3o conhecidas por uma distribui\u00e7\u00e3o efetiva de servi\u00e7os p\u00fablicos, o que \u00e9 fundamental para criar um ambiente seguro e saud\u00e1vel para as crian\u00e7as.<\/p>\n\n\n\n<p>Tanto Extrema quanto Santana do Para\u00edso oferecem ambientes seguros e servi\u00e7os p\u00fablicos de qualidade, fatores imprescind\u00edveis para o bem-estar familiar. Estas qualidades urbanas s\u00e3o essenciais para aqueles que desejam criar seus filhos em um local que suporte e promova seu desenvolvimento.<\/p>\n\n\n\n<figure class=\"wp-block-image size-full\"><img loading=\"lazy\" decoding=\"async\" width=\"1024\" height=\"577\" src=\"https:\/\/www.em.com.br\/emfoco\/wp-content\/uploads\/2024\/11\/image-88-e1732907559436.png\" alt=\"Conhe\u00e7a A Cidade Mineira que Mais Cresceu nos \u00daltimos Anos!\" class=\"wp-image-2336\" srcset=\"https:\/\/www.em.com.br\/emfoco\/wp-content\/uploads\/2024\/11\/image-88-e1732907559436.png 1024w, https:\/\/www.em.com.br\/emfoco\/wp-content\/uploads\/2024\/11\/image-88-e1732907559436-300x169.png 300w, https:\/\/www.em.com.br\/emfoco\/wp-content\/uploads\/2024\/11\/image-88-e1732907559436-768x433.png 768w, https:\/\/www.em.com.br\/emfoco\/wp-content\/uploads\/2024\/11\/image-88-e1732907559436-750x423.png 750w\" sizes=\"auto, (max-width: 1024px) 100vw, 1024px\" \/><figcaption class=\"wp-element-caption\">Trilha em Extrema &#8211; Cr\u00e9ditos: Flickr<\/figcaption><\/figure>\n\n\n\n<h2 class=\"wp-block-heading\">Metodologia do Estudo de Avalia\u00e7\u00e3o das Cidades<\/h2>\n\n\n\n<p>A an\u00e1lise conduzida pela <strong><a href=\"https:\/\/www.mapfry.com\/\" target=\"_blank\" rel=\"noreferrer noopener\">Mapfry<\/a><\/strong> considerou cinco dimens\u00f5es essenciais: desenvolvimento urbano, densidade de popula\u00e7\u00e3o infantil, infraestrutura, dinamismo econ\u00f4mico e servi\u00e7os p\u00fablicos. Estes fatores foram fundamentais para identificar cidades que oferecem um ambiente seguro e estimulante para o desenvolvimento infantil.<\/p>\n\n\n\n<p>Com base nessa avalia\u00e7\u00e3o detalhada, as cidades selecionadas apresentam um equil\u00edbrio entre condi\u00e7\u00f5es econ\u00f4micas favor\u00e1veis e um s\u00f3lido ambiente social, criando assim um espa\u00e7o prop\u00edcio para o crescimento saud\u00e1vel e seguro das crian\u00e7as.<\/p>\n","protected":false},"excerpt":{"rendered":"<p>A startup Mapfry, com colabora\u00e7\u00e3o do Instituto Brasileiro de Geografia e Estat\u00edstica (IBGE), realizou uma pesquisa para determinar as melhores cidades em Minas Gerais onde criar filhos. Utilizando extensos crit\u00e9rios de avalia\u00e7\u00e3o, o estudo focou no desenvolvimento urbano, popula\u00e7\u00e3o infantil e infraestrutura. Este levantamento identificou Nova Lima, Capit\u00f3lio, Belo Horizonte, Extrema e Santana do Para\u00edso [&hellip;]<\/p>\n","protected":false},"author":5,"featured_media":1494,"comment_status":"open","ping_status":"open","sticky":false,"template":"","format":"standard","meta":{"jnews-multi-image_gallery":[],"jnews_single_post":{"format":"standard"},"jnews_primary_category":[],"jnews_social_meta":[],"jnews_override_counter":[],"footnotes":""},"categories":[26,1],"tags":[158,1473,1409,327],"class_list":["post-3040","post","type-post","status-publish","format-standard","has-post-thumbnail","hentry","category-cidades","category-noticias","tag-brasil","tag-criancas","tag-filhos","tag-qualidade-de-vida"],"yoast_head":"<!-- This site is optimized with the Yoast SEO plugin v23.8 - https:\/\/yoast.com\/wordpress\/plugins\/seo\/ -->\n<title>Melhores Cidades de Minas Gerais para Crian\u00e7as! - Estado de Minas - Em foco<\/title>\n<meta name=\"description\" content=\"Est\u00e1 pensando em ter filhos? Descubra quais s\u00e3o as melhores cidades de Minas Gerais para criar seus filhos com qualidade de vida e seguran\u00e7a.\" \/>\n<meta name=\"robots\" content=\"index, follow, max-snippet:-1, max-image-preview:large, max-video-preview:-1\" \/>\n<link rel=\"canonical\" href=\"https:\/\/www.em.com.br\/emfoco\/2024\/12\/09\/melhores-cidades-de-minas-gerais-para-criancas\/\" \/>\n<meta property=\"og:locale\" content=\"pt_BR\" \/>\n<meta property=\"og:type\" content=\"article\" \/>\n<meta property=\"og:title\" content=\"Melhores Cidades de Minas Gerais para Crian\u00e7as! - Estado de Minas - Em foco\" \/>\n<meta property=\"og:description\" content=\"Est\u00e1 pensando em ter filhos? Descubra quais s\u00e3o as melhores cidades de Minas Gerais para criar seus filhos com qualidade de vida e seguran\u00e7a.\" \/>\n<meta property=\"og:url\" content=\"https:\/\/www.em.com.br\/emfoco\/2024\/12\/09\/melhores-cidades-de-minas-gerais-para-criancas\/\" \/>\n<meta property=\"og:site_name\" content=\"Estado de Minas - Em foco\" \/>\n<meta property=\"article:published_time\" content=\"2024-12-09T17:20:00+00:00\" \/>\n<meta property=\"article:modified_time\" content=\"2024-12-05T15:28:45+00:00\" \/>\n<meta property=\"og:image\" content=\"https:\/\/www.em.com.br\/emfoco\/wp-content\/uploads\/2024\/11\/belo-horizonte_1732620706004.jpg\" \/>\n\t<meta property=\"og:image:width\" content=\"1280\" \/>\n\t<meta property=\"og:image:height\" content=\"720\" \/>\n\t<meta property=\"og:image:type\" content=\"image\/jpeg\" \/>\n<meta name=\"author\" content=\"N\u00fabia Rangel\" \/>\n<meta name=\"twitter:card\" content=\"summary_large_image\" \/>\n<meta name=\"twitter:label1\" content=\"Escrito por\" \/>\n\t<meta name=\"twitter:data1\" content=\"N\u00fabia Rangel\" \/>\n\t<meta name=\"twitter:label2\" content=\"Est. tempo de leitura\" \/>\n\t<meta name=\"twitter:data2\" content=\"5 minutos\" \/>\n<!-- \/ Yoast SEO plugin. -->","yoast_head_json":{"title":"Melhores Cidades de Minas Gerais para Crian\u00e7as! - Estado de Minas - Em foco","description":"Est\u00e1 pensando em ter filhos? Descubra quais s\u00e3o as melhores cidades de Minas Gerais para criar seus filhos com qualidade de vida e seguran\u00e7a.","robots":{"index":"index","follow":"follow","max-snippet":"max-snippet:-1","max-image-preview":"max-image-preview:large","max-video-preview":"max-video-preview:-1"},"canonical":"https:\/\/www.em.com.br\/emfoco\/2024\/12\/09\/melhores-cidades-de-minas-gerais-para-criancas\/","og_locale":"pt_BR","og_type":"article","og_title":"Melhores Cidades de Minas Gerais para Crian\u00e7as! - Estado de Minas - Em foco","og_description":"Est\u00e1 pensando em ter filhos? Descubra quais s\u00e3o as melhores cidades de Minas Gerais para criar seus filhos com qualidade de vida e seguran\u00e7a.","og_url":"https:\/\/www.em.com.br\/emfoco\/2024\/12\/09\/melhores-cidades-de-minas-gerais-para-criancas\/","og_site_name":"Estado de Minas - Em foco","article_published_time":"2024-12-09T17:20:00+00:00","article_modified_time":"2024-12-05T15:28:45+00:00","og_image":[{"width":1280,"height":720,"url":"https:\/\/www.em.com.br\/emfoco\/wp-content\/uploads\/2024\/11\/belo-horizonte_1732620706004.jpg","type":"image\/jpeg"}],"author":"N\u00fabia Rangel","twitter_card":"summary_large_image","twitter_misc":{"Escrito por":"N\u00fabia Rangel","Est. tempo de leitura":"5 minutos"},"schema":{"@context":"https:\/\/schema.org","@graph":[{"@type":"WebPage","@id":"https:\/\/www.em.com.br\/emfoco\/2024\/12\/09\/melhores-cidades-de-minas-gerais-para-criancas\/","url":"https:\/\/www.em.com.br\/emfoco\/2024\/12\/09\/melhores-cidades-de-minas-gerais-para-criancas\/","name":"Melhores Cidades de Minas Gerais para Crian\u00e7as! - Estado de Minas - Em foco","isPartOf":{"@id":"https:\/\/www.em.com.br\/emfoco\/#website"},"primaryImageOfPage":{"@id":"https:\/\/www.em.com.br\/emfoco\/2024\/12\/09\/melhores-cidades-de-minas-gerais-para-criancas\/#primaryimage"},"image":{"@id":"https:\/\/www.em.com.br\/emfoco\/2024\/12\/09\/melhores-cidades-de-minas-gerais-para-criancas\/#primaryimage"},"thumbnailUrl":"https:\/\/www.em.com.br\/emfoco\/wp-content\/uploads\/2024\/11\/belo-horizonte_1732620706004.jpg","datePublished":"2024-12-09T17:20:00+00:00","dateModified":"2024-12-05T15:28:45+00:00","author":{"@id":"https:\/\/www.em.com.br\/emfoco\/#\/schema\/person\/524437ef54f8a5d32591b143307f2e20"},"description":"Est\u00e1 pensando em ter filhos? Descubra quais s\u00e3o as melhores cidades de Minas Gerais para criar seus filhos com qualidade de vida e seguran\u00e7a.","breadcrumb":{"@id":"https:\/\/www.em.com.br\/emfoco\/2024\/12\/09\/melhores-cidades-de-minas-gerais-para-criancas\/#breadcrumb"},"inLanguage":"pt-BR","potentialAction":[{"@type":"ReadAction","target":["https:\/\/www.em.com.br\/emfoco\/2024\/12\/09\/melhores-cidades-de-minas-gerais-para-criancas\/"]}]},{"@type":"ImageObject","inLanguage":"pt-BR","@id":"https:\/\/www.em.com.br\/emfoco\/2024\/12\/09\/melhores-cidades-de-minas-gerais-para-criancas\/#primaryimage","url":"https:\/\/www.em.com.br\/emfoco\/wp-content\/uploads\/2024\/11\/belo-horizonte_1732620706004.jpg","contentUrl":"https:\/\/www.em.com.br\/emfoco\/wp-content\/uploads\/2024\/11\/belo-horizonte_1732620706004.jpg","width":1280,"height":720,"caption":"Belo Horizonte - Cr\u00e9ditos: depositphotos.com"},{"@type":"BreadcrumbList","@id":"https:\/\/www.em.com.br\/emfoco\/2024\/12\/09\/melhores-cidades-de-minas-gerais-para-criancas\/#breadcrumb","itemListElement":[{"@type":"ListItem","position":1,"name":"In\u00edcio","item":"https:\/\/www.em.com.br\/emfoco\/"},{"@type":"ListItem","position":2,"name":"Melhores Cidades de Minas Gerais para Crian\u00e7as!"}]},{"@type":"WebSite","@id":"https:\/\/www.em.com.br\/emfoco\/#website","url":"https:\/\/www.em.com.br\/emfoco\/","name":"Estado de Minas - Em foco","description":"Acompanhe as \u00faltimas not\u00edcias e fique bem informado sobre tudo o que acontece em Minas Gerais, Brasil e no mundo.","potentialAction":[{"@type":"SearchAction","target":{"@type":"EntryPoint","urlTemplate":"https:\/\/www.em.com.br\/emfoco\/?s={search_term_string}"},"query-input":{"@type":"PropertyValueSpecification","valueRequired":true,"valueName":"search_term_string"}}],"inLanguage":"pt-BR"},{"@type":"Person","@id":"https:\/\/www.em.com.br\/emfoco\/#\/schema\/person\/524437ef54f8a5d32591b143307f2e20","name":"N\u00fabia Rangel","image":{"@type":"ImageObject","inLanguage":"pt-BR","@id":"https:\/\/www.em.com.br\/emfoco\/#\/schema\/person\/image\/","url":"https:\/\/secure.gravatar.com\/avatar\/47cff2827a5ba23c37e8068c86817ea4?s=96&d=mm&r=g","contentUrl":"https:\/\/secure.gravatar.com\/avatar\/47cff2827a5ba23c37e8068c86817ea4?s=96&d=mm&r=g","caption":"N\u00fabia Rangel"},"sameAs":["https:\/\/www.em.com.br\/emfoco\/"],"url":"https:\/\/www.em.com.br\/emfoco\/author\/nubiamyth\/"}]}},"_links":{"self":[{"href":"https:\/\/www.em.com.br\/emfoco\/wp-json\/wp\/v2\/posts\/3040","targetHints":{"allow":["GET"]}}],"collection":[{"href":"https:\/\/www.em.com.br\/emfoco\/wp-json\/wp\/v2\/posts"}],"about":[{"href":"https:\/\/www.em.com.br\/emfoco\/wp-json\/wp\/v2\/types\/post"}],"author":[{"embeddable":true,"href":"https:\/\/www.em.com.br\/emfoco\/wp-json\/wp\/v2\/users\/5"}],"replies":[{"embeddable":true,"href":"https:\/\/www.em.com.br\/emfoco\/wp-json\/wp\/v2\/comments?post=3040"}],"version-history":[{"count":3,"href":"https:\/\/www.em.com.br\/emfoco\/wp-json\/wp\/v2\/posts\/3040\/revisions"}],"predecessor-version":[{"id":3293,"href":"https:\/\/www.em.com.br\/emfoco\/wp-json\/wp\/v2\/posts\/3040\/revisions\/3293"}],"wp:featuredmedia":[{"embeddable":true,"href":"https:\/\/www.em.com.br\/emfoco\/wp-json\/wp\/v2\/media\/1494"}],"wp:attachment":[{"href":"https:\/\/www.em.com.br\/emfoco\/wp-json\/wp\/v2\/media?parent=3040"}],"wp:term":[{"taxonomy":"category","embeddable":true,"href":"https:\/\/www.em.com.br\/emfoco\/wp-json\/wp\/v2\/categories?post=3040"},{"taxonomy":"post_tag","embeddable":true,"href":"https:\/\/www.em.com.br\/emfoco\/wp-json\/wp\/v2\/tags?post=3040"}],"curies":[{"name":"wp","href":"https:\/\/api.w.org\/{rel}","templated":true}]}}