{"id":30328,"date":"2025-03-20T18:20:00","date_gmt":"2025-03-20T21:20:00","guid":{"rendered":"https:\/\/www.em.com.br\/emfoco\/?p=30328"},"modified":"2025-03-19T15:16:22","modified_gmt":"2025-03-19T18:16:22","slug":"hoje-dia-20-03-e-dia-da-felicidade-saiba-o-que-esta-por-tras-dessa-data","status":"publish","type":"post","link":"https:\/\/www.em.com.br\/emfoco\/2025\/03\/20\/hoje-dia-20-03-e-dia-da-felicidade-saiba-o-que-esta-por-tras-dessa-data\/","title":{"rendered":"Hoje dia 20\/03 \u00e9 dia da felicidade! Saiba o que est\u00e1 por tr\u00e1s dessa data"},"content":{"rendered":"\n<p>O <strong><a href=\"https:\/\/www.uol.com.br\/splash\/colunas\/amaury-jr\/2025\/03\/17\/dia-internacional-da-felicidade-evento-focado-em-bem-estar-acontece-em-sp.htm\" target=\"_blank\" rel=\"noreferrer noopener\">Dia Internacional da Felicidade<\/a><\/strong>, celebrado em 20 de mar\u00e7o, foi criado pela <strong>Assembleia Geral das Na\u00e7\u00f5es Unidas (ONU) <\/strong>visando promover um crescimento econ\u00f4mico mais equilibrado, focado no bem-estar de todos os povos. A data destaca a import\u00e2ncia de inserir essa data nas pol\u00edticas p\u00fablicas, alinhando-se aos <strong>Objetivos de Desenvolvimento Sustent\u00e1vel (ODS)<\/strong>, um passo crucial para alcan\u00e7ar um mundo mais justo e igualit\u00e1rio.<\/p>\n\n\n\n<h2 class=\"wp-block-heading\">Como os estudiosos definem esse sentimento?<\/h2>\n\n\n\n<p>Esse sentimento \u00e9 um tema complexo e multidisciplinar. V\u00e1rios campos do conhecimento, como filosofia, sociologia, psicologia e economia, se dedicam ao estudo desse conceito. A psicologia positiva, por exemplo, investiga como alcan\u00e7ar a felicidade de maneira duradoura e cient\u00edfica. A pesquisadora <strong>Chrystina Barros<\/strong>, da UFRJ, destaca a import\u00e2ncia de n\u00e3o tratar a felicidade de forma simplista, reconhecendo a inevitabilidade do sofrimento na vida e sugerindo que a felicidade deve ser vista como um processo cont\u00ednuo de reflex\u00e3o e aprendizado.<\/p>\n\n\n\n<figure class=\"wp-block-image size-large\"><img loading=\"lazy\" decoding=\"async\" width=\"1024\" height=\"576\" src=\"https:\/\/www.em.com.br\/emfoco\/wp-content\/uploads\/2025\/03\/felicidade_1742407345111-1024x576.jpg\" alt=\"\" class=\"wp-image-30413\" srcset=\"https:\/\/www.em.com.br\/emfoco\/wp-content\/uploads\/2025\/03\/felicidade_1742407345111-1024x576.jpg 1024w, https:\/\/www.em.com.br\/emfoco\/wp-content\/uploads\/2025\/03\/felicidade_1742407345111-300x169.jpg 300w, https:\/\/www.em.com.br\/emfoco\/wp-content\/uploads\/2025\/03\/felicidade_1742407345111-768x432.jpg 768w, https:\/\/www.em.com.br\/emfoco\/wp-content\/uploads\/2025\/03\/felicidade_1742407345111-750x422.jpg 750w, https:\/\/www.em.com.br\/emfoco\/wp-content\/uploads\/2025\/03\/felicidade_1742407345111-1140x641.jpg 1140w, https:\/\/www.em.com.br\/emfoco\/wp-content\/uploads\/2025\/03\/felicidade_1742407345111.jpg 1280w\" sizes=\"auto, (max-width: 1024px) 100vw, 1024px\" \/><figcaption class=\"wp-element-caption\">Pessoa feliz &#8211; Cr\u00e9ditos: depositphotos.com \/ HayDmitriy<\/figcaption><\/figure>\n\n\n\n<h2 class=\"wp-block-heading\">Qual \u00e9 a rela\u00e7\u00e3o entre felicidade e trabalho?<\/h2>\n\n\n\n<p>O trabalho, que ocupa grande parte do nosso tempo, desempenha um papel essencial na busca pela felicidade. Estudo da <strong>Universidade de Harvard<\/strong> indica que os relacionamentos no ambiente de trabalho s\u00e3o fundamentais para o <strong><a href=\"https:\/\/www.em.com.br\/emfoco\/2025\/03\/12\/como-cultivar-uma-autoestima-positiva-e-melhorar-o-bem-estar-emocional\/\" target=\"_blank\" rel=\"noreferrer noopener\">bem-estar<\/a><\/strong>. Segundo Chrystina Barros, encontrar significado no que fazemos e cultivar um ambiente de colabora\u00e7\u00e3o s\u00e3o chave para criar um espa\u00e7o onde a felicidade pode florescer no dia a dia.<\/p>\n\n\n\n<h2 class=\"wp-block-heading\">\u00c9 poss\u00edvel ser feliz o tempo todo?<\/h2>\n\n\n\n<p>Muitas vezes, somos levados a acreditar que esse sentimento constante \u00e9 a meta a ser alcan\u00e7ada, mas isso \u00e9 irreal. Chrystina Barros adverte que buscar a felicidade sem reconhecer os altos e baixos da vida pode gerar frustra\u00e7\u00e3o. Este sentimento surge da aceita\u00e7\u00e3o das experi\u00eancias e da ressignifica\u00e7\u00e3o dos momentos de dificuldade.<\/p>\n\n\n\n<h2 class=\"wp-block-heading\">Como surgiu o Dia Internacional da Felicidade?<\/h2>\n\n\n\n<p>A origem desse dia remonta a uma proposta do <strong>But\u00e3o<\/strong>, que desde a d\u00e9cada de 1970 adota o conceito de &#8220;<strong>Felicidade Nacional Bruta<\/strong>&#8220;. Em 2012, a Assembleia Geral da ONU proclamou oficialmente a data, visando reconhecer como um valor universal. Esse movimento busca nos lembrar de que o bem-estar coletivo e individual deve ser uma prioridade.<\/p>\n\n\n\n<p><\/p>\n","protected":false},"excerpt":{"rendered":"<p>O Dia Internacional da Felicidade, celebrado em 20 de mar\u00e7o, foi criado pela Assembleia Geral das Na\u00e7\u00f5es Unidas (ONU) visando promover um crescimento econ\u00f4mico mais equilibrado, focado no bem-estar de todos os povos. A data destaca a import\u00e2ncia de inserir essa data nas pol\u00edticas p\u00fablicas, alinhando-se aos Objetivos de Desenvolvimento Sustent\u00e1vel (ODS), um passo crucial [&hellip;]<\/p>\n","protected":false},"author":11,"featured_media":30415,"comment_status":"open","ping_status":"open","sticky":false,"template":"","format":"standard","meta":{"jnews-multi-image_gallery":[],"jnews_single_post":{"format":"standard"},"jnews_primary_category":[],"jnews_social_meta":[],"jnews_override_counter":[],"footnotes":""},"categories":[138,1],"tags":[1441,5058,2643],"class_list":["post-30328","post","type-post","status-publish","format-standard","has-post-thumbnail","hentry","category-mundo","category-noticias","tag-curiosidades","tag-felicidade","tag-novidade"],"yoast_head":"<!-- This site is optimized with the Yoast SEO plugin v23.8 - https:\/\/yoast.com\/wordpress\/plugins\/seo\/ -->\n<title>Hoje dia 20\/03 \u00e9 dia da felicidade! Saiba o que est\u00e1 por tr\u00e1s dessa data - Estado de Minas - Em foco<\/title>\n<meta name=\"description\" content=\"O Dia Internacional da Felicidade n\u00e3o \u00e9 apenas sobre alegria moment\u00e2nea. Saiba o que a ONU quer ensinar sobre o bem-estar.\" \/>\n<meta name=\"robots\" content=\"index, follow, max-snippet:-1, max-image-preview:large, max-video-preview:-1\" \/>\n<link rel=\"canonical\" href=\"https:\/\/www.em.com.br\/emfoco\/2025\/03\/20\/hoje-dia-20-03-e-dia-da-felicidade-saiba-o-que-esta-por-tras-dessa-data\/\" \/>\n<meta property=\"og:locale\" content=\"pt_BR\" \/>\n<meta property=\"og:type\" content=\"article\" \/>\n<meta property=\"og:title\" content=\"Hoje dia 20\/03 \u00e9 dia da felicidade! Saiba o que est\u00e1 por tr\u00e1s dessa data - Estado de Minas - Em foco\" \/>\n<meta property=\"og:description\" content=\"O Dia Internacional da Felicidade n\u00e3o \u00e9 apenas sobre alegria moment\u00e2nea. Saiba o que a ONU quer ensinar sobre o bem-estar.\" \/>\n<meta property=\"og:url\" content=\"https:\/\/www.em.com.br\/emfoco\/2025\/03\/20\/hoje-dia-20-03-e-dia-da-felicidade-saiba-o-que-esta-por-tras-dessa-data\/\" \/>\n<meta property=\"og:site_name\" content=\"Estado de Minas - Em foco\" \/>\n<meta property=\"article:published_time\" content=\"2025-03-20T21:20:00+00:00\" \/>\n<meta property=\"article:modified_time\" content=\"2025-03-19T18:16:22+00:00\" \/>\n<meta property=\"og:image\" content=\"https:\/\/www.em.com.br\/emfoco\/wp-content\/uploads\/2025\/03\/felicidade_1742407391622.jpg\" \/>\n\t<meta property=\"og:image:width\" content=\"1280\" \/>\n\t<meta property=\"og:image:height\" content=\"720\" \/>\n\t<meta property=\"og:image:type\" content=\"image\/jpeg\" \/>\n<meta name=\"author\" content=\"Andre\u0301 Rangel\u00a0\" \/>\n<meta name=\"twitter:card\" content=\"summary_large_image\" \/>\n<meta name=\"twitter:label1\" content=\"Escrito por\" \/>\n\t<meta name=\"twitter:data1\" content=\"Andre\u0301 Rangel\u00a0\" \/>\n\t<meta name=\"twitter:label2\" content=\"Est. tempo de leitura\" \/>\n\t<meta name=\"twitter:data2\" content=\"3 minutos\" \/>\n<!-- \/ Yoast SEO plugin. -->","yoast_head_json":{"title":"Hoje dia 20\/03 \u00e9 dia da felicidade! Saiba o que est\u00e1 por tr\u00e1s dessa data - Estado de Minas - Em foco","description":"O Dia Internacional da Felicidade n\u00e3o \u00e9 apenas sobre alegria moment\u00e2nea. Saiba o que a ONU quer ensinar sobre o bem-estar.","robots":{"index":"index","follow":"follow","max-snippet":"max-snippet:-1","max-image-preview":"max-image-preview:large","max-video-preview":"max-video-preview:-1"},"canonical":"https:\/\/www.em.com.br\/emfoco\/2025\/03\/20\/hoje-dia-20-03-e-dia-da-felicidade-saiba-o-que-esta-por-tras-dessa-data\/","og_locale":"pt_BR","og_type":"article","og_title":"Hoje dia 20\/03 \u00e9 dia da felicidade! Saiba o que est\u00e1 por tr\u00e1s dessa data - Estado de Minas - Em foco","og_description":"O Dia Internacional da Felicidade n\u00e3o \u00e9 apenas sobre alegria moment\u00e2nea. Saiba o que a ONU quer ensinar sobre o bem-estar.","og_url":"https:\/\/www.em.com.br\/emfoco\/2025\/03\/20\/hoje-dia-20-03-e-dia-da-felicidade-saiba-o-que-esta-por-tras-dessa-data\/","og_site_name":"Estado de Minas - Em foco","article_published_time":"2025-03-20T21:20:00+00:00","article_modified_time":"2025-03-19T18:16:22+00:00","og_image":[{"width":1280,"height":720,"url":"https:\/\/www.em.com.br\/emfoco\/wp-content\/uploads\/2025\/03\/felicidade_1742407391622.jpg","type":"image\/jpeg"}],"author":"Andre\u0301 Rangel\u00a0","twitter_card":"summary_large_image","twitter_misc":{"Escrito por":"Andre\u0301 Rangel\u00a0","Est. tempo de leitura":"3 minutos"},"schema":{"@context":"https:\/\/schema.org","@graph":[{"@type":"WebPage","@id":"https:\/\/www.em.com.br\/emfoco\/2025\/03\/20\/hoje-dia-20-03-e-dia-da-felicidade-saiba-o-que-esta-por-tras-dessa-data\/","url":"https:\/\/www.em.com.br\/emfoco\/2025\/03\/20\/hoje-dia-20-03-e-dia-da-felicidade-saiba-o-que-esta-por-tras-dessa-data\/","name":"Hoje dia 20\/03 \u00e9 dia da felicidade! Saiba o que est\u00e1 por tr\u00e1s dessa data - Estado de Minas - Em foco","isPartOf":{"@id":"https:\/\/www.em.com.br\/emfoco\/#website"},"primaryImageOfPage":{"@id":"https:\/\/www.em.com.br\/emfoco\/2025\/03\/20\/hoje-dia-20-03-e-dia-da-felicidade-saiba-o-que-esta-por-tras-dessa-data\/#primaryimage"},"image":{"@id":"https:\/\/www.em.com.br\/emfoco\/2025\/03\/20\/hoje-dia-20-03-e-dia-da-felicidade-saiba-o-que-esta-por-tras-dessa-data\/#primaryimage"},"thumbnailUrl":"https:\/\/www.em.com.br\/emfoco\/wp-content\/uploads\/2025\/03\/felicidade_1742407391622.jpg","datePublished":"2025-03-20T21:20:00+00:00","dateModified":"2025-03-19T18:16:22+00:00","author":{"@id":"https:\/\/www.em.com.br\/emfoco\/#\/schema\/person\/60eda09c1fedf0d6891f4cef4b60b8b8"},"description":"O Dia Internacional da Felicidade n\u00e3o \u00e9 apenas sobre alegria moment\u00e2nea. Saiba o que a ONU quer ensinar sobre o bem-estar.","breadcrumb":{"@id":"https:\/\/www.em.com.br\/emfoco\/2025\/03\/20\/hoje-dia-20-03-e-dia-da-felicidade-saiba-o-que-esta-por-tras-dessa-data\/#breadcrumb"},"inLanguage":"pt-BR","potentialAction":[{"@type":"ReadAction","target":["https:\/\/www.em.com.br\/emfoco\/2025\/03\/20\/hoje-dia-20-03-e-dia-da-felicidade-saiba-o-que-esta-por-tras-dessa-data\/"]}]},{"@type":"ImageObject","inLanguage":"pt-BR","@id":"https:\/\/www.em.com.br\/emfoco\/2025\/03\/20\/hoje-dia-20-03-e-dia-da-felicidade-saiba-o-que-esta-por-tras-dessa-data\/#primaryimage","url":"https:\/\/www.em.com.br\/emfoco\/wp-content\/uploads\/2025\/03\/felicidade_1742407391622.jpg","contentUrl":"https:\/\/www.em.com.br\/emfoco\/wp-content\/uploads\/2025\/03\/felicidade_1742407391622.jpg","width":1280,"height":720,"caption":"O segredo da felicidade que ningu\u00e9m te contou - Cr\u00e9ditos: depositphotos.com \/ yanlev"},{"@type":"BreadcrumbList","@id":"https:\/\/www.em.com.br\/emfoco\/2025\/03\/20\/hoje-dia-20-03-e-dia-da-felicidade-saiba-o-que-esta-por-tras-dessa-data\/#breadcrumb","itemListElement":[{"@type":"ListItem","position":1,"name":"In\u00edcio","item":"https:\/\/www.em.com.br\/emfoco\/"},{"@type":"ListItem","position":2,"name":"Hoje dia 20\/03 \u00e9 dia da felicidade! Saiba o que est\u00e1 por tr\u00e1s dessa data"}]},{"@type":"WebSite","@id":"https:\/\/www.em.com.br\/emfoco\/#website","url":"https:\/\/www.em.com.br\/emfoco\/","name":"Estado de Minas - Em foco","description":"Acompanhe as \u00faltimas not\u00edcias e fique bem informado sobre tudo o que acontece em Minas Gerais, Brasil e no mundo.","potentialAction":[{"@type":"SearchAction","target":{"@type":"EntryPoint","urlTemplate":"https:\/\/www.em.com.br\/emfoco\/?s={search_term_string}"},"query-input":{"@type":"PropertyValueSpecification","valueRequired":true,"valueName":"search_term_string"}}],"inLanguage":"pt-BR"},{"@type":"Person","@id":"https:\/\/www.em.com.br\/emfoco\/#\/schema\/person\/60eda09c1fedf0d6891f4cef4b60b8b8","name":"Andre\u0301 Rangel\u00a0","image":{"@type":"ImageObject","inLanguage":"pt-BR","@id":"https:\/\/www.em.com.br\/emfoco\/#\/schema\/person\/image\/","url":"https:\/\/secure.gravatar.com\/avatar\/6234dc814c77c8ef6d8bba622c787efc?s=96&d=mm&r=g","contentUrl":"https:\/\/secure.gravatar.com\/avatar\/6234dc814c77c8ef6d8bba622c787efc?s=96&d=mm&r=g","caption":"Andre\u0301 Rangel\u00a0"},"url":"https:\/\/www.em.com.br\/emfoco\/author\/luizmyth\/"}]}},"_links":{"self":[{"href":"https:\/\/www.em.com.br\/emfoco\/wp-json\/wp\/v2\/posts\/30328","targetHints":{"allow":["GET"]}}],"collection":[{"href":"https:\/\/www.em.com.br\/emfoco\/wp-json\/wp\/v2\/posts"}],"about":[{"href":"https:\/\/www.em.com.br\/emfoco\/wp-json\/wp\/v2\/types\/post"}],"author":[{"embeddable":true,"href":"https:\/\/www.em.com.br\/emfoco\/wp-json\/wp\/v2\/users\/11"}],"replies":[{"embeddable":true,"href":"https:\/\/www.em.com.br\/emfoco\/wp-json\/wp\/v2\/comments?post=30328"}],"version-history":[{"count":6,"href":"https:\/\/www.em.com.br\/emfoco\/wp-json\/wp\/v2\/posts\/30328\/revisions"}],"predecessor-version":[{"id":30520,"href":"https:\/\/www.em.com.br\/emfoco\/wp-json\/wp\/v2\/posts\/30328\/revisions\/30520"}],"wp:featuredmedia":[{"embeddable":true,"href":"https:\/\/www.em.com.br\/emfoco\/wp-json\/wp\/v2\/media\/30415"}],"wp:attachment":[{"href":"https:\/\/www.em.com.br\/emfoco\/wp-json\/wp\/v2\/media?parent=30328"}],"wp:term":[{"taxonomy":"category","embeddable":true,"href":"https:\/\/www.em.com.br\/emfoco\/wp-json\/wp\/v2\/categories?post=30328"},{"taxonomy":"post_tag","embeddable":true,"href":"https:\/\/www.em.com.br\/emfoco\/wp-json\/wp\/v2\/tags?post=30328"}],"curies":[{"name":"wp","href":"https:\/\/api.w.org\/{rel}","templated":true}]}}