{"id":30254,"date":"2025-03-22T14:20:00","date_gmt":"2025-03-22T17:20:00","guid":{"rendered":"https:\/\/www.em.com.br\/emfoco\/?p=30254"},"modified":"2025-03-19T11:00:20","modified_gmt":"2025-03-19T14:00:20","slug":"esse-destino-vai-te-surpreender-do-inicio-ao-fim-com-sua-beleza-e-cultura","status":"publish","type":"post","link":"https:\/\/www.em.com.br\/emfoco\/2025\/03\/22\/esse-destino-vai-te-surpreender-do-inicio-ao-fim-com-sua-beleza-e-cultura\/","title":{"rendered":"Esse destino vai te surpreender do in\u00edcio ao fim com sua beleza e cultura"},"content":{"rendered":"\n<p><strong>Assam<\/strong>, localizada no nordeste da <strong>\u00cdndia<\/strong>, \u00e9 uma regi\u00e3o rica em cultura, hist\u00f3ria e biodiversidade. Conhecida por suas paisagens exuberantes e planta\u00e7\u00f5es de ch\u00e1, Assam desempenha um papel crucial na economia indiana. A regi\u00e3o \u00e9 famosa por suas tradi\u00e7\u00f5es culturais vibrantes e uma rica heran\u00e7a que atrai visitantes de todo o mundo.<\/p>\n\n\n\n<p>Com uma popula\u00e7\u00e3o diversificada e uma mistura de v\u00e1rias etnias, Assam oferece uma experi\u00eancia \u00fanica para aqueles que a visitam. Al\u00e9m de suas belezas naturais, a regi\u00e3o \u00e9 um centro de atividades econ\u00f4micas e culturais, contribuindo significativamente para o crescimento do pa\u00eds.<\/p>\n\n\n\n<h2 class=\"wp-block-heading\">Qualidade de vida em Assam<\/h2>\n\n\n\n<p>A qualidade de vida em Assam \u00e9 influenciada por diversos fatores, incluindo o acesso a recursos naturais e a forte presen\u00e7a cultural. A regi\u00e3o possui uma abund\u00e2ncia de recursos h\u00eddricos, que n\u00e3o s\u00f3 sustentam a agricultura, mas tamb\u00e9m fornecem \u00e1gua pot\u00e1vel para a popula\u00e7\u00e3o. A vida em Assam \u00e9 caracterizada por um ritmo mais tranquilo, em compara\u00e7\u00e3o com as grandes metr\u00f3poles indianas.<\/p>\n\n\n\n<h2 class=\"wp-block-heading\">Educa\u00e7\u00e3o em Assam: desafios e oportunidades<\/h2>\n\n\n\n<p>O sistema educacional em Assam enfrenta desafios, mas tamb\u00e9m apresenta oportunidades significativas para melhorias. O governo tem investido em infraestrutura educacional e programas de alfabetiza\u00e7\u00e3o para aumentar a taxa de escolariza\u00e7\u00e3o. As universidades e faculdades da regi\u00e3o est\u00e3o se tornando centros de excel\u00eancia, atraindo estudantes de v\u00e1rias partes do pa\u00eds.<\/p>\n\n\n\n<h2 class=\"wp-block-heading\">Turismo em Assam: atra\u00e7\u00f5es imperd\u00edveis<\/h2>\n\n\n\n<p>Assam \u00e9 um destino tur\u00edstico em ascens\u00e3o, conhecido por suas paisagens naturais e atra\u00e7\u00f5es culturais. O <strong>Parque Nacional de Kaziranga<\/strong>, famoso por seus rinocerontes de um chifre, \u00e9 um <strong><a href=\"https:\/\/www.unesco.org\/\" target=\"_blank\" rel=\"noreferrer noopener\">Patrim\u00f4nio Mundial da UNESCO<\/a><\/strong> e uma das principais atra\u00e7\u00f5es da regi\u00e3o. Al\u00e9m disso, as planta\u00e7\u00f5es de ch\u00e1 oferecem tours que permitem aos visitantes experimentar o processo de produ\u00e7\u00e3o do ch\u00e1.<\/p>\n\n\n\n<figure class=\"wp-block-image size-large\"><img loading=\"lazy\" decoding=\"async\" width=\"1024\" height=\"576\" src=\"https:\/\/www.em.com.br\/emfoco\/wp-content\/uploads\/2025\/03\/Assam-india_1742392723446-1024x576.jpg\" alt=\"Planta\u00e7\u00e3o de ch\u00e1 verde, \u00cdndia - Cr\u00e9ditos: depositphotos.com \/ nevarpp\" class=\"wp-image-30266\" srcset=\"https:\/\/www.em.com.br\/emfoco\/wp-content\/uploads\/2025\/03\/Assam-india_1742392723446-1024x576.jpg 1024w, https:\/\/www.em.com.br\/emfoco\/wp-content\/uploads\/2025\/03\/Assam-india_1742392723446-300x169.jpg 300w, https:\/\/www.em.com.br\/emfoco\/wp-content\/uploads\/2025\/03\/Assam-india_1742392723446-768x432.jpg 768w, https:\/\/www.em.com.br\/emfoco\/wp-content\/uploads\/2025\/03\/Assam-india_1742392723446-750x422.jpg 750w, https:\/\/www.em.com.br\/emfoco\/wp-content\/uploads\/2025\/03\/Assam-india_1742392723446-1140x641.jpg 1140w, https:\/\/www.em.com.br\/emfoco\/wp-content\/uploads\/2025\/03\/Assam-india_1742392723446.jpg 1280w\" sizes=\"auto, (max-width: 1024px) 100vw, 1024px\" \/><figcaption class=\"wp-element-caption\">Rinoceronte de um chifre, \u00cdndia &#8211; Cr\u00e9ditos: depositphotos.com \/ explorewithinfo<\/figcaption><\/figure>\n\n\n\n<h2 class=\"wp-block-heading\">Por que Assam \u00e9 um destino tur\u00edstico popular?<\/h2>\n\n\n\n<p>Assam atrai turistas por suas belezas naturais e rica heran\u00e7a cultural. As festividades locais, como o <strong>Bihu<\/strong>, s\u00e3o celebradas com grande entusiasmo e oferecem uma vis\u00e3o \u00fanica das tradi\u00e7\u00f5es assamesas. A <strong><a href=\"https:\/\/www.em.com.br\/emfoco\/2024\/12\/06\/descubra-a-culinaria-mineira-que-conquista-coracoes\/\" target=\"_blank\" rel=\"noreferrer noopener\">culin\u00e1ria <\/a><\/strong>local, com pratos como o &#8220;<strong>Masor Tenga<\/strong>&#8221; e o &#8220;<strong>Pitha<\/strong>&#8220;, tamb\u00e9m \u00e9 um atrativo para os visitantes.<\/p>\n\n\n\n<h2 class=\"wp-block-heading\">Economia de Assam: o papel do ch\u00e1<\/h2>\n\n\n\n<p>A economia de Assam \u00e9 fortemente dependente da produ\u00e7\u00e3o de ch\u00e1, que \u00e9 uma das principais exporta\u00e7\u00f5es da regi\u00e3o. As planta\u00e7\u00f5es de ch\u00e1 de Assam s\u00e3o mundialmente reconhecidas por sua qualidade e sabor distinto. Al\u00e9m do ch\u00e1, a agricultura e a produ\u00e7\u00e3o de petr\u00f3leo tamb\u00e9m desempenham pap\u00e9is importantes na economia local.<\/p>\n\n\n\n<h2 class=\"wp-block-heading\">Desafios ambientais em Assam<\/h2>\n\n\n\n<p>Assam enfrenta desafios ambientais significativos, incluindo inunda\u00e7\u00f5es frequentes e desmatamento. O governo e organiza\u00e7\u00f5es n\u00e3o governamentais est\u00e3o trabalhando em conjunto para implementar estrat\u00e9gias de conserva\u00e7\u00e3o e gest\u00e3o sustent\u00e1vel dos recursos naturais. A conscientiza\u00e7\u00e3o ambiental \u00e9 crucial para garantir o futuro ecol\u00f3gico da regi\u00e3o.<\/p>\n\n\n\n<h2 class=\"wp-block-heading\">Uma mescla de culturas e tradi\u00e7\u00f5es<\/h2>\n\n\n\n<p>A diversidade cultural de Assam \u00e9 uma de suas caracter\u00edsticas mais marcantes. A regi\u00e3o abriga v\u00e1rias comunidades \u00e9tnicas, cada uma com suas pr\u00f3prias tradi\u00e7\u00f5es e costumes. Essa diversidade \u00e9 celebrada atrav\u00e9s de festivais, dan\u00e7as e m\u00fasica, que s\u00e3o parte integrante da vida cotidiana em Assam.<\/p>\n\n\n\n<h2 class=\"wp-block-heading\">O futuro de Assam: perspectivas e potencial<\/h2>\n\n\n\n<p>O futuro de Assam parece promissor, com investimentos em infraestrutura e educa\u00e7\u00e3o prometendo um crescimento cont\u00ednuo. A regi\u00e3o est\u00e1 se posicionando como um centro de desenvolvimento econ\u00f4mico e cultural no nordeste da \u00cdndia. Com um foco renovado em sustentabilidade e inova\u00e7\u00e3o, Assam est\u00e1 preparada para enfrentar os desafios do futuro.<\/p>\n","protected":false},"excerpt":{"rendered":"<p>Assam, localizada no nordeste da \u00cdndia, \u00e9 uma regi\u00e3o rica em cultura, hist\u00f3ria e biodiversidade. Conhecida por suas paisagens exuberantes e planta\u00e7\u00f5es de ch\u00e1, Assam desempenha um papel crucial na economia indiana. A regi\u00e3o \u00e9 famosa por suas tradi\u00e7\u00f5es culturais vibrantes e uma rica heran\u00e7a que atrai visitantes de todo o mundo. Com uma popula\u00e7\u00e3o [&hellip;]<\/p>\n","protected":false},"author":5,"featured_media":30265,"comment_status":"open","ping_status":"open","sticky":false,"template":"","format":"standard","meta":{"jnews-multi-image_gallery":[],"jnews_single_post":{"format":"standard"},"jnews_primary_category":[],"jnews_social_meta":[],"jnews_override_counter":[],"footnotes":""},"categories":[26,1],"tags":[159,3917,157,643],"class_list":["post-30254","post","type-post","status-publish","format-standard","has-post-thumbnail","hentry","category-cidades","category-noticias","tag-cultura","tag-india","tag-turismo","tag-viagens"],"yoast_head":"<!-- This site is optimized with the Yoast SEO plugin v23.8 - https:\/\/yoast.com\/wordpress\/plugins\/seo\/ -->\n<title>Esse destino vai te surpreender do in\u00edcio ao fim com sua beleza e cultura - Estado de Minas - Em foco<\/title>\n<meta name=\"description\" content=\"Um dos destinos mais aut\u00eanticos do mundo esconde hist\u00f3rias e tradi\u00e7\u00f5es milenares que voc\u00ea precisa conhecer.\" \/>\n<meta name=\"robots\" content=\"index, follow, max-snippet:-1, max-image-preview:large, max-video-preview:-1\" \/>\n<link rel=\"canonical\" href=\"https:\/\/www.em.com.br\/emfoco\/2025\/03\/22\/esse-destino-vai-te-surpreender-do-inicio-ao-fim-com-sua-beleza-e-cultura\/\" \/>\n<meta property=\"og:locale\" content=\"pt_BR\" \/>\n<meta property=\"og:type\" content=\"article\" \/>\n<meta property=\"og:title\" content=\"Esse destino vai te surpreender do in\u00edcio ao fim com sua beleza e cultura - Estado de Minas - Em foco\" \/>\n<meta property=\"og:description\" content=\"Um dos destinos mais aut\u00eanticos do mundo esconde hist\u00f3rias e tradi\u00e7\u00f5es milenares que voc\u00ea precisa conhecer.\" \/>\n<meta property=\"og:url\" content=\"https:\/\/www.em.com.br\/emfoco\/2025\/03\/22\/esse-destino-vai-te-surpreender-do-inicio-ao-fim-com-sua-beleza-e-cultura\/\" \/>\n<meta property=\"og:site_name\" content=\"Estado de Minas - Em foco\" \/>\n<meta property=\"article:published_time\" content=\"2025-03-22T17:20:00+00:00\" \/>\n<meta property=\"article:modified_time\" content=\"2025-03-19T14:00:20+00:00\" \/>\n<meta property=\"og:image\" content=\"https:\/\/www.em.com.br\/emfoco\/wp-content\/uploads\/2025\/03\/Assam-india_1742392674412.jpg\" \/>\n\t<meta property=\"og:image:width\" content=\"1280\" \/>\n\t<meta property=\"og:image:height\" content=\"720\" \/>\n\t<meta property=\"og:image:type\" content=\"image\/jpeg\" \/>\n<meta name=\"author\" content=\"N\u00fabia Rangel\" \/>\n<meta name=\"twitter:card\" content=\"summary_large_image\" \/>\n<meta name=\"twitter:label1\" content=\"Escrito por\" \/>\n\t<meta name=\"twitter:data1\" content=\"N\u00fabia Rangel\" \/>\n\t<meta name=\"twitter:label2\" content=\"Est. tempo de leitura\" \/>\n\t<meta name=\"twitter:data2\" content=\"4 minutos\" \/>\n<!-- \/ Yoast SEO plugin. -->","yoast_head_json":{"title":"Esse destino vai te surpreender do in\u00edcio ao fim com sua beleza e cultura - Estado de Minas - Em foco","description":"Um dos destinos mais aut\u00eanticos do mundo esconde hist\u00f3rias e tradi\u00e7\u00f5es milenares que voc\u00ea precisa conhecer.","robots":{"index":"index","follow":"follow","max-snippet":"max-snippet:-1","max-image-preview":"max-image-preview:large","max-video-preview":"max-video-preview:-1"},"canonical":"https:\/\/www.em.com.br\/emfoco\/2025\/03\/22\/esse-destino-vai-te-surpreender-do-inicio-ao-fim-com-sua-beleza-e-cultura\/","og_locale":"pt_BR","og_type":"article","og_title":"Esse destino vai te surpreender do in\u00edcio ao fim com sua beleza e cultura - Estado de Minas - Em foco","og_description":"Um dos destinos mais aut\u00eanticos do mundo esconde hist\u00f3rias e tradi\u00e7\u00f5es milenares que voc\u00ea precisa conhecer.","og_url":"https:\/\/www.em.com.br\/emfoco\/2025\/03\/22\/esse-destino-vai-te-surpreender-do-inicio-ao-fim-com-sua-beleza-e-cultura\/","og_site_name":"Estado de Minas - Em foco","article_published_time":"2025-03-22T17:20:00+00:00","article_modified_time":"2025-03-19T14:00:20+00:00","og_image":[{"width":1280,"height":720,"url":"https:\/\/www.em.com.br\/emfoco\/wp-content\/uploads\/2025\/03\/Assam-india_1742392674412.jpg","type":"image\/jpeg"}],"author":"N\u00fabia Rangel","twitter_card":"summary_large_image","twitter_misc":{"Escrito por":"N\u00fabia Rangel","Est. tempo de leitura":"4 minutos"},"schema":{"@context":"https:\/\/schema.org","@graph":[{"@type":"WebPage","@id":"https:\/\/www.em.com.br\/emfoco\/2025\/03\/22\/esse-destino-vai-te-surpreender-do-inicio-ao-fim-com-sua-beleza-e-cultura\/","url":"https:\/\/www.em.com.br\/emfoco\/2025\/03\/22\/esse-destino-vai-te-surpreender-do-inicio-ao-fim-com-sua-beleza-e-cultura\/","name":"Esse destino vai te surpreender do in\u00edcio ao fim com sua beleza e cultura - Estado de Minas - Em foco","isPartOf":{"@id":"https:\/\/www.em.com.br\/emfoco\/#website"},"primaryImageOfPage":{"@id":"https:\/\/www.em.com.br\/emfoco\/2025\/03\/22\/esse-destino-vai-te-surpreender-do-inicio-ao-fim-com-sua-beleza-e-cultura\/#primaryimage"},"image":{"@id":"https:\/\/www.em.com.br\/emfoco\/2025\/03\/22\/esse-destino-vai-te-surpreender-do-inicio-ao-fim-com-sua-beleza-e-cultura\/#primaryimage"},"thumbnailUrl":"https:\/\/www.em.com.br\/emfoco\/wp-content\/uploads\/2025\/03\/Assam-india_1742392674412.jpg","datePublished":"2025-03-22T17:20:00+00:00","dateModified":"2025-03-19T14:00:20+00:00","author":{"@id":"https:\/\/www.em.com.br\/emfoco\/#\/schema\/person\/524437ef54f8a5d32591b143307f2e20"},"description":"Um dos destinos mais aut\u00eanticos do mundo esconde hist\u00f3rias e tradi\u00e7\u00f5es milenares que voc\u00ea precisa conhecer.","breadcrumb":{"@id":"https:\/\/www.em.com.br\/emfoco\/2025\/03\/22\/esse-destino-vai-te-surpreender-do-inicio-ao-fim-com-sua-beleza-e-cultura\/#breadcrumb"},"inLanguage":"pt-BR","potentialAction":[{"@type":"ReadAction","target":["https:\/\/www.em.com.br\/emfoco\/2025\/03\/22\/esse-destino-vai-te-surpreender-do-inicio-ao-fim-com-sua-beleza-e-cultura\/"]}]},{"@type":"ImageObject","inLanguage":"pt-BR","@id":"https:\/\/www.em.com.br\/emfoco\/2025\/03\/22\/esse-destino-vai-te-surpreender-do-inicio-ao-fim-com-sua-beleza-e-cultura\/#primaryimage","url":"https:\/\/www.em.com.br\/emfoco\/wp-content\/uploads\/2025\/03\/Assam-india_1742392674412.jpg","contentUrl":"https:\/\/www.em.com.br\/emfoco\/wp-content\/uploads\/2025\/03\/Assam-india_1742392674412.jpg","width":1280,"height":720,"caption":"Planta\u00e7\u00e3o de ch\u00e1 verde, \u00cdndia - Cr\u00e9ditos: depositphotos.com \/ nevarpp"},{"@type":"BreadcrumbList","@id":"https:\/\/www.em.com.br\/emfoco\/2025\/03\/22\/esse-destino-vai-te-surpreender-do-inicio-ao-fim-com-sua-beleza-e-cultura\/#breadcrumb","itemListElement":[{"@type":"ListItem","position":1,"name":"In\u00edcio","item":"https:\/\/www.em.com.br\/emfoco\/"},{"@type":"ListItem","position":2,"name":"Esse destino vai te surpreender do in\u00edcio ao fim com sua beleza e cultura"}]},{"@type":"WebSite","@id":"https:\/\/www.em.com.br\/emfoco\/#website","url":"https:\/\/www.em.com.br\/emfoco\/","name":"Estado de Minas - Em foco","description":"Acompanhe as \u00faltimas not\u00edcias e fique bem informado sobre tudo o que acontece em Minas Gerais, Brasil e no mundo.","potentialAction":[{"@type":"SearchAction","target":{"@type":"EntryPoint","urlTemplate":"https:\/\/www.em.com.br\/emfoco\/?s={search_term_string}"},"query-input":{"@type":"PropertyValueSpecification","valueRequired":true,"valueName":"search_term_string"}}],"inLanguage":"pt-BR"},{"@type":"Person","@id":"https:\/\/www.em.com.br\/emfoco\/#\/schema\/person\/524437ef54f8a5d32591b143307f2e20","name":"N\u00fabia Rangel","image":{"@type":"ImageObject","inLanguage":"pt-BR","@id":"https:\/\/www.em.com.br\/emfoco\/#\/schema\/person\/image\/","url":"https:\/\/secure.gravatar.com\/avatar\/47cff2827a5ba23c37e8068c86817ea4?s=96&d=mm&r=g","contentUrl":"https:\/\/secure.gravatar.com\/avatar\/47cff2827a5ba23c37e8068c86817ea4?s=96&d=mm&r=g","caption":"N\u00fabia Rangel"},"sameAs":["https:\/\/www.em.com.br\/emfoco\/"],"url":"https:\/\/www.em.com.br\/emfoco\/author\/nubiamyth\/"}]}},"_links":{"self":[{"href":"https:\/\/www.em.com.br\/emfoco\/wp-json\/wp\/v2\/posts\/30254","targetHints":{"allow":["GET"]}}],"collection":[{"href":"https:\/\/www.em.com.br\/emfoco\/wp-json\/wp\/v2\/posts"}],"about":[{"href":"https:\/\/www.em.com.br\/emfoco\/wp-json\/wp\/v2\/types\/post"}],"author":[{"embeddable":true,"href":"https:\/\/www.em.com.br\/emfoco\/wp-json\/wp\/v2\/users\/5"}],"replies":[{"embeddable":true,"href":"https:\/\/www.em.com.br\/emfoco\/wp-json\/wp\/v2\/comments?post=30254"}],"version-history":[{"count":2,"href":"https:\/\/www.em.com.br\/emfoco\/wp-json\/wp\/v2\/posts\/30254\/revisions"}],"predecessor-version":[{"id":30268,"href":"https:\/\/www.em.com.br\/emfoco\/wp-json\/wp\/v2\/posts\/30254\/revisions\/30268"}],"wp:featuredmedia":[{"embeddable":true,"href":"https:\/\/www.em.com.br\/emfoco\/wp-json\/wp\/v2\/media\/30265"}],"wp:attachment":[{"href":"https:\/\/www.em.com.br\/emfoco\/wp-json\/wp\/v2\/media?parent=30254"}],"wp:term":[{"taxonomy":"category","embeddable":true,"href":"https:\/\/www.em.com.br\/emfoco\/wp-json\/wp\/v2\/categories?post=30254"},{"taxonomy":"post_tag","embeddable":true,"href":"https:\/\/www.em.com.br\/emfoco\/wp-json\/wp\/v2\/tags?post=30254"}],"curies":[{"name":"wp","href":"https:\/\/api.w.org\/{rel}","templated":true}]}}