{"id":30209,"date":"2025-03-31T11:00:00","date_gmt":"2025-03-31T14:00:00","guid":{"rendered":"https:\/\/www.em.com.br\/emfoco\/?p=30209"},"modified":"2025-03-19T10:47:38","modified_gmt":"2025-03-19T13:47:38","slug":"aprenda-a-usar-os-insetos-do-seu-jardim-para-manter-as-plantas-saudaveis","status":"publish","type":"post","link":"https:\/\/www.em.com.br\/emfoco\/2025\/03\/31\/aprenda-a-usar-os-insetos-do-seu-jardim-para-manter-as-plantas-saudaveis\/","title":{"rendered":"Aprenda a usar os insetos do seu jardim para manter as plantas saud\u00e1veis"},"content":{"rendered":"\n<p>Os jardins s\u00e3o <strong><a href=\"https:\/\/www.em.com.br\/emfoco\/2025\/03\/19\/este-local-escondido-tem-uma-das-praias-mais-lindas-do-brasil\/\" target=\"_blank\" rel=\"noreferrer noopener\">espa\u00e7o<\/a><\/strong><a href=\"https:\/\/www.em.com.br\/emfoco\/2025\/03\/19\/este-local-escondido-tem-uma-das-praias-mais-lindas-do-brasil\/\" target=\"_blank\" rel=\"noreferrer noopener\"><strong>s<\/strong><\/a> vibrantes onde plantas e animais coexistem, formando um ecossistema complexo. Dentro desse ambiente, os insetos desempenham pap\u00e9is variados e essenciais. A percep\u00e7\u00e3o comum muitas vezes os v\u00ea como amea\u00e7as, mas essa <strong><a href=\"https:\/\/agenciagov.ebc.com.br\/noticias\/202502\/brasil-e-protagonista-na-agenda-climatica-e-vai-liderar-cop30-pelo-exemplo-afirma-marina-silva\" target=\"_blank\" rel=\"noreferrer noopener\">vis\u00e3o<\/a><\/strong> n\u00e3o captura a complexidade de suas fun\u00e7\u00f5es no jardim.<\/p>\n\n\n\n<p>Embora alguns insetos possam prejudicar as plantas, muitos s\u00e3o fundamentais para a sa\u00fade e o equil\u00edbrio do jardim. Compreender a diferen\u00e7a entre insetos que causam danos e aqueles que trazem benef\u00edcios \u00e9 crucial para um manejo eficaz. Vamos explorar como esses pequenos seres podem ser tanto vil\u00f5es quanto aliados no jardim.<\/p>\n\n\n\n<h2 class=\"wp-block-heading\">Quais insetos s\u00e3o considerados prejudiciais?<\/h2>\n\n\n\n<p>Insetos que danificam as plantas s\u00e3o frequentemente classificados como pragas. Eles podem comprometer a sa\u00fade das plantas ao se alimentarem de suas partes vitais. Entre os mais comuns est\u00e3o:<\/p>\n\n\n\n<ul class=\"wp-block-list\">\n<li><strong>Pulg\u00f5es:<\/strong> Pequenos insetos que sugam a seiva das plantas, causando deforma\u00e7\u00f5es e espalhando doen\u00e7as.<\/li>\n\n\n\n<li><strong>Lagartas:<\/strong> Larvas que consomem grandes quantidades de folhas, afetando o crescimento das plantas.<\/li>\n\n\n\n<li><strong>Cochonilhas:<\/strong> Insetos que se fixam nas plantas e sugam sua seiva, enfraquecendo-as.<\/li>\n<\/ul>\n\n\n\n<p>Essas pragas podem se multiplicar rapidamente e causar danos significativos se n\u00e3o forem controladas.<\/p>\n\n\n\n<figure class=\"wp-block-image size-large\"><img loading=\"lazy\" decoding=\"async\" width=\"1024\" height=\"576\" src=\"https:\/\/www.em.com.br\/emfoco\/wp-content\/uploads\/2025\/03\/horta_1741432354984-1024x576.jpg\" alt=\"Vil\u00f5es ou aliados? O impacto dos insetos no seu jardim\" class=\"wp-image-26542\" srcset=\"https:\/\/www.em.com.br\/emfoco\/wp-content\/uploads\/2025\/03\/horta_1741432354984-1024x576.jpg 1024w, https:\/\/www.em.com.br\/emfoco\/wp-content\/uploads\/2025\/03\/horta_1741432354984-300x169.jpg 300w, https:\/\/www.em.com.br\/emfoco\/wp-content\/uploads\/2025\/03\/horta_1741432354984-768x432.jpg 768w, https:\/\/www.em.com.br\/emfoco\/wp-content\/uploads\/2025\/03\/horta_1741432354984-750x422.jpg 750w, https:\/\/www.em.com.br\/emfoco\/wp-content\/uploads\/2025\/03\/horta_1741432354984-1140x641.jpg 1140w, https:\/\/www.em.com.br\/emfoco\/wp-content\/uploads\/2025\/03\/horta_1741432354984.jpg 1280w\" sizes=\"auto, (max-width: 1024px) 100vw, 1024px\" \/><figcaption class=\"wp-element-caption\">Horta &#8211; Cr\u00e9ditos: depositphotos.com \/ alexeys<\/figcaption><\/figure>\n\n\n\n<h2 class=\"wp-block-heading\">Como os insetos podem ser ben\u00e9ficos?<\/h2>\n\n\n\n<p>Por outro lado, muitos insetos s\u00e3o ben\u00e9ficos e desempenham pap\u00e9is cruciais no equil\u00edbrio do jardim. Eles podem atuar como polinizadores, predadores de pragas ou agentes de decomposi\u00e7\u00e3o. Exemplos importantes incluem:<\/p>\n\n\n\n<ul class=\"wp-block-list\">\n<li><strong>Abelhas:<\/strong> Essenciais para a poliniza\u00e7\u00e3o, aumentando a produ\u00e7\u00e3o de frutos e sementes.<\/li>\n\n\n\n<li><strong>Joaninhas:<\/strong> Predadoras naturais de pulg\u00f5es e outros insetos pequenos, ajudando a controlar suas popula\u00e7\u00f5es.<\/li>\n\n\n\n<li><strong>Minhocas:<\/strong> Embora n\u00e3o sejam insetos, s\u00e3o fundamentais para a sa\u00fade do solo, promovendo a aera\u00e7\u00e3o e decomposi\u00e7\u00e3o de mat\u00e9ria org\u00e2nica.<\/li>\n<\/ul>\n\n\n\n<p>Esses insetos ben\u00e9ficos contribuem para a sa\u00fade geral do jardim, promovendo o crescimento das plantas e reduzindo a necessidade de interven\u00e7\u00f5es qu\u00edmicas.<\/p>\n\n\n\n<h2 class=\"wp-block-heading\">Como manter o equil\u00edbrio de insetos no jardim?<\/h2>\n\n\n\n<p>Para garantir um jardim saud\u00e1vel, \u00e9 essencial equilibrar a presen\u00e7a de insetos ben\u00e9ficos e prejudiciais. Algumas pr\u00e1ticas podem ajudar a alcan\u00e7ar esse equil\u00edbrio:<\/p>\n\n\n\n<ol class=\"wp-block-list\">\n<li><strong>Plantar uma diversidade de esp\u00e9cies:<\/strong> Isso atrai uma variedade de insetos ben\u00e9ficos e ajuda a prevenir infesta\u00e7\u00f5es de pragas.<\/li>\n\n\n\n<li><strong>Evitar o uso excessivo de pesticidas:<\/strong> Produtos qu\u00edmicos podem eliminar insetos ben\u00e9ficos junto com as pragas.<\/li>\n\n\n\n<li><strong>Incentivar a presen\u00e7a de predadores naturais:<\/strong> Como p\u00e1ssaros e outros animais que se alimentam de insetos prejudiciais.<\/li>\n<\/ol>\n\n\n\n<p>Essas pr\u00e1ticas n\u00e3o apenas protegem as plantas, mas tamb\u00e9m promovem um ecossistema mais sustent\u00e1vel e resiliente.<\/p>\n\n\n\n<p>Em resumo, os insetos desempenham pap\u00e9is variados nos jardins, podendo ser tanto prejudiciais quanto ben\u00e9ficos. Ao entender suas fun\u00e7\u00f5es e adotar pr\u00e1ticas de manejo integrado, \u00e9 poss\u00edvel maximizar os benef\u00edcios e minimizar os danos, assegurando um jardim pr\u00f3spero e equilibrado.<\/p>\n","protected":false},"excerpt":{"rendered":"<p>Os jardins s\u00e3o espa\u00e7os vibrantes onde plantas e animais coexistem, formando um ecossistema complexo. Dentro desse ambiente, os insetos desempenham pap\u00e9is variados e essenciais. A percep\u00e7\u00e3o comum muitas vezes os v\u00ea como amea\u00e7as, mas essa vis\u00e3o n\u00e3o captura a complexidade de suas fun\u00e7\u00f5es no jardim. Embora alguns insetos possam prejudicar as plantas, muitos s\u00e3o fundamentais [&hellip;]<\/p>\n","protected":false},"author":5,"featured_media":26544,"comment_status":"open","ping_status":"open","sticky":false,"template":"","format":"standard","meta":{"jnews-multi-image_gallery":[],"jnews_single_post":{"format":"standard"},"jnews_primary_category":[],"jnews_social_meta":[],"jnews_override_counter":[],"footnotes":""},"categories":[29,1],"tags":[6030,4898,3325,6029],"class_list":["post-30209","post","type-post","status-publish","format-standard","has-post-thumbnail","hentry","category-entretenimento","category-noticias","tag-abelhas","tag-insetos","tag-jardim","tag-pragas"],"yoast_head":"<!-- This site is optimized with the Yoast SEO plugin v23.8 - https:\/\/yoast.com\/wordpress\/plugins\/seo\/ -->\n<title>Aprenda a usar os insetos do seu jardim para manter as plantas saud\u00e1veis - Estado de Minas - Em foco<\/title>\n<meta name=\"description\" content=\"Saiba como usar os insetos do seu jardim para controlar pragas e promover o crescimento saud\u00e1vel das plantas de forma natural e sustent\u00e1vel.\" \/>\n<meta name=\"robots\" content=\"index, follow, max-snippet:-1, max-image-preview:large, max-video-preview:-1\" \/>\n<link rel=\"canonical\" href=\"https:\/\/www.em.com.br\/emfoco\/2025\/03\/31\/aprenda-a-usar-os-insetos-do-seu-jardim-para-manter-as-plantas-saudaveis\/\" \/>\n<meta property=\"og:locale\" content=\"pt_BR\" \/>\n<meta property=\"og:type\" content=\"article\" \/>\n<meta property=\"og:title\" content=\"Aprenda a usar os insetos do seu jardim para manter as plantas saud\u00e1veis - Estado de Minas - Em foco\" \/>\n<meta property=\"og:description\" content=\"Saiba como usar os insetos do seu jardim para controlar pragas e promover o crescimento saud\u00e1vel das plantas de forma natural e sustent\u00e1vel.\" \/>\n<meta property=\"og:url\" content=\"https:\/\/www.em.com.br\/emfoco\/2025\/03\/31\/aprenda-a-usar-os-insetos-do-seu-jardim-para-manter-as-plantas-saudaveis\/\" \/>\n<meta property=\"og:site_name\" content=\"Estado de Minas - Em foco\" \/>\n<meta property=\"article:published_time\" content=\"2025-03-31T14:00:00+00:00\" \/>\n<meta property=\"article:modified_time\" content=\"2025-03-19T13:47:38+00:00\" \/>\n<meta property=\"og:image\" content=\"https:\/\/www.em.com.br\/emfoco\/wp-content\/uploads\/2025\/03\/insetos_1741432491443.jpg\" \/>\n\t<meta property=\"og:image:width\" content=\"1280\" \/>\n\t<meta property=\"og:image:height\" content=\"720\" \/>\n\t<meta property=\"og:image:type\" content=\"image\/jpeg\" \/>\n<meta name=\"author\" content=\"N\u00fabia Rangel\" \/>\n<meta name=\"twitter:card\" content=\"summary_large_image\" \/>\n<meta name=\"twitter:label1\" content=\"Escrito por\" \/>\n\t<meta name=\"twitter:data1\" content=\"N\u00fabia Rangel\" \/>\n\t<meta name=\"twitter:label2\" content=\"Est. tempo de leitura\" \/>\n\t<meta name=\"twitter:data2\" content=\"3 minutos\" \/>\n<!-- \/ Yoast SEO plugin. -->","yoast_head_json":{"title":"Aprenda a usar os insetos do seu jardim para manter as plantas saud\u00e1veis - Estado de Minas - Em foco","description":"Saiba como usar os insetos do seu jardim para controlar pragas e promover o crescimento saud\u00e1vel das plantas de forma natural e sustent\u00e1vel.","robots":{"index":"index","follow":"follow","max-snippet":"max-snippet:-1","max-image-preview":"max-image-preview:large","max-video-preview":"max-video-preview:-1"},"canonical":"https:\/\/www.em.com.br\/emfoco\/2025\/03\/31\/aprenda-a-usar-os-insetos-do-seu-jardim-para-manter-as-plantas-saudaveis\/","og_locale":"pt_BR","og_type":"article","og_title":"Aprenda a usar os insetos do seu jardim para manter as plantas saud\u00e1veis - Estado de Minas - Em foco","og_description":"Saiba como usar os insetos do seu jardim para controlar pragas e promover o crescimento saud\u00e1vel das plantas de forma natural e sustent\u00e1vel.","og_url":"https:\/\/www.em.com.br\/emfoco\/2025\/03\/31\/aprenda-a-usar-os-insetos-do-seu-jardim-para-manter-as-plantas-saudaveis\/","og_site_name":"Estado de Minas - Em foco","article_published_time":"2025-03-31T14:00:00+00:00","article_modified_time":"2025-03-19T13:47:38+00:00","og_image":[{"width":1280,"height":720,"url":"https:\/\/www.em.com.br\/emfoco\/wp-content\/uploads\/2025\/03\/insetos_1741432491443.jpg","type":"image\/jpeg"}],"author":"N\u00fabia Rangel","twitter_card":"summary_large_image","twitter_misc":{"Escrito por":"N\u00fabia Rangel","Est. tempo de leitura":"3 minutos"},"schema":{"@context":"https:\/\/schema.org","@graph":[{"@type":"WebPage","@id":"https:\/\/www.em.com.br\/emfoco\/2025\/03\/31\/aprenda-a-usar-os-insetos-do-seu-jardim-para-manter-as-plantas-saudaveis\/","url":"https:\/\/www.em.com.br\/emfoco\/2025\/03\/31\/aprenda-a-usar-os-insetos-do-seu-jardim-para-manter-as-plantas-saudaveis\/","name":"Aprenda a usar os insetos do seu jardim para manter as plantas saud\u00e1veis - Estado de Minas - Em foco","isPartOf":{"@id":"https:\/\/www.em.com.br\/emfoco\/#website"},"primaryImageOfPage":{"@id":"https:\/\/www.em.com.br\/emfoco\/2025\/03\/31\/aprenda-a-usar-os-insetos-do-seu-jardim-para-manter-as-plantas-saudaveis\/#primaryimage"},"image":{"@id":"https:\/\/www.em.com.br\/emfoco\/2025\/03\/31\/aprenda-a-usar-os-insetos-do-seu-jardim-para-manter-as-plantas-saudaveis\/#primaryimage"},"thumbnailUrl":"https:\/\/www.em.com.br\/emfoco\/wp-content\/uploads\/2025\/03\/insetos_1741432491443.jpg","datePublished":"2025-03-31T14:00:00+00:00","dateModified":"2025-03-19T13:47:38+00:00","author":{"@id":"https:\/\/www.em.com.br\/emfoco\/#\/schema\/person\/524437ef54f8a5d32591b143307f2e20"},"description":"Saiba como usar os insetos do seu jardim para controlar pragas e promover o crescimento saud\u00e1vel das plantas de forma natural e sustent\u00e1vel.","breadcrumb":{"@id":"https:\/\/www.em.com.br\/emfoco\/2025\/03\/31\/aprenda-a-usar-os-insetos-do-seu-jardim-para-manter-as-plantas-saudaveis\/#breadcrumb"},"inLanguage":"pt-BR","potentialAction":[{"@type":"ReadAction","target":["https:\/\/www.em.com.br\/emfoco\/2025\/03\/31\/aprenda-a-usar-os-insetos-do-seu-jardim-para-manter-as-plantas-saudaveis\/"]}]},{"@type":"ImageObject","inLanguage":"pt-BR","@id":"https:\/\/www.em.com.br\/emfoco\/2025\/03\/31\/aprenda-a-usar-os-insetos-do-seu-jardim-para-manter-as-plantas-saudaveis\/#primaryimage","url":"https:\/\/www.em.com.br\/emfoco\/wp-content\/uploads\/2025\/03\/insetos_1741432491443.jpg","contentUrl":"https:\/\/www.em.com.br\/emfoco\/wp-content\/uploads\/2025\/03\/insetos_1741432491443.jpg","width":1280,"height":720,"caption":"Insetos - Cr\u00e9ditos: depositphotos.com \/ MicEnin"},{"@type":"BreadcrumbList","@id":"https:\/\/www.em.com.br\/emfoco\/2025\/03\/31\/aprenda-a-usar-os-insetos-do-seu-jardim-para-manter-as-plantas-saudaveis\/#breadcrumb","itemListElement":[{"@type":"ListItem","position":1,"name":"In\u00edcio","item":"https:\/\/www.em.com.br\/emfoco\/"},{"@type":"ListItem","position":2,"name":"Aprenda a usar os insetos do seu jardim para manter as plantas saud\u00e1veis"}]},{"@type":"WebSite","@id":"https:\/\/www.em.com.br\/emfoco\/#website","url":"https:\/\/www.em.com.br\/emfoco\/","name":"Estado de Minas - Em foco","description":"Acompanhe as \u00faltimas not\u00edcias e fique bem informado sobre tudo o que acontece em Minas Gerais, Brasil e no mundo.","potentialAction":[{"@type":"SearchAction","target":{"@type":"EntryPoint","urlTemplate":"https:\/\/www.em.com.br\/emfoco\/?s={search_term_string}"},"query-input":{"@type":"PropertyValueSpecification","valueRequired":true,"valueName":"search_term_string"}}],"inLanguage":"pt-BR"},{"@type":"Person","@id":"https:\/\/www.em.com.br\/emfoco\/#\/schema\/person\/524437ef54f8a5d32591b143307f2e20","name":"N\u00fabia Rangel","image":{"@type":"ImageObject","inLanguage":"pt-BR","@id":"https:\/\/www.em.com.br\/emfoco\/#\/schema\/person\/image\/","url":"https:\/\/secure.gravatar.com\/avatar\/47cff2827a5ba23c37e8068c86817ea4?s=96&d=mm&r=g","contentUrl":"https:\/\/secure.gravatar.com\/avatar\/47cff2827a5ba23c37e8068c86817ea4?s=96&d=mm&r=g","caption":"N\u00fabia Rangel"},"sameAs":["https:\/\/www.em.com.br\/emfoco\/"],"url":"https:\/\/www.em.com.br\/emfoco\/author\/nubiamyth\/"}]}},"_links":{"self":[{"href":"https:\/\/www.em.com.br\/emfoco\/wp-json\/wp\/v2\/posts\/30209","targetHints":{"allow":["GET"]}}],"collection":[{"href":"https:\/\/www.em.com.br\/emfoco\/wp-json\/wp\/v2\/posts"}],"about":[{"href":"https:\/\/www.em.com.br\/emfoco\/wp-json\/wp\/v2\/types\/post"}],"author":[{"embeddable":true,"href":"https:\/\/www.em.com.br\/emfoco\/wp-json\/wp\/v2\/users\/5"}],"replies":[{"embeddable":true,"href":"https:\/\/www.em.com.br\/emfoco\/wp-json\/wp\/v2\/comments?post=30209"}],"version-history":[{"count":3,"href":"https:\/\/www.em.com.br\/emfoco\/wp-json\/wp\/v2\/posts\/30209\/revisions"}],"predecessor-version":[{"id":30244,"href":"https:\/\/www.em.com.br\/emfoco\/wp-json\/wp\/v2\/posts\/30209\/revisions\/30244"}],"wp:featuredmedia":[{"embeddable":true,"href":"https:\/\/www.em.com.br\/emfoco\/wp-json\/wp\/v2\/media\/26544"}],"wp:attachment":[{"href":"https:\/\/www.em.com.br\/emfoco\/wp-json\/wp\/v2\/media?parent=30209"}],"wp:term":[{"taxonomy":"category","embeddable":true,"href":"https:\/\/www.em.com.br\/emfoco\/wp-json\/wp\/v2\/categories?post=30209"},{"taxonomy":"post_tag","embeddable":true,"href":"https:\/\/www.em.com.br\/emfoco\/wp-json\/wp\/v2\/tags?post=30209"}],"curies":[{"name":"wp","href":"https:\/\/api.w.org\/{rel}","templated":true}]}}