{"id":30043,"date":"2025-03-18T17:30:00","date_gmt":"2025-03-18T20:30:00","guid":{"rendered":"https:\/\/www.em.com.br\/emfoco\/?p=30043"},"modified":"2025-03-18T16:44:28","modified_gmt":"2025-03-18T19:44:28","slug":"plantas-tropicais-na-decoracao-deixam-seu-espaco-irresistivel","status":"publish","type":"post","link":"https:\/\/www.em.com.br\/emfoco\/2025\/03\/18\/plantas-tropicais-na-decoracao-deixam-seu-espaco-irresistivel\/","title":{"rendered":"Plantas tropicais na decora\u00e7\u00e3o deixam seu espa\u00e7o irresist\u00edvel"},"content":{"rendered":"\n<p>As\u00a0<strong>plantas ornamentais<\/strong>\u00a0s\u00e3o elementos vers\u00e1teis na decora\u00e7\u00e3o de interiores, capazes de transformar qualquer espa\u00e7o com sua presen\u00e7a natural e est\u00e9tica. Elas n\u00e3o apenas embelezam, mas tamb\u00e9m criam uma atmosfera de serenidade e frescor. Segundo o site <a href=\"https:\/\/paisefilhos.com.br\/entretenimento\/plantas-ornamentais-para-ambientes-elegantes\/\" target=\"_blank\" rel=\"noreferrer noopener\">Pais&amp;Filhos<\/a>, a escolha adequada das plantas \u00e9 essencial para garantir que o ambiente reflita o estilo desejado e atenda \u00e0s necessidades do espa\u00e7o.<\/p>\n\n\n\n<p>Com uma ampla variedade de esp\u00e9cies dispon\u00edveis, \u00e9 poss\u00edvel encontrar plantas que se adaptem a diferentes estilos e tamanhos de ambientes. Desde plantas tradicionais at\u00e9 esp\u00e9cies mais ex\u00f3ticas, cada uma oferece caracter\u00edsticas \u00fanicas que podem ser exploradas para enriquecer a decora\u00e7\u00e3o.<\/p>\n\n\n\n<h2 class=\"wp-block-heading\">Como escolher plantas para mesas decorativas?<\/h2>\n\n\n\n<p>Decorar mesas com plantas \u00e9 uma maneira eficaz de adicionar um toque especial ao ambiente. Entre as <a href=\"https:\/\/www.em.com.br\/emfoco\/2025\/03\/17\/este-metodo-simples-pode-transformar-o-futuro-das-criancas\/\" target=\"_blank\" rel=\"noreferrer noopener\">op\u00e7\u00f5es<\/a> mais populares est\u00e3o os ant\u00farios, as poinsettias, as tuias, a jiboia Njoy e o bambu-da-sorte. Cada uma dessas plantas possui uma est\u00e9tica distinta que pode ser utilizada para criar composi\u00e7\u00f5es inovadoras.<\/p>\n\n\n\n<p>Os&nbsp;<strong>ant\u00farios<\/strong>, com suas flores vibrantes, s\u00e3o ideais para quem busca eleg\u00e2ncia. J\u00e1 as&nbsp;<strong>poinsettias<\/strong>, conhecidas por suas cores vivas, s\u00e3o perfeitas para trazer um toque de alegria ao ambiente. Ambas as plantas podem ser facilmente adaptadas a diferentes tamanhos de mesas.<\/p>\n\n\n\n<h2 class=\"wp-block-heading\">Incorporando tuias e bambu-da-sorte na decora\u00e7\u00e3o<\/h2>\n\n\n\n<p>As&nbsp;<strong>tuias<\/strong>&nbsp;s\u00e3o plantas que se destacam por seu formato semelhante a pequenos pinheiros, sendo ideais para mesas grandes ou como elementos decorativos em buffets. Elas podem ser decoradas com enfeites leves, como luzes de LED, para um visual ainda mais encantador.<\/p>\n\n\n\n<p>O&nbsp;<strong>bambu-da-sorte<\/strong>&nbsp;\u00e9 uma escolha popular para espa\u00e7os menores devido ao seu porte compacto. Al\u00e9m de decorar, ele \u00e9 associado \u00e0 prosperidade, tornando-se um presente auspicioso. Replant\u00e1-lo em vasos maiores pode incentivar seu crescimento e prolongar sua vida \u00fatil.<\/p>\n\n\n<div class=\"wp-block-image\">\n<figure class=\"aligncenter size-large\"><img loading=\"lazy\" decoding=\"async\" width=\"1024\" height=\"576\" src=\"https:\/\/www.em.com.br\/emfoco\/wp-content\/uploads\/2025\/03\/poinsettias_1742325535500-1024x576.jpg\" alt=\"Plantas tropicais na decora\u00e7\u00e3o deixam seu espa\u00e7o irresist\u00edvel\" class=\"wp-image-30045\" srcset=\"https:\/\/www.em.com.br\/emfoco\/wp-content\/uploads\/2025\/03\/poinsettias_1742325535500-1024x576.jpg 1024w, https:\/\/www.em.com.br\/emfoco\/wp-content\/uploads\/2025\/03\/poinsettias_1742325535500-300x169.jpg 300w, https:\/\/www.em.com.br\/emfoco\/wp-content\/uploads\/2025\/03\/poinsettias_1742325535500-768x432.jpg 768w, https:\/\/www.em.com.br\/emfoco\/wp-content\/uploads\/2025\/03\/poinsettias_1742325535500-750x422.jpg 750w, https:\/\/www.em.com.br\/emfoco\/wp-content\/uploads\/2025\/03\/poinsettias_1742325535500-1140x641.jpg 1140w, https:\/\/www.em.com.br\/emfoco\/wp-content\/uploads\/2025\/03\/poinsettias_1742325535500.jpg 1280w\" sizes=\"auto, (max-width: 1024px) 100vw, 1024px\" \/><figcaption class=\"wp-element-caption\">Poinsettias (Cr\u00e9ditos: depositphotos.com \/ JillLang)<\/figcaption><\/figure><\/div>\n\n\n<h2 class=\"wp-block-heading\">Arranjos tropicais: Uma op\u00e7\u00e3o vibrante<\/h2>\n\n\n\n<p>Arranjos tropicais s\u00e3o uma escolha popular para quem deseja uma decora\u00e7\u00e3o vibrante e de baixa manuten\u00e7\u00e3o. A&nbsp;<strong>jiboia Njoy<\/strong>, com suas folhas verdes e brancas, \u00e9 uma excelente op\u00e7\u00e3o para esse tipo de arranjo. Utilizar cachep\u00f4s decorativos pode elevar ainda mais o visual do ambiente.<\/p>\n\n\n\n<p>Variar os tipos de cachep\u00f4s adiciona cor e textura, permitindo explorar a criatividade na composi\u00e7\u00e3o dos arranjos. Essa abordagem n\u00e3o s\u00f3 embeleza o espa\u00e7o, mas tamb\u00e9m transforma as plantas em verdadeiros pontos focais da decora\u00e7\u00e3o.<\/p>\n\n\n\n<h2 class=\"wp-block-heading\">Decora\u00e7\u00e3o sustent\u00e1vel com plantas<\/h2>\n\n\n\n<p>Para uma decora\u00e7\u00e3o mais sustent\u00e1vel, o uso de&nbsp;<strong>papel semente<\/strong>&nbsp;\u00e9 uma alternativa inovadora. Este material biodegrad\u00e1vel cont\u00e9m sementes de flores ou hortali\u00e7as, permitindo que objetos de decora\u00e7\u00e3o tenham uma segunda vida ap\u00f3s o uso.<\/p>\n\n\n\n<p>Instruir os destinat\u00e1rios sobre como plantar o papel semente em um vaso \u00e9 um gesto que vai al\u00e9m da est\u00e9tica, promovendo a sustentabilidade e incentivando o cultivo de novas plantas. Essa pr\u00e1tica contribui para um ambiente mais verde e saud\u00e1vel, alinhando beleza e responsabilidade ambiental.<\/p>\n","protected":false},"excerpt":{"rendered":"<p>As\u00a0plantas ornamentais\u00a0s\u00e3o elementos vers\u00e1teis na decora\u00e7\u00e3o de interiores, capazes de transformar qualquer espa\u00e7o com sua presen\u00e7a natural e est\u00e9tica. Elas n\u00e3o apenas embelezam, mas tamb\u00e9m criam uma atmosfera de serenidade e frescor. Segundo o site Pais&amp;Filhos, a escolha adequada das plantas \u00e9 essencial para garantir que o ambiente reflita o estilo desejado e atenda \u00e0s [&hellip;]<\/p>\n","protected":false},"author":10,"featured_media":30044,"comment_status":"open","ping_status":"open","sticky":false,"template":"","format":"standard","meta":{"jnews-multi-image_gallery":[],"jnews_single_post":{"format":"standard"},"jnews_primary_category":[],"jnews_social_meta":[],"jnews_override_counter":[],"footnotes":""},"categories":[29,1],"tags":[4687,1706,3324],"class_list":["post-30043","post","type-post","status-publish","format-standard","has-post-thumbnail","hentry","category-entretenimento","category-noticias","tag-decoracao","tag-espaco","tag-plantas"],"yoast_head":"<!-- This site is optimized with the Yoast SEO plugin v23.8 - https:\/\/yoast.com\/wordpress\/plugins\/seo\/ -->\n<title>Plantas tropicais na decora\u00e7\u00e3o deixam seu espa\u00e7o irresist\u00edvel - Estado de Minas - Em foco<\/title>\n<meta name=\"description\" content=\"Plantas certas deixam qualquer espa\u00e7o mais elegante e acolhedor. Veja quais esp\u00e9cies escolher para mesas, salas e decora\u00e7\u00e3o sustent\u00e1vel.\" \/>\n<meta name=\"robots\" content=\"index, follow, max-snippet:-1, max-image-preview:large, max-video-preview:-1\" \/>\n<link rel=\"canonical\" href=\"https:\/\/www.em.com.br\/emfoco\/2025\/03\/18\/plantas-tropicais-na-decoracao-deixam-seu-espaco-irresistivel\/\" \/>\n<meta property=\"og:locale\" content=\"pt_BR\" \/>\n<meta property=\"og:type\" content=\"article\" \/>\n<meta property=\"og:title\" content=\"Plantas tropicais na decora\u00e7\u00e3o deixam seu espa\u00e7o irresist\u00edvel - Estado de Minas - Em foco\" \/>\n<meta property=\"og:description\" content=\"Plantas certas deixam qualquer espa\u00e7o mais elegante e acolhedor. Veja quais esp\u00e9cies escolher para mesas, salas e decora\u00e7\u00e3o sustent\u00e1vel.\" \/>\n<meta property=\"og:url\" content=\"https:\/\/www.em.com.br\/emfoco\/2025\/03\/18\/plantas-tropicais-na-decoracao-deixam-seu-espaco-irresistivel\/\" \/>\n<meta property=\"og:site_name\" content=\"Estado de Minas - Em foco\" \/>\n<meta property=\"article:published_time\" content=\"2025-03-18T20:30:00+00:00\" \/>\n<meta property=\"article:modified_time\" content=\"2025-03-18T19:44:28+00:00\" \/>\n<meta property=\"og:image\" content=\"https:\/\/www.em.com.br\/emfoco\/wp-content\/uploads\/2025\/03\/bambu-da-sorte_1742325430446.jpg\" \/>\n\t<meta property=\"og:image:width\" content=\"1280\" \/>\n\t<meta property=\"og:image:height\" content=\"720\" \/>\n\t<meta property=\"og:image:type\" content=\"image\/jpeg\" \/>\n<meta name=\"author\" content=\"Patryck Reinehr\" \/>\n<meta name=\"twitter:card\" content=\"summary_large_image\" \/>\n<meta name=\"twitter:label1\" content=\"Escrito por\" \/>\n\t<meta name=\"twitter:data1\" content=\"Patryck Reinehr\" \/>\n\t<meta name=\"twitter:label2\" content=\"Est. tempo de leitura\" \/>\n\t<meta name=\"twitter:data2\" content=\"3 minutos\" \/>\n<!-- \/ Yoast SEO plugin. -->","yoast_head_json":{"title":"Plantas tropicais na decora\u00e7\u00e3o deixam seu espa\u00e7o irresist\u00edvel - Estado de Minas - Em foco","description":"Plantas certas deixam qualquer espa\u00e7o mais elegante e acolhedor. Veja quais esp\u00e9cies escolher para mesas, salas e decora\u00e7\u00e3o sustent\u00e1vel.","robots":{"index":"index","follow":"follow","max-snippet":"max-snippet:-1","max-image-preview":"max-image-preview:large","max-video-preview":"max-video-preview:-1"},"canonical":"https:\/\/www.em.com.br\/emfoco\/2025\/03\/18\/plantas-tropicais-na-decoracao-deixam-seu-espaco-irresistivel\/","og_locale":"pt_BR","og_type":"article","og_title":"Plantas tropicais na decora\u00e7\u00e3o deixam seu espa\u00e7o irresist\u00edvel - Estado de Minas - Em foco","og_description":"Plantas certas deixam qualquer espa\u00e7o mais elegante e acolhedor. Veja quais esp\u00e9cies escolher para mesas, salas e decora\u00e7\u00e3o sustent\u00e1vel.","og_url":"https:\/\/www.em.com.br\/emfoco\/2025\/03\/18\/plantas-tropicais-na-decoracao-deixam-seu-espaco-irresistivel\/","og_site_name":"Estado de Minas - Em foco","article_published_time":"2025-03-18T20:30:00+00:00","article_modified_time":"2025-03-18T19:44:28+00:00","og_image":[{"width":1280,"height":720,"url":"https:\/\/www.em.com.br\/emfoco\/wp-content\/uploads\/2025\/03\/bambu-da-sorte_1742325430446.jpg","type":"image\/jpeg"}],"author":"Patryck Reinehr","twitter_card":"summary_large_image","twitter_misc":{"Escrito por":"Patryck Reinehr","Est. tempo de leitura":"3 minutos"},"schema":{"@context":"https:\/\/schema.org","@graph":[{"@type":"WebPage","@id":"https:\/\/www.em.com.br\/emfoco\/2025\/03\/18\/plantas-tropicais-na-decoracao-deixam-seu-espaco-irresistivel\/","url":"https:\/\/www.em.com.br\/emfoco\/2025\/03\/18\/plantas-tropicais-na-decoracao-deixam-seu-espaco-irresistivel\/","name":"Plantas tropicais na decora\u00e7\u00e3o deixam seu espa\u00e7o irresist\u00edvel - Estado de Minas - Em foco","isPartOf":{"@id":"https:\/\/www.em.com.br\/emfoco\/#website"},"primaryImageOfPage":{"@id":"https:\/\/www.em.com.br\/emfoco\/2025\/03\/18\/plantas-tropicais-na-decoracao-deixam-seu-espaco-irresistivel\/#primaryimage"},"image":{"@id":"https:\/\/www.em.com.br\/emfoco\/2025\/03\/18\/plantas-tropicais-na-decoracao-deixam-seu-espaco-irresistivel\/#primaryimage"},"thumbnailUrl":"https:\/\/www.em.com.br\/emfoco\/wp-content\/uploads\/2025\/03\/bambu-da-sorte_1742325430446.jpg","datePublished":"2025-03-18T20:30:00+00:00","dateModified":"2025-03-18T19:44:28+00:00","author":{"@id":"https:\/\/www.em.com.br\/emfoco\/#\/schema\/person\/43407752bebcbbb4d0ec79deedc0d7ce"},"description":"Plantas certas deixam qualquer espa\u00e7o mais elegante e acolhedor. Veja quais esp\u00e9cies escolher para mesas, salas e decora\u00e7\u00e3o sustent\u00e1vel.","breadcrumb":{"@id":"https:\/\/www.em.com.br\/emfoco\/2025\/03\/18\/plantas-tropicais-na-decoracao-deixam-seu-espaco-irresistivel\/#breadcrumb"},"inLanguage":"pt-BR","potentialAction":[{"@type":"ReadAction","target":["https:\/\/www.em.com.br\/emfoco\/2025\/03\/18\/plantas-tropicais-na-decoracao-deixam-seu-espaco-irresistivel\/"]}]},{"@type":"ImageObject","inLanguage":"pt-BR","@id":"https:\/\/www.em.com.br\/emfoco\/2025\/03\/18\/plantas-tropicais-na-decoracao-deixam-seu-espaco-irresistivel\/#primaryimage","url":"https:\/\/www.em.com.br\/emfoco\/wp-content\/uploads\/2025\/03\/bambu-da-sorte_1742325430446.jpg","contentUrl":"https:\/\/www.em.com.br\/emfoco\/wp-content\/uploads\/2025\/03\/bambu-da-sorte_1742325430446.jpg","width":1280,"height":720,"caption":"Bambu-da-sorte (Cr\u00e9ditos: depositphotos.com \/ yulia25@list.ru)"},{"@type":"BreadcrumbList","@id":"https:\/\/www.em.com.br\/emfoco\/2025\/03\/18\/plantas-tropicais-na-decoracao-deixam-seu-espaco-irresistivel\/#breadcrumb","itemListElement":[{"@type":"ListItem","position":1,"name":"In\u00edcio","item":"https:\/\/www.em.com.br\/emfoco\/"},{"@type":"ListItem","position":2,"name":"Plantas tropicais na decora\u00e7\u00e3o deixam seu espa\u00e7o irresist\u00edvel"}]},{"@type":"WebSite","@id":"https:\/\/www.em.com.br\/emfoco\/#website","url":"https:\/\/www.em.com.br\/emfoco\/","name":"Estado de Minas - Em foco","description":"Acompanhe as \u00faltimas not\u00edcias e fique bem informado sobre tudo o que acontece em Minas Gerais, Brasil e no mundo.","potentialAction":[{"@type":"SearchAction","target":{"@type":"EntryPoint","urlTemplate":"https:\/\/www.em.com.br\/emfoco\/?s={search_term_string}"},"query-input":{"@type":"PropertyValueSpecification","valueRequired":true,"valueName":"search_term_string"}}],"inLanguage":"pt-BR"},{"@type":"Person","@id":"https:\/\/www.em.com.br\/emfoco\/#\/schema\/person\/43407752bebcbbb4d0ec79deedc0d7ce","name":"Patryck Reinehr","image":{"@type":"ImageObject","inLanguage":"pt-BR","@id":"https:\/\/www.em.com.br\/emfoco\/#\/schema\/person\/image\/","url":"https:\/\/secure.gravatar.com\/avatar\/570c7fb2898c0e2df0823196891bea88?s=96&d=mm&r=g","contentUrl":"https:\/\/secure.gravatar.com\/avatar\/570c7fb2898c0e2df0823196891bea88?s=96&d=mm&r=g","caption":"Patryck Reinehr"},"url":"https:\/\/www.em.com.br\/emfoco\/author\/patryckmyth\/"}]}},"_links":{"self":[{"href":"https:\/\/www.em.com.br\/emfoco\/wp-json\/wp\/v2\/posts\/30043","targetHints":{"allow":["GET"]}}],"collection":[{"href":"https:\/\/www.em.com.br\/emfoco\/wp-json\/wp\/v2\/posts"}],"about":[{"href":"https:\/\/www.em.com.br\/emfoco\/wp-json\/wp\/v2\/types\/post"}],"author":[{"embeddable":true,"href":"https:\/\/www.em.com.br\/emfoco\/wp-json\/wp\/v2\/users\/10"}],"replies":[{"embeddable":true,"href":"https:\/\/www.em.com.br\/emfoco\/wp-json\/wp\/v2\/comments?post=30043"}],"version-history":[{"count":1,"href":"https:\/\/www.em.com.br\/emfoco\/wp-json\/wp\/v2\/posts\/30043\/revisions"}],"predecessor-version":[{"id":30046,"href":"https:\/\/www.em.com.br\/emfoco\/wp-json\/wp\/v2\/posts\/30043\/revisions\/30046"}],"wp:featuredmedia":[{"embeddable":true,"href":"https:\/\/www.em.com.br\/emfoco\/wp-json\/wp\/v2\/media\/30044"}],"wp:attachment":[{"href":"https:\/\/www.em.com.br\/emfoco\/wp-json\/wp\/v2\/media?parent=30043"}],"wp:term":[{"taxonomy":"category","embeddable":true,"href":"https:\/\/www.em.com.br\/emfoco\/wp-json\/wp\/v2\/categories?post=30043"},{"taxonomy":"post_tag","embeddable":true,"href":"https:\/\/www.em.com.br\/emfoco\/wp-json\/wp\/v2\/tags?post=30043"}],"curies":[{"name":"wp","href":"https:\/\/api.w.org\/{rel}","templated":true}]}}