{"id":29970,"date":"2025-03-30T16:20:00","date_gmt":"2025-03-30T19:20:00","guid":{"rendered":"https:\/\/www.em.com.br\/emfoco\/?p=29970"},"modified":"2025-03-27T20:46:07","modified_gmt":"2025-03-27T23:46:07","slug":"atencao-inclusao-de-cpf-na-nota-fiscal-das-compras-pode-gerar-renda-extra","status":"publish","type":"post","link":"https:\/\/www.em.com.br\/emfoco\/2025\/03\/30\/atencao-inclusao-de-cpf-na-nota-fiscal-das-compras-pode-gerar-renda-extra\/","title":{"rendered":"Aten\u00e7\u00e3o! Inclus\u00e3o de CPF na nota fiscal das compras pode gerar renda extra"},"content":{"rendered":"\n<p>Desde sua cria\u00e7\u00e3o em 2007, o programa <strong>Nota Fiscal Paulista<\/strong> tem desempenhado um papel significativo na promo\u00e7\u00e3o da cidadania <strong><a href=\"https:\/\/www.gov.br\/pt-br\" target=\"_blank\" rel=\"noreferrer noopener\">fiscal<\/a><\/strong> no estado de <strong>S\u00e3o Paulo<\/strong>. A iniciativa incentiva os <strong><a href=\"https:\/\/www.em.com.br\/emfoco\/2025\/03\/15\/liberado-trabalhadores-com-carteira-assinada-ja-podem-sacar-ate-r1-518\/\" target=\"_blank\" rel=\"noreferrer noopener\">consumidores<\/a><\/strong> a inclu\u00edrem o CPF na nota fiscal ao realizarem compras, com o objetivo de combater a sonega\u00e7\u00e3o de impostos e aumentar a arrecada\u00e7\u00e3o estadual. Em 2025, o programa continua a atrair milh\u00f5es de participantes, refletindo seu sucesso e relev\u00e2ncia cont\u00ednua.<\/p>\n\n\n\n<p>Ao inserir o CPF na nota fiscal, os consumidores n\u00e3o apenas contribuem para a transpar\u00eancia nas opera\u00e7\u00f5es comerciais, mas tamb\u00e9m se beneficiam financeiramente. O programa oferece a possibilidade de receber parte do ICMS de volta e participar de sorteios em dinheiro, tornando-se uma ferramenta eficaz para estimular a regulariza\u00e7\u00e3o tribut\u00e1ria e oferecer vantagens aos cidad\u00e3os.<\/p>\n\n\n\n<h2 class=\"wp-block-heading\">Como funciona a inclus\u00e3o do CPF na nota fiscal?<\/h2>\n\n\n\n<p>Para participar do programa Nota Fiscal Paulista, o consumidor deve informar seu CPF no momento da compra. Cada transa\u00e7\u00e3o gera bilhetes eletr\u00f4nicos que d\u00e3o direito a sorteios mensais com pr\u00eamios atrativos. Al\u00e9m disso, os participantes acumulam cr\u00e9ditos que podem ser resgatados em dinheiro ou utilizados para abater o valor do IPVA, proporcionando flexibilidade e conveni\u00eancia.<\/p>\n\n\n\n<p>Os cr\u00e9ditos acumulados ficam dispon\u00edveis por um ano, permitindo que os consumidores escolham o momento mais oportuno para utiliz\u00e1-los. Essa caracter\u00edstica do programa n\u00e3o s\u00f3 oferece um retorno financeiro direto, mas tamb\u00e9m incentiva a emiss\u00e3o de notas fiscais, fortalecendo o controle tribut\u00e1rio.<\/p>\n\n\n\n<figure class=\"wp-block-image size-large\"><img loading=\"lazy\" decoding=\"async\" width=\"1024\" height=\"576\" src=\"https:\/\/www.em.com.br\/emfoco\/wp-content\/uploads\/2025\/01\/lista-de-compras_1737074557295-1024x576.jpg\" alt=\"Comunicado para todos que informam o CPF nas compras\" class=\"wp-image-11308\" srcset=\"https:\/\/www.em.com.br\/emfoco\/wp-content\/uploads\/2025\/01\/lista-de-compras_1737074557295-1024x576.jpg 1024w, https:\/\/www.em.com.br\/emfoco\/wp-content\/uploads\/2025\/01\/lista-de-compras_1737074557295-300x169.jpg 300w, https:\/\/www.em.com.br\/emfoco\/wp-content\/uploads\/2025\/01\/lista-de-compras_1737074557295-768x432.jpg 768w, https:\/\/www.em.com.br\/emfoco\/wp-content\/uploads\/2025\/01\/lista-de-compras_1737074557295-750x422.jpg 750w, https:\/\/www.em.com.br\/emfoco\/wp-content\/uploads\/2025\/01\/lista-de-compras_1737074557295-1140x641.jpg 1140w, https:\/\/www.em.com.br\/emfoco\/wp-content\/uploads\/2025\/01\/lista-de-compras_1737074557295.jpg 1280w\" sizes=\"auto, (max-width: 1024px) 100vw, 1024px\" \/><figcaption class=\"wp-element-caption\">Imagem Ilustrativa de Mercado &#8211; Cr\u00e9ditos: depositphotos.com \/ VitalikRadko<\/figcaption><\/figure>\n\n\n\n<h2 class=\"wp-block-heading\">Quais s\u00e3o os benef\u00edcios do programa para a sociedade?<\/h2>\n\n\n\n<p>Al\u00e9m dos benef\u00edcios diretos para os consumidores, o programa Nota Fiscal Paulista tamb\u00e9m possui um impacto social significativo. Os participantes t\u00eam a op\u00e7\u00e3o de doar suas notas fiscais para institui\u00e7\u00f5es assistenciais, ampliando o alcance social da iniciativa. Essa possibilidade de doa\u00e7\u00e3o contribui para o financiamento de projetos comunit\u00e1rios e apoia organiza\u00e7\u00f5es que atuam em diversas \u00e1reas sociais.<\/p>\n\n\n\n<p>O engajamento crescente dos consumidores com o programa demonstra n\u00e3o apenas o interesse em obter vantagens financeiras, mas tamb\u00e9m uma conscientiza\u00e7\u00e3o sobre a import\u00e2ncia da cidadania fiscal. Ao promover a inclus\u00e3o do CPF nas notas fiscais, o governo de S\u00e3o Paulo fortalece o combate \u00e0 sonega\u00e7\u00e3o de impostos e incentiva pr\u00e1ticas comerciais mais transparentes.<\/p>\n\n\n\n<h2 class=\"wp-block-heading\">Como acessar e utilizar os cr\u00e9ditos acumulados?<\/h2>\n\n\n\n<p>Os participantes do programa podem acessar seus cr\u00e9ditos de forma pr\u00e1tica e r\u00e1pida pela internet. O saldo acumulado \u00e9 disponibilizado em uma plataforma online, onde \u00e9 poss\u00edvel consultar o valor dispon\u00edvel e optar pelo resgate em dinheiro ou pelo abatimento no IPVA. Essa facilidade de acesso garante que os consumidores possam aproveitar os benef\u00edcios do programa de maneira conveniente e eficiente.<\/p>\n\n\n\n<p>Em resumo, o programa Nota Fiscal Paulista continua a ser uma ferramenta valiosa para promover a cidadania fiscal e oferecer benef\u00edcios aos consumidores. Com sua capacidade de gerar renda extra e apoiar causas sociais, a iniciativa se mant\u00e9m relevante e eficaz em 2025, contribuindo para um sistema tribut\u00e1rio mais justo e transparente.<\/p>\n","protected":false},"excerpt":{"rendered":"<p>Desde sua cria\u00e7\u00e3o em 2007, o programa Nota Fiscal Paulista tem desempenhado um papel significativo na promo\u00e7\u00e3o da cidadania fiscal no estado de S\u00e3o Paulo. A iniciativa incentiva os consumidores a inclu\u00edrem o CPF na nota fiscal ao realizarem compras, com o objetivo de combater a sonega\u00e7\u00e3o de impostos e aumentar a arrecada\u00e7\u00e3o estadual. Em [&hellip;]<\/p>\n","protected":false},"author":5,"featured_media":13855,"comment_status":"open","ping_status":"open","sticky":false,"template":"","format":"standard","meta":{"jnews-multi-image_gallery":[],"jnews_single_post":{"format":"standard"},"jnews_primary_category":[],"jnews_social_meta":[],"jnews_override_counter":[],"footnotes":""},"categories":[28,1],"tags":[5003,5303,2677,401],"class_list":["post-29970","post","type-post","status-publish","format-standard","has-post-thumbnail","hentry","category-economia","category-noticias","tag-cidadania-fiscal","tag-icms","tag-nota-fiscal-paulista","tag-sorteios"],"yoast_head":"<!-- This site is optimized with the Yoast SEO plugin v23.8 - https:\/\/yoast.com\/wordpress\/plugins\/seo\/ -->\n<title>Aten\u00e7\u00e3o! Inclus\u00e3o de CPF na nota fiscal das compras pode gerar renda extra - Estado de Minas - Em foco<\/title>\n<meta name=\"description\" content=\"Nota fiscal paulista devolve parte dos impostos pagos e oferece pr\u00eamios em dinheiro. Veja como aproveitar os benef\u00edcios.\" \/>\n<meta name=\"robots\" content=\"index, follow, max-snippet:-1, max-image-preview:large, max-video-preview:-1\" \/>\n<link rel=\"canonical\" href=\"https:\/\/www.em.com.br\/emfoco\/2025\/03\/30\/atencao-inclusao-de-cpf-na-nota-fiscal-das-compras-pode-gerar-renda-extra\/\" \/>\n<meta property=\"og:locale\" content=\"pt_BR\" \/>\n<meta property=\"og:type\" content=\"article\" \/>\n<meta property=\"og:title\" content=\"Aten\u00e7\u00e3o! Inclus\u00e3o de CPF na nota fiscal das compras pode gerar renda extra - Estado de Minas - Em foco\" \/>\n<meta property=\"og:description\" content=\"Nota fiscal paulista devolve parte dos impostos pagos e oferece pr\u00eamios em dinheiro. Veja como aproveitar os benef\u00edcios.\" \/>\n<meta property=\"og:url\" content=\"https:\/\/www.em.com.br\/emfoco\/2025\/03\/30\/atencao-inclusao-de-cpf-na-nota-fiscal-das-compras-pode-gerar-renda-extra\/\" \/>\n<meta property=\"og:site_name\" content=\"Estado de Minas - Em foco\" \/>\n<meta property=\"article:published_time\" content=\"2025-03-30T19:20:00+00:00\" \/>\n<meta property=\"article:modified_time\" content=\"2025-03-27T23:46:07+00:00\" \/>\n<meta property=\"og:image\" content=\"https:\/\/www.em.com.br\/emfoco\/wp-content\/uploads\/2025\/01\/recibo_1737909879571.jpg\" \/>\n\t<meta property=\"og:image:width\" content=\"1279\" \/>\n\t<meta property=\"og:image:height\" content=\"720\" \/>\n\t<meta property=\"og:image:type\" content=\"image\/jpeg\" \/>\n<meta name=\"author\" content=\"N\u00fabia Rangel\" \/>\n<meta name=\"twitter:card\" content=\"summary_large_image\" \/>\n<meta name=\"twitter:label1\" content=\"Escrito por\" \/>\n\t<meta name=\"twitter:data1\" content=\"N\u00fabia Rangel\" \/>\n\t<meta name=\"twitter:label2\" content=\"Est. tempo de leitura\" \/>\n\t<meta name=\"twitter:data2\" content=\"4 minutos\" \/>\n<!-- \/ Yoast SEO plugin. -->","yoast_head_json":{"title":"Aten\u00e7\u00e3o! Inclus\u00e3o de CPF na nota fiscal das compras pode gerar renda extra - Estado de Minas - Em foco","description":"Nota fiscal paulista devolve parte dos impostos pagos e oferece pr\u00eamios em dinheiro. Veja como aproveitar os benef\u00edcios.","robots":{"index":"index","follow":"follow","max-snippet":"max-snippet:-1","max-image-preview":"max-image-preview:large","max-video-preview":"max-video-preview:-1"},"canonical":"https:\/\/www.em.com.br\/emfoco\/2025\/03\/30\/atencao-inclusao-de-cpf-na-nota-fiscal-das-compras-pode-gerar-renda-extra\/","og_locale":"pt_BR","og_type":"article","og_title":"Aten\u00e7\u00e3o! Inclus\u00e3o de CPF na nota fiscal das compras pode gerar renda extra - Estado de Minas - Em foco","og_description":"Nota fiscal paulista devolve parte dos impostos pagos e oferece pr\u00eamios em dinheiro. Veja como aproveitar os benef\u00edcios.","og_url":"https:\/\/www.em.com.br\/emfoco\/2025\/03\/30\/atencao-inclusao-de-cpf-na-nota-fiscal-das-compras-pode-gerar-renda-extra\/","og_site_name":"Estado de Minas - Em foco","article_published_time":"2025-03-30T19:20:00+00:00","article_modified_time":"2025-03-27T23:46:07+00:00","og_image":[{"width":1279,"height":720,"url":"https:\/\/www.em.com.br\/emfoco\/wp-content\/uploads\/2025\/01\/recibo_1737909879571.jpg","type":"image\/jpeg"}],"author":"N\u00fabia Rangel","twitter_card":"summary_large_image","twitter_misc":{"Escrito por":"N\u00fabia Rangel","Est. tempo de leitura":"4 minutos"},"schema":{"@context":"https:\/\/schema.org","@graph":[{"@type":"WebPage","@id":"https:\/\/www.em.com.br\/emfoco\/2025\/03\/30\/atencao-inclusao-de-cpf-na-nota-fiscal-das-compras-pode-gerar-renda-extra\/","url":"https:\/\/www.em.com.br\/emfoco\/2025\/03\/30\/atencao-inclusao-de-cpf-na-nota-fiscal-das-compras-pode-gerar-renda-extra\/","name":"Aten\u00e7\u00e3o! Inclus\u00e3o de CPF na nota fiscal das compras pode gerar renda extra - Estado de Minas - Em foco","isPartOf":{"@id":"https:\/\/www.em.com.br\/emfoco\/#website"},"primaryImageOfPage":{"@id":"https:\/\/www.em.com.br\/emfoco\/2025\/03\/30\/atencao-inclusao-de-cpf-na-nota-fiscal-das-compras-pode-gerar-renda-extra\/#primaryimage"},"image":{"@id":"https:\/\/www.em.com.br\/emfoco\/2025\/03\/30\/atencao-inclusao-de-cpf-na-nota-fiscal-das-compras-pode-gerar-renda-extra\/#primaryimage"},"thumbnailUrl":"https:\/\/www.em.com.br\/emfoco\/wp-content\/uploads\/2025\/01\/recibo_1737909879571.jpg","datePublished":"2025-03-30T19:20:00+00:00","dateModified":"2025-03-27T23:46:07+00:00","author":{"@id":"https:\/\/www.em.com.br\/emfoco\/#\/schema\/person\/524437ef54f8a5d32591b143307f2e20"},"description":"Nota fiscal paulista devolve parte dos impostos pagos e oferece pr\u00eamios em dinheiro. Veja como aproveitar os benef\u00edcios.","breadcrumb":{"@id":"https:\/\/www.em.com.br\/emfoco\/2025\/03\/30\/atencao-inclusao-de-cpf-na-nota-fiscal-das-compras-pode-gerar-renda-extra\/#breadcrumb"},"inLanguage":"pt-BR","potentialAction":[{"@type":"ReadAction","target":["https:\/\/www.em.com.br\/emfoco\/2025\/03\/30\/atencao-inclusao-de-cpf-na-nota-fiscal-das-compras-pode-gerar-renda-extra\/"]}]},{"@type":"ImageObject","inLanguage":"pt-BR","@id":"https:\/\/www.em.com.br\/emfoco\/2025\/03\/30\/atencao-inclusao-de-cpf-na-nota-fiscal-das-compras-pode-gerar-renda-extra\/#primaryimage","url":"https:\/\/www.em.com.br\/emfoco\/wp-content\/uploads\/2025\/01\/recibo_1737909879571.jpg","contentUrl":"https:\/\/www.em.com.br\/emfoco\/wp-content\/uploads\/2025\/01\/recibo_1737909879571.jpg","width":1279,"height":720,"caption":"Imagem Ilustrativa de Nota Fiscal - Cr\u00e9ditos: depositphotos.com \/ quackersnaps"},{"@type":"BreadcrumbList","@id":"https:\/\/www.em.com.br\/emfoco\/2025\/03\/30\/atencao-inclusao-de-cpf-na-nota-fiscal-das-compras-pode-gerar-renda-extra\/#breadcrumb","itemListElement":[{"@type":"ListItem","position":1,"name":"In\u00edcio","item":"https:\/\/www.em.com.br\/emfoco\/"},{"@type":"ListItem","position":2,"name":"Aten\u00e7\u00e3o! Inclus\u00e3o de CPF na nota fiscal das compras pode gerar renda extra"}]},{"@type":"WebSite","@id":"https:\/\/www.em.com.br\/emfoco\/#website","url":"https:\/\/www.em.com.br\/emfoco\/","name":"Estado de Minas - Em foco","description":"Acompanhe as \u00faltimas not\u00edcias e fique bem informado sobre tudo o que acontece em Minas Gerais, Brasil e no mundo.","potentialAction":[{"@type":"SearchAction","target":{"@type":"EntryPoint","urlTemplate":"https:\/\/www.em.com.br\/emfoco\/?s={search_term_string}"},"query-input":{"@type":"PropertyValueSpecification","valueRequired":true,"valueName":"search_term_string"}}],"inLanguage":"pt-BR"},{"@type":"Person","@id":"https:\/\/www.em.com.br\/emfoco\/#\/schema\/person\/524437ef54f8a5d32591b143307f2e20","name":"N\u00fabia Rangel","image":{"@type":"ImageObject","inLanguage":"pt-BR","@id":"https:\/\/www.em.com.br\/emfoco\/#\/schema\/person\/image\/","url":"https:\/\/secure.gravatar.com\/avatar\/47cff2827a5ba23c37e8068c86817ea4?s=96&d=mm&r=g","contentUrl":"https:\/\/secure.gravatar.com\/avatar\/47cff2827a5ba23c37e8068c86817ea4?s=96&d=mm&r=g","caption":"N\u00fabia Rangel"},"sameAs":["https:\/\/www.em.com.br\/emfoco\/"],"url":"https:\/\/www.em.com.br\/emfoco\/author\/nubiamyth\/"}]}},"_links":{"self":[{"href":"https:\/\/www.em.com.br\/emfoco\/wp-json\/wp\/v2\/posts\/29970","targetHints":{"allow":["GET"]}}],"collection":[{"href":"https:\/\/www.em.com.br\/emfoco\/wp-json\/wp\/v2\/posts"}],"about":[{"href":"https:\/\/www.em.com.br\/emfoco\/wp-json\/wp\/v2\/types\/post"}],"author":[{"embeddable":true,"href":"https:\/\/www.em.com.br\/emfoco\/wp-json\/wp\/v2\/users\/5"}],"replies":[{"embeddable":true,"href":"https:\/\/www.em.com.br\/emfoco\/wp-json\/wp\/v2\/comments?post=29970"}],"version-history":[{"count":3,"href":"https:\/\/www.em.com.br\/emfoco\/wp-json\/wp\/v2\/posts\/29970\/revisions"}],"predecessor-version":[{"id":29980,"href":"https:\/\/www.em.com.br\/emfoco\/wp-json\/wp\/v2\/posts\/29970\/revisions\/29980"}],"wp:featuredmedia":[{"embeddable":true,"href":"https:\/\/www.em.com.br\/emfoco\/wp-json\/wp\/v2\/media\/13855"}],"wp:attachment":[{"href":"https:\/\/www.em.com.br\/emfoco\/wp-json\/wp\/v2\/media?parent=29970"}],"wp:term":[{"taxonomy":"category","embeddable":true,"href":"https:\/\/www.em.com.br\/emfoco\/wp-json\/wp\/v2\/categories?post=29970"},{"taxonomy":"post_tag","embeddable":true,"href":"https:\/\/www.em.com.br\/emfoco\/wp-json\/wp\/v2\/tags?post=29970"}],"curies":[{"name":"wp","href":"https:\/\/api.w.org\/{rel}","templated":true}]}}